{"id":51055,"date":"2024-10-20T09:28:01","date_gmt":"2024-10-20T07:28:01","guid":{"rendered":"https:\/\/2024.fim-6days.com\/james-hillier-el-ganador-del-tt-de-la-isla-de-man-debuta-en-los-noco-fim-6days\/"},"modified":"2024-10-20T09:28:55","modified_gmt":"2024-10-20T07:28:55","slug":"james-hillier-el-ganador-del-tt-de-la-isla-de-man-debuta-en-los-noco-fim-6days","status":"publish","type":"post","link":"https:\/\/2024.fim-6days.com\/es\/james-hillier-el-ganador-del-tt-de-la-isla-de-man-debuta-en-los-noco-fim-6days\/","title":{"rendered":"James Hillier: El ganador del TT de la Isla de Man debuta en los NOCO FIM 6DAYS\u00ae"},"content":{"rendered":"<p><div class=\"fusion-fullwidth fullwidth-box fusion-builder-row-1 fusion-flex-container nonhundred-percent-fullwidth non-hundred-percent-height-scrolling\" style=\"--awb-border-radius-top-left:0px;--awb-border-radius-top-right:0px;--awb-border-radius-bottom-right:0px;--awb-border-radius-bottom-left:0px;--awb-padding-top:0px;--awb-padding-bottom:0px;--awb-flex-wrap:wrap;\" ><div class=\"fusion-builder-row fusion-row fusion-flex-align-items-flex-start fusion-flex-content-wrap\" style=\"max-width:1248px;margin-left: calc(-4% \/ 2 );margin-right: calc(-4% \/ 2 );\"><div class=\"fusion-layout-column fusion_builder_column fusion-builder-column-0 fusion_builder_column_1_1 1_1 fusion-flex-column\" style=\"--awb-padding-top:0px;--awb-padding-bottom:0px;--awb-bg-size:cover;--awb-width-large:100%;--awb-margin-top-large:0px;--awb-spacing-right-large:1.92%;--awb-margin-bottom-large:0px;--awb-spacing-left-large:1.92%;--awb-width-medium:100%;--awb-order-medium:0;--awb-spacing-right-medium:1.92%;--awb-spacing-left-medium:1.92%;--awb-width-small:100%;--awb-order-small:0;--awb-spacing-right-small:1.92%;--awb-spacing-left-small:1.92%;\"><div class=\"fusion-column-wrapper fusion-column-has-shadow fusion-flex-justify-content-flex-start fusion-content-layout-column\"><div class=\"fusion-text fusion-text-1\" style=\"--awb-text-transform:none;\"><p><strong>Desde el TT de la Isla de Man hasta el Rally Dakar, y ahora los NOCO FIM 6DAYS\u00ae, James Hillier, de Gran Breta\u00f1a, es uno de los competidores m\u00e1s vers\u00e1tiles del paddock.<\/strong><\/p>\n<p>Como ganador del TT, las carreras de alta velocidad en carreteras en medio del Mar de Irlanda son la verdadera especialidad de Hillier, pero salir de su zona de confort y enfrentarse a una carrera como los NOCO FIM 6DAYS\u00ae es algo que disfruta enormemente.<\/p>\n<p>\u201cMe encanta desafiarme a m\u00ed mismo en diferentes disciplinas de motociclismo\u201d, cuenta Hillier, a medida que se adentra en la recta final de la semana en Galicia. \u201cNo s\u00e9 por qu\u00e9 m\u00e1s gente no lo hace; me encanta la variedad\u201d.<\/p>\n<p>En algunos aspectos, los NOCO FIM 6DAYS\u00ae y el TT de la Isla de Man son muy similares. Ambos tienen m\u00e1s de cien a\u00f1os de historia, presentan un formato que ha cambiado muy poco en todo ese tiempo y, lo m\u00e1s importante, son de los pocos eventos deportivos donde aficionados y profesionales compiten juntos, bajo las mismas condiciones.<\/p>\n<p>Para Hillier, es un de cambio de roles en Galicia. Compitiendo por diversi\u00f3n en la categor\u00eda del Club Team Award, los NOCO FIM 6DAYS\u00ae son algo diferente para \u00e9l. Adem\u00e1s, est\u00e1 compitiendo con una KOVE 450 Rally, con la que tambi\u00e9n competir\u00e1 en el Rally Dakar de enero.<\/p>\n<p>\u201cAunque el TT es mi pan de cada d\u00eda, puedo venir aqu\u00ed como un piloto aficionado de enduro y correr con los mejores del mundo.<\/p>\n<p>\u201cEs algo bastante especial poder hacer eso. Permitir que pilotos profesionales y aficionados compitan juntos y da la oportunidad a la gente com\u00fan de mezclarse con los mejores pilotos del mundo. Es raro encontrar ese contraste en otros deportes.<\/p>\n<p>\u201cAl final de cada d\u00eda, reviso los tiempos. Siempre me sorprende lo r\u00e1pido que van los pilotos de enduro de \u00e9lite\u201d.<\/p>\n<\/div><\/div><\/div><\/div><\/div><div class=\"fusion-fullwidth fullwidth-box fusion-builder-row-2 fusion-flex-container has-pattern-background has-mask-background nonhundred-percent-fullwidth non-hundred-percent-height-scrolling\" style=\"--awb-border-radius-top-left:0px;--awb-border-radius-top-right:0px;--awb-border-radius-bottom-right:0px;--awb-border-radius-bottom-left:0px;--awb-flex-wrap:wrap;\" ><div class=\"fusion-builder-row fusion-row fusion-flex-align-items-flex-start fusion-flex-content-wrap\" style=\"max-width:1248px;margin-left: calc(-4% \/ 2 );margin-right: calc(-4% \/ 2 );\"><div class=\"fusion-layout-column fusion_builder_column fusion-builder-column-1 fusion_builder_column_1_1 1_1 fusion-flex-column\" style=\"--awb-bg-size:cover;--awb-width-large:100%;--awb-margin-top-large:0px;--awb-spacing-right-large:1.92%;--awb-margin-bottom-large:20px;--awb-spacing-left-large:1.92%;--awb-width-medium:100%;--awb-order-medium:0;--awb-spacing-right-medium:1.92%;--awb-spacing-left-medium:1.92%;--awb-width-small:100%;--awb-order-small:0;--awb-spacing-right-small:1.92%;--awb-spacing-left-small:1.92%;\"><div class=\"fusion-column-wrapper fusion-column-has-shadow fusion-flex-justify-content-flex-start fusion-content-layout-column\"><div class=\"fusion-separator fusion-full-width-sep\" style=\"align-self: center;margin-left: auto;margin-right: auto;margin-bottom:20px;width:100%;\"><\/div>\n<\/div><\/div><\/div><\/div><\/p>\n","protected":false},"excerpt":{"rendered":"","protected":false},"author":14,"featured_media":50998,"comment_status":"open","ping_status":"open","sticky":false,"template":"","format":"standard","meta":{"inline_featured_image":false,"footnotes":""},"categories":[155,122,108],"tags":[],"class_list":["post-51055","post","type-post","status-publish","format-standard","has-post-thumbnail","hentry","category-before-isde2024-es","category-dia-5","category-news-es"],"yoast_head":"<!-- This site is optimized with the Yoast SEO plugin v25.6 - https:\/\/yoast.com\/wordpress\/plugins\/seo\/ -->\n<title>James Hillier: El ganador del TT de la Isla de Man debuta en los NOCO FIM 6DAYS\u00ae - 2024 spain<\/title>\n<meta name=\"description\" content=\"With global focus set to be centred on Silleda in the Galicia region of north-west Spain later in the year, where the 2024 FIM International Six Days of Enduro (ISDE) will take place from 14-19 October, SCOTT Sports \u2013 as the official and exclusive event sponsor for goggles and eyewear \u2013 is delighted today to launch its special edition SCOTT 6DAYS\u00ae Spain Prospect goggle, which is available now.\" \/>\n<meta name=\"robots\" content=\"index, follow, max-snippet:-1, max-image-preview:large, max-video-preview:-1\" \/>\n<link rel=\"canonical\" href=\"https:\/\/2024.fim-6days.com\/es\/james-hillier-el-ganador-del-tt-de-la-isla-de-man-debuta-en-los-noco-fim-6days\/\" \/>\n<meta property=\"og:locale\" content=\"es_ES\" \/>\n<meta property=\"og:type\" content=\"article\" \/>\n<meta property=\"og:title\" content=\"James Hillier: El ganador del TT de la Isla de Man debuta en los NOCO FIM 6DAYS\u00ae - 2024 spain\" \/>\n<meta property=\"og:description\" content=\"With global focus set to be centred on Silleda in the Galicia region of north-west Spain later in the year, where the 2024 FIM International Six Days of Enduro (ISDE) will take place from 14-19 October, SCOTT Sports \u2013 as the official and exclusive event sponsor for goggles and eyewear \u2013 is delighted today to launch its special edition SCOTT 6DAYS\u00ae Spain Prospect goggle, which is available now.\" \/>\n<meta property=\"og:url\" content=\"https:\/\/2024.fim-6days.com\/es\/james-hillier-el-ganador-del-tt-de-la-isla-de-man-debuta-en-los-noco-fim-6days\/\" \/>\n<meta property=\"og:site_name\" content=\"2024 spain\" \/>\n<meta property=\"article:publisher\" content=\"https:\/\/www.facebook.com\/FIMISDE\/\" \/>\n<meta property=\"article:published_time\" content=\"2024-10-20T07:28:01+00:00\" \/>\n<meta property=\"article:modified_time\" content=\"2024-10-20T07:28:55+00:00\" \/>\n<meta property=\"og:image\" content=\"https:\/\/2024.fim-6days.com\/wp-content\/uploads\/sites\/9\/2024\/10\/2024-10-19-101449.png\" \/>\n\t<meta property=\"og:image:width\" content=\"1128\" \/>\n\t<meta property=\"og:image:height\" content=\"750\" \/>\n\t<meta property=\"og:image:type\" content=\"image\/png\" \/>\n<meta name=\"author\" content=\"isalen\" \/>\n<meta name=\"twitter:card\" content=\"summary_large_image\" \/>\n<meta name=\"twitter:creator\" content=\"@fimisde\" \/>\n<meta name=\"twitter:site\" content=\"@fimisde\" \/>\n<meta name=\"twitter:label1\" content=\"Escrito por\" \/>\n\t<meta name=\"twitter:data1\" content=\"isalen\" \/>\n\t<meta name=\"twitter:label2\" content=\"Tiempo de lectura\" \/>\n\t<meta name=\"twitter:data2\" content=\"4 minutos\" \/>\n<script type=\"application\/ld+json\" class=\"yoast-schema-graph\">{\"@context\":\"https:\/\/schema.org\",\"@graph\":[{\"@type\":\"Article\",\"@id\":\"https:\/\/2024.fim-6days.com\/es\/james-hillier-el-ganador-del-tt-de-la-isla-de-man-debuta-en-los-noco-fim-6days\/#article\",\"isPartOf\":{\"@id\":\"https:\/\/2024.fim-6days.com\/es\/james-hillier-el-ganador-del-tt-de-la-isla-de-man-debuta-en-los-noco-fim-6days\/\"},\"author\":{\"name\":\"isalen\",\"@id\":\"https:\/\/2024.fim-6days.com\/#\/schema\/person\/fc80183700e96a22afb3f220ae03b32a\"},\"headline\":\"James Hillier: El ganador del TT de la Isla de Man debuta en los NOCO FIM 6DAYS\u00ae\",\"datePublished\":\"2024-10-20T07:28:01+00:00\",\"dateModified\":\"2024-10-20T07:28:55+00:00\",\"mainEntityOfPage\":{\"@id\":\"https:\/\/2024.fim-6days.com\/es\/james-hillier-el-ganador-del-tt-de-la-isla-de-man-debuta-en-los-noco-fim-6days\/\"},\"wordCount\":1702,\"commentCount\":0,\"publisher\":{\"@id\":\"https:\/\/2024.fim-6days.com\/#organization\"},\"image\":{\"@id\":\"https:\/\/2024.fim-6days.com\/es\/james-hillier-el-ganador-del-tt-de-la-isla-de-man-debuta-en-los-noco-fim-6days\/#primaryimage\"},\"thumbnailUrl\":\"https:\/\/2024.fim-6days.com\/wp-content\/uploads\/sites\/9\/2024\/10\/2024-10-19-101449.png\",\"articleSection\":[\"Before ISDE2024\",\"D\u00eda 5\",\"Noticias\"],\"inLanguage\":\"es\",\"potentialAction\":[{\"@type\":\"CommentAction\",\"name\":\"Comment\",\"target\":[\"https:\/\/2024.fim-6days.com\/es\/james-hillier-el-ganador-del-tt-de-la-isla-de-man-debuta-en-los-noco-fim-6days\/#respond\"]}]},{\"@type\":\"WebPage\",\"@id\":\"https:\/\/2024.fim-6days.com\/es\/james-hillier-el-ganador-del-tt-de-la-isla-de-man-debuta-en-los-noco-fim-6days\/\",\"url\":\"https:\/\/2024.fim-6days.com\/es\/james-hillier-el-ganador-del-tt-de-la-isla-de-man-debuta-en-los-noco-fim-6days\/\",\"name\":\"James Hillier: El ganador del TT de la Isla de Man debuta en los NOCO FIM 6DAYS\u00ae - 2024 spain\",\"isPartOf\":{\"@id\":\"https:\/\/2024.fim-6days.com\/#website\"},\"primaryImageOfPage\":{\"@id\":\"https:\/\/2024.fim-6days.com\/es\/james-hillier-el-ganador-del-tt-de-la-isla-de-man-debuta-en-los-noco-fim-6days\/#primaryimage\"},\"image\":{\"@id\":\"https:\/\/2024.fim-6days.com\/es\/james-hillier-el-ganador-del-tt-de-la-isla-de-man-debuta-en-los-noco-fim-6days\/#primaryimage\"},\"thumbnailUrl\":\"https:\/\/2024.fim-6days.com\/wp-content\/uploads\/sites\/9\/2024\/10\/2024-10-19-101449.png\",\"datePublished\":\"2024-10-20T07:28:01+00:00\",\"dateModified\":\"2024-10-20T07:28:55+00:00\",\"description\":\"With global focus set to be centred on Silleda in the Galicia region of north-west Spain later in the year, where the 2024 FIM International Six Days of Enduro (ISDE) will take place from 14-19 October, SCOTT Sports \u2013 as the official and exclusive event sponsor for goggles and eyewear \u2013 is delighted today to launch its special edition SCOTT 6DAYS\u00ae Spain Prospect goggle, which is available now.\",\"breadcrumb\":{\"@id\":\"https:\/\/2024.fim-6days.com\/es\/james-hillier-el-ganador-del-tt-de-la-isla-de-man-debuta-en-los-noco-fim-6days\/#breadcrumb\"},\"inLanguage\":\"es\",\"potentialAction\":[{\"@type\":\"ReadAction\",\"target\":[\"https:\/\/2024.fim-6days.com\/es\/james-hillier-el-ganador-del-tt-de-la-isla-de-man-debuta-en-los-noco-fim-6days\/\"]}]},{\"@type\":\"ImageObject\",\"inLanguage\":\"es\",\"@id\":\"https:\/\/2024.fim-6days.com\/es\/james-hillier-el-ganador-del-tt-de-la-isla-de-man-debuta-en-los-noco-fim-6days\/#primaryimage\",\"url\":\"https:\/\/2024.fim-6days.com\/wp-content\/uploads\/sites\/9\/2024\/10\/2024-10-19-101449.png\",\"contentUrl\":\"https:\/\/2024.fim-6days.com\/wp-content\/uploads\/sites\/9\/2024\/10\/2024-10-19-101449.png\",\"width\":1128,\"height\":750},{\"@type\":\"BreadcrumbList\",\"@id\":\"https:\/\/2024.fim-6days.com\/es\/james-hillier-el-ganador-del-tt-de-la-isla-de-man-debuta-en-los-noco-fim-6days\/#breadcrumb\",\"itemListElement\":[{\"@type\":\"ListItem\",\"position\":1,\"name\":\"Home\",\"item\":\"https:\/\/2024.fim-6days.com\/es\/\"},{\"@type\":\"ListItem\",\"position\":2,\"name\":\"James Hillier: El ganador del TT de la Isla de Man debuta en los NOCO FIM 6DAYS\u00ae\"}]},{\"@type\":\"WebSite\",\"@id\":\"https:\/\/2024.fim-6days.com\/#website\",\"url\":\"https:\/\/2024.fim-6days.com\/\",\"name\":\"FIM ISDE 2021\",\"description\":\"FIM ISDE Official website\",\"publisher\":{\"@id\":\"https:\/\/2024.fim-6days.com\/#organization\"},\"potentialAction\":[{\"@type\":\"SearchAction\",\"target\":{\"@type\":\"EntryPoint\",\"urlTemplate\":\"https:\/\/2024.fim-6days.com\/?s={search_term_string}\"},\"query-input\":{\"@type\":\"PropertyValueSpecification\",\"valueRequired\":true,\"valueName\":\"search_term_string\"}}],\"inLanguage\":\"es\"},{\"@type\":\"Organization\",\"@id\":\"https:\/\/2024.fim-6days.com\/#organization\",\"name\":\"FIM - F\u00e9d\u00e9ration Internationale de Motocyclisme\",\"url\":\"https:\/\/2024.fim-6days.com\/\",\"logo\":{\"@type\":\"ImageObject\",\"inLanguage\":\"es\",\"@id\":\"https:\/\/2024.fim-6days.com\/#\/schema\/logo\/image\/\",\"url\":\"https:\/\/2024.fim-6days.com\/wp-content\/uploads\/sites\/9\/2019\/07\/LogoFIM-CMYK.png\",\"contentUrl\":\"https:\/\/2024.fim-6days.com\/wp-content\/uploads\/sites\/9\/2019\/07\/LogoFIM-CMYK.png\",\"width\":2608,\"height\":1833,\"caption\":\"FIM - F\u00e9d\u00e9ration Internationale de Motocyclisme\"},\"image\":{\"@id\":\"https:\/\/2024.fim-6days.com\/#\/schema\/logo\/image\/\"},\"sameAs\":[\"https:\/\/www.facebook.com\/FIMISDE\/\",\"https:\/\/x.com\/fimisde\",\"https:\/\/www.instagram.com\/fim_isde\/\"]},{\"@type\":\"Person\",\"@id\":\"https:\/\/2024.fim-6days.com\/#\/schema\/person\/fc80183700e96a22afb3f220ae03b32a\",\"name\":\"isalen\",\"image\":{\"@type\":\"ImageObject\",\"inLanguage\":\"es\",\"@id\":\"https:\/\/2024.fim-6days.com\/#\/schema\/person\/image\/\",\"url\":\"https:\/\/secure.gravatar.com\/avatar\/b498bfa446460353cfcc6e023d9c28e3e84ef3798b7f90c38b5d03254eed1837?s=96&d=mm&r=g\",\"contentUrl\":\"https:\/\/secure.gravatar.com\/avatar\/b498bfa446460353cfcc6e023d9c28e3e84ef3798b7f90c38b5d03254eed1837?s=96&d=mm&r=g\",\"caption\":\"isalen\"},\"url\":\"https:\/\/2024.fim-6days.com\/es\/author\/isalen\/\"}]}<\/script>\n<!-- \/ Yoast SEO plugin. -->","yoast_head_json":{"title":"James Hillier: El ganador del TT de la Isla de Man debuta en los NOCO FIM 6DAYS\u00ae - 2024 spain","description":"With global focus set to be centred on Silleda in the Galicia region of north-west Spain later in the year, where the 2024 FIM International Six Days of Enduro (ISDE) will take place from 14-19 October, SCOTT Sports \u2013 as the official and exclusive event sponsor for goggles and eyewear \u2013 is delighted today to launch its special edition SCOTT 6DAYS\u00ae Spain Prospect goggle, which is available now.","robots":{"index":"index","follow":"follow","max-snippet":"max-snippet:-1","max-image-preview":"max-image-preview:large","max-video-preview":"max-video-preview:-1"},"canonical":"https:\/\/2024.fim-6days.com\/es\/james-hillier-el-ganador-del-tt-de-la-isla-de-man-debuta-en-los-noco-fim-6days\/","og_locale":"es_ES","og_type":"article","og_title":"James Hillier: El ganador del TT de la Isla de Man debuta en los NOCO FIM 6DAYS\u00ae - 2024 spain","og_description":"With global focus set to be centred on Silleda in the Galicia region of north-west Spain later in the year, where the 2024 FIM International Six Days of Enduro (ISDE) will take place from 14-19 October, SCOTT Sports \u2013 as the official and exclusive event sponsor for goggles and eyewear \u2013 is delighted today to launch its special edition SCOTT 6DAYS\u00ae Spain Prospect goggle, which is available now.","og_url":"https:\/\/2024.fim-6days.com\/es\/james-hillier-el-ganador-del-tt-de-la-isla-de-man-debuta-en-los-noco-fim-6days\/","og_site_name":"2024 spain","article_publisher":"https:\/\/www.facebook.com\/FIMISDE\/","article_published_time":"2024-10-20T07:28:01+00:00","article_modified_time":"2024-10-20T07:28:55+00:00","og_image":[{"width":1128,"height":750,"url":"https:\/\/2024.fim-6days.com\/wp-content\/uploads\/sites\/9\/2024\/10\/2024-10-19-101449.png","type":"image\/png"}],"author":"isalen","twitter_card":"summary_large_image","twitter_creator":"@fimisde","twitter_site":"@fimisde","twitter_misc":{"Escrito por":"isalen","Tiempo de lectura":"4 minutos"},"schema":{"@context":"https:\/\/schema.org","@graph":[{"@type":"Article","@id":"https:\/\/2024.fim-6days.com\/es\/james-hillier-el-ganador-del-tt-de-la-isla-de-man-debuta-en-los-noco-fim-6days\/#article","isPartOf":{"@id":"https:\/\/2024.fim-6days.com\/es\/james-hillier-el-ganador-del-tt-de-la-isla-de-man-debuta-en-los-noco-fim-6days\/"},"author":{"name":"isalen","@id":"https:\/\/2024.fim-6days.com\/#\/schema\/person\/fc80183700e96a22afb3f220ae03b32a"},"headline":"James Hillier: El ganador del TT de la Isla de Man debuta en los NOCO FIM 6DAYS\u00ae","datePublished":"2024-10-20T07:28:01+00:00","dateModified":"2024-10-20T07:28:55+00:00","mainEntityOfPage":{"@id":"https:\/\/2024.fim-6days.com\/es\/james-hillier-el-ganador-del-tt-de-la-isla-de-man-debuta-en-los-noco-fim-6days\/"},"wordCount":1702,"commentCount":0,"publisher":{"@id":"https:\/\/2024.fim-6days.com\/#organization"},"image":{"@id":"https:\/\/2024.fim-6days.com\/es\/james-hillier-el-ganador-del-tt-de-la-isla-de-man-debuta-en-los-noco-fim-6days\/#primaryimage"},"thumbnailUrl":"https:\/\/2024.fim-6days.com\/wp-content\/uploads\/sites\/9\/2024\/10\/2024-10-19-101449.png","articleSection":["Before ISDE2024","D\u00eda 5","Noticias"],"inLanguage":"es","potentialAction":[{"@type":"CommentAction","name":"Comment","target":["https:\/\/2024.fim-6days.com\/es\/james-hillier-el-ganador-del-tt-de-la-isla-de-man-debuta-en-los-noco-fim-6days\/#respond"]}]},{"@type":"WebPage","@id":"https:\/\/2024.fim-6days.com\/es\/james-hillier-el-ganador-del-tt-de-la-isla-de-man-debuta-en-los-noco-fim-6days\/","url":"https:\/\/2024.fim-6days.com\/es\/james-hillier-el-ganador-del-tt-de-la-isla-de-man-debuta-en-los-noco-fim-6days\/","name":"James Hillier: El ganador del TT de la Isla de Man debuta en los NOCO FIM 6DAYS\u00ae - 2024 spain","isPartOf":{"@id":"https:\/\/2024.fim-6days.com\/#website"},"primaryImageOfPage":{"@id":"https:\/\/2024.fim-6days.com\/es\/james-hillier-el-ganador-del-tt-de-la-isla-de-man-debuta-en-los-noco-fim-6days\/#primaryimage"},"image":{"@id":"https:\/\/2024.fim-6days.com\/es\/james-hillier-el-ganador-del-tt-de-la-isla-de-man-debuta-en-los-noco-fim-6days\/#primaryimage"},"thumbnailUrl":"https:\/\/2024.fim-6days.com\/wp-content\/uploads\/sites\/9\/2024\/10\/2024-10-19-101449.png","datePublished":"2024-10-20T07:28:01+00:00","dateModified":"2024-10-20T07:28:55+00:00","description":"With global focus set to be centred on Silleda in the Galicia region of north-west Spain later in the year, where the 2024 FIM International Six Days of Enduro (ISDE) will take place from 14-19 October, SCOTT Sports \u2013 as the official and exclusive event sponsor for goggles and eyewear \u2013 is delighted today to launch its special edition SCOTT 6DAYS\u00ae Spain Prospect goggle, which is available now.","breadcrumb":{"@id":"https:\/\/2024.fim-6days.com\/es\/james-hillier-el-ganador-del-tt-de-la-isla-de-man-debuta-en-los-noco-fim-6days\/#breadcrumb"},"inLanguage":"es","potentialAction":[{"@type":"ReadAction","target":["https:\/\/2024.fim-6days.com\/es\/james-hillier-el-ganador-del-tt-de-la-isla-de-man-debuta-en-los-noco-fim-6days\/"]}]},{"@type":"ImageObject","inLanguage":"es","@id":"https:\/\/2024.fim-6days.com\/es\/james-hillier-el-ganador-del-tt-de-la-isla-de-man-debuta-en-los-noco-fim-6days\/#primaryimage","url":"https:\/\/2024.fim-6days.com\/wp-content\/uploads\/sites\/9\/2024\/10\/2024-10-19-101449.png","contentUrl":"https:\/\/2024.fim-6days.com\/wp-content\/uploads\/sites\/9\/2024\/10\/2024-10-19-101449.png","width":1128,"height":750},{"@type":"BreadcrumbList","@id":"https:\/\/2024.fim-6days.com\/es\/james-hillier-el-ganador-del-tt-de-la-isla-de-man-debuta-en-los-noco-fim-6days\/#breadcrumb","itemListElement":[{"@type":"ListItem","position":1,"name":"Home","item":"https:\/\/2024.fim-6days.com\/es\/"},{"@type":"ListItem","position":2,"name":"James Hillier: El ganador del TT de la Isla de Man debuta en los NOCO FIM 6DAYS\u00ae"}]},{"@type":"WebSite","@id":"https:\/\/2024.fim-6days.com\/#website","url":"https:\/\/2024.fim-6days.com\/","name":"FIM ISDE 2021","description":"FIM ISDE Official website","publisher":{"@id":"https:\/\/2024.fim-6days.com\/#organization"},"potentialAction":[{"@type":"SearchAction","target":{"@type":"EntryPoint","urlTemplate":"https:\/\/2024.fim-6days.com\/?s={search_term_string}"},"query-input":{"@type":"PropertyValueSpecification","valueRequired":true,"valueName":"search_term_string"}}],"inLanguage":"es"},{"@type":"Organization","@id":"https:\/\/2024.fim-6days.com\/#organization","name":"FIM - F\u00e9d\u00e9ration Internationale de Motocyclisme","url":"https:\/\/2024.fim-6days.com\/","logo":{"@type":"ImageObject","inLanguage":"es","@id":"https:\/\/2024.fim-6days.com\/#\/schema\/logo\/image\/","url":"https:\/\/2024.fim-6days.com\/wp-content\/uploads\/sites\/9\/2019\/07\/LogoFIM-CMYK.png","contentUrl":"https:\/\/2024.fim-6days.com\/wp-content\/uploads\/sites\/9\/2019\/07\/LogoFIM-CMYK.png","width":2608,"height":1833,"caption":"FIM - F\u00e9d\u00e9ration Internationale de Motocyclisme"},"image":{"@id":"https:\/\/2024.fim-6days.com\/#\/schema\/logo\/image\/"},"sameAs":["https:\/\/www.facebook.com\/FIMISDE\/","https:\/\/x.com\/fimisde","https:\/\/www.instagram.com\/fim_isde\/"]},{"@type":"Person","@id":"https:\/\/2024.fim-6days.com\/#\/schema\/person\/fc80183700e96a22afb3f220ae03b32a","name":"isalen","image":{"@type":"ImageObject","inLanguage":"es","@id":"https:\/\/2024.fim-6days.com\/#\/schema\/person\/image\/","url":"https:\/\/secure.gravatar.com\/avatar\/b498bfa446460353cfcc6e023d9c28e3e84ef3798b7f90c38b5d03254eed1837?s=96&d=mm&r=g","contentUrl":"https:\/\/secure.gravatar.com\/avatar\/b498bfa446460353cfcc6e023d9c28e3e84ef3798b7f90c38b5d03254eed1837?s=96&d=mm&r=g","caption":"isalen"},"url":"https:\/\/2024.fim-6days.com\/es\/author\/isalen\/"}]}},"_links":{"self":[{"href":"https:\/\/2024.fim-6days.com\/es\/wp-json\/wp\/v2\/posts\/51055","targetHints":{"allow":["GET"]}}],"collection":[{"href":"https:\/\/2024.fim-6days.com\/es\/wp-json\/wp\/v2\/posts"}],"about":[{"href":"https:\/\/2024.fim-6days.com\/es\/wp-json\/wp\/v2\/types\/post"}],"author":[{"embeddable":true,"href":"https:\/\/2024.fim-6days.com\/es\/wp-json\/wp\/v2\/users\/14"}],"replies":[{"embeddable":true,"href":"https:\/\/2024.fim-6days.com\/es\/wp-json\/wp\/v2\/comments?post=51055"}],"version-history":[{"count":1,"href":"https:\/\/2024.fim-6days.com\/es\/wp-json\/wp\/v2\/posts\/51055\/revisions"}],"predecessor-version":[{"id":51056,"href":"https:\/\/2024.fim-6days.com\/es\/wp-json\/wp\/v2\/posts\/51055\/revisions\/51056"}],"wp:featuredmedia":[{"embeddable":true,"href":"https:\/\/2024.fim-6days.com\/es\/wp-json\/wp\/v2\/media\/50998"}],"wp:attachment":[{"href":"https:\/\/2024.fim-6days.com\/es\/wp-json\/wp\/v2\/media?parent=51055"}],"wp:term":[{"taxonomy":"category","embeddable":true,"href":"https:\/\/2024.fim-6days.com\/es\/wp-json\/wp\/v2\/categories?post=51055"},{"taxonomy":"post_tag","embeddable":true,"href":"https:\/\/2024.fim-6days.com\/es\/wp-json\/wp\/v2\/tags?post=51055"}],"curies":[{"name":"wp","href":"https:\/\/api.w.org\/{rel}","templated":true}]}}