{"id":51022,"date":"2024-10-19T17:27:49","date_gmt":"2024-10-19T15:27:49","guid":{"rendered":"https:\/\/2024.fim-6days.com\/home-stretch-in-sight-as-noco-fim-6days-completes-day-five-in-spain\/"},"modified":"2024-10-19T17:29:25","modified_gmt":"2024-10-19T15:29:25","slug":"los-noco-fim-6days%ef%b8%8f-en-espana-encaran-la-recta-final-tras-haber-completado-su-quinta-jornada","status":"publish","type":"post","link":"https:\/\/2024.fim-6days.com\/es\/los-noco-fim-6days%ef%b8%8f-en-espana-encaran-la-recta-final-tras-haber-completado-su-quinta-jornada\/","title":{"rendered":"Los NOCO FIM 6DAYS\u00ae\ufe0f en Espa\u00f1a encaran la recta final tras haber completado su quinta jornada"},"content":{"rendered":"<p><div class=\"fusion-fullwidth fullwidth-box fusion-builder-row-1 fusion-flex-container nonhundred-percent-fullwidth non-hundred-percent-height-scrolling\" style=\"--awb-border-radius-top-left:0px;--awb-border-radius-top-right:0px;--awb-border-radius-bottom-right:0px;--awb-border-radius-bottom-left:0px;--awb-padding-top:0px;--awb-padding-bottom:0px;--awb-flex-wrap:wrap;\" ><div class=\"fusion-builder-row fusion-row fusion-flex-align-items-flex-start fusion-flex-content-wrap\" style=\"max-width:1248px;margin-left: calc(-4% \/ 2 );margin-right: calc(-4% \/ 2 );\"><div class=\"fusion-layout-column fusion_builder_column fusion-builder-column-0 fusion_builder_column_1_1 1_1 fusion-flex-column\" style=\"--awb-padding-top:0px;--awb-padding-bottom:0px;--awb-bg-size:cover;--awb-width-large:100%;--awb-margin-top-large:0px;--awb-spacing-right-large:1.92%;--awb-margin-bottom-large:0px;--awb-spacing-left-large:1.92%;--awb-width-medium:100%;--awb-order-medium:0;--awb-spacing-right-medium:1.92%;--awb-spacing-left-medium:1.92%;--awb-width-small:100%;--awb-order-small:0;--awb-spacing-right-small:1.92%;--awb-spacing-left-small:1.92%;\"><div class=\"fusion-column-wrapper fusion-column-has-shadow fusion-flex-justify-content-flex-start fusion-content-layout-column\"><div class=\"fusion-text fusion-text-1\" style=\"--awb-text-transform:none;\"><p><strong>Siete a\u00f1os despu\u00e9s de su \u00faltima victoria, Francia ha completado el pen\u00faltimo d\u00eda de los NOCO FIM 6DAYS\u00ae y est\u00e1 a punto de alzarse con el World Trophy. Australia recorta distancias con Estados Unidos tras ganar en el Women\u2019s World Trophy el quinto d\u00eda, mientras que Suecia lidera sobre Francia de cara a la Final Cross Test Galicia del sexto d\u00eda.<\/strong><\/p>\n<ul>\n<li><strong>Completado el quinto d\u00eda de los NOCO FIM 6DAYS\u00ae en Galicia, Espa\u00f1a<\/strong><\/li>\n<li><strong>El mal tiempo y la densa niebla provocan la cancelaci\u00f3n de la quinta prueba especial<\/strong><\/li>\n<li><strong>Francia tiene pr\u00e1cticamente asegurada la victoria en el World Trophy<\/strong><\/li>\n<\/ul>\n<p>El quinto d\u00eda de los NOCO FIM 6DAYS\u00ae en Galicia, Espa\u00f1a, marc\u00f3 el pen\u00faltimo d\u00eda de competici\u00f3n en esta nonag\u00e9simo octava edici\u00f3n del FIM International Six Days of Enduro (ISDE). Los competidores que siguen en carrera se enfrentaron hoy a un nuevo recorrido, completando dos vueltas por el circuito Orense-Irixo, sumando m\u00e1s de doscientos kil\u00f3metros. Sin embargo, debido a la densa niebla se cancel\u00f3 el segundo enduro test, lo que permiti\u00f3 a los pilotos descansar sus agotados cuerpos a mitad del d\u00eda.<\/p>\n<p>Francia a punto de ganar su primer World Trophy desde 2017<\/p>\n<p>Liderando la clasificaci\u00f3n del World Trophy, Francia continu\u00f3 marcando el ritmo. Mostr\u00e1ndose tan s\u00f3lidos y decididos como desde el primer d\u00eda, volvieron a encabezar la clasificaci\u00f3n. Cuando solo queda el Final Cross Test Galicia del sexto d\u00eda, tienen una ventaja de siete minutos y treinta y cuatro segundos sobre Estados Unidos, en segundo lugar, mientras que Espa\u00f1a, la naci\u00f3n anfitriona, est\u00e1 a dos minutos de Estados Unidos, en tercer lugar.<\/p>\n<p>\u201cDespu\u00e9s de cinco d\u00edas duros de enduro, empiezo a sentirme cansado\u201d, coment\u00f3 con una sonrisa Julien Roussaly (Sherco) de Francia en el Parc Ferm\u00e9 de los NOCO tras el quinto d\u00eda. \u201cEstamos a un paso de ganar el World Trophy, solo queda ma\u00f1ana. Estoy muy contento con c\u00f3mo han ido las cosas esta semana. Juntos hemos hecho un buen trabajo. Espero que ma\u00f1ana podamos llevarnos la victoria\u201d.<\/p>\n<p>Australia ocupa el cuarto puesto, pero con catorce minutos de desventaja respecto a Espa\u00f1a, solo pueden esperar que los espa\u00f1oles tengan problemas en el \u00faltimo d\u00eda si quieren alcanzar el podio. S\u00f3lidos como una roca, la Rep\u00fablica Checa completa el top cinco.<\/p>\n<p>Estados Unidos lidera sobre Australia en el Women\u2019s World Trophy<\/p>\n<p>En la categor\u00eda del Women\u2019s World Trophy, Australia se niega a rendirse sin luchar y se llev\u00f3 la victoria en el quinto d\u00eda. Reduciendo la brecha con las l\u00edderes, Estados Unidos, ahora est\u00e1n a tres minutos y cuarenta y ocho segundos. Sin duda, Estados Unidos intentar\u00e1 gestionar esa ventaja el sexto d\u00eda, pero no puede permitirse relajarse demasiado con las australianas pis\u00e1ndoles los talones.<\/p>\n<p>Suecia sigue c\u00f3moda en tercera posici\u00f3n y parece destinada a completar el podio ma\u00f1ana. Francia y Espa\u00f1a cierran el top cinco. Lideradas por Rachael Archer (Kawasaki), esta edici\u00f3n de los NOCO FIM 6DAYS\u00ae ha visto el debut de Nueva Zelanda en Women\u2019s World Trophy. Aunque est\u00e1n en d\u00e9cima posici\u00f3n, Archer ha estado asiduamente en los puestos delanteros de la clasificaci\u00f3n individual lo que le vale para ocupar el segundo puesto general.<\/p>\n<p>\u201cHa sido genial ganar una prueba especial hoy\u201d, dijo Rachael Archer (Kawasaki) de Nueva Zelanda. \u201cSent\u00ed que pilot\u00e9 de manera decente y no me ca\u00ed, as\u00ed que hice una buena carrera.<\/p>\n<p>\u201cHa sido una primera experiencia incre\u00edble en los 6DAYS\u00ae. No me puse metas ni expectativas antes de la semana. Solo quer\u00eda aprender y ganar la mayor experiencia posible. Siento que lo he logrado y tambi\u00e9n he mostrado algo de velocidad\u201d.<\/p>\n<p>El primer puesto en Junior World Trophy se decidir\u00e1 en el \u00faltimo d\u00eda<\/p>\n<p>En la clasificaci\u00f3n de Junior World Trophy, los campeones defensores, Francia, siguen en la lucha por la victoria gracias a su triunfo en el quinto d\u00eda. Han logrado reducir la diferencia con los l\u00edderes, Suecia, a menos de dos minutos. Con el desenlace de esta batalla por decidirse en el sexto d\u00eda, a\u00fan queda mucho por jugarse.<\/p>\n<p>Estados Unidos se mantiene en tercera posici\u00f3n, pero deber\u00e1n estar atentos a Australia, que est\u00e1 en cuarto lugar, a tan solo un minuto y cuarenta y cinco segundos de diferencia. Gran Breta\u00f1a es quinta, con una c\u00f3moda ventaja sobre Espa\u00f1a, que ocupa el sexto lugar.<\/p>\n<p>\u201cHe tenido una carrera mucho mejor en el quinto d\u00eda\u201d, dijo Angus Riordan (KTM) de Australia. \u201cFinalmente encontr\u00e9 mi ritmo en esta competici\u00f3n. Consegu\u00ed buenos tiempos en algunas pruebas especiales, pero desafortunadamente tuvieron que cancelar la quinta. Australia est\u00e1 en una buena posici\u00f3n en general, as\u00ed que seguiremos presionando el sexto d\u00eda\u201d.<\/p>\n<p>Garc\u00eda sigue liderando la clasificaci\u00f3n individual<\/p>\n<p>A pesar de la cancelaci\u00f3n de la quinta prueba especial, las posiciones generales individuales vieron a Josep Garc\u00eda (KTM) de Espa\u00f1a llevarse la victoria del quinto d\u00eda. Dominando las primeras cuatro especiales, gan\u00f3 con una ventaja de m\u00e1s de catorce segundos sobre Steve Holcombe (Honda) de Gran Breta\u00f1a, en segundo lugar. Otra s\u00f3lida actuaci\u00f3n de Theo Espinasse (Beta) de Francia lo vio terminar en tercer lugar. Samuele Bernardini (Honda) de Italia registr\u00f3 su mejor resultado de la semana con un cuarto puesto. Max Ahlin (KTM) de Suecia qued\u00f3 en quinto lugar, siendo el mejor piloto del Junior World Trophy.<\/p>\n<p>\u201cMi velocidad hoy fue buena en las pruebas especiales\u201d, coment\u00f3 Samuele Bernardini (Honda) de Italia. \u201cEstoy contento de haber estado m\u00e1s arriba en la clasificaci\u00f3n general. Estuve luchando por el top tres, pero finalmente termin\u00e9 cuarto. Con un d\u00eda por delante, espero poder terminar en lo m\u00e1s alto\u201d.<\/p>\n<p>Garc\u00eda, invicto, fue nuevamente el mejor de los competidores de la categor\u00eda Enduro1. Espinasse qued\u00f3 segundo, seguido de su compatriota Hugo Blanjoue (Honda) en tercera posici\u00f3n. De manera similar, Holcombe tambi\u00e9n consigui\u00f3 cinco victorias de cinco posibles en Enduro2. Bernardini y Ahlin completaron el podio. En Enduro3, Antoine Magain (Sherco) de B\u00e9lgica se llev\u00f3 la victoria, continuando con su destacada actuaci\u00f3n en Galicia. La pareja italiana formada por Kevin Cristino (Fantic) y Matteo Cavallo (TM) ocuparon el segundo y tercer lugar, respectivamente.<\/p>\n<p>Italia lidera en Club Team Award con solo el sexto d\u00eda por delante<\/p>\n<p>El equipo de Italia sigue liderando la clasificaci\u00f3n del Club Team Award. Con un d\u00eda por disputar, tienen una ventaja de diecis\u00e9is minutos y treinta y cuatro segundos sobre el Moto Club Puy En Velay, en segundo lugar. GTBN ocupa el tercer lugar, con XC Gear y RFME Club Team completando los cinco primeros.<\/p>\n<p>Con m\u00e1s de diecis\u00e9is minutos de ventaja sobre Gottbros Team 2, Lynn Valley Dirt Riders tiene pr\u00e1cticamente asegurada la victoria en la categor\u00eda de Veteran Club Team. Jesus Plaza Freyer buscar\u00e1 completar el podio, por delante del MC Stiges-Vinaros Veteran, que est\u00e1 en cuarto lugar. Liderando la competici\u00f3n inaugural del Women\u2019s Club Team con m\u00e1s de una hora y media de ventaja, el Eric Cleveland Memorial est\u00e1 listo para hacer historia si todo va bien ma\u00f1ana. Builth Wells MCC Ladies tiene una c\u00f3moda ventaja sobre Halton Off Road Riders AS, que ocupan la tercera posici\u00f3n.<\/p>\n<p>Despu\u00e9s de cinco d\u00edas emocionantes y llenos de acci\u00f3n, la nonag\u00e9sima octava edici\u00f3n de los NOCO FIM 6DAYS\u00ae est\u00e1 lista para concluir con el Final Cross Test Galicia del sexto d\u00eda, seguida por la GASGAS 6DAYS\u00ae Party.<\/p>\n<p>Para el sexto y \u00faltimo d\u00eda de competici\u00f3n, el Final Cross Test Galicia en Silleda ser\u00e1 transmitida en directo por FIM-MOTO.TV. La cobertura comenzar\u00e1 con los Club Team Awards antes de sumergirse en la acci\u00f3n de todas las categor\u00edas de World Trophy. La retransmisi\u00f3n concluir\u00e1 con la coronaci\u00f3n de los campeones de este a\u00f1o en la ceremonia de entrega de premios de los NOCO FIM 6DAYS\u00ae.<\/p>\n<\/div><div class=\"fusion-video fusion-youtube\" style=\"--awb-max-width:600px;--awb-max-height:360px;\"><div class=\"video-shortcode\"><div class=\"fluid-width-video-wrapper\" style=\"padding-top:60%;\" ><iframe title=\"YouTube video player 1\" src=\"https:\/\/www.youtube.com\/embed\/8hluUiyma4c?wmode=transparent&autoplay=0&oida=1\" width=\"600\" height=\"360\" allowfullscreen allow=\"autoplay; clipboard-write; encrypted-media; gyroscope; picture-in-picture;\"><\/iframe><\/div><\/div><\/div><\/div><\/div><\/div><\/div><div class=\"fusion-fullwidth fullwidth-box fusion-builder-row-2 fusion-flex-container has-pattern-background has-mask-background nonhundred-percent-fullwidth non-hundred-percent-height-scrolling\" style=\"--awb-border-radius-top-left:0px;--awb-border-radius-top-right:0px;--awb-border-radius-bottom-right:0px;--awb-border-radius-bottom-left:0px;--awb-flex-wrap:wrap;\" ><div class=\"fusion-builder-row fusion-row fusion-flex-align-items-flex-start fusion-flex-content-wrap\" style=\"max-width:1248px;margin-left: calc(-4% \/ 2 );margin-right: calc(-4% \/ 2 );\"><div class=\"fusion-layout-column fusion_builder_column fusion-builder-column-1 fusion_builder_column_1_1 1_1 fusion-flex-column\" style=\"--awb-bg-size:cover;--awb-width-large:100%;--awb-margin-top-large:0px;--awb-spacing-right-large:1.92%;--awb-margin-bottom-large:20px;--awb-spacing-left-large:1.92%;--awb-width-medium:100%;--awb-order-medium:0;--awb-spacing-right-medium:1.92%;--awb-spacing-left-medium:1.92%;--awb-width-small:100%;--awb-order-small:0;--awb-spacing-right-small:1.92%;--awb-spacing-left-small:1.92%;\"><div class=\"fusion-column-wrapper fusion-column-has-shadow fusion-flex-justify-content-flex-start fusion-content-layout-column\"><div class=\"fusion-separator fusion-full-width-sep\" style=\"align-self: center;margin-left: auto;margin-right: auto;margin-bottom:20px;width:100%;\"><\/div>\n<\/div><\/div><\/div><\/div><\/p>\n","protected":false},"excerpt":{"rendered":"","protected":false},"author":14,"featured_media":50980,"comment_status":"open","ping_status":"open","sticky":false,"template":"","format":"standard","meta":{"inline_featured_image":false,"footnotes":""},"categories":[122,108],"tags":[],"class_list":["post-51022","post","type-post","status-publish","format-standard","has-post-thumbnail","hentry","category-dia-5","category-news-es"],"yoast_head":"<!-- This site is optimized with the Yoast SEO plugin v25.6 - https:\/\/yoast.com\/wordpress\/plugins\/seo\/ -->\n<title>Los NOCO FIM 6DAYS\u00ae\ufe0f en Espa\u00f1a encaran la recta final tras haber completado su quinta jornada - 2024 spain<\/title>\n<meta name=\"description\" content=\"With global focus set to be centred on Silleda in the Galicia region of north-west Spain later in the year, where the 2024 FIM International Six Days of Enduro (ISDE) will take place from 14-19 October, SCOTT Sports \u2013 as the official and exclusive event sponsor for goggles and eyewear \u2013 is delighted today to launch its special edition SCOTT 6DAYS\u00ae Spain Prospect goggle, which is available now.\" \/>\n<meta name=\"robots\" content=\"index, follow, max-snippet:-1, max-image-preview:large, max-video-preview:-1\" \/>\n<link rel=\"canonical\" href=\"https:\/\/2024.fim-6days.com\/es\/los-noco-fim-6days\ufe0f-en-espana-encaran-la-recta-final-tras-haber-completado-su-quinta-jornada\/\" \/>\n<meta property=\"og:locale\" content=\"es_ES\" \/>\n<meta property=\"og:type\" content=\"article\" \/>\n<meta property=\"og:title\" content=\"Los NOCO FIM 6DAYS\u00ae\ufe0f en Espa\u00f1a encaran la recta final tras haber completado su quinta jornada - 2024 spain\" \/>\n<meta property=\"og:description\" content=\"With global focus set to be centred on Silleda in the Galicia region of north-west Spain later in the year, where the 2024 FIM International Six Days of Enduro (ISDE) will take place from 14-19 October, SCOTT Sports \u2013 as the official and exclusive event sponsor for goggles and eyewear \u2013 is delighted today to launch its special edition SCOTT 6DAYS\u00ae Spain Prospect goggle, which is available now.\" \/>\n<meta property=\"og:url\" content=\"https:\/\/2024.fim-6days.com\/es\/los-noco-fim-6days\ufe0f-en-espana-encaran-la-recta-final-tras-haber-completado-su-quinta-jornada\/\" \/>\n<meta property=\"og:site_name\" content=\"2024 spain\" \/>\n<meta property=\"article:publisher\" content=\"https:\/\/www.facebook.com\/FIMISDE\/\" \/>\n<meta property=\"article:published_time\" content=\"2024-10-19T15:27:49+00:00\" \/>\n<meta property=\"article:modified_time\" content=\"2024-10-19T15:29:25+00:00\" \/>\n<meta property=\"og:image\" content=\"https:\/\/2024.fim-6days.com\/wp-content\/uploads\/sites\/9\/2024\/10\/ISDE-2024-Spain_29954-1.jpg\" \/>\n\t<meta property=\"og:image:width\" content=\"1600\" \/>\n\t<meta property=\"og:image:height\" content=\"1067\" \/>\n\t<meta property=\"og:image:type\" content=\"image\/jpeg\" \/>\n<meta name=\"author\" content=\"isalen\" \/>\n<meta name=\"twitter:card\" content=\"summary_large_image\" \/>\n<meta name=\"twitter:creator\" content=\"@fimisde\" \/>\n<meta name=\"twitter:site\" content=\"@fimisde\" \/>\n<meta name=\"twitter:label1\" content=\"Escrito por\" \/>\n\t<meta name=\"twitter:data1\" content=\"isalen\" \/>\n\t<meta name=\"twitter:label2\" content=\"Tiempo de lectura\" \/>\n\t<meta name=\"twitter:data2\" content=\"8 minutos\" \/>\n<script type=\"application\/ld+json\" class=\"yoast-schema-graph\">{\"@context\":\"https:\/\/schema.org\",\"@graph\":[{\"@type\":\"Article\",\"@id\":\"https:\/\/2024.fim-6days.com\/es\/los-noco-fim-6days%ef%b8%8f-en-espana-encaran-la-recta-final-tras-haber-completado-su-quinta-jornada\/#article\",\"isPartOf\":{\"@id\":\"https:\/\/2024.fim-6days.com\/es\/los-noco-fim-6days%ef%b8%8f-en-espana-encaran-la-recta-final-tras-haber-completado-su-quinta-jornada\/\"},\"author\":{\"name\":\"isalen\",\"@id\":\"https:\/\/2024.fim-6days.com\/#\/schema\/person\/fc80183700e96a22afb3f220ae03b32a\"},\"headline\":\"Los NOCO FIM 6DAYS\u00ae\ufe0f en Espa\u00f1a encaran la recta final tras haber completado su quinta jornada\",\"datePublished\":\"2024-10-19T15:27:49+00:00\",\"dateModified\":\"2024-10-19T15:29:25+00:00\",\"mainEntityOfPage\":{\"@id\":\"https:\/\/2024.fim-6days.com\/es\/los-noco-fim-6days%ef%b8%8f-en-espana-encaran-la-recta-final-tras-haber-completado-su-quinta-jornada\/\"},\"wordCount\":2802,\"commentCount\":0,\"publisher\":{\"@id\":\"https:\/\/2024.fim-6days.com\/#organization\"},\"image\":{\"@id\":\"https:\/\/2024.fim-6days.com\/es\/los-noco-fim-6days%ef%b8%8f-en-espana-encaran-la-recta-final-tras-haber-completado-su-quinta-jornada\/#primaryimage\"},\"thumbnailUrl\":\"https:\/\/2024.fim-6days.com\/wp-content\/uploads\/sites\/9\/2024\/10\/ISDE-2024-Spain_29954-1.jpg\",\"articleSection\":[\"D\u00eda 5\",\"Noticias\"],\"inLanguage\":\"es\",\"potentialAction\":[{\"@type\":\"CommentAction\",\"name\":\"Comment\",\"target\":[\"https:\/\/2024.fim-6days.com\/es\/los-noco-fim-6days%ef%b8%8f-en-espana-encaran-la-recta-final-tras-haber-completado-su-quinta-jornada\/#respond\"]}]},{\"@type\":\"WebPage\",\"@id\":\"https:\/\/2024.fim-6days.com\/es\/los-noco-fim-6days%ef%b8%8f-en-espana-encaran-la-recta-final-tras-haber-completado-su-quinta-jornada\/\",\"url\":\"https:\/\/2024.fim-6days.com\/es\/los-noco-fim-6days%ef%b8%8f-en-espana-encaran-la-recta-final-tras-haber-completado-su-quinta-jornada\/\",\"name\":\"Los NOCO FIM 6DAYS\u00ae\ufe0f en Espa\u00f1a encaran la recta final tras haber completado su quinta jornada - 2024 spain\",\"isPartOf\":{\"@id\":\"https:\/\/2024.fim-6days.com\/#website\"},\"primaryImageOfPage\":{\"@id\":\"https:\/\/2024.fim-6days.com\/es\/los-noco-fim-6days%ef%b8%8f-en-espana-encaran-la-recta-final-tras-haber-completado-su-quinta-jornada\/#primaryimage\"},\"image\":{\"@id\":\"https:\/\/2024.fim-6days.com\/es\/los-noco-fim-6days%ef%b8%8f-en-espana-encaran-la-recta-final-tras-haber-completado-su-quinta-jornada\/#primaryimage\"},\"thumbnailUrl\":\"https:\/\/2024.fim-6days.com\/wp-content\/uploads\/sites\/9\/2024\/10\/ISDE-2024-Spain_29954-1.jpg\",\"datePublished\":\"2024-10-19T15:27:49+00:00\",\"dateModified\":\"2024-10-19T15:29:25+00:00\",\"description\":\"With global focus set to be centred on Silleda in the Galicia region of north-west Spain later in the year, where the 2024 FIM International Six Days of Enduro (ISDE) will take place from 14-19 October, SCOTT Sports \u2013 as the official and exclusive event sponsor for goggles and eyewear \u2013 is delighted today to launch its special edition SCOTT 6DAYS\u00ae Spain Prospect goggle, which is available now.\",\"breadcrumb\":{\"@id\":\"https:\/\/2024.fim-6days.com\/es\/los-noco-fim-6days%ef%b8%8f-en-espana-encaran-la-recta-final-tras-haber-completado-su-quinta-jornada\/#breadcrumb\"},\"inLanguage\":\"es\",\"potentialAction\":[{\"@type\":\"ReadAction\",\"target\":[\"https:\/\/2024.fim-6days.com\/es\/los-noco-fim-6days%ef%b8%8f-en-espana-encaran-la-recta-final-tras-haber-completado-su-quinta-jornada\/\"]}]},{\"@type\":\"ImageObject\",\"inLanguage\":\"es\",\"@id\":\"https:\/\/2024.fim-6days.com\/es\/los-noco-fim-6days%ef%b8%8f-en-espana-encaran-la-recta-final-tras-haber-completado-su-quinta-jornada\/#primaryimage\",\"url\":\"https:\/\/2024.fim-6days.com\/wp-content\/uploads\/sites\/9\/2024\/10\/ISDE-2024-Spain_29954-1.jpg\",\"contentUrl\":\"https:\/\/2024.fim-6days.com\/wp-content\/uploads\/sites\/9\/2024\/10\/ISDE-2024-Spain_29954-1.jpg\",\"width\":1600,\"height\":1067,\"caption\":\"2024 International Six Days Enduro \u0096 Silleda \u0096 Spain\"},{\"@type\":\"BreadcrumbList\",\"@id\":\"https:\/\/2024.fim-6days.com\/es\/los-noco-fim-6days%ef%b8%8f-en-espana-encaran-la-recta-final-tras-haber-completado-su-quinta-jornada\/#breadcrumb\",\"itemListElement\":[{\"@type\":\"ListItem\",\"position\":1,\"name\":\"Home\",\"item\":\"https:\/\/2024.fim-6days.com\/es\/\"},{\"@type\":\"ListItem\",\"position\":2,\"name\":\"Los NOCO FIM 6DAYS\u00ae\ufe0f en Espa\u00f1a encaran la recta final tras haber completado su quinta jornada\"}]},{\"@type\":\"WebSite\",\"@id\":\"https:\/\/2024.fim-6days.com\/#website\",\"url\":\"https:\/\/2024.fim-6days.com\/\",\"name\":\"FIM ISDE 2021\",\"description\":\"FIM ISDE Official website\",\"publisher\":{\"@id\":\"https:\/\/2024.fim-6days.com\/#organization\"},\"potentialAction\":[{\"@type\":\"SearchAction\",\"target\":{\"@type\":\"EntryPoint\",\"urlTemplate\":\"https:\/\/2024.fim-6days.com\/?s={search_term_string}\"},\"query-input\":{\"@type\":\"PropertyValueSpecification\",\"valueRequired\":true,\"valueName\":\"search_term_string\"}}],\"inLanguage\":\"es\"},{\"@type\":\"Organization\",\"@id\":\"https:\/\/2024.fim-6days.com\/#organization\",\"name\":\"FIM - F\u00e9d\u00e9ration Internationale de Motocyclisme\",\"url\":\"https:\/\/2024.fim-6days.com\/\",\"logo\":{\"@type\":\"ImageObject\",\"inLanguage\":\"es\",\"@id\":\"https:\/\/2024.fim-6days.com\/#\/schema\/logo\/image\/\",\"url\":\"https:\/\/2024.fim-6days.com\/wp-content\/uploads\/sites\/9\/2019\/07\/LogoFIM-CMYK.png\",\"contentUrl\":\"https:\/\/2024.fim-6days.com\/wp-content\/uploads\/sites\/9\/2019\/07\/LogoFIM-CMYK.png\",\"width\":2608,\"height\":1833,\"caption\":\"FIM - F\u00e9d\u00e9ration Internationale de Motocyclisme\"},\"image\":{\"@id\":\"https:\/\/2024.fim-6days.com\/#\/schema\/logo\/image\/\"},\"sameAs\":[\"https:\/\/www.facebook.com\/FIMISDE\/\",\"https:\/\/x.com\/fimisde\",\"https:\/\/www.instagram.com\/fim_isde\/\"]},{\"@type\":\"Person\",\"@id\":\"https:\/\/2024.fim-6days.com\/#\/schema\/person\/fc80183700e96a22afb3f220ae03b32a\",\"name\":\"isalen\",\"image\":{\"@type\":\"ImageObject\",\"inLanguage\":\"es\",\"@id\":\"https:\/\/2024.fim-6days.com\/#\/schema\/person\/image\/\",\"url\":\"https:\/\/secure.gravatar.com\/avatar\/b498bfa446460353cfcc6e023d9c28e3e84ef3798b7f90c38b5d03254eed1837?s=96&d=mm&r=g\",\"contentUrl\":\"https:\/\/secure.gravatar.com\/avatar\/b498bfa446460353cfcc6e023d9c28e3e84ef3798b7f90c38b5d03254eed1837?s=96&d=mm&r=g\",\"caption\":\"isalen\"},\"url\":\"https:\/\/2024.fim-6days.com\/es\/author\/isalen\/\"}]}<\/script>\n<!-- \/ Yoast SEO plugin. -->","yoast_head_json":{"title":"Los NOCO FIM 6DAYS\u00ae\ufe0f en Espa\u00f1a encaran la recta final tras haber completado su quinta jornada - 2024 spain","description":"With global focus set to be centred on Silleda in the Galicia region of north-west Spain later in the year, where the 2024 FIM International Six Days of Enduro (ISDE) will take place from 14-19 October, SCOTT Sports \u2013 as the official and exclusive event sponsor for goggles and eyewear \u2013 is delighted today to launch its special edition SCOTT 6DAYS\u00ae Spain Prospect goggle, which is available now.","robots":{"index":"index","follow":"follow","max-snippet":"max-snippet:-1","max-image-preview":"max-image-preview:large","max-video-preview":"max-video-preview:-1"},"canonical":"https:\/\/2024.fim-6days.com\/es\/los-noco-fim-6days\ufe0f-en-espana-encaran-la-recta-final-tras-haber-completado-su-quinta-jornada\/","og_locale":"es_ES","og_type":"article","og_title":"Los NOCO FIM 6DAYS\u00ae\ufe0f en Espa\u00f1a encaran la recta final tras haber completado su quinta jornada - 2024 spain","og_description":"With global focus set to be centred on Silleda in the Galicia region of north-west Spain later in the year, where the 2024 FIM International Six Days of Enduro (ISDE) will take place from 14-19 October, SCOTT Sports \u2013 as the official and exclusive event sponsor for goggles and eyewear \u2013 is delighted today to launch its special edition SCOTT 6DAYS\u00ae Spain Prospect goggle, which is available now.","og_url":"https:\/\/2024.fim-6days.com\/es\/los-noco-fim-6days\ufe0f-en-espana-encaran-la-recta-final-tras-haber-completado-su-quinta-jornada\/","og_site_name":"2024 spain","article_publisher":"https:\/\/www.facebook.com\/FIMISDE\/","article_published_time":"2024-10-19T15:27:49+00:00","article_modified_time":"2024-10-19T15:29:25+00:00","og_image":[{"width":1600,"height":1067,"url":"https:\/\/2024.fim-6days.com\/wp-content\/uploads\/sites\/9\/2024\/10\/ISDE-2024-Spain_29954-1.jpg","type":"image\/jpeg"}],"author":"isalen","twitter_card":"summary_large_image","twitter_creator":"@fimisde","twitter_site":"@fimisde","twitter_misc":{"Escrito por":"isalen","Tiempo de lectura":"8 minutos"},"schema":{"@context":"https:\/\/schema.org","@graph":[{"@type":"Article","@id":"https:\/\/2024.fim-6days.com\/es\/los-noco-fim-6days%ef%b8%8f-en-espana-encaran-la-recta-final-tras-haber-completado-su-quinta-jornada\/#article","isPartOf":{"@id":"https:\/\/2024.fim-6days.com\/es\/los-noco-fim-6days%ef%b8%8f-en-espana-encaran-la-recta-final-tras-haber-completado-su-quinta-jornada\/"},"author":{"name":"isalen","@id":"https:\/\/2024.fim-6days.com\/#\/schema\/person\/fc80183700e96a22afb3f220ae03b32a"},"headline":"Los NOCO FIM 6DAYS\u00ae\ufe0f en Espa\u00f1a encaran la recta final tras haber completado su quinta jornada","datePublished":"2024-10-19T15:27:49+00:00","dateModified":"2024-10-19T15:29:25+00:00","mainEntityOfPage":{"@id":"https:\/\/2024.fim-6days.com\/es\/los-noco-fim-6days%ef%b8%8f-en-espana-encaran-la-recta-final-tras-haber-completado-su-quinta-jornada\/"},"wordCount":2802,"commentCount":0,"publisher":{"@id":"https:\/\/2024.fim-6days.com\/#organization"},"image":{"@id":"https:\/\/2024.fim-6days.com\/es\/los-noco-fim-6days%ef%b8%8f-en-espana-encaran-la-recta-final-tras-haber-completado-su-quinta-jornada\/#primaryimage"},"thumbnailUrl":"https:\/\/2024.fim-6days.com\/wp-content\/uploads\/sites\/9\/2024\/10\/ISDE-2024-Spain_29954-1.jpg","articleSection":["D\u00eda 5","Noticias"],"inLanguage":"es","potentialAction":[{"@type":"CommentAction","name":"Comment","target":["https:\/\/2024.fim-6days.com\/es\/los-noco-fim-6days%ef%b8%8f-en-espana-encaran-la-recta-final-tras-haber-completado-su-quinta-jornada\/#respond"]}]},{"@type":"WebPage","@id":"https:\/\/2024.fim-6days.com\/es\/los-noco-fim-6days%ef%b8%8f-en-espana-encaran-la-recta-final-tras-haber-completado-su-quinta-jornada\/","url":"https:\/\/2024.fim-6days.com\/es\/los-noco-fim-6days%ef%b8%8f-en-espana-encaran-la-recta-final-tras-haber-completado-su-quinta-jornada\/","name":"Los NOCO FIM 6DAYS\u00ae\ufe0f en Espa\u00f1a encaran la recta final tras haber completado su quinta jornada - 2024 spain","isPartOf":{"@id":"https:\/\/2024.fim-6days.com\/#website"},"primaryImageOfPage":{"@id":"https:\/\/2024.fim-6days.com\/es\/los-noco-fim-6days%ef%b8%8f-en-espana-encaran-la-recta-final-tras-haber-completado-su-quinta-jornada\/#primaryimage"},"image":{"@id":"https:\/\/2024.fim-6days.com\/es\/los-noco-fim-6days%ef%b8%8f-en-espana-encaran-la-recta-final-tras-haber-completado-su-quinta-jornada\/#primaryimage"},"thumbnailUrl":"https:\/\/2024.fim-6days.com\/wp-content\/uploads\/sites\/9\/2024\/10\/ISDE-2024-Spain_29954-1.jpg","datePublished":"2024-10-19T15:27:49+00:00","dateModified":"2024-10-19T15:29:25+00:00","description":"With global focus set to be centred on Silleda in the Galicia region of north-west Spain later in the year, where the 2024 FIM International Six Days of Enduro (ISDE) will take place from 14-19 October, SCOTT Sports \u2013 as the official and exclusive event sponsor for goggles and eyewear \u2013 is delighted today to launch its special edition SCOTT 6DAYS\u00ae Spain Prospect goggle, which is available now.","breadcrumb":{"@id":"https:\/\/2024.fim-6days.com\/es\/los-noco-fim-6days%ef%b8%8f-en-espana-encaran-la-recta-final-tras-haber-completado-su-quinta-jornada\/#breadcrumb"},"inLanguage":"es","potentialAction":[{"@type":"ReadAction","target":["https:\/\/2024.fim-6days.com\/es\/los-noco-fim-6days%ef%b8%8f-en-espana-encaran-la-recta-final-tras-haber-completado-su-quinta-jornada\/"]}]},{"@type":"ImageObject","inLanguage":"es","@id":"https:\/\/2024.fim-6days.com\/es\/los-noco-fim-6days%ef%b8%8f-en-espana-encaran-la-recta-final-tras-haber-completado-su-quinta-jornada\/#primaryimage","url":"https:\/\/2024.fim-6days.com\/wp-content\/uploads\/sites\/9\/2024\/10\/ISDE-2024-Spain_29954-1.jpg","contentUrl":"https:\/\/2024.fim-6days.com\/wp-content\/uploads\/sites\/9\/2024\/10\/ISDE-2024-Spain_29954-1.jpg","width":1600,"height":1067,"caption":"2024 International Six Days Enduro \u0096 Silleda \u0096 Spain"},{"@type":"BreadcrumbList","@id":"https:\/\/2024.fim-6days.com\/es\/los-noco-fim-6days%ef%b8%8f-en-espana-encaran-la-recta-final-tras-haber-completado-su-quinta-jornada\/#breadcrumb","itemListElement":[{"@type":"ListItem","position":1,"name":"Home","item":"https:\/\/2024.fim-6days.com\/es\/"},{"@type":"ListItem","position":2,"name":"Los NOCO FIM 6DAYS\u00ae\ufe0f en Espa\u00f1a encaran la recta final tras haber completado su quinta jornada"}]},{"@type":"WebSite","@id":"https:\/\/2024.fim-6days.com\/#website","url":"https:\/\/2024.fim-6days.com\/","name":"FIM ISDE 2021","description":"FIM ISDE Official website","publisher":{"@id":"https:\/\/2024.fim-6days.com\/#organization"},"potentialAction":[{"@type":"SearchAction","target":{"@type":"EntryPoint","urlTemplate":"https:\/\/2024.fim-6days.com\/?s={search_term_string}"},"query-input":{"@type":"PropertyValueSpecification","valueRequired":true,"valueName":"search_term_string"}}],"inLanguage":"es"},{"@type":"Organization","@id":"https:\/\/2024.fim-6days.com\/#organization","name":"FIM - F\u00e9d\u00e9ration Internationale de Motocyclisme","url":"https:\/\/2024.fim-6days.com\/","logo":{"@type":"ImageObject","inLanguage":"es","@id":"https:\/\/2024.fim-6days.com\/#\/schema\/logo\/image\/","url":"https:\/\/2024.fim-6days.com\/wp-content\/uploads\/sites\/9\/2019\/07\/LogoFIM-CMYK.png","contentUrl":"https:\/\/2024.fim-6days.com\/wp-content\/uploads\/sites\/9\/2019\/07\/LogoFIM-CMYK.png","width":2608,"height":1833,"caption":"FIM - F\u00e9d\u00e9ration Internationale de Motocyclisme"},"image":{"@id":"https:\/\/2024.fim-6days.com\/#\/schema\/logo\/image\/"},"sameAs":["https:\/\/www.facebook.com\/FIMISDE\/","https:\/\/x.com\/fimisde","https:\/\/www.instagram.com\/fim_isde\/"]},{"@type":"Person","@id":"https:\/\/2024.fim-6days.com\/#\/schema\/person\/fc80183700e96a22afb3f220ae03b32a","name":"isalen","image":{"@type":"ImageObject","inLanguage":"es","@id":"https:\/\/2024.fim-6days.com\/#\/schema\/person\/image\/","url":"https:\/\/secure.gravatar.com\/avatar\/b498bfa446460353cfcc6e023d9c28e3e84ef3798b7f90c38b5d03254eed1837?s=96&d=mm&r=g","contentUrl":"https:\/\/secure.gravatar.com\/avatar\/b498bfa446460353cfcc6e023d9c28e3e84ef3798b7f90c38b5d03254eed1837?s=96&d=mm&r=g","caption":"isalen"},"url":"https:\/\/2024.fim-6days.com\/es\/author\/isalen\/"}]}},"_links":{"self":[{"href":"https:\/\/2024.fim-6days.com\/es\/wp-json\/wp\/v2\/posts\/51022","targetHints":{"allow":["GET"]}}],"collection":[{"href":"https:\/\/2024.fim-6days.com\/es\/wp-json\/wp\/v2\/posts"}],"about":[{"href":"https:\/\/2024.fim-6days.com\/es\/wp-json\/wp\/v2\/types\/post"}],"author":[{"embeddable":true,"href":"https:\/\/2024.fim-6days.com\/es\/wp-json\/wp\/v2\/users\/14"}],"replies":[{"embeddable":true,"href":"https:\/\/2024.fim-6days.com\/es\/wp-json\/wp\/v2\/comments?post=51022"}],"version-history":[{"count":2,"href":"https:\/\/2024.fim-6days.com\/es\/wp-json\/wp\/v2\/posts\/51022\/revisions"}],"predecessor-version":[{"id":51023,"href":"https:\/\/2024.fim-6days.com\/es\/wp-json\/wp\/v2\/posts\/51022\/revisions\/51023"}],"wp:featuredmedia":[{"embeddable":true,"href":"https:\/\/2024.fim-6days.com\/es\/wp-json\/wp\/v2\/media\/50980"}],"wp:attachment":[{"href":"https:\/\/2024.fim-6days.com\/es\/wp-json\/wp\/v2\/media?parent=51022"}],"wp:term":[{"taxonomy":"category","embeddable":true,"href":"https:\/\/2024.fim-6days.com\/es\/wp-json\/wp\/v2\/categories?post=51022"},{"taxonomy":"post_tag","embeddable":true,"href":"https:\/\/2024.fim-6days.com\/es\/wp-json\/wp\/v2\/tags?post=51022"}],"curies":[{"name":"wp","href":"https:\/\/api.w.org\/{rel}","templated":true}]}}