{"id":50922,"date":"2024-10-18T10:58:14","date_gmt":"2024-10-18T08:58:14","guid":{"rendered":"https:\/\/2024.fim-6days.com\/fim-ride-green-ensuring-flora-and-fauna-protection-during-the-noco-fim-6days\/"},"modified":"2024-10-18T10:59:22","modified_gmt":"2024-10-18T08:59:22","slug":"fim-ride-green-garantizar-la-proteccion-de-la-flora-y-la-fauna-durante-los-noco-fim-6days","status":"publish","type":"post","link":"https:\/\/2024.fim-6days.com\/es\/fim-ride-green-garantizar-la-proteccion-de-la-flora-y-la-fauna-durante-los-noco-fim-6days\/","title":{"rendered":"FIM Ride Green: Garantizar la protecci\u00f3n de la flora y la fauna durante los NOCO FIM 6DAYS"},"content":{"rendered":"<p><div class=\"fusion-fullwidth fullwidth-box fusion-builder-row-1 fusion-flex-container nonhundred-percent-fullwidth non-hundred-percent-height-scrolling\" style=\"--awb-border-radius-top-left:0px;--awb-border-radius-top-right:0px;--awb-border-radius-bottom-right:0px;--awb-border-radius-bottom-left:0px;--awb-padding-top:0px;--awb-padding-bottom:0px;--awb-flex-wrap:wrap;\" ><div class=\"fusion-builder-row fusion-row fusion-flex-align-items-flex-start fusion-flex-content-wrap\" style=\"max-width:1248px;margin-left: calc(-4% \/ 2 );margin-right: calc(-4% \/ 2 );\"><div class=\"fusion-layout-column fusion_builder_column fusion-builder-column-0 fusion_builder_column_1_1 1_1 fusion-flex-column\" style=\"--awb-padding-top:0px;--awb-padding-bottom:0px;--awb-bg-size:cover;--awb-width-large:100%;--awb-margin-top-large:0px;--awb-spacing-right-large:1.92%;--awb-margin-bottom-large:0px;--awb-spacing-left-large:1.92%;--awb-width-medium:100%;--awb-order-medium:0;--awb-spacing-right-medium:1.92%;--awb-spacing-left-medium:1.92%;--awb-width-small:100%;--awb-order-small:0;--awb-spacing-right-small:1.92%;--awb-spacing-left-small:1.92%;\"><div class=\"fusion-column-wrapper fusion-column-has-shadow fusion-flex-justify-content-flex-start fusion-content-layout-column\"><div class=\"fusion-text fusion-text-1\" style=\"--awb-text-transform:none;\"><p>Para que los NOCO FIM 6DAYS\u00ae se desarrollen con \u00e9xito, la FIM Ride Green ha puesto en marcha una serie de pol\u00edticas para minimizar el impacto medioambiental y la huella de carbono del evento en Galicia, Espa\u00f1a.<\/p>\n<p>En todo el paddock y en el NOCO Parc Ferm\u00e9 de Silleda, es f\u00e1cil ver el programa FIM Ride Green en acci\u00f3n.<\/p>\n<p>Los quinientos cincuenta pilotos que compiten se someten primero a una estricta inspecci\u00f3n t\u00e9cnica de la moto.<\/p>\n<p>Los especialistas en medici\u00f3n del sonido de las motos de la FIM realizan inspecciones t\u00e9cnicas en todas las motocicletas de los participantes, incluidas mediciones de decibelios, utilizando equipos y m\u00e9todos de medici\u00f3n avanzados. El objetivo es minimizar el nivel sonoro para la fauna y las comunidades que viven en Galicia.<\/p>\n<p>Asimismo, todos los competidores deber\u00e1n utilizar una alfombra protectora bajo su moto para evitar, en la medida de lo posible, cualquier contaminaci\u00f3n del suelo durante las tareas de mantenimiento y repostaje de cada d\u00eda.<\/p>\n<p>En todo el paddock, las zonas designadas para la eliminaci\u00f3n de residuos est\u00e1n claramente se\u00f1alizadas para los residuos de aceite, neum\u00e1ticos, alimentos y basura, que posteriormente se separan y se eliminan cuidadosamente.<\/p>\n<p>Sin embargo, proteger la biodiversidad de una regi\u00f3n como Galicia es de suma importancia para los NOCO FIM 6DAYS\u00ae.<\/p>\n<p>Para ello, se llev\u00f3 a cabo una Evaluaci\u00f3n de Impacto Ambiental (EIA) realizada por un bi\u00f3logo colegiado nacional inscrito en el Registro Nacional de Bi\u00f3logos de Galicia. Se identificaron todos los posibles impactos a corto, medio y largo plazo, y a continuaci\u00f3n se planific\u00f3 el evento adecuadamente.<\/p>\n<p>Se han tomado medidas especiales para garantizar un paso seguro por zonas de la Red Natura 2000 en Galicia, mientras que, tras el evento, la organizaci\u00f3n se compromete a restaurar el terreno alterado.<\/p>\n<p>Todas las emisiones inevitables (Alcance 1), calculadas por la calculadora de C02 y otras herramientas, se compensar\u00e1n con la plantaci\u00f3n de especies aut\u00f3ctonas en el momento adecuado.<\/p>\n<p>Con el evento de este a\u00f1o, que marca la nonag\u00e9sima octava edici\u00f3n de los Seis D\u00edas Internacionales de Enduro (ISDE) FIM, estas medidas proactivas del programa FIM Ride Green son cruciales para preservar el futuro del evento off-road m\u00e1s longevo del calendario de la FIM.<\/p>\n<\/div><div class=\"fusion-separator fusion-full-width-sep\" style=\"align-self: center;margin-left: auto;margin-right: auto;width:100%;\"><div class=\"fusion-separator-border sep-single\" style=\"--awb-height:20px;--awb-amount:20px;border-color:#dddbdb;border-top-width:1px;\"><\/div><\/div><div class=\"fusion-video fusion-youtube\" style=\"--awb-max-width:600px;--awb-max-height:360px;\"><div class=\"video-shortcode\"><div class=\"fluid-width-video-wrapper\" style=\"padding-top:60%;\" ><iframe title=\"YouTube video player 1\" src=\"https:\/\/www.youtube.com\/embed\/UQFfJCxrUOk?wmode=transparent&autoplay=0&oida=1\" width=\"600\" height=\"360\" allowfullscreen allow=\"autoplay; clipboard-write; encrypted-media; gyroscope; picture-in-picture;\"><\/iframe><\/div><\/div><\/div><\/div><\/div><\/div><\/div><div class=\"fusion-fullwidth fullwidth-box fusion-builder-row-2 fusion-flex-container has-pattern-background has-mask-background nonhundred-percent-fullwidth non-hundred-percent-height-scrolling\" style=\"--awb-border-radius-top-left:0px;--awb-border-radius-top-right:0px;--awb-border-radius-bottom-right:0px;--awb-border-radius-bottom-left:0px;--awb-flex-wrap:wrap;\" ><div class=\"fusion-builder-row fusion-row fusion-flex-align-items-flex-start fusion-flex-content-wrap\" style=\"max-width:1248px;margin-left: calc(-4% \/ 2 );margin-right: calc(-4% \/ 2 );\"><div class=\"fusion-layout-column fusion_builder_column fusion-builder-column-1 fusion_builder_column_1_1 1_1 fusion-flex-column\" style=\"--awb-bg-size:cover;--awb-width-large:100%;--awb-margin-top-large:0px;--awb-spacing-right-large:1.92%;--awb-margin-bottom-large:20px;--awb-spacing-left-large:1.92%;--awb-width-medium:100%;--awb-order-medium:0;--awb-spacing-right-medium:1.92%;--awb-spacing-left-medium:1.92%;--awb-width-small:100%;--awb-order-small:0;--awb-spacing-right-small:1.92%;--awb-spacing-left-small:1.92%;\"><div class=\"fusion-column-wrapper fusion-column-has-shadow fusion-flex-justify-content-flex-start fusion-content-layout-column\"><div class=\"fusion-separator fusion-full-width-sep\" style=\"align-self: center;margin-left: auto;margin-right: auto;margin-bottom:20px;width:100%;\"><\/div>\n<\/div><\/div><\/div><\/div><\/p>\n","protected":false},"excerpt":{"rendered":"","protected":false},"author":14,"featured_media":50918,"comment_status":"closed","ping_status":"closed","sticky":false,"template":"","format":"standard","meta":{"inline_featured_image":false,"footnotes":""},"categories":[155,108],"tags":[],"class_list":["post-50922","post","type-post","status-publish","format-standard","has-post-thumbnail","hentry","category-before-isde2024-es","category-news-es"],"yoast_head":"<!-- This site is optimized with the Yoast SEO plugin v25.6 - https:\/\/yoast.com\/wordpress\/plugins\/seo\/ -->\n<title>FIM Ride Green: Garantizar la protecci\u00f3n de la flora y la fauna durante los NOCO FIM 6DAYS - 2024 spain<\/title>\n<meta name=\"description\" content=\"With global focus set to be centred on Silleda in the Galicia region of north-west Spain later in the year, where the 2024 FIM International Six Days of Enduro (ISDE) will take place from 14-19 October, SCOTT Sports \u2013 as the official and exclusive event sponsor for goggles and eyewear \u2013 is delighted today to launch its special edition SCOTT 6DAYS\u00ae Spain Prospect goggle, which is available now.\" \/>\n<meta name=\"robots\" content=\"index, follow, max-snippet:-1, max-image-preview:large, max-video-preview:-1\" \/>\n<link rel=\"canonical\" href=\"https:\/\/2024.fim-6days.com\/es\/fim-ride-green-garantizar-la-proteccion-de-la-flora-y-la-fauna-durante-los-noco-fim-6days\/\" \/>\n<meta property=\"og:locale\" content=\"es_ES\" \/>\n<meta property=\"og:type\" content=\"article\" \/>\n<meta property=\"og:title\" content=\"FIM Ride Green: Garantizar la protecci\u00f3n de la flora y la fauna durante los NOCO FIM 6DAYS - 2024 spain\" \/>\n<meta property=\"og:description\" content=\"With global focus set to be centred on Silleda in the Galicia region of north-west Spain later in the year, where the 2024 FIM International Six Days of Enduro (ISDE) will take place from 14-19 October, SCOTT Sports \u2013 as the official and exclusive event sponsor for goggles and eyewear \u2013 is delighted today to launch its special edition SCOTT 6DAYS\u00ae Spain Prospect goggle, which is available now.\" \/>\n<meta property=\"og:url\" content=\"https:\/\/2024.fim-6days.com\/es\/fim-ride-green-garantizar-la-proteccion-de-la-flora-y-la-fauna-durante-los-noco-fim-6days\/\" \/>\n<meta property=\"og:site_name\" content=\"2024 spain\" \/>\n<meta property=\"article:publisher\" content=\"https:\/\/www.facebook.com\/FIMISDE\/\" \/>\n<meta property=\"article:published_time\" content=\"2024-10-18T08:58:14+00:00\" \/>\n<meta property=\"article:modified_time\" content=\"2024-10-18T08:59:22+00:00\" \/>\n<meta property=\"og:image\" content=\"https:\/\/2024.fim-6days.com\/wp-content\/uploads\/sites\/9\/2024\/10\/ISDE-2024-Spain_05146.jpg\" \/>\n\t<meta property=\"og:image:width\" content=\"1200\" \/>\n\t<meta property=\"og:image:height\" content=\"800\" \/>\n\t<meta property=\"og:image:type\" content=\"image\/jpeg\" \/>\n<meta name=\"author\" content=\"isalen\" \/>\n<meta name=\"twitter:card\" content=\"summary_large_image\" \/>\n<meta name=\"twitter:creator\" content=\"@fimisde\" \/>\n<meta name=\"twitter:site\" content=\"@fimisde\" \/>\n<meta name=\"twitter:label1\" content=\"Escrito por\" \/>\n\t<meta name=\"twitter:data1\" content=\"isalen\" \/>\n\t<meta name=\"twitter:label2\" content=\"Tiempo de lectura\" \/>\n\t<meta name=\"twitter:data2\" content=\"4 minutos\" \/>\n<script type=\"application\/ld+json\" class=\"yoast-schema-graph\">{\"@context\":\"https:\/\/schema.org\",\"@graph\":[{\"@type\":\"Article\",\"@id\":\"https:\/\/2024.fim-6days.com\/es\/fim-ride-green-garantizar-la-proteccion-de-la-flora-y-la-fauna-durante-los-noco-fim-6days\/#article\",\"isPartOf\":{\"@id\":\"https:\/\/2024.fim-6days.com\/es\/fim-ride-green-garantizar-la-proteccion-de-la-flora-y-la-fauna-durante-los-noco-fim-6days\/\"},\"author\":{\"name\":\"isalen\",\"@id\":\"https:\/\/2024.fim-6days.com\/#\/schema\/person\/fc80183700e96a22afb3f220ae03b32a\"},\"headline\":\"FIM Ride Green: Garantizar la protecci\u00f3n de la flora y la fauna durante los NOCO FIM 6DAYS\",\"datePublished\":\"2024-10-18T08:58:14+00:00\",\"dateModified\":\"2024-10-18T08:59:22+00:00\",\"mainEntityOfPage\":{\"@id\":\"https:\/\/2024.fim-6days.com\/es\/fim-ride-green-garantizar-la-proteccion-de-la-flora-y-la-fauna-durante-los-noco-fim-6days\/\"},\"wordCount\":1863,\"publisher\":{\"@id\":\"https:\/\/2024.fim-6days.com\/#organization\"},\"image\":{\"@id\":\"https:\/\/2024.fim-6days.com\/es\/fim-ride-green-garantizar-la-proteccion-de-la-flora-y-la-fauna-durante-los-noco-fim-6days\/#primaryimage\"},\"thumbnailUrl\":\"https:\/\/2024.fim-6days.com\/wp-content\/uploads\/sites\/9\/2024\/10\/ISDE-2024-Spain_05146.jpg\",\"articleSection\":[\"Before ISDE2024\",\"Noticias\"],\"inLanguage\":\"es\"},{\"@type\":\"WebPage\",\"@id\":\"https:\/\/2024.fim-6days.com\/es\/fim-ride-green-garantizar-la-proteccion-de-la-flora-y-la-fauna-durante-los-noco-fim-6days\/\",\"url\":\"https:\/\/2024.fim-6days.com\/es\/fim-ride-green-garantizar-la-proteccion-de-la-flora-y-la-fauna-durante-los-noco-fim-6days\/\",\"name\":\"FIM Ride Green: Garantizar la protecci\u00f3n de la flora y la fauna durante los NOCO FIM 6DAYS - 2024 spain\",\"isPartOf\":{\"@id\":\"https:\/\/2024.fim-6days.com\/#website\"},\"primaryImageOfPage\":{\"@id\":\"https:\/\/2024.fim-6days.com\/es\/fim-ride-green-garantizar-la-proteccion-de-la-flora-y-la-fauna-durante-los-noco-fim-6days\/#primaryimage\"},\"image\":{\"@id\":\"https:\/\/2024.fim-6days.com\/es\/fim-ride-green-garantizar-la-proteccion-de-la-flora-y-la-fauna-durante-los-noco-fim-6days\/#primaryimage\"},\"thumbnailUrl\":\"https:\/\/2024.fim-6days.com\/wp-content\/uploads\/sites\/9\/2024\/10\/ISDE-2024-Spain_05146.jpg\",\"datePublished\":\"2024-10-18T08:58:14+00:00\",\"dateModified\":\"2024-10-18T08:59:22+00:00\",\"description\":\"With global focus set to be centred on Silleda in the Galicia region of north-west Spain later in the year, where the 2024 FIM International Six Days of Enduro (ISDE) will take place from 14-19 October, SCOTT Sports \u2013 as the official and exclusive event sponsor for goggles and eyewear \u2013 is delighted today to launch its special edition SCOTT 6DAYS\u00ae Spain Prospect goggle, which is available now.\",\"breadcrumb\":{\"@id\":\"https:\/\/2024.fim-6days.com\/es\/fim-ride-green-garantizar-la-proteccion-de-la-flora-y-la-fauna-durante-los-noco-fim-6days\/#breadcrumb\"},\"inLanguage\":\"es\",\"potentialAction\":[{\"@type\":\"ReadAction\",\"target\":[\"https:\/\/2024.fim-6days.com\/es\/fim-ride-green-garantizar-la-proteccion-de-la-flora-y-la-fauna-durante-los-noco-fim-6days\/\"]}]},{\"@type\":\"ImageObject\",\"inLanguage\":\"es\",\"@id\":\"https:\/\/2024.fim-6days.com\/es\/fim-ride-green-garantizar-la-proteccion-de-la-flora-y-la-fauna-durante-los-noco-fim-6days\/#primaryimage\",\"url\":\"https:\/\/2024.fim-6days.com\/wp-content\/uploads\/sites\/9\/2024\/10\/ISDE-2024-Spain_05146.jpg\",\"contentUrl\":\"https:\/\/2024.fim-6days.com\/wp-content\/uploads\/sites\/9\/2024\/10\/ISDE-2024-Spain_05146.jpg\",\"width\":1200,\"height\":800},{\"@type\":\"BreadcrumbList\",\"@id\":\"https:\/\/2024.fim-6days.com\/es\/fim-ride-green-garantizar-la-proteccion-de-la-flora-y-la-fauna-durante-los-noco-fim-6days\/#breadcrumb\",\"itemListElement\":[{\"@type\":\"ListItem\",\"position\":1,\"name\":\"Home\",\"item\":\"https:\/\/2024.fim-6days.com\/es\/\"},{\"@type\":\"ListItem\",\"position\":2,\"name\":\"FIM Ride Green: Garantizar la protecci\u00f3n de la flora y la fauna durante los NOCO FIM 6DAYS\"}]},{\"@type\":\"WebSite\",\"@id\":\"https:\/\/2024.fim-6days.com\/#website\",\"url\":\"https:\/\/2024.fim-6days.com\/\",\"name\":\"FIM ISDE 2021\",\"description\":\"FIM ISDE Official website\",\"publisher\":{\"@id\":\"https:\/\/2024.fim-6days.com\/#organization\"},\"potentialAction\":[{\"@type\":\"SearchAction\",\"target\":{\"@type\":\"EntryPoint\",\"urlTemplate\":\"https:\/\/2024.fim-6days.com\/?s={search_term_string}\"},\"query-input\":{\"@type\":\"PropertyValueSpecification\",\"valueRequired\":true,\"valueName\":\"search_term_string\"}}],\"inLanguage\":\"es\"},{\"@type\":\"Organization\",\"@id\":\"https:\/\/2024.fim-6days.com\/#organization\",\"name\":\"FIM - F\u00e9d\u00e9ration Internationale de Motocyclisme\",\"url\":\"https:\/\/2024.fim-6days.com\/\",\"logo\":{\"@type\":\"ImageObject\",\"inLanguage\":\"es\",\"@id\":\"https:\/\/2024.fim-6days.com\/#\/schema\/logo\/image\/\",\"url\":\"https:\/\/2024.fim-6days.com\/wp-content\/uploads\/sites\/9\/2019\/07\/LogoFIM-CMYK.png\",\"contentUrl\":\"https:\/\/2024.fim-6days.com\/wp-content\/uploads\/sites\/9\/2019\/07\/LogoFIM-CMYK.png\",\"width\":2608,\"height\":1833,\"caption\":\"FIM - F\u00e9d\u00e9ration Internationale de Motocyclisme\"},\"image\":{\"@id\":\"https:\/\/2024.fim-6days.com\/#\/schema\/logo\/image\/\"},\"sameAs\":[\"https:\/\/www.facebook.com\/FIMISDE\/\",\"https:\/\/x.com\/fimisde\",\"https:\/\/www.instagram.com\/fim_isde\/\"]},{\"@type\":\"Person\",\"@id\":\"https:\/\/2024.fim-6days.com\/#\/schema\/person\/fc80183700e96a22afb3f220ae03b32a\",\"name\":\"isalen\",\"image\":{\"@type\":\"ImageObject\",\"inLanguage\":\"es\",\"@id\":\"https:\/\/2024.fim-6days.com\/#\/schema\/person\/image\/\",\"url\":\"https:\/\/secure.gravatar.com\/avatar\/b498bfa446460353cfcc6e023d9c28e3e84ef3798b7f90c38b5d03254eed1837?s=96&d=mm&r=g\",\"contentUrl\":\"https:\/\/secure.gravatar.com\/avatar\/b498bfa446460353cfcc6e023d9c28e3e84ef3798b7f90c38b5d03254eed1837?s=96&d=mm&r=g\",\"caption\":\"isalen\"},\"url\":\"https:\/\/2024.fim-6days.com\/es\/author\/isalen\/\"}]}<\/script>\n<!-- \/ Yoast SEO plugin. -->","yoast_head_json":{"title":"FIM Ride Green: Garantizar la protecci\u00f3n de la flora y la fauna durante los NOCO FIM 6DAYS - 2024 spain","description":"With global focus set to be centred on Silleda in the Galicia region of north-west Spain later in the year, where the 2024 FIM International Six Days of Enduro (ISDE) will take place from 14-19 October, SCOTT Sports \u2013 as the official and exclusive event sponsor for goggles and eyewear \u2013 is delighted today to launch its special edition SCOTT 6DAYS\u00ae Spain Prospect goggle, which is available now.","robots":{"index":"index","follow":"follow","max-snippet":"max-snippet:-1","max-image-preview":"max-image-preview:large","max-video-preview":"max-video-preview:-1"},"canonical":"https:\/\/2024.fim-6days.com\/es\/fim-ride-green-garantizar-la-proteccion-de-la-flora-y-la-fauna-durante-los-noco-fim-6days\/","og_locale":"es_ES","og_type":"article","og_title":"FIM Ride Green: Garantizar la protecci\u00f3n de la flora y la fauna durante los NOCO FIM 6DAYS - 2024 spain","og_description":"With global focus set to be centred on Silleda in the Galicia region of north-west Spain later in the year, where the 2024 FIM International Six Days of Enduro (ISDE) will take place from 14-19 October, SCOTT Sports \u2013 as the official and exclusive event sponsor for goggles and eyewear \u2013 is delighted today to launch its special edition SCOTT 6DAYS\u00ae Spain Prospect goggle, which is available now.","og_url":"https:\/\/2024.fim-6days.com\/es\/fim-ride-green-garantizar-la-proteccion-de-la-flora-y-la-fauna-durante-los-noco-fim-6days\/","og_site_name":"2024 spain","article_publisher":"https:\/\/www.facebook.com\/FIMISDE\/","article_published_time":"2024-10-18T08:58:14+00:00","article_modified_time":"2024-10-18T08:59:22+00:00","og_image":[{"width":1200,"height":800,"url":"https:\/\/2024.fim-6days.com\/wp-content\/uploads\/sites\/9\/2024\/10\/ISDE-2024-Spain_05146.jpg","type":"image\/jpeg"}],"author":"isalen","twitter_card":"summary_large_image","twitter_creator":"@fimisde","twitter_site":"@fimisde","twitter_misc":{"Escrito por":"isalen","Tiempo de lectura":"4 minutos"},"schema":{"@context":"https:\/\/schema.org","@graph":[{"@type":"Article","@id":"https:\/\/2024.fim-6days.com\/es\/fim-ride-green-garantizar-la-proteccion-de-la-flora-y-la-fauna-durante-los-noco-fim-6days\/#article","isPartOf":{"@id":"https:\/\/2024.fim-6days.com\/es\/fim-ride-green-garantizar-la-proteccion-de-la-flora-y-la-fauna-durante-los-noco-fim-6days\/"},"author":{"name":"isalen","@id":"https:\/\/2024.fim-6days.com\/#\/schema\/person\/fc80183700e96a22afb3f220ae03b32a"},"headline":"FIM Ride Green: Garantizar la protecci\u00f3n de la flora y la fauna durante los NOCO FIM 6DAYS","datePublished":"2024-10-18T08:58:14+00:00","dateModified":"2024-10-18T08:59:22+00:00","mainEntityOfPage":{"@id":"https:\/\/2024.fim-6days.com\/es\/fim-ride-green-garantizar-la-proteccion-de-la-flora-y-la-fauna-durante-los-noco-fim-6days\/"},"wordCount":1863,"publisher":{"@id":"https:\/\/2024.fim-6days.com\/#organization"},"image":{"@id":"https:\/\/2024.fim-6days.com\/es\/fim-ride-green-garantizar-la-proteccion-de-la-flora-y-la-fauna-durante-los-noco-fim-6days\/#primaryimage"},"thumbnailUrl":"https:\/\/2024.fim-6days.com\/wp-content\/uploads\/sites\/9\/2024\/10\/ISDE-2024-Spain_05146.jpg","articleSection":["Before ISDE2024","Noticias"],"inLanguage":"es"},{"@type":"WebPage","@id":"https:\/\/2024.fim-6days.com\/es\/fim-ride-green-garantizar-la-proteccion-de-la-flora-y-la-fauna-durante-los-noco-fim-6days\/","url":"https:\/\/2024.fim-6days.com\/es\/fim-ride-green-garantizar-la-proteccion-de-la-flora-y-la-fauna-durante-los-noco-fim-6days\/","name":"FIM Ride Green: Garantizar la protecci\u00f3n de la flora y la fauna durante los NOCO FIM 6DAYS - 2024 spain","isPartOf":{"@id":"https:\/\/2024.fim-6days.com\/#website"},"primaryImageOfPage":{"@id":"https:\/\/2024.fim-6days.com\/es\/fim-ride-green-garantizar-la-proteccion-de-la-flora-y-la-fauna-durante-los-noco-fim-6days\/#primaryimage"},"image":{"@id":"https:\/\/2024.fim-6days.com\/es\/fim-ride-green-garantizar-la-proteccion-de-la-flora-y-la-fauna-durante-los-noco-fim-6days\/#primaryimage"},"thumbnailUrl":"https:\/\/2024.fim-6days.com\/wp-content\/uploads\/sites\/9\/2024\/10\/ISDE-2024-Spain_05146.jpg","datePublished":"2024-10-18T08:58:14+00:00","dateModified":"2024-10-18T08:59:22+00:00","description":"With global focus set to be centred on Silleda in the Galicia region of north-west Spain later in the year, where the 2024 FIM International Six Days of Enduro (ISDE) will take place from 14-19 October, SCOTT Sports \u2013 as the official and exclusive event sponsor for goggles and eyewear \u2013 is delighted today to launch its special edition SCOTT 6DAYS\u00ae Spain Prospect goggle, which is available now.","breadcrumb":{"@id":"https:\/\/2024.fim-6days.com\/es\/fim-ride-green-garantizar-la-proteccion-de-la-flora-y-la-fauna-durante-los-noco-fim-6days\/#breadcrumb"},"inLanguage":"es","potentialAction":[{"@type":"ReadAction","target":["https:\/\/2024.fim-6days.com\/es\/fim-ride-green-garantizar-la-proteccion-de-la-flora-y-la-fauna-durante-los-noco-fim-6days\/"]}]},{"@type":"ImageObject","inLanguage":"es","@id":"https:\/\/2024.fim-6days.com\/es\/fim-ride-green-garantizar-la-proteccion-de-la-flora-y-la-fauna-durante-los-noco-fim-6days\/#primaryimage","url":"https:\/\/2024.fim-6days.com\/wp-content\/uploads\/sites\/9\/2024\/10\/ISDE-2024-Spain_05146.jpg","contentUrl":"https:\/\/2024.fim-6days.com\/wp-content\/uploads\/sites\/9\/2024\/10\/ISDE-2024-Spain_05146.jpg","width":1200,"height":800},{"@type":"BreadcrumbList","@id":"https:\/\/2024.fim-6days.com\/es\/fim-ride-green-garantizar-la-proteccion-de-la-flora-y-la-fauna-durante-los-noco-fim-6days\/#breadcrumb","itemListElement":[{"@type":"ListItem","position":1,"name":"Home","item":"https:\/\/2024.fim-6days.com\/es\/"},{"@type":"ListItem","position":2,"name":"FIM Ride Green: Garantizar la protecci\u00f3n de la flora y la fauna durante los NOCO FIM 6DAYS"}]},{"@type":"WebSite","@id":"https:\/\/2024.fim-6days.com\/#website","url":"https:\/\/2024.fim-6days.com\/","name":"FIM ISDE 2021","description":"FIM ISDE Official website","publisher":{"@id":"https:\/\/2024.fim-6days.com\/#organization"},"potentialAction":[{"@type":"SearchAction","target":{"@type":"EntryPoint","urlTemplate":"https:\/\/2024.fim-6days.com\/?s={search_term_string}"},"query-input":{"@type":"PropertyValueSpecification","valueRequired":true,"valueName":"search_term_string"}}],"inLanguage":"es"},{"@type":"Organization","@id":"https:\/\/2024.fim-6days.com\/#organization","name":"FIM - F\u00e9d\u00e9ration Internationale de Motocyclisme","url":"https:\/\/2024.fim-6days.com\/","logo":{"@type":"ImageObject","inLanguage":"es","@id":"https:\/\/2024.fim-6days.com\/#\/schema\/logo\/image\/","url":"https:\/\/2024.fim-6days.com\/wp-content\/uploads\/sites\/9\/2019\/07\/LogoFIM-CMYK.png","contentUrl":"https:\/\/2024.fim-6days.com\/wp-content\/uploads\/sites\/9\/2019\/07\/LogoFIM-CMYK.png","width":2608,"height":1833,"caption":"FIM - F\u00e9d\u00e9ration Internationale de Motocyclisme"},"image":{"@id":"https:\/\/2024.fim-6days.com\/#\/schema\/logo\/image\/"},"sameAs":["https:\/\/www.facebook.com\/FIMISDE\/","https:\/\/x.com\/fimisde","https:\/\/www.instagram.com\/fim_isde\/"]},{"@type":"Person","@id":"https:\/\/2024.fim-6days.com\/#\/schema\/person\/fc80183700e96a22afb3f220ae03b32a","name":"isalen","image":{"@type":"ImageObject","inLanguage":"es","@id":"https:\/\/2024.fim-6days.com\/#\/schema\/person\/image\/","url":"https:\/\/secure.gravatar.com\/avatar\/b498bfa446460353cfcc6e023d9c28e3e84ef3798b7f90c38b5d03254eed1837?s=96&d=mm&r=g","contentUrl":"https:\/\/secure.gravatar.com\/avatar\/b498bfa446460353cfcc6e023d9c28e3e84ef3798b7f90c38b5d03254eed1837?s=96&d=mm&r=g","caption":"isalen"},"url":"https:\/\/2024.fim-6days.com\/es\/author\/isalen\/"}]}},"_links":{"self":[{"href":"https:\/\/2024.fim-6days.com\/es\/wp-json\/wp\/v2\/posts\/50922","targetHints":{"allow":["GET"]}}],"collection":[{"href":"https:\/\/2024.fim-6days.com\/es\/wp-json\/wp\/v2\/posts"}],"about":[{"href":"https:\/\/2024.fim-6days.com\/es\/wp-json\/wp\/v2\/types\/post"}],"author":[{"embeddable":true,"href":"https:\/\/2024.fim-6days.com\/es\/wp-json\/wp\/v2\/users\/14"}],"replies":[{"embeddable":true,"href":"https:\/\/2024.fim-6days.com\/es\/wp-json\/wp\/v2\/comments?post=50922"}],"version-history":[{"count":2,"href":"https:\/\/2024.fim-6days.com\/es\/wp-json\/wp\/v2\/posts\/50922\/revisions"}],"predecessor-version":[{"id":50924,"href":"https:\/\/2024.fim-6days.com\/es\/wp-json\/wp\/v2\/posts\/50922\/revisions\/50924"}],"wp:featuredmedia":[{"embeddable":true,"href":"https:\/\/2024.fim-6days.com\/es\/wp-json\/wp\/v2\/media\/50918"}],"wp:attachment":[{"href":"https:\/\/2024.fim-6days.com\/es\/wp-json\/wp\/v2\/media?parent=50922"}],"wp:term":[{"taxonomy":"category","embeddable":true,"href":"https:\/\/2024.fim-6days.com\/es\/wp-json\/wp\/v2\/categories?post=50922"},{"taxonomy":"post_tag","embeddable":true,"href":"https:\/\/2024.fim-6days.com\/es\/wp-json\/wp\/v2\/tags?post=50922"}],"curies":[{"name":"wp","href":"https:\/\/api.w.org\/{rel}","templated":true}]}}