{"id":50915,"date":"2024-10-18T09:05:38","date_gmt":"2024-10-18T07:05:38","guid":{"rendered":"https:\/\/2024.fim-6days.com\/owen-mckill-racing-for-canada-in-the-noco-fim-6days\/"},"modified":"2024-10-18T09:06:13","modified_gmt":"2024-10-18T07:06:13","slug":"owen-mckill-compitiendo-con-canada-en-los-noco-fim-6days","status":"publish","type":"post","link":"https:\/\/2024.fim-6days.com\/es\/owen-mckill-compitiendo-con-canada-en-los-noco-fim-6days\/","title":{"rendered":"Owen McKill: Compitiendo con Canad\u00e1 en los NOCO FIM 6DAYS\u00ae"},"content":{"rendered":"<p><div class=\"fusion-fullwidth fullwidth-box fusion-builder-row-1 fusion-flex-container nonhundred-percent-fullwidth non-hundred-percent-height-scrolling\" style=\"--awb-border-radius-top-left:0px;--awb-border-radius-top-right:0px;--awb-border-radius-bottom-right:0px;--awb-border-radius-bottom-left:0px;--awb-padding-top:0px;--awb-padding-bottom:0px;--awb-flex-wrap:wrap;\" ><div class=\"fusion-builder-row fusion-row fusion-flex-align-items-flex-start fusion-flex-content-wrap\" style=\"max-width:1248px;margin-left: calc(-4% \/ 2 );margin-right: calc(-4% \/ 2 );\"><div class=\"fusion-layout-column fusion_builder_column fusion-builder-column-0 fusion_builder_column_1_1 1_1 fusion-flex-column\" style=\"--awb-padding-top:0px;--awb-padding-bottom:0px;--awb-bg-size:cover;--awb-width-large:100%;--awb-margin-top-large:0px;--awb-spacing-right-large:1.92%;--awb-margin-bottom-large:0px;--awb-spacing-left-large:1.92%;--awb-width-medium:100%;--awb-order-medium:0;--awb-spacing-right-medium:1.92%;--awb-spacing-left-medium:1.92%;--awb-width-small:100%;--awb-order-small:0;--awb-spacing-right-small:1.92%;--awb-spacing-left-small:1.92%;\"><div class=\"fusion-column-wrapper fusion-column-has-shadow fusion-flex-justify-content-flex-start fusion-content-layout-column\"><div class=\"fusion-text fusion-text-1\" style=\"--awb-text-transform:none;\"><p>Los NOCO FIM 6DAYS\u00ae han reunido a trece equipos del Junior World Trophy en Galicia, Espa\u00f1a, para competir. Esta categor\u00eda, que agrupa a los mejores pilotos de enduro del mundo menores de veintitr\u00e9s a\u00f1os, es considerada una de las m\u00e1s competitivas en los FIM International Six Days of Enduro (ISDE).<\/p>\n<p>Ahora en su cuarta participaci\u00f3n en los NOCO FIM 6DAYS\u00ae representando a Canad\u00e1, Owen McKill (GASGAS), de veinti\u00fan a\u00f1os, est\u00e1 esforz\u00e1ndose al m\u00e1ximo en Espa\u00f1a para codearse con los mejores del mundo.<\/p>\n<p>\u201cEsta es mi cuarta vez compitiendo por Canad\u00e1 en los 6DAYS\u00ae\u201d, coment\u00f3 McKill tras colocar su GASGAS en el NOCO Parc Ferm\u00e9 al final del tercer d\u00eda.<\/p>\n<p>\u201cHe tenido la suerte de competir dos veces en Europa, y el a\u00f1o pasado en Argentina, antes de ser seleccionado para correr aqu\u00ed en Espa\u00f1a. Siempre es una experiencia incre\u00edble estar en los Seis D\u00edas.\u201d<\/p>\n<p>Mientras que la mayor\u00eda de los pa\u00edses europeos presentes est\u00e1n acostumbrados al formato de los NOCO FIM 6DAYS\u00ae, con pruebas especiales cronometradas y d\u00edas que se alargan hasta las ocho horas de moto, otros pa\u00edses necesitan adaptarse.<\/p>\n<p>En Canad\u00e1, donde las carreras de cross-country son la disciplina predominante en el off-road, nunca es f\u00e1cil sumergirse directamente en el exigente mundo del enduro para los NOCO FIM 6DAYS\u00ae.<\/p>\n<p>\u201cMe estoy sintiendo cada vez m\u00e1s c\u00f3modo con las especiales. Con tres 6DAYS\u00ae a mis espaldas, me adapto m\u00e1s r\u00e1pido, pero siempre se necesita algo de tiempo para acostumbrarse.<\/p>\n<p>\u201cEs una lecci\u00f3n de humildad competir contra los mejores del mundo en una carrera como esta. Realmente ves el nivel del enduro. A\u00fan tengo que trabajar en mi velocidad, pero poco a poco voy mejorando.\u201d<\/p>\n<\/div><\/div><\/div><\/div><\/div><div class=\"fusion-fullwidth fullwidth-box fusion-builder-row-2 fusion-flex-container has-pattern-background has-mask-background nonhundred-percent-fullwidth non-hundred-percent-height-scrolling\" style=\"--awb-border-radius-top-left:0px;--awb-border-radius-top-right:0px;--awb-border-radius-bottom-right:0px;--awb-border-radius-bottom-left:0px;--awb-flex-wrap:wrap;\" ><div class=\"fusion-builder-row fusion-row fusion-flex-align-items-flex-start fusion-flex-content-wrap\" style=\"max-width:1248px;margin-left: calc(-4% \/ 2 );margin-right: calc(-4% \/ 2 );\"><div class=\"fusion-layout-column fusion_builder_column fusion-builder-column-1 fusion_builder_column_1_1 1_1 fusion-flex-column\" style=\"--awb-bg-size:cover;--awb-width-large:100%;--awb-margin-top-large:0px;--awb-spacing-right-large:1.92%;--awb-margin-bottom-large:20px;--awb-spacing-left-large:1.92%;--awb-width-medium:100%;--awb-order-medium:0;--awb-spacing-right-medium:1.92%;--awb-spacing-left-medium:1.92%;--awb-width-small:100%;--awb-order-small:0;--awb-spacing-right-small:1.92%;--awb-spacing-left-small:1.92%;\"><div class=\"fusion-column-wrapper fusion-column-has-shadow fusion-flex-justify-content-flex-start fusion-content-layout-column\"><div class=\"fusion-separator fusion-full-width-sep\" style=\"align-self: center;margin-left: auto;margin-right: auto;margin-bottom:20px;width:100%;\"><\/div>\n<\/div><\/div><\/div><\/div><\/p>\n","protected":false},"excerpt":{"rendered":"","protected":false},"author":14,"featured_media":50867,"comment_status":"open","ping_status":"open","sticky":false,"template":"","format":"standard","meta":{"inline_featured_image":false,"footnotes":""},"categories":[155,108],"tags":[],"class_list":["post-50915","post","type-post","status-publish","format-standard","has-post-thumbnail","hentry","category-before-isde2024-es","category-news-es"],"yoast_head":"<!-- This site is optimized with the Yoast SEO plugin v25.6 - https:\/\/yoast.com\/wordpress\/plugins\/seo\/ -->\n<title>Owen McKill: Compitiendo con Canad\u00e1 en los NOCO FIM 6DAYS\u00ae - 2024 spain<\/title>\n<meta name=\"description\" content=\"With global focus set to be centred on Silleda in the Galicia region of north-west Spain later in the year, where the 2024 FIM International Six Days of Enduro (ISDE) will take place from 14-19 October, SCOTT Sports \u2013 as the official and exclusive event sponsor for goggles and eyewear \u2013 is delighted today to launch its special edition SCOTT 6DAYS\u00ae Spain Prospect goggle, which is available now.\" \/>\n<meta name=\"robots\" content=\"index, follow, max-snippet:-1, max-image-preview:large, max-video-preview:-1\" \/>\n<link rel=\"canonical\" href=\"https:\/\/2024.fim-6days.com\/es\/owen-mckill-compitiendo-con-canada-en-los-noco-fim-6days\/\" \/>\n<meta property=\"og:locale\" content=\"es_ES\" \/>\n<meta property=\"og:type\" content=\"article\" \/>\n<meta property=\"og:title\" content=\"Owen McKill: Compitiendo con Canad\u00e1 en los NOCO FIM 6DAYS\u00ae - 2024 spain\" \/>\n<meta property=\"og:description\" content=\"With global focus set to be centred on Silleda in the Galicia region of north-west Spain later in the year, where the 2024 FIM International Six Days of Enduro (ISDE) will take place from 14-19 October, SCOTT Sports \u2013 as the official and exclusive event sponsor for goggles and eyewear \u2013 is delighted today to launch its special edition SCOTT 6DAYS\u00ae Spain Prospect goggle, which is available now.\" \/>\n<meta property=\"og:url\" content=\"https:\/\/2024.fim-6days.com\/es\/owen-mckill-compitiendo-con-canada-en-los-noco-fim-6days\/\" \/>\n<meta property=\"og:site_name\" content=\"2024 spain\" \/>\n<meta property=\"article:publisher\" content=\"https:\/\/www.facebook.com\/FIMISDE\/\" \/>\n<meta property=\"article:published_time\" content=\"2024-10-18T07:05:38+00:00\" \/>\n<meta property=\"article:modified_time\" content=\"2024-10-18T07:06:13+00:00\" \/>\n<meta property=\"og:image\" content=\"https:\/\/2024.fim-6days.com\/wp-content\/uploads\/sites\/9\/2024\/10\/241016_ISDE_Spain_2628.jpeg\" \/>\n\t<meta property=\"og:image:width\" content=\"1280\" \/>\n\t<meta property=\"og:image:height\" content=\"853\" \/>\n\t<meta property=\"og:image:type\" content=\"image\/jpeg\" \/>\n<meta name=\"author\" content=\"isalen\" \/>\n<meta name=\"twitter:card\" content=\"summary_large_image\" \/>\n<meta name=\"twitter:creator\" content=\"@fimisde\" \/>\n<meta name=\"twitter:site\" content=\"@fimisde\" \/>\n<meta name=\"twitter:label1\" content=\"Escrito por\" \/>\n\t<meta name=\"twitter:data1\" content=\"isalen\" \/>\n\t<meta name=\"twitter:label2\" content=\"Tiempo de lectura\" \/>\n\t<meta name=\"twitter:data2\" content=\"4 minutos\" \/>\n<script type=\"application\/ld+json\" class=\"yoast-schema-graph\">{\"@context\":\"https:\/\/schema.org\",\"@graph\":[{\"@type\":\"Article\",\"@id\":\"https:\/\/2024.fim-6days.com\/es\/owen-mckill-compitiendo-con-canada-en-los-noco-fim-6days\/#article\",\"isPartOf\":{\"@id\":\"https:\/\/2024.fim-6days.com\/es\/owen-mckill-compitiendo-con-canada-en-los-noco-fim-6days\/\"},\"author\":{\"name\":\"isalen\",\"@id\":\"https:\/\/2024.fim-6days.com\/#\/schema\/person\/fc80183700e96a22afb3f220ae03b32a\"},\"headline\":\"Owen McKill: Compitiendo con Canad\u00e1 en los NOCO FIM 6DAYS\u00ae\",\"datePublished\":\"2024-10-18T07:05:38+00:00\",\"dateModified\":\"2024-10-18T07:06:13+00:00\",\"mainEntityOfPage\":{\"@id\":\"https:\/\/2024.fim-6days.com\/es\/owen-mckill-compitiendo-con-canada-en-los-noco-fim-6days\/\"},\"wordCount\":1676,\"commentCount\":0,\"publisher\":{\"@id\":\"https:\/\/2024.fim-6days.com\/#organization\"},\"image\":{\"@id\":\"https:\/\/2024.fim-6days.com\/es\/owen-mckill-compitiendo-con-canada-en-los-noco-fim-6days\/#primaryimage\"},\"thumbnailUrl\":\"https:\/\/2024.fim-6days.com\/wp-content\/uploads\/sites\/9\/2024\/10\/241016_ISDE_Spain_2628.jpeg\",\"articleSection\":[\"Before ISDE2024\",\"Noticias\"],\"inLanguage\":\"es\",\"potentialAction\":[{\"@type\":\"CommentAction\",\"name\":\"Comment\",\"target\":[\"https:\/\/2024.fim-6days.com\/es\/owen-mckill-compitiendo-con-canada-en-los-noco-fim-6days\/#respond\"]}]},{\"@type\":\"WebPage\",\"@id\":\"https:\/\/2024.fim-6days.com\/es\/owen-mckill-compitiendo-con-canada-en-los-noco-fim-6days\/\",\"url\":\"https:\/\/2024.fim-6days.com\/es\/owen-mckill-compitiendo-con-canada-en-los-noco-fim-6days\/\",\"name\":\"Owen McKill: Compitiendo con Canad\u00e1 en los NOCO FIM 6DAYS\u00ae - 2024 spain\",\"isPartOf\":{\"@id\":\"https:\/\/2024.fim-6days.com\/#website\"},\"primaryImageOfPage\":{\"@id\":\"https:\/\/2024.fim-6days.com\/es\/owen-mckill-compitiendo-con-canada-en-los-noco-fim-6days\/#primaryimage\"},\"image\":{\"@id\":\"https:\/\/2024.fim-6days.com\/es\/owen-mckill-compitiendo-con-canada-en-los-noco-fim-6days\/#primaryimage\"},\"thumbnailUrl\":\"https:\/\/2024.fim-6days.com\/wp-content\/uploads\/sites\/9\/2024\/10\/241016_ISDE_Spain_2628.jpeg\",\"datePublished\":\"2024-10-18T07:05:38+00:00\",\"dateModified\":\"2024-10-18T07:06:13+00:00\",\"description\":\"With global focus set to be centred on Silleda in the Galicia region of north-west Spain later in the year, where the 2024 FIM International Six Days of Enduro (ISDE) will take place from 14-19 October, SCOTT Sports \u2013 as the official and exclusive event sponsor for goggles and eyewear \u2013 is delighted today to launch its special edition SCOTT 6DAYS\u00ae Spain Prospect goggle, which is available now.\",\"breadcrumb\":{\"@id\":\"https:\/\/2024.fim-6days.com\/es\/owen-mckill-compitiendo-con-canada-en-los-noco-fim-6days\/#breadcrumb\"},\"inLanguage\":\"es\",\"potentialAction\":[{\"@type\":\"ReadAction\",\"target\":[\"https:\/\/2024.fim-6days.com\/es\/owen-mckill-compitiendo-con-canada-en-los-noco-fim-6days\/\"]}]},{\"@type\":\"ImageObject\",\"inLanguage\":\"es\",\"@id\":\"https:\/\/2024.fim-6days.com\/es\/owen-mckill-compitiendo-con-canada-en-los-noco-fim-6days\/#primaryimage\",\"url\":\"https:\/\/2024.fim-6days.com\/wp-content\/uploads\/sites\/9\/2024\/10\/241016_ISDE_Spain_2628.jpeg\",\"contentUrl\":\"https:\/\/2024.fim-6days.com\/wp-content\/uploads\/sites\/9\/2024\/10\/241016_ISDE_Spain_2628.jpeg\",\"width\":1280,\"height\":853},{\"@type\":\"BreadcrumbList\",\"@id\":\"https:\/\/2024.fim-6days.com\/es\/owen-mckill-compitiendo-con-canada-en-los-noco-fim-6days\/#breadcrumb\",\"itemListElement\":[{\"@type\":\"ListItem\",\"position\":1,\"name\":\"Home\",\"item\":\"https:\/\/2024.fim-6days.com\/es\/\"},{\"@type\":\"ListItem\",\"position\":2,\"name\":\"Owen McKill: Compitiendo con Canad\u00e1 en los NOCO FIM 6DAYS\u00ae\"}]},{\"@type\":\"WebSite\",\"@id\":\"https:\/\/2024.fim-6days.com\/#website\",\"url\":\"https:\/\/2024.fim-6days.com\/\",\"name\":\"FIM ISDE 2021\",\"description\":\"FIM ISDE Official website\",\"publisher\":{\"@id\":\"https:\/\/2024.fim-6days.com\/#organization\"},\"potentialAction\":[{\"@type\":\"SearchAction\",\"target\":{\"@type\":\"EntryPoint\",\"urlTemplate\":\"https:\/\/2024.fim-6days.com\/?s={search_term_string}\"},\"query-input\":{\"@type\":\"PropertyValueSpecification\",\"valueRequired\":true,\"valueName\":\"search_term_string\"}}],\"inLanguage\":\"es\"},{\"@type\":\"Organization\",\"@id\":\"https:\/\/2024.fim-6days.com\/#organization\",\"name\":\"FIM - F\u00e9d\u00e9ration Internationale de Motocyclisme\",\"url\":\"https:\/\/2024.fim-6days.com\/\",\"logo\":{\"@type\":\"ImageObject\",\"inLanguage\":\"es\",\"@id\":\"https:\/\/2024.fim-6days.com\/#\/schema\/logo\/image\/\",\"url\":\"https:\/\/2024.fim-6days.com\/wp-content\/uploads\/sites\/9\/2019\/07\/LogoFIM-CMYK.png\",\"contentUrl\":\"https:\/\/2024.fim-6days.com\/wp-content\/uploads\/sites\/9\/2019\/07\/LogoFIM-CMYK.png\",\"width\":2608,\"height\":1833,\"caption\":\"FIM - F\u00e9d\u00e9ration Internationale de Motocyclisme\"},\"image\":{\"@id\":\"https:\/\/2024.fim-6days.com\/#\/schema\/logo\/image\/\"},\"sameAs\":[\"https:\/\/www.facebook.com\/FIMISDE\/\",\"https:\/\/x.com\/fimisde\",\"https:\/\/www.instagram.com\/fim_isde\/\"]},{\"@type\":\"Person\",\"@id\":\"https:\/\/2024.fim-6days.com\/#\/schema\/person\/fc80183700e96a22afb3f220ae03b32a\",\"name\":\"isalen\",\"image\":{\"@type\":\"ImageObject\",\"inLanguage\":\"es\",\"@id\":\"https:\/\/2024.fim-6days.com\/#\/schema\/person\/image\/\",\"url\":\"https:\/\/secure.gravatar.com\/avatar\/b498bfa446460353cfcc6e023d9c28e3e84ef3798b7f90c38b5d03254eed1837?s=96&d=mm&r=g\",\"contentUrl\":\"https:\/\/secure.gravatar.com\/avatar\/b498bfa446460353cfcc6e023d9c28e3e84ef3798b7f90c38b5d03254eed1837?s=96&d=mm&r=g\",\"caption\":\"isalen\"},\"url\":\"https:\/\/2024.fim-6days.com\/es\/author\/isalen\/\"}]}<\/script>\n<!-- \/ Yoast SEO plugin. -->","yoast_head_json":{"title":"Owen McKill: Compitiendo con Canad\u00e1 en los NOCO FIM 6DAYS\u00ae - 2024 spain","description":"With global focus set to be centred on Silleda in the Galicia region of north-west Spain later in the year, where the 2024 FIM International Six Days of Enduro (ISDE) will take place from 14-19 October, SCOTT Sports \u2013 as the official and exclusive event sponsor for goggles and eyewear \u2013 is delighted today to launch its special edition SCOTT 6DAYS\u00ae Spain Prospect goggle, which is available now.","robots":{"index":"index","follow":"follow","max-snippet":"max-snippet:-1","max-image-preview":"max-image-preview:large","max-video-preview":"max-video-preview:-1"},"canonical":"https:\/\/2024.fim-6days.com\/es\/owen-mckill-compitiendo-con-canada-en-los-noco-fim-6days\/","og_locale":"es_ES","og_type":"article","og_title":"Owen McKill: Compitiendo con Canad\u00e1 en los NOCO FIM 6DAYS\u00ae - 2024 spain","og_description":"With global focus set to be centred on Silleda in the Galicia region of north-west Spain later in the year, where the 2024 FIM International Six Days of Enduro (ISDE) will take place from 14-19 October, SCOTT Sports \u2013 as the official and exclusive event sponsor for goggles and eyewear \u2013 is delighted today to launch its special edition SCOTT 6DAYS\u00ae Spain Prospect goggle, which is available now.","og_url":"https:\/\/2024.fim-6days.com\/es\/owen-mckill-compitiendo-con-canada-en-los-noco-fim-6days\/","og_site_name":"2024 spain","article_publisher":"https:\/\/www.facebook.com\/FIMISDE\/","article_published_time":"2024-10-18T07:05:38+00:00","article_modified_time":"2024-10-18T07:06:13+00:00","og_image":[{"width":1280,"height":853,"url":"https:\/\/2024.fim-6days.com\/wp-content\/uploads\/sites\/9\/2024\/10\/241016_ISDE_Spain_2628.jpeg","type":"image\/jpeg"}],"author":"isalen","twitter_card":"summary_large_image","twitter_creator":"@fimisde","twitter_site":"@fimisde","twitter_misc":{"Escrito por":"isalen","Tiempo de lectura":"4 minutos"},"schema":{"@context":"https:\/\/schema.org","@graph":[{"@type":"Article","@id":"https:\/\/2024.fim-6days.com\/es\/owen-mckill-compitiendo-con-canada-en-los-noco-fim-6days\/#article","isPartOf":{"@id":"https:\/\/2024.fim-6days.com\/es\/owen-mckill-compitiendo-con-canada-en-los-noco-fim-6days\/"},"author":{"name":"isalen","@id":"https:\/\/2024.fim-6days.com\/#\/schema\/person\/fc80183700e96a22afb3f220ae03b32a"},"headline":"Owen McKill: Compitiendo con Canad\u00e1 en los NOCO FIM 6DAYS\u00ae","datePublished":"2024-10-18T07:05:38+00:00","dateModified":"2024-10-18T07:06:13+00:00","mainEntityOfPage":{"@id":"https:\/\/2024.fim-6days.com\/es\/owen-mckill-compitiendo-con-canada-en-los-noco-fim-6days\/"},"wordCount":1676,"commentCount":0,"publisher":{"@id":"https:\/\/2024.fim-6days.com\/#organization"},"image":{"@id":"https:\/\/2024.fim-6days.com\/es\/owen-mckill-compitiendo-con-canada-en-los-noco-fim-6days\/#primaryimage"},"thumbnailUrl":"https:\/\/2024.fim-6days.com\/wp-content\/uploads\/sites\/9\/2024\/10\/241016_ISDE_Spain_2628.jpeg","articleSection":["Before ISDE2024","Noticias"],"inLanguage":"es","potentialAction":[{"@type":"CommentAction","name":"Comment","target":["https:\/\/2024.fim-6days.com\/es\/owen-mckill-compitiendo-con-canada-en-los-noco-fim-6days\/#respond"]}]},{"@type":"WebPage","@id":"https:\/\/2024.fim-6days.com\/es\/owen-mckill-compitiendo-con-canada-en-los-noco-fim-6days\/","url":"https:\/\/2024.fim-6days.com\/es\/owen-mckill-compitiendo-con-canada-en-los-noco-fim-6days\/","name":"Owen McKill: Compitiendo con Canad\u00e1 en los NOCO FIM 6DAYS\u00ae - 2024 spain","isPartOf":{"@id":"https:\/\/2024.fim-6days.com\/#website"},"primaryImageOfPage":{"@id":"https:\/\/2024.fim-6days.com\/es\/owen-mckill-compitiendo-con-canada-en-los-noco-fim-6days\/#primaryimage"},"image":{"@id":"https:\/\/2024.fim-6days.com\/es\/owen-mckill-compitiendo-con-canada-en-los-noco-fim-6days\/#primaryimage"},"thumbnailUrl":"https:\/\/2024.fim-6days.com\/wp-content\/uploads\/sites\/9\/2024\/10\/241016_ISDE_Spain_2628.jpeg","datePublished":"2024-10-18T07:05:38+00:00","dateModified":"2024-10-18T07:06:13+00:00","description":"With global focus set to be centred on Silleda in the Galicia region of north-west Spain later in the year, where the 2024 FIM International Six Days of Enduro (ISDE) will take place from 14-19 October, SCOTT Sports \u2013 as the official and exclusive event sponsor for goggles and eyewear \u2013 is delighted today to launch its special edition SCOTT 6DAYS\u00ae Spain Prospect goggle, which is available now.","breadcrumb":{"@id":"https:\/\/2024.fim-6days.com\/es\/owen-mckill-compitiendo-con-canada-en-los-noco-fim-6days\/#breadcrumb"},"inLanguage":"es","potentialAction":[{"@type":"ReadAction","target":["https:\/\/2024.fim-6days.com\/es\/owen-mckill-compitiendo-con-canada-en-los-noco-fim-6days\/"]}]},{"@type":"ImageObject","inLanguage":"es","@id":"https:\/\/2024.fim-6days.com\/es\/owen-mckill-compitiendo-con-canada-en-los-noco-fim-6days\/#primaryimage","url":"https:\/\/2024.fim-6days.com\/wp-content\/uploads\/sites\/9\/2024\/10\/241016_ISDE_Spain_2628.jpeg","contentUrl":"https:\/\/2024.fim-6days.com\/wp-content\/uploads\/sites\/9\/2024\/10\/241016_ISDE_Spain_2628.jpeg","width":1280,"height":853},{"@type":"BreadcrumbList","@id":"https:\/\/2024.fim-6days.com\/es\/owen-mckill-compitiendo-con-canada-en-los-noco-fim-6days\/#breadcrumb","itemListElement":[{"@type":"ListItem","position":1,"name":"Home","item":"https:\/\/2024.fim-6days.com\/es\/"},{"@type":"ListItem","position":2,"name":"Owen McKill: Compitiendo con Canad\u00e1 en los NOCO FIM 6DAYS\u00ae"}]},{"@type":"WebSite","@id":"https:\/\/2024.fim-6days.com\/#website","url":"https:\/\/2024.fim-6days.com\/","name":"FIM ISDE 2021","description":"FIM ISDE Official website","publisher":{"@id":"https:\/\/2024.fim-6days.com\/#organization"},"potentialAction":[{"@type":"SearchAction","target":{"@type":"EntryPoint","urlTemplate":"https:\/\/2024.fim-6days.com\/?s={search_term_string}"},"query-input":{"@type":"PropertyValueSpecification","valueRequired":true,"valueName":"search_term_string"}}],"inLanguage":"es"},{"@type":"Organization","@id":"https:\/\/2024.fim-6days.com\/#organization","name":"FIM - F\u00e9d\u00e9ration Internationale de Motocyclisme","url":"https:\/\/2024.fim-6days.com\/","logo":{"@type":"ImageObject","inLanguage":"es","@id":"https:\/\/2024.fim-6days.com\/#\/schema\/logo\/image\/","url":"https:\/\/2024.fim-6days.com\/wp-content\/uploads\/sites\/9\/2019\/07\/LogoFIM-CMYK.png","contentUrl":"https:\/\/2024.fim-6days.com\/wp-content\/uploads\/sites\/9\/2019\/07\/LogoFIM-CMYK.png","width":2608,"height":1833,"caption":"FIM - F\u00e9d\u00e9ration Internationale de Motocyclisme"},"image":{"@id":"https:\/\/2024.fim-6days.com\/#\/schema\/logo\/image\/"},"sameAs":["https:\/\/www.facebook.com\/FIMISDE\/","https:\/\/x.com\/fimisde","https:\/\/www.instagram.com\/fim_isde\/"]},{"@type":"Person","@id":"https:\/\/2024.fim-6days.com\/#\/schema\/person\/fc80183700e96a22afb3f220ae03b32a","name":"isalen","image":{"@type":"ImageObject","inLanguage":"es","@id":"https:\/\/2024.fim-6days.com\/#\/schema\/person\/image\/","url":"https:\/\/secure.gravatar.com\/avatar\/b498bfa446460353cfcc6e023d9c28e3e84ef3798b7f90c38b5d03254eed1837?s=96&d=mm&r=g","contentUrl":"https:\/\/secure.gravatar.com\/avatar\/b498bfa446460353cfcc6e023d9c28e3e84ef3798b7f90c38b5d03254eed1837?s=96&d=mm&r=g","caption":"isalen"},"url":"https:\/\/2024.fim-6days.com\/es\/author\/isalen\/"}]}},"_links":{"self":[{"href":"https:\/\/2024.fim-6days.com\/es\/wp-json\/wp\/v2\/posts\/50915","targetHints":{"allow":["GET"]}}],"collection":[{"href":"https:\/\/2024.fim-6days.com\/es\/wp-json\/wp\/v2\/posts"}],"about":[{"href":"https:\/\/2024.fim-6days.com\/es\/wp-json\/wp\/v2\/types\/post"}],"author":[{"embeddable":true,"href":"https:\/\/2024.fim-6days.com\/es\/wp-json\/wp\/v2\/users\/14"}],"replies":[{"embeddable":true,"href":"https:\/\/2024.fim-6days.com\/es\/wp-json\/wp\/v2\/comments?post=50915"}],"version-history":[{"count":1,"href":"https:\/\/2024.fim-6days.com\/es\/wp-json\/wp\/v2\/posts\/50915\/revisions"}],"predecessor-version":[{"id":50916,"href":"https:\/\/2024.fim-6days.com\/es\/wp-json\/wp\/v2\/posts\/50915\/revisions\/50916"}],"wp:featuredmedia":[{"embeddable":true,"href":"https:\/\/2024.fim-6days.com\/es\/wp-json\/wp\/v2\/media\/50867"}],"wp:attachment":[{"href":"https:\/\/2024.fim-6days.com\/es\/wp-json\/wp\/v2\/media?parent=50915"}],"wp:term":[{"taxonomy":"category","embeddable":true,"href":"https:\/\/2024.fim-6days.com\/es\/wp-json\/wp\/v2\/categories?post=50915"},{"taxonomy":"post_tag","embeddable":true,"href":"https:\/\/2024.fim-6days.com\/es\/wp-json\/wp\/v2\/tags?post=50915"}],"curies":[{"name":"wp","href":"https:\/\/api.w.org\/{rel}","templated":true}]}}