{"id":50717,"date":"2024-10-15T10:29:00","date_gmt":"2024-10-15T08:29:00","guid":{"rendered":"https:\/\/2024.fim-6days.com\/france-lead-on-day-one-as-noco-fim-6days-gets-underway-in-spain\/"},"modified":"2024-10-15T10:29:57","modified_gmt":"2024-10-15T08:29:57","slug":"francia-lidera-el-primer-dia-de-los-noco-fim-6days-en-espana","status":"publish","type":"post","link":"https:\/\/2024.fim-6days.com\/es\/francia-lidera-el-primer-dia-de-los-noco-fim-6days-en-espana\/","title":{"rendered":"Francia lidera el primer d\u00eda de los NOCO FIM 6DAYS\u00ae en Espa\u00f1a."},"content":{"rendered":"<p><div class=\"fusion-fullwidth fullwidth-box fusion-builder-row-1 fusion-flex-container nonhundred-percent-fullwidth non-hundred-percent-height-scrolling\" style=\"--awb-border-radius-top-left:0px;--awb-border-radius-top-right:0px;--awb-border-radius-bottom-right:0px;--awb-border-radius-bottom-left:0px;--awb-padding-top:0px;--awb-padding-bottom:0px;--awb-flex-wrap:wrap;\" ><div class=\"fusion-builder-row fusion-row fusion-flex-align-items-flex-start fusion-flex-content-wrap\" style=\"max-width:1248px;margin-left: calc(-4% \/ 2 );margin-right: calc(-4% \/ 2 );\"><div class=\"fusion-layout-column fusion_builder_column fusion-builder-column-0 fusion_builder_column_1_1 1_1 fusion-flex-column\" style=\"--awb-padding-top:0px;--awb-padding-bottom:0px;--awb-bg-size:cover;--awb-width-large:100%;--awb-margin-top-large:0px;--awb-spacing-right-large:1.92%;--awb-margin-bottom-large:0px;--awb-spacing-left-large:1.92%;--awb-width-medium:100%;--awb-order-medium:0;--awb-spacing-right-medium:1.92%;--awb-spacing-left-medium:1.92%;--awb-width-small:100%;--awb-order-small:0;--awb-spacing-right-small:1.92%;--awb-spacing-left-small:1.92%;\"><div class=\"fusion-column-wrapper fusion-column-has-shadow fusion-flex-justify-content-flex-start fusion-content-layout-column\"><div class=\"fusion-text fusion-text-1\" style=\"--awb-text-transform:none;\"><p>La nonag\u00e9sima octava edici\u00f3n de los NOCO FIM 6DAYS\u00ae ha comenzado en Galicia, Espa\u00f1a, con Francia terminando el primer d\u00eda como l\u00edder inicial de la clasificaci\u00f3n del World Trophy. Estados Unidos se ha establecido a la cabeza del Women\u2019s World Trophy, mientras que los favoritos Suecia han tomado el control de la categor\u00eda del Junior World Trophy.<\/p>\n<ul>\n<li>Los NOCO FIM 6DAYS\u00ae arrancan con el primer d\u00eda en Galicia.<\/li>\n<li>Francia establece una ventaja temprana en el World Trophy.<\/li>\n<li>Drama para Italia y Gran Breta\u00f1a en Espa\u00f1a.<\/li>\n<\/ul>\n<p>Despu\u00e9s de una ajetreada semana de preparaci\u00f3n en Silleda, los Seis D\u00edas Internacionales de Enduro (ISDE) FIM finalmente han comenzado la competici\u00f3n. Sin perder tiempo para facilitar el paso a los quinientos cincuenta competidores de m\u00e1s de treinta naciones, hoy ha sido un d\u00eda f\u00edsicamente exigente.<\/p>\n<p>Aunque no ha llovido, el terreno blando se ha degradado r\u00e1pidamente. Con los pilotos completando seis especiales y dos vueltas al recorrido de Santiago de 125 kil\u00f3metros, ha quedado claro al final del primer d\u00eda que los NOCO FIM 6DAYS\u00ae de este a\u00f1o ser\u00e1n un verdadero desaf\u00edo endurero.<\/p>\n<p>A pocos metros de la rampa de salida en el NOCO Parc Ferm\u00e9, Gran Breta\u00f1a ha sido la primera de las naciones l\u00edderes en el World Trophy en tener problemas. El piloto del equipo, Harry Edmondson (GASGAS), ha tenido dificultades con su moto. Ha perdido m\u00e1s de cuarenta minutos haciendo reparaciones, lo que ha dejado instant\u00e1neamente a los campeones de 2022 al final de la clasificaci\u00f3n.<\/p>\n<p>M\u00e1s tarde, Italia se ha convertido en la primera naci\u00f3n del World Trophy en perder un piloto cuando Andrea Verona (GASGAS) se ha detenido en el enlace al comenzar la segunda vuelta. Adem\u00e1s, la p\u00e9rdida de Manuel Verzeroli (KTM) en el Junior World Trophy ha acabado de firmar un mal d\u00eda para los italianos.<\/p>\n<p><strong>Un comienzo perfecto para Francia en el World Trophy<\/strong><\/p>\n<p>A la cabeza del World Trophy, Francia ha tenido el control del juego. Disfrutando del barro, han hecho exactamente lo que necesitaban para tomar el control del liderato de la carrera. Con sus cuatro pilotos en tercer, cuarto, quinto y sexto lugar en la general, Francia ha conseguido una ventaja de dos minutos y cinco segundos de cara al segundo d\u00eda.<\/p>\n<p><em>\u201cHoy ha sido un comienzo incre\u00edble para Francia\u201d,<\/em> ha dicho Hugo Blanjoue (Honda). <em>\u201cAunque estaba m\u00e1s embarrado de lo que estamos acostumbrados en casa, las sensaciones han sido buenas. Hemos quedado en tercer, cuarto, quinto y sexto lugar para tomar el liderato general. Hemos tenido una buena semana caminando por las especiales y sin duda ha valido la pena. Esperemos que ma\u00f1ana haya m\u00e1s.\u201d<\/em><\/p>\n<p>Los campeones defensores, Estados Unidos, han conseguido una buena posici\u00f3n en el primer d\u00eda y se ubican detr\u00e1s de Francia en la segunda posici\u00f3n. Satisfechos con sus esfuerzos mientras se adaptan a las dif\u00edciles condiciones de las especiales, naturalmente intentar\u00e1n mejorar ma\u00f1ana.<\/p>\n<p>Terminando el d\u00eda en tercer lugar, y a menos de cuarenta segundos de Estados Unidos, est\u00e1 el pa\u00eds anfitri\u00f3n, Espa\u00f1a. Liderados por Josep Garc\u00eda (KTM), quien ha sido el piloto m\u00e1s r\u00e1pido, Espa\u00f1a ha conseguido una c\u00f3moda ventaja sobre Australia, en cuarto lugar, y la usar\u00e1 para atacar el segundo d\u00eda.<\/p>\n<p>Sin duda, debido a la adaptaci\u00f3n a las condiciones embarradas del primer d\u00eda, Australia se ha colocado en cuarto lugar. Sin embargo, los excampeones ya est\u00e1n a casi cinco minutos de Espa\u00f1a y necesitar\u00e1n darlo todo en el segundo d\u00eda. Una actuaci\u00f3n prometedora de la Rep\u00fablica Checa en el primer d\u00eda los ha llevado al quinto lugar. Dos segundos separan a Chile, sexto clasificado, y B\u00e9lgica, s\u00e9ptimo.<\/p>\n<p><strong>Estados Unidos y Australia se enfrentan en el Women\u2019s World Trophy<\/strong><\/p>\n<p>Como campeonas defensoras de la categor\u00eda Women\u2019s World Trophy, el equipo de Estados Unidos estar\u00e1 m\u00e1s que satisfecho de haber terminado el primer d\u00eda haci\u00e9ndose con el liderato de la carrera. Con Brandy Richards (KTM) logrando el tiempo m\u00e1s r\u00e1pido de la categor\u00eda femenina, han construido una ventaja de un minuto y treinta y nueve segundos sobre sus rivales de siempre, Australia, en segundo lugar. Tanto Estados Unidos como Australia terminaron los NOCO FIM 6DAYS\u00ae del a\u00f1o pasado en primer y segundo lugar, y ya parece que esa batalla continuar\u00e1 en Espa\u00f1a.<\/p>\n<p><em>\u201cHoy ha sido un buen d\u00eda\u201d,<\/em> ha explicado Richards. <em>\u201cAfortunadamente, no ha llovido, as\u00ed que ha sido bueno tener al menos un d\u00eda seco. Las especiales se han puesto muy duras y los enlaces han sido f\u00edsicos, pero en general ha sido un buen d\u00eda. Ver a Estados Unidos liderar es muy gratificante\u201d.<\/em><\/p>\n<p>Para Suecia, el tercer puesto en el primer d\u00eda ha marcado un fuerte comienzo de semana. Los suecos han estado a menos de tres minutos de Estados Unidos y ser\u00e1n una naci\u00f3n a la que tanto Estados Unidos como Australia deber\u00e1n prestar atenci\u00f3n.<\/p>\n<p>Francia ha ocupado el cuarto lugar en el primer d\u00eda, con Espa\u00f1a completando los cinco primeros. Gran Breta\u00f1a ha terminado sexta, pero solo tiene una ventaja de veinti\u00fan segundos sobre Canad\u00e1 en s\u00e9ptimo lugar, con las reci\u00e9n llegadas Nueva Zelanda catorce segundos m\u00e1s detr\u00e1s en octavo lugar.<\/p>\n<p><strong>Suecia lidera sobre Francia en el Junior World Trophy<\/strong><br \/>\nLa categor\u00eda Junior World Trophy ha visto a Suecia terminar el primer d\u00eda con una ventaja temprana sobre los defensores del t\u00edtulo, Francia. Los suecos estar\u00e1n encantados de haber empezado con buen pie, pero Francia est\u00e1 decidida a darles pelea. Con tan solo quince segundos de diferencia entre ambas naciones, el escenario est\u00e1 preparado para una emocionante batalla en los NOCO FIM 6DAYS\u00ae.<\/p>\n<p><em>\u201cEl equipo lo ha hecho bien y Max (Ahlin) ha pilotado genial\u201d,<\/em> ha dicho Albin Norrbin (Fantic). <em>\u201cEsta es la primera vez que vuelvo a pilotar una cuatro tiempos, as\u00ed que siento que todav\u00eda tengo que adaptarme. Pero en general, Suecia en cabeza al final del primer d\u00eda es donde tenemos que estar. Repasaremos las cosas esta noche y ma\u00f1ana intentaremos seguir mejorando\u201d.<\/em><\/p>\n<p>A un minuto y veinticinco segundos de Suecia se encuentra Estados Unidos en tercer lugar. Con pocos o ning\u00fan error por parte de ellos, ha sido una salida s\u00f3lida, pero ma\u00f1ana intentar\u00e1n reducir esa brecha con Suecia y Francia.<\/p>\n<p>Australia ocupa el cuarto lugar al final del primer d\u00eda, mientras que Gran Breta\u00f1a ha superado a Espa\u00f1a por solo seis segundos para completar los cinco primeros.<\/p>\n<p><strong>Garc\u00eda el m\u00e1s r\u00e1pido el primer d\u00eda<\/strong><br \/>\nEn la clasificaci\u00f3n general individual, el primer d\u00eda ha visto al espa\u00f1ol Josep Garc\u00eda (KTM) tomar la delantera. Sin embargo, el espa\u00f1ol no ha tenido las cosas como \u00e9l quer\u00eda. El brit\u00e1nico Steve Holcombe (Honda) ha ganado tres de las seis especiales del d\u00eda y ha terminado segundo, con una diferencia de tan solo nueve segundos entre ambos. El franc\u00e9s Theo Espinasse (Beta) ha sido tercero.<\/p>\n<p><em>\u201cHa sido un buen d\u00eda, siendo el m\u00e1s r\u00e1pido en la general\u201d,<\/em> ha dicho Garc\u00eda. \u201c<em>Estoy muy contento con eso. He tenido una peque\u00f1a ca\u00edda el cross, pero es f\u00e1cil cometer un error\u201d.<\/em><\/p>\n<p>En la categor\u00eda Enduro1, Garc\u00eda ha sido l\u00edder al final del primer d\u00eda, por delante de Espinasse, con el franc\u00e9s Hugo Blanjoue (Honda) tercero. Holcombe ha marcado el ritmo en Enduro2 y aventaja al estadounidense Dante Oliveira (KTM) en segundo lugar por cincuenta y dos segundos. El australiano Jonte Reynders (Sherco) ha completado los tres primeros puestos. El franc\u00e9s Leo Le Quere (TM) ha sido el mejor en Enduro3, por delante de su compatriota Julien Roussaly (Sherco), con el espa\u00f1ol Jaume Betriu en tercer lugar.<\/p>\n<p>En la categor\u00eda femenina, la estadounidense Brandy Richards (KTM) se ha llevado la victoria por un estrecho margen el primer d\u00eda. La espa\u00f1ola Mireia Badia (Rieju) se ha esforzado al m\u00e1ximo durante todo el d\u00eda y ha terminado a solo seis segundos en segunda posici\u00f3n. La debutante en los NOCO FIM 6DAYS\u00ae, la neozelandesa Rachael Archer (Kawasaki), ha terminado tercera.<\/p>\n<p><strong>El equipo italiano encabeza la clasificaci\u00f3n en el Club Team Award el primer d\u00eda<\/strong><br \/>\nComo se esperaba, el equipo italiano se ha puesto en cabeza en el Club Team Award (CTA) el primer d\u00eda. Han dominado las especiales para establecer una ventaja muy saludable de cuatro minutos y treinta y cuatro segundos sobre el Moto Club Puy En Velay, que ha quedado en segundo lugar. El RFME Club Team ha completado los tres primeros puestos el primer d\u00eda en Galicia.<\/p>\n<p>En la categor\u00eda femenina, Eric Cleveland Memorial ha liderado sobre Builth Wells MCC Ladies, con Halton Off Road Riders AS en tercer lugar. Los Lynn Valley Dirt Riders han liderado la clasificaci\u00f3n de equipos del Club de Veteranos al final del primer d\u00eda, con Gottbros Team 2 en segundo lugar y Los Surenos en tercer lugar.<\/p>\n<p>El segundo d\u00eda de los NOCO FIM 6DAYS\u00ae de ma\u00f1ana en Galicia, Espa\u00f1a, los competidores repetir\u00e1n dos vueltas al circuito de Santiago.<\/p>\n<\/div><div class=\"fusion-video fusion-youtube\" style=\"--awb-max-width:600px;--awb-max-height:360px;\"><div class=\"video-shortcode\"><div class=\"fluid-width-video-wrapper\" style=\"padding-top:60%;\" ><iframe title=\"YouTube video player 1\" src=\"https:\/\/www.youtube.com\/embed\/1jkRRqkSRsc?wmode=transparent&autoplay=0&oida=1\" width=\"600\" height=\"360\" allowfullscreen allow=\"autoplay; clipboard-write; encrypted-media; gyroscope; picture-in-picture;\"><\/iframe><\/div><\/div><\/div><\/div><\/div><\/div><\/div><div class=\"fusion-fullwidth fullwidth-box fusion-builder-row-2 fusion-flex-container has-pattern-background has-mask-background nonhundred-percent-fullwidth non-hundred-percent-height-scrolling\" style=\"--awb-border-radius-top-left:0px;--awb-border-radius-top-right:0px;--awb-border-radius-bottom-right:0px;--awb-border-radius-bottom-left:0px;--awb-flex-wrap:wrap;\" ><div class=\"fusion-builder-row fusion-row fusion-flex-align-items-flex-start fusion-flex-content-wrap\" style=\"max-width:1248px;margin-left: calc(-4% \/ 2 );margin-right: calc(-4% \/ 2 );\"><div class=\"fusion-layout-column fusion_builder_column fusion-builder-column-1 fusion_builder_column_1_1 1_1 fusion-flex-column\" style=\"--awb-bg-size:cover;--awb-width-large:100%;--awb-margin-top-large:0px;--awb-spacing-right-large:1.92%;--awb-margin-bottom-large:20px;--awb-spacing-left-large:1.92%;--awb-width-medium:100%;--awb-order-medium:0;--awb-spacing-right-medium:1.92%;--awb-spacing-left-medium:1.92%;--awb-width-small:100%;--awb-order-small:0;--awb-spacing-right-small:1.92%;--awb-spacing-left-small:1.92%;\"><div class=\"fusion-column-wrapper fusion-column-has-shadow fusion-flex-justify-content-flex-start fusion-content-layout-column\"><div class=\"fusion-separator fusion-full-width-sep\" style=\"align-self: center;margin-left: auto;margin-right: auto;margin-bottom:20px;width:100%;\"><\/div>\n<\/div><\/div><\/div><\/div><\/p>\n","protected":false},"excerpt":{"rendered":"","protected":false},"author":14,"featured_media":50699,"comment_status":"open","ping_status":"open","sticky":false,"template":"","format":"standard","meta":{"inline_featured_image":false,"footnotes":""},"categories":[155,108],"tags":[],"class_list":["post-50717","post","type-post","status-publish","format-standard","has-post-thumbnail","hentry","category-before-isde2024-es","category-news-es"],"yoast_head":"<!-- This site is optimized with the Yoast SEO plugin v25.6 - https:\/\/yoast.com\/wordpress\/plugins\/seo\/ -->\n<title>Francia lidera el primer d\u00eda de los NOCO FIM 6DAYS\u00ae en Espa\u00f1a. - 2024 spain<\/title>\n<meta name=\"description\" content=\"With global focus set to be centred on Silleda in the Galicia region of north-west Spain later in the year, where the 2024 FIM International Six Days of Enduro (ISDE) will take place from 14-19 October, SCOTT Sports \u2013 as the official and exclusive event sponsor for goggles and eyewear \u2013 is delighted today to launch its special edition SCOTT 6DAYS\u00ae Spain Prospect goggle, which is available now.\" \/>\n<meta name=\"robots\" content=\"index, follow, max-snippet:-1, max-image-preview:large, max-video-preview:-1\" \/>\n<link rel=\"canonical\" href=\"https:\/\/2024.fim-6days.com\/es\/francia-lidera-el-primer-dia-de-los-noco-fim-6days-en-espana\/\" \/>\n<meta property=\"og:locale\" content=\"es_ES\" \/>\n<meta property=\"og:type\" content=\"article\" \/>\n<meta property=\"og:title\" content=\"Francia lidera el primer d\u00eda de los NOCO FIM 6DAYS\u00ae en Espa\u00f1a. - 2024 spain\" \/>\n<meta property=\"og:description\" content=\"With global focus set to be centred on Silleda in the Galicia region of north-west Spain later in the year, where the 2024 FIM International Six Days of Enduro (ISDE) will take place from 14-19 October, SCOTT Sports \u2013 as the official and exclusive event sponsor for goggles and eyewear \u2013 is delighted today to launch its special edition SCOTT 6DAYS\u00ae Spain Prospect goggle, which is available now.\" \/>\n<meta property=\"og:url\" content=\"https:\/\/2024.fim-6days.com\/es\/francia-lidera-el-primer-dia-de-los-noco-fim-6days-en-espana\/\" \/>\n<meta property=\"og:site_name\" content=\"2024 spain\" \/>\n<meta property=\"article:publisher\" content=\"https:\/\/www.facebook.com\/FIMISDE\/\" \/>\n<meta property=\"article:published_time\" content=\"2024-10-15T08:29:00+00:00\" \/>\n<meta property=\"article:modified_time\" content=\"2024-10-15T08:29:57+00:00\" \/>\n<meta property=\"og:image\" content=\"https:\/\/2024.fim-6days.com\/wp-content\/uploads\/sites\/9\/2024\/10\/Z922822.jpg\" \/>\n\t<meta property=\"og:image:width\" content=\"1600\" \/>\n\t<meta property=\"og:image:height\" content=\"1067\" \/>\n\t<meta property=\"og:image:type\" content=\"image\/jpeg\" \/>\n<meta name=\"author\" content=\"isalen\" \/>\n<meta name=\"twitter:card\" content=\"summary_large_image\" \/>\n<meta name=\"twitter:creator\" content=\"@fimisde\" \/>\n<meta name=\"twitter:site\" content=\"@fimisde\" \/>\n<meta name=\"twitter:label1\" content=\"Escrito por\" \/>\n\t<meta name=\"twitter:data1\" content=\"isalen\" \/>\n\t<meta name=\"twitter:label2\" content=\"Tiempo de lectura\" \/>\n\t<meta name=\"twitter:data2\" content=\"9 minutos\" \/>\n<script type=\"application\/ld+json\" class=\"yoast-schema-graph\">{\"@context\":\"https:\/\/schema.org\",\"@graph\":[{\"@type\":\"Article\",\"@id\":\"https:\/\/2024.fim-6days.com\/es\/francia-lidera-el-primer-dia-de-los-noco-fim-6days-en-espana\/#article\",\"isPartOf\":{\"@id\":\"https:\/\/2024.fim-6days.com\/es\/francia-lidera-el-primer-dia-de-los-noco-fim-6days-en-espana\/\"},\"author\":{\"name\":\"isalen\",\"@id\":\"https:\/\/2024.fim-6days.com\/#\/schema\/person\/fc80183700e96a22afb3f220ae03b32a\"},\"headline\":\"Francia lidera el primer d\u00eda de los NOCO FIM 6DAYS\u00ae en Espa\u00f1a.\",\"datePublished\":\"2024-10-15T08:29:00+00:00\",\"dateModified\":\"2024-10-15T08:29:57+00:00\",\"mainEntityOfPage\":{\"@id\":\"https:\/\/2024.fim-6days.com\/es\/francia-lidera-el-primer-dia-de-los-noco-fim-6days-en-espana\/\"},\"wordCount\":3022,\"commentCount\":0,\"publisher\":{\"@id\":\"https:\/\/2024.fim-6days.com\/#organization\"},\"image\":{\"@id\":\"https:\/\/2024.fim-6days.com\/es\/francia-lidera-el-primer-dia-de-los-noco-fim-6days-en-espana\/#primaryimage\"},\"thumbnailUrl\":\"https:\/\/2024.fim-6days.com\/wp-content\/uploads\/sites\/9\/2024\/10\/Z922822.jpg\",\"articleSection\":[\"Before ISDE2024\",\"Noticias\"],\"inLanguage\":\"es\",\"potentialAction\":[{\"@type\":\"CommentAction\",\"name\":\"Comment\",\"target\":[\"https:\/\/2024.fim-6days.com\/es\/francia-lidera-el-primer-dia-de-los-noco-fim-6days-en-espana\/#respond\"]}]},{\"@type\":\"WebPage\",\"@id\":\"https:\/\/2024.fim-6days.com\/es\/francia-lidera-el-primer-dia-de-los-noco-fim-6days-en-espana\/\",\"url\":\"https:\/\/2024.fim-6days.com\/es\/francia-lidera-el-primer-dia-de-los-noco-fim-6days-en-espana\/\",\"name\":\"Francia lidera el primer d\u00eda de los NOCO FIM 6DAYS\u00ae en Espa\u00f1a. - 2024 spain\",\"isPartOf\":{\"@id\":\"https:\/\/2024.fim-6days.com\/#website\"},\"primaryImageOfPage\":{\"@id\":\"https:\/\/2024.fim-6days.com\/es\/francia-lidera-el-primer-dia-de-los-noco-fim-6days-en-espana\/#primaryimage\"},\"image\":{\"@id\":\"https:\/\/2024.fim-6days.com\/es\/francia-lidera-el-primer-dia-de-los-noco-fim-6days-en-espana\/#primaryimage\"},\"thumbnailUrl\":\"https:\/\/2024.fim-6days.com\/wp-content\/uploads\/sites\/9\/2024\/10\/Z922822.jpg\",\"datePublished\":\"2024-10-15T08:29:00+00:00\",\"dateModified\":\"2024-10-15T08:29:57+00:00\",\"description\":\"With global focus set to be centred on Silleda in the Galicia region of north-west Spain later in the year, where the 2024 FIM International Six Days of Enduro (ISDE) will take place from 14-19 October, SCOTT Sports \u2013 as the official and exclusive event sponsor for goggles and eyewear \u2013 is delighted today to launch its special edition SCOTT 6DAYS\u00ae Spain Prospect goggle, which is available now.\",\"breadcrumb\":{\"@id\":\"https:\/\/2024.fim-6days.com\/es\/francia-lidera-el-primer-dia-de-los-noco-fim-6days-en-espana\/#breadcrumb\"},\"inLanguage\":\"es\",\"potentialAction\":[{\"@type\":\"ReadAction\",\"target\":[\"https:\/\/2024.fim-6days.com\/es\/francia-lidera-el-primer-dia-de-los-noco-fim-6days-en-espana\/\"]}]},{\"@type\":\"ImageObject\",\"inLanguage\":\"es\",\"@id\":\"https:\/\/2024.fim-6days.com\/es\/francia-lidera-el-primer-dia-de-los-noco-fim-6days-en-espana\/#primaryimage\",\"url\":\"https:\/\/2024.fim-6days.com\/wp-content\/uploads\/sites\/9\/2024\/10\/Z922822.jpg\",\"contentUrl\":\"https:\/\/2024.fim-6days.com\/wp-content\/uploads\/sites\/9\/2024\/10\/Z922822.jpg\",\"width\":1600,\"height\":1067,\"caption\":\"FIM International Six Days\u0092 Enduro - 98th Edition - Silleda-Galicia (Spain), 14 November\"},{\"@type\":\"BreadcrumbList\",\"@id\":\"https:\/\/2024.fim-6days.com\/es\/francia-lidera-el-primer-dia-de-los-noco-fim-6days-en-espana\/#breadcrumb\",\"itemListElement\":[{\"@type\":\"ListItem\",\"position\":1,\"name\":\"Home\",\"item\":\"https:\/\/2024.fim-6days.com\/es\/\"},{\"@type\":\"ListItem\",\"position\":2,\"name\":\"Francia lidera el primer d\u00eda de los NOCO FIM 6DAYS\u00ae en Espa\u00f1a.\"}]},{\"@type\":\"WebSite\",\"@id\":\"https:\/\/2024.fim-6days.com\/#website\",\"url\":\"https:\/\/2024.fim-6days.com\/\",\"name\":\"FIM ISDE 2021\",\"description\":\"FIM ISDE Official website\",\"publisher\":{\"@id\":\"https:\/\/2024.fim-6days.com\/#organization\"},\"potentialAction\":[{\"@type\":\"SearchAction\",\"target\":{\"@type\":\"EntryPoint\",\"urlTemplate\":\"https:\/\/2024.fim-6days.com\/?s={search_term_string}\"},\"query-input\":{\"@type\":\"PropertyValueSpecification\",\"valueRequired\":true,\"valueName\":\"search_term_string\"}}],\"inLanguage\":\"es\"},{\"@type\":\"Organization\",\"@id\":\"https:\/\/2024.fim-6days.com\/#organization\",\"name\":\"FIM - F\u00e9d\u00e9ration Internationale de Motocyclisme\",\"url\":\"https:\/\/2024.fim-6days.com\/\",\"logo\":{\"@type\":\"ImageObject\",\"inLanguage\":\"es\",\"@id\":\"https:\/\/2024.fim-6days.com\/#\/schema\/logo\/image\/\",\"url\":\"https:\/\/2024.fim-6days.com\/wp-content\/uploads\/sites\/9\/2019\/07\/LogoFIM-CMYK.png\",\"contentUrl\":\"https:\/\/2024.fim-6days.com\/wp-content\/uploads\/sites\/9\/2019\/07\/LogoFIM-CMYK.png\",\"width\":2608,\"height\":1833,\"caption\":\"FIM - F\u00e9d\u00e9ration Internationale de Motocyclisme\"},\"image\":{\"@id\":\"https:\/\/2024.fim-6days.com\/#\/schema\/logo\/image\/\"},\"sameAs\":[\"https:\/\/www.facebook.com\/FIMISDE\/\",\"https:\/\/x.com\/fimisde\",\"https:\/\/www.instagram.com\/fim_isde\/\"]},{\"@type\":\"Person\",\"@id\":\"https:\/\/2024.fim-6days.com\/#\/schema\/person\/fc80183700e96a22afb3f220ae03b32a\",\"name\":\"isalen\",\"image\":{\"@type\":\"ImageObject\",\"inLanguage\":\"es\",\"@id\":\"https:\/\/2024.fim-6days.com\/#\/schema\/person\/image\/\",\"url\":\"https:\/\/secure.gravatar.com\/avatar\/b498bfa446460353cfcc6e023d9c28e3e84ef3798b7f90c38b5d03254eed1837?s=96&d=mm&r=g\",\"contentUrl\":\"https:\/\/secure.gravatar.com\/avatar\/b498bfa446460353cfcc6e023d9c28e3e84ef3798b7f90c38b5d03254eed1837?s=96&d=mm&r=g\",\"caption\":\"isalen\"},\"url\":\"https:\/\/2024.fim-6days.com\/es\/author\/isalen\/\"}]}<\/script>\n<!-- \/ Yoast SEO plugin. -->","yoast_head_json":{"title":"Francia lidera el primer d\u00eda de los NOCO FIM 6DAYS\u00ae en Espa\u00f1a. - 2024 spain","description":"With global focus set to be centred on Silleda in the Galicia region of north-west Spain later in the year, where the 2024 FIM International Six Days of Enduro (ISDE) will take place from 14-19 October, SCOTT Sports \u2013 as the official and exclusive event sponsor for goggles and eyewear \u2013 is delighted today to launch its special edition SCOTT 6DAYS\u00ae Spain Prospect goggle, which is available now.","robots":{"index":"index","follow":"follow","max-snippet":"max-snippet:-1","max-image-preview":"max-image-preview:large","max-video-preview":"max-video-preview:-1"},"canonical":"https:\/\/2024.fim-6days.com\/es\/francia-lidera-el-primer-dia-de-los-noco-fim-6days-en-espana\/","og_locale":"es_ES","og_type":"article","og_title":"Francia lidera el primer d\u00eda de los NOCO FIM 6DAYS\u00ae en Espa\u00f1a. - 2024 spain","og_description":"With global focus set to be centred on Silleda in the Galicia region of north-west Spain later in the year, where the 2024 FIM International Six Days of Enduro (ISDE) will take place from 14-19 October, SCOTT Sports \u2013 as the official and exclusive event sponsor for goggles and eyewear \u2013 is delighted today to launch its special edition SCOTT 6DAYS\u00ae Spain Prospect goggle, which is available now.","og_url":"https:\/\/2024.fim-6days.com\/es\/francia-lidera-el-primer-dia-de-los-noco-fim-6days-en-espana\/","og_site_name":"2024 spain","article_publisher":"https:\/\/www.facebook.com\/FIMISDE\/","article_published_time":"2024-10-15T08:29:00+00:00","article_modified_time":"2024-10-15T08:29:57+00:00","og_image":[{"width":1600,"height":1067,"url":"https:\/\/2024.fim-6days.com\/wp-content\/uploads\/sites\/9\/2024\/10\/Z922822.jpg","type":"image\/jpeg"}],"author":"isalen","twitter_card":"summary_large_image","twitter_creator":"@fimisde","twitter_site":"@fimisde","twitter_misc":{"Escrito por":"isalen","Tiempo de lectura":"9 minutos"},"schema":{"@context":"https:\/\/schema.org","@graph":[{"@type":"Article","@id":"https:\/\/2024.fim-6days.com\/es\/francia-lidera-el-primer-dia-de-los-noco-fim-6days-en-espana\/#article","isPartOf":{"@id":"https:\/\/2024.fim-6days.com\/es\/francia-lidera-el-primer-dia-de-los-noco-fim-6days-en-espana\/"},"author":{"name":"isalen","@id":"https:\/\/2024.fim-6days.com\/#\/schema\/person\/fc80183700e96a22afb3f220ae03b32a"},"headline":"Francia lidera el primer d\u00eda de los NOCO FIM 6DAYS\u00ae en Espa\u00f1a.","datePublished":"2024-10-15T08:29:00+00:00","dateModified":"2024-10-15T08:29:57+00:00","mainEntityOfPage":{"@id":"https:\/\/2024.fim-6days.com\/es\/francia-lidera-el-primer-dia-de-los-noco-fim-6days-en-espana\/"},"wordCount":3022,"commentCount":0,"publisher":{"@id":"https:\/\/2024.fim-6days.com\/#organization"},"image":{"@id":"https:\/\/2024.fim-6days.com\/es\/francia-lidera-el-primer-dia-de-los-noco-fim-6days-en-espana\/#primaryimage"},"thumbnailUrl":"https:\/\/2024.fim-6days.com\/wp-content\/uploads\/sites\/9\/2024\/10\/Z922822.jpg","articleSection":["Before ISDE2024","Noticias"],"inLanguage":"es","potentialAction":[{"@type":"CommentAction","name":"Comment","target":["https:\/\/2024.fim-6days.com\/es\/francia-lidera-el-primer-dia-de-los-noco-fim-6days-en-espana\/#respond"]}]},{"@type":"WebPage","@id":"https:\/\/2024.fim-6days.com\/es\/francia-lidera-el-primer-dia-de-los-noco-fim-6days-en-espana\/","url":"https:\/\/2024.fim-6days.com\/es\/francia-lidera-el-primer-dia-de-los-noco-fim-6days-en-espana\/","name":"Francia lidera el primer d\u00eda de los NOCO FIM 6DAYS\u00ae en Espa\u00f1a. - 2024 spain","isPartOf":{"@id":"https:\/\/2024.fim-6days.com\/#website"},"primaryImageOfPage":{"@id":"https:\/\/2024.fim-6days.com\/es\/francia-lidera-el-primer-dia-de-los-noco-fim-6days-en-espana\/#primaryimage"},"image":{"@id":"https:\/\/2024.fim-6days.com\/es\/francia-lidera-el-primer-dia-de-los-noco-fim-6days-en-espana\/#primaryimage"},"thumbnailUrl":"https:\/\/2024.fim-6days.com\/wp-content\/uploads\/sites\/9\/2024\/10\/Z922822.jpg","datePublished":"2024-10-15T08:29:00+00:00","dateModified":"2024-10-15T08:29:57+00:00","description":"With global focus set to be centred on Silleda in the Galicia region of north-west Spain later in the year, where the 2024 FIM International Six Days of Enduro (ISDE) will take place from 14-19 October, SCOTT Sports \u2013 as the official and exclusive event sponsor for goggles and eyewear \u2013 is delighted today to launch its special edition SCOTT 6DAYS\u00ae Spain Prospect goggle, which is available now.","breadcrumb":{"@id":"https:\/\/2024.fim-6days.com\/es\/francia-lidera-el-primer-dia-de-los-noco-fim-6days-en-espana\/#breadcrumb"},"inLanguage":"es","potentialAction":[{"@type":"ReadAction","target":["https:\/\/2024.fim-6days.com\/es\/francia-lidera-el-primer-dia-de-los-noco-fim-6days-en-espana\/"]}]},{"@type":"ImageObject","inLanguage":"es","@id":"https:\/\/2024.fim-6days.com\/es\/francia-lidera-el-primer-dia-de-los-noco-fim-6days-en-espana\/#primaryimage","url":"https:\/\/2024.fim-6days.com\/wp-content\/uploads\/sites\/9\/2024\/10\/Z922822.jpg","contentUrl":"https:\/\/2024.fim-6days.com\/wp-content\/uploads\/sites\/9\/2024\/10\/Z922822.jpg","width":1600,"height":1067,"caption":"FIM International Six Days\u0092 Enduro - 98th Edition - Silleda-Galicia (Spain), 14 November"},{"@type":"BreadcrumbList","@id":"https:\/\/2024.fim-6days.com\/es\/francia-lidera-el-primer-dia-de-los-noco-fim-6days-en-espana\/#breadcrumb","itemListElement":[{"@type":"ListItem","position":1,"name":"Home","item":"https:\/\/2024.fim-6days.com\/es\/"},{"@type":"ListItem","position":2,"name":"Francia lidera el primer d\u00eda de los NOCO FIM 6DAYS\u00ae en Espa\u00f1a."}]},{"@type":"WebSite","@id":"https:\/\/2024.fim-6days.com\/#website","url":"https:\/\/2024.fim-6days.com\/","name":"FIM ISDE 2021","description":"FIM ISDE Official website","publisher":{"@id":"https:\/\/2024.fim-6days.com\/#organization"},"potentialAction":[{"@type":"SearchAction","target":{"@type":"EntryPoint","urlTemplate":"https:\/\/2024.fim-6days.com\/?s={search_term_string}"},"query-input":{"@type":"PropertyValueSpecification","valueRequired":true,"valueName":"search_term_string"}}],"inLanguage":"es"},{"@type":"Organization","@id":"https:\/\/2024.fim-6days.com\/#organization","name":"FIM - F\u00e9d\u00e9ration Internationale de Motocyclisme","url":"https:\/\/2024.fim-6days.com\/","logo":{"@type":"ImageObject","inLanguage":"es","@id":"https:\/\/2024.fim-6days.com\/#\/schema\/logo\/image\/","url":"https:\/\/2024.fim-6days.com\/wp-content\/uploads\/sites\/9\/2019\/07\/LogoFIM-CMYK.png","contentUrl":"https:\/\/2024.fim-6days.com\/wp-content\/uploads\/sites\/9\/2019\/07\/LogoFIM-CMYK.png","width":2608,"height":1833,"caption":"FIM - F\u00e9d\u00e9ration Internationale de Motocyclisme"},"image":{"@id":"https:\/\/2024.fim-6days.com\/#\/schema\/logo\/image\/"},"sameAs":["https:\/\/www.facebook.com\/FIMISDE\/","https:\/\/x.com\/fimisde","https:\/\/www.instagram.com\/fim_isde\/"]},{"@type":"Person","@id":"https:\/\/2024.fim-6days.com\/#\/schema\/person\/fc80183700e96a22afb3f220ae03b32a","name":"isalen","image":{"@type":"ImageObject","inLanguage":"es","@id":"https:\/\/2024.fim-6days.com\/#\/schema\/person\/image\/","url":"https:\/\/secure.gravatar.com\/avatar\/b498bfa446460353cfcc6e023d9c28e3e84ef3798b7f90c38b5d03254eed1837?s=96&d=mm&r=g","contentUrl":"https:\/\/secure.gravatar.com\/avatar\/b498bfa446460353cfcc6e023d9c28e3e84ef3798b7f90c38b5d03254eed1837?s=96&d=mm&r=g","caption":"isalen"},"url":"https:\/\/2024.fim-6days.com\/es\/author\/isalen\/"}]}},"_links":{"self":[{"href":"https:\/\/2024.fim-6days.com\/es\/wp-json\/wp\/v2\/posts\/50717","targetHints":{"allow":["GET"]}}],"collection":[{"href":"https:\/\/2024.fim-6days.com\/es\/wp-json\/wp\/v2\/posts"}],"about":[{"href":"https:\/\/2024.fim-6days.com\/es\/wp-json\/wp\/v2\/types\/post"}],"author":[{"embeddable":true,"href":"https:\/\/2024.fim-6days.com\/es\/wp-json\/wp\/v2\/users\/14"}],"replies":[{"embeddable":true,"href":"https:\/\/2024.fim-6days.com\/es\/wp-json\/wp\/v2\/comments?post=50717"}],"version-history":[{"count":2,"href":"https:\/\/2024.fim-6days.com\/es\/wp-json\/wp\/v2\/posts\/50717\/revisions"}],"predecessor-version":[{"id":50719,"href":"https:\/\/2024.fim-6days.com\/es\/wp-json\/wp\/v2\/posts\/50717\/revisions\/50719"}],"wp:featuredmedia":[{"embeddable":true,"href":"https:\/\/2024.fim-6days.com\/es\/wp-json\/wp\/v2\/media\/50699"}],"wp:attachment":[{"href":"https:\/\/2024.fim-6days.com\/es\/wp-json\/wp\/v2\/media?parent=50717"}],"wp:term":[{"taxonomy":"category","embeddable":true,"href":"https:\/\/2024.fim-6days.com\/es\/wp-json\/wp\/v2\/categories?post=50717"},{"taxonomy":"post_tag","embeddable":true,"href":"https:\/\/2024.fim-6days.com\/es\/wp-json\/wp\/v2\/tags?post=50717"}],"curies":[{"name":"wp","href":"https:\/\/api.w.org\/{rel}","templated":true}]}}