{"id":50688,"date":"2024-10-14T16:29:31","date_gmt":"2024-10-14T14:29:31","guid":{"rendered":"https:\/\/2024.fim-6days.com\/spain-officially-welcomes-noco-fim-6days-with-opening-ceremony\/"},"modified":"2024-10-14T16:30:28","modified_gmt":"2024-10-14T14:30:28","slug":"espana-da-la-bienvenida-oficial-a-los-noco-fim-6days-con-la-ceremonia-de-apertura","status":"publish","type":"post","link":"https:\/\/2024.fim-6days.com\/es\/espana-da-la-bienvenida-oficial-a-los-noco-fim-6days-con-la-ceremonia-de-apertura\/","title":{"rendered":"Espa\u00f1a da la bienvenida oficial a los NOCO FIM 6DAYS\u00ae con la ceremonia de apertura"},"content":{"rendered":"<p><div class=\"fusion-fullwidth fullwidth-box fusion-builder-row-1 fusion-flex-container nonhundred-percent-fullwidth non-hundred-percent-height-scrolling\" style=\"--awb-border-radius-top-left:0px;--awb-border-radius-top-right:0px;--awb-border-radius-bottom-right:0px;--awb-border-radius-bottom-left:0px;--awb-padding-top:0px;--awb-padding-bottom:0px;--awb-flex-wrap:wrap;\" ><div class=\"fusion-builder-row fusion-row fusion-flex-align-items-flex-start fusion-flex-content-wrap\" style=\"max-width:1248px;margin-left: calc(-4% \/ 2 );margin-right: calc(-4% \/ 2 );\"><div class=\"fusion-layout-column fusion_builder_column fusion-builder-column-0 fusion_builder_column_1_1 1_1 fusion-flex-column\" style=\"--awb-padding-top:0px;--awb-padding-bottom:0px;--awb-bg-size:cover;--awb-width-large:100%;--awb-margin-top-large:0px;--awb-spacing-right-large:1.92%;--awb-margin-bottom-large:0px;--awb-spacing-left-large:1.92%;--awb-width-medium:100%;--awb-order-medium:0;--awb-spacing-right-medium:1.92%;--awb-spacing-left-medium:1.92%;--awb-width-small:100%;--awb-order-small:0;--awb-spacing-right-small:1.92%;--awb-spacing-left-small:1.92%;\"><div class=\"fusion-column-wrapper fusion-column-has-shadow fusion-flex-justify-content-flex-start fusion-content-layout-column\"><div class=\"fusion-text fusion-text-1\" style=\"--awb-text-transform:none;\"><p>Silleda, en Galicia, Espa\u00f1a, estaba llena de fans emocionados mientras las naciones de todo el mundo se reun\u00edan para la ceremonia de apertura de los NOCO FIM 6DAYS\u00ae.<\/p>\n<p>Con m\u00e1s de quinientos cuarenta participantes de m\u00e1s de treinta naciones ya listos para la nonag\u00e9sima octava edici\u00f3n de los FIM Seis D\u00edas Internacionales de Enduro (ISDE), que comenzar\u00e1n el lunes 14 de octubre, lleg\u00f3 el momento de disfrutar de la tradicional ceremonia de apertura.<\/p>\n<p>En el coraz\u00f3n del paddock, los pilotos, ayudantes, familiares y amigos subieron al escenario para dar inicio a la edici\u00f3n de este a\u00f1o.<\/p>\n<p>Preparado para los NOCO FIM 6DAYS\u00ae en su tierra, el espa\u00f1ol Josep Garc\u00eda (KTM) fue uno de los m\u00e1s aclamados junto a sus compa\u00f1eros del equipo World Trophy en Silleda.<br \/>\n\u201cEs muy especial estar aqu\u00ed en la ceremonia de apertura\u201d, dijo el Campe\u00f3n del Mundo de EnduroGP FIM, Garc\u00eda. \u201cEl ambiente est\u00e1 incre\u00edble esta noche. Se nota que todo el mundo est\u00e1 con ganas de empezar a competir.<\/p>\n<p>\u201cSon los primeros 6DAYS\u00ae en casa para m\u00ed desde Navarra en 2016. Acabamos de pasar una semana caminando las especiales y familiariz\u00e1ndonos con todo. Ser\u00e1n duros y desafiantes, \u00a1pero as\u00ed son los 6DAYS\u00ae!\u201d<\/p>\n<p>Con todas las motos habiendo pasado verificaciones t\u00e9cnicas y descansando en el NOCO Parc Ferm\u00e9 de Silleda, todo est\u00e1 listo para que comience la nonag\u00e9sima octava edici\u00f3n de los NOCO FIM 6DAYS\u00ae.<\/p>\n<p>Visita FIM-MOTO.TV para ver las transmisiones en directo diarias de los NOCO 6DAYS\u00ae y el 6DAYS\u00ae MOTUL Studio Show.<\/p>\n<\/div><div class=\"fusion-video fusion-youtube\" style=\"--awb-max-width:600px;--awb-max-height:360px;\"><div class=\"video-shortcode\"><div class=\"fluid-width-video-wrapper\" style=\"padding-top:60%;\" ><iframe title=\"YouTube video player 1\" src=\"https:\/\/www.youtube.com\/embed\/c5uJY2mtm5Y?wmode=transparent&autoplay=0&oida=1\" width=\"600\" height=\"360\" allowfullscreen allow=\"autoplay; clipboard-write; encrypted-media; gyroscope; picture-in-picture;\"><\/iframe><\/div><\/div><\/div><\/div><\/div><\/div><\/div><div class=\"fusion-fullwidth fullwidth-box fusion-builder-row-2 fusion-flex-container has-pattern-background has-mask-background nonhundred-percent-fullwidth non-hundred-percent-height-scrolling\" style=\"--awb-border-radius-top-left:0px;--awb-border-radius-top-right:0px;--awb-border-radius-bottom-right:0px;--awb-border-radius-bottom-left:0px;--awb-flex-wrap:wrap;\" ><div class=\"fusion-builder-row fusion-row fusion-flex-align-items-flex-start fusion-flex-content-wrap\" style=\"max-width:1248px;margin-left: calc(-4% \/ 2 );margin-right: calc(-4% \/ 2 );\"><div class=\"fusion-layout-column fusion_builder_column fusion-builder-column-1 fusion_builder_column_1_1 1_1 fusion-flex-column\" style=\"--awb-bg-size:cover;--awb-width-large:100%;--awb-margin-top-large:0px;--awb-spacing-right-large:1.92%;--awb-margin-bottom-large:20px;--awb-spacing-left-large:1.92%;--awb-width-medium:100%;--awb-order-medium:0;--awb-spacing-right-medium:1.92%;--awb-spacing-left-medium:1.92%;--awb-width-small:100%;--awb-order-small:0;--awb-spacing-right-small:1.92%;--awb-spacing-left-small:1.92%;\"><div class=\"fusion-column-wrapper fusion-column-has-shadow fusion-flex-justify-content-flex-start fusion-content-layout-column\"><div class=\"fusion-separator fusion-full-width-sep\" style=\"align-self: center;margin-left: auto;margin-right: auto;margin-bottom:20px;width:100%;\"><\/div>\n<\/div><\/div><\/div><\/div><\/p>\n","protected":false},"excerpt":{"rendered":"","protected":false},"author":14,"featured_media":50673,"comment_status":"open","ping_status":"open","sticky":false,"template":"","format":"standard","meta":{"inline_featured_image":false,"footnotes":""},"categories":[155,108],"tags":[],"class_list":["post-50688","post","type-post","status-publish","format-standard","has-post-thumbnail","hentry","category-before-isde2024-es","category-news-es"],"yoast_head":"<!-- This site is optimized with the Yoast SEO plugin v25.6 - https:\/\/yoast.com\/wordpress\/plugins\/seo\/ -->\n<title>Espa\u00f1a da la bienvenida oficial a los NOCO FIM 6DAYS\u00ae con la ceremonia de apertura - 2024 spain<\/title>\n<meta name=\"description\" content=\"With global focus set to be centred on Silleda in the Galicia region of north-west Spain later in the year, where the 2024 FIM International Six Days of Enduro (ISDE) will take place from 14-19 October, SCOTT Sports \u2013 as the official and exclusive event sponsor for goggles and eyewear \u2013 is delighted today to launch its special edition SCOTT 6DAYS\u00ae Spain Prospect goggle, which is available now.\" \/>\n<meta name=\"robots\" content=\"index, follow, max-snippet:-1, max-image-preview:large, max-video-preview:-1\" \/>\n<link rel=\"canonical\" href=\"https:\/\/2024.fim-6days.com\/es\/espana-da-la-bienvenida-oficial-a-los-noco-fim-6days-con-la-ceremonia-de-apertura\/\" \/>\n<meta property=\"og:locale\" content=\"es_ES\" \/>\n<meta property=\"og:type\" content=\"article\" \/>\n<meta property=\"og:title\" content=\"Espa\u00f1a da la bienvenida oficial a los NOCO FIM 6DAYS\u00ae con la ceremonia de apertura - 2024 spain\" \/>\n<meta property=\"og:description\" content=\"With global focus set to be centred on Silleda in the Galicia region of north-west Spain later in the year, where the 2024 FIM International Six Days of Enduro (ISDE) will take place from 14-19 October, SCOTT Sports \u2013 as the official and exclusive event sponsor for goggles and eyewear \u2013 is delighted today to launch its special edition SCOTT 6DAYS\u00ae Spain Prospect goggle, which is available now.\" \/>\n<meta property=\"og:url\" content=\"https:\/\/2024.fim-6days.com\/es\/espana-da-la-bienvenida-oficial-a-los-noco-fim-6days-con-la-ceremonia-de-apertura\/\" \/>\n<meta property=\"og:site_name\" content=\"2024 spain\" \/>\n<meta property=\"article:publisher\" content=\"https:\/\/www.facebook.com\/FIMISDE\/\" \/>\n<meta property=\"article:published_time\" content=\"2024-10-14T14:29:31+00:00\" \/>\n<meta property=\"article:modified_time\" content=\"2024-10-14T14:30:28+00:00\" \/>\n<meta property=\"og:image\" content=\"https:\/\/2024.fim-6days.com\/wp-content\/uploads\/sites\/9\/2024\/10\/AZ90855.jpg\" \/>\n\t<meta property=\"og:image:width\" content=\"1600\" \/>\n\t<meta property=\"og:image:height\" content=\"1067\" \/>\n\t<meta property=\"og:image:type\" content=\"image\/jpeg\" \/>\n<meta name=\"author\" content=\"isalen\" \/>\n<meta name=\"twitter:card\" content=\"summary_large_image\" \/>\n<meta name=\"twitter:creator\" content=\"@fimisde\" \/>\n<meta name=\"twitter:site\" content=\"@fimisde\" \/>\n<meta name=\"twitter:label1\" content=\"Escrito por\" \/>\n\t<meta name=\"twitter:data1\" content=\"isalen\" \/>\n\t<meta name=\"twitter:label2\" content=\"Tiempo de lectura\" \/>\n\t<meta name=\"twitter:data2\" content=\"4 minutos\" \/>\n<script type=\"application\/ld+json\" class=\"yoast-schema-graph\">{\"@context\":\"https:\/\/schema.org\",\"@graph\":[{\"@type\":\"Article\",\"@id\":\"https:\/\/2024.fim-6days.com\/es\/espana-da-la-bienvenida-oficial-a-los-noco-fim-6days-con-la-ceremonia-de-apertura\/#article\",\"isPartOf\":{\"@id\":\"https:\/\/2024.fim-6days.com\/es\/espana-da-la-bienvenida-oficial-a-los-noco-fim-6days-con-la-ceremonia-de-apertura\/\"},\"author\":{\"name\":\"isalen\",\"@id\":\"https:\/\/2024.fim-6days.com\/#\/schema\/person\/fc80183700e96a22afb3f220ae03b32a\"},\"headline\":\"Espa\u00f1a da la bienvenida oficial a los NOCO FIM 6DAYS\u00ae con la ceremonia de apertura\",\"datePublished\":\"2024-10-14T14:29:31+00:00\",\"dateModified\":\"2024-10-14T14:30:28+00:00\",\"mainEntityOfPage\":{\"@id\":\"https:\/\/2024.fim-6days.com\/es\/espana-da-la-bienvenida-oficial-a-los-noco-fim-6days-con-la-ceremonia-de-apertura\/\"},\"wordCount\":1707,\"commentCount\":0,\"publisher\":{\"@id\":\"https:\/\/2024.fim-6days.com\/#organization\"},\"image\":{\"@id\":\"https:\/\/2024.fim-6days.com\/es\/espana-da-la-bienvenida-oficial-a-los-noco-fim-6days-con-la-ceremonia-de-apertura\/#primaryimage\"},\"thumbnailUrl\":\"https:\/\/2024.fim-6days.com\/wp-content\/uploads\/sites\/9\/2024\/10\/AZ90855.jpg\",\"articleSection\":[\"Before ISDE2024\",\"Noticias\"],\"inLanguage\":\"es\",\"potentialAction\":[{\"@type\":\"CommentAction\",\"name\":\"Comment\",\"target\":[\"https:\/\/2024.fim-6days.com\/es\/espana-da-la-bienvenida-oficial-a-los-noco-fim-6days-con-la-ceremonia-de-apertura\/#respond\"]}]},{\"@type\":\"WebPage\",\"@id\":\"https:\/\/2024.fim-6days.com\/es\/espana-da-la-bienvenida-oficial-a-los-noco-fim-6days-con-la-ceremonia-de-apertura\/\",\"url\":\"https:\/\/2024.fim-6days.com\/es\/espana-da-la-bienvenida-oficial-a-los-noco-fim-6days-con-la-ceremonia-de-apertura\/\",\"name\":\"Espa\u00f1a da la bienvenida oficial a los NOCO FIM 6DAYS\u00ae con la ceremonia de apertura - 2024 spain\",\"isPartOf\":{\"@id\":\"https:\/\/2024.fim-6days.com\/#website\"},\"primaryImageOfPage\":{\"@id\":\"https:\/\/2024.fim-6days.com\/es\/espana-da-la-bienvenida-oficial-a-los-noco-fim-6days-con-la-ceremonia-de-apertura\/#primaryimage\"},\"image\":{\"@id\":\"https:\/\/2024.fim-6days.com\/es\/espana-da-la-bienvenida-oficial-a-los-noco-fim-6days-con-la-ceremonia-de-apertura\/#primaryimage\"},\"thumbnailUrl\":\"https:\/\/2024.fim-6days.com\/wp-content\/uploads\/sites\/9\/2024\/10\/AZ90855.jpg\",\"datePublished\":\"2024-10-14T14:29:31+00:00\",\"dateModified\":\"2024-10-14T14:30:28+00:00\",\"description\":\"With global focus set to be centred on Silleda in the Galicia region of north-west Spain later in the year, where the 2024 FIM International Six Days of Enduro (ISDE) will take place from 14-19 October, SCOTT Sports \u2013 as the official and exclusive event sponsor for goggles and eyewear \u2013 is delighted today to launch its special edition SCOTT 6DAYS\u00ae Spain Prospect goggle, which is available now.\",\"breadcrumb\":{\"@id\":\"https:\/\/2024.fim-6days.com\/es\/espana-da-la-bienvenida-oficial-a-los-noco-fim-6days-con-la-ceremonia-de-apertura\/#breadcrumb\"},\"inLanguage\":\"es\",\"potentialAction\":[{\"@type\":\"ReadAction\",\"target\":[\"https:\/\/2024.fim-6days.com\/es\/espana-da-la-bienvenida-oficial-a-los-noco-fim-6days-con-la-ceremonia-de-apertura\/\"]}]},{\"@type\":\"ImageObject\",\"inLanguage\":\"es\",\"@id\":\"https:\/\/2024.fim-6days.com\/es\/espana-da-la-bienvenida-oficial-a-los-noco-fim-6days-con-la-ceremonia-de-apertura\/#primaryimage\",\"url\":\"https:\/\/2024.fim-6days.com\/wp-content\/uploads\/sites\/9\/2024\/10\/AZ90855.jpg\",\"contentUrl\":\"https:\/\/2024.fim-6days.com\/wp-content\/uploads\/sites\/9\/2024\/10\/AZ90855.jpg\",\"width\":1600,\"height\":1067,\"caption\":\"FIM International Six Days\u0092 Enduro - 98th Edition - Silleda-Galicia (Spain) - Opening Ceremony 12 October\"},{\"@type\":\"BreadcrumbList\",\"@id\":\"https:\/\/2024.fim-6days.com\/es\/espana-da-la-bienvenida-oficial-a-los-noco-fim-6days-con-la-ceremonia-de-apertura\/#breadcrumb\",\"itemListElement\":[{\"@type\":\"ListItem\",\"position\":1,\"name\":\"Home\",\"item\":\"https:\/\/2024.fim-6days.com\/es\/\"},{\"@type\":\"ListItem\",\"position\":2,\"name\":\"Espa\u00f1a da la bienvenida oficial a los NOCO FIM 6DAYS\u00ae con la ceremonia de apertura\"}]},{\"@type\":\"WebSite\",\"@id\":\"https:\/\/2024.fim-6days.com\/#website\",\"url\":\"https:\/\/2024.fim-6days.com\/\",\"name\":\"FIM ISDE 2021\",\"description\":\"FIM ISDE Official website\",\"publisher\":{\"@id\":\"https:\/\/2024.fim-6days.com\/#organization\"},\"potentialAction\":[{\"@type\":\"SearchAction\",\"target\":{\"@type\":\"EntryPoint\",\"urlTemplate\":\"https:\/\/2024.fim-6days.com\/?s={search_term_string}\"},\"query-input\":{\"@type\":\"PropertyValueSpecification\",\"valueRequired\":true,\"valueName\":\"search_term_string\"}}],\"inLanguage\":\"es\"},{\"@type\":\"Organization\",\"@id\":\"https:\/\/2024.fim-6days.com\/#organization\",\"name\":\"FIM - F\u00e9d\u00e9ration Internationale de Motocyclisme\",\"url\":\"https:\/\/2024.fim-6days.com\/\",\"logo\":{\"@type\":\"ImageObject\",\"inLanguage\":\"es\",\"@id\":\"https:\/\/2024.fim-6days.com\/#\/schema\/logo\/image\/\",\"url\":\"https:\/\/2024.fim-6days.com\/wp-content\/uploads\/sites\/9\/2019\/07\/LogoFIM-CMYK.png\",\"contentUrl\":\"https:\/\/2024.fim-6days.com\/wp-content\/uploads\/sites\/9\/2019\/07\/LogoFIM-CMYK.png\",\"width\":2608,\"height\":1833,\"caption\":\"FIM - F\u00e9d\u00e9ration Internationale de Motocyclisme\"},\"image\":{\"@id\":\"https:\/\/2024.fim-6days.com\/#\/schema\/logo\/image\/\"},\"sameAs\":[\"https:\/\/www.facebook.com\/FIMISDE\/\",\"https:\/\/x.com\/fimisde\",\"https:\/\/www.instagram.com\/fim_isde\/\"]},{\"@type\":\"Person\",\"@id\":\"https:\/\/2024.fim-6days.com\/#\/schema\/person\/fc80183700e96a22afb3f220ae03b32a\",\"name\":\"isalen\",\"image\":{\"@type\":\"ImageObject\",\"inLanguage\":\"es\",\"@id\":\"https:\/\/2024.fim-6days.com\/#\/schema\/person\/image\/\",\"url\":\"https:\/\/secure.gravatar.com\/avatar\/b498bfa446460353cfcc6e023d9c28e3e84ef3798b7f90c38b5d03254eed1837?s=96&d=mm&r=g\",\"contentUrl\":\"https:\/\/secure.gravatar.com\/avatar\/b498bfa446460353cfcc6e023d9c28e3e84ef3798b7f90c38b5d03254eed1837?s=96&d=mm&r=g\",\"caption\":\"isalen\"},\"url\":\"https:\/\/2024.fim-6days.com\/es\/author\/isalen\/\"}]}<\/script>\n<!-- \/ Yoast SEO plugin. -->","yoast_head_json":{"title":"Espa\u00f1a da la bienvenida oficial a los NOCO FIM 6DAYS\u00ae con la ceremonia de apertura - 2024 spain","description":"With global focus set to be centred on Silleda in the Galicia region of north-west Spain later in the year, where the 2024 FIM International Six Days of Enduro (ISDE) will take place from 14-19 October, SCOTT Sports \u2013 as the official and exclusive event sponsor for goggles and eyewear \u2013 is delighted today to launch its special edition SCOTT 6DAYS\u00ae Spain Prospect goggle, which is available now.","robots":{"index":"index","follow":"follow","max-snippet":"max-snippet:-1","max-image-preview":"max-image-preview:large","max-video-preview":"max-video-preview:-1"},"canonical":"https:\/\/2024.fim-6days.com\/es\/espana-da-la-bienvenida-oficial-a-los-noco-fim-6days-con-la-ceremonia-de-apertura\/","og_locale":"es_ES","og_type":"article","og_title":"Espa\u00f1a da la bienvenida oficial a los NOCO FIM 6DAYS\u00ae con la ceremonia de apertura - 2024 spain","og_description":"With global focus set to be centred on Silleda in the Galicia region of north-west Spain later in the year, where the 2024 FIM International Six Days of Enduro (ISDE) will take place from 14-19 October, SCOTT Sports \u2013 as the official and exclusive event sponsor for goggles and eyewear \u2013 is delighted today to launch its special edition SCOTT 6DAYS\u00ae Spain Prospect goggle, which is available now.","og_url":"https:\/\/2024.fim-6days.com\/es\/espana-da-la-bienvenida-oficial-a-los-noco-fim-6days-con-la-ceremonia-de-apertura\/","og_site_name":"2024 spain","article_publisher":"https:\/\/www.facebook.com\/FIMISDE\/","article_published_time":"2024-10-14T14:29:31+00:00","article_modified_time":"2024-10-14T14:30:28+00:00","og_image":[{"width":1600,"height":1067,"url":"https:\/\/2024.fim-6days.com\/wp-content\/uploads\/sites\/9\/2024\/10\/AZ90855.jpg","type":"image\/jpeg"}],"author":"isalen","twitter_card":"summary_large_image","twitter_creator":"@fimisde","twitter_site":"@fimisde","twitter_misc":{"Escrito por":"isalen","Tiempo de lectura":"4 minutos"},"schema":{"@context":"https:\/\/schema.org","@graph":[{"@type":"Article","@id":"https:\/\/2024.fim-6days.com\/es\/espana-da-la-bienvenida-oficial-a-los-noco-fim-6days-con-la-ceremonia-de-apertura\/#article","isPartOf":{"@id":"https:\/\/2024.fim-6days.com\/es\/espana-da-la-bienvenida-oficial-a-los-noco-fim-6days-con-la-ceremonia-de-apertura\/"},"author":{"name":"isalen","@id":"https:\/\/2024.fim-6days.com\/#\/schema\/person\/fc80183700e96a22afb3f220ae03b32a"},"headline":"Espa\u00f1a da la bienvenida oficial a los NOCO FIM 6DAYS\u00ae con la ceremonia de apertura","datePublished":"2024-10-14T14:29:31+00:00","dateModified":"2024-10-14T14:30:28+00:00","mainEntityOfPage":{"@id":"https:\/\/2024.fim-6days.com\/es\/espana-da-la-bienvenida-oficial-a-los-noco-fim-6days-con-la-ceremonia-de-apertura\/"},"wordCount":1707,"commentCount":0,"publisher":{"@id":"https:\/\/2024.fim-6days.com\/#organization"},"image":{"@id":"https:\/\/2024.fim-6days.com\/es\/espana-da-la-bienvenida-oficial-a-los-noco-fim-6days-con-la-ceremonia-de-apertura\/#primaryimage"},"thumbnailUrl":"https:\/\/2024.fim-6days.com\/wp-content\/uploads\/sites\/9\/2024\/10\/AZ90855.jpg","articleSection":["Before ISDE2024","Noticias"],"inLanguage":"es","potentialAction":[{"@type":"CommentAction","name":"Comment","target":["https:\/\/2024.fim-6days.com\/es\/espana-da-la-bienvenida-oficial-a-los-noco-fim-6days-con-la-ceremonia-de-apertura\/#respond"]}]},{"@type":"WebPage","@id":"https:\/\/2024.fim-6days.com\/es\/espana-da-la-bienvenida-oficial-a-los-noco-fim-6days-con-la-ceremonia-de-apertura\/","url":"https:\/\/2024.fim-6days.com\/es\/espana-da-la-bienvenida-oficial-a-los-noco-fim-6days-con-la-ceremonia-de-apertura\/","name":"Espa\u00f1a da la bienvenida oficial a los NOCO FIM 6DAYS\u00ae con la ceremonia de apertura - 2024 spain","isPartOf":{"@id":"https:\/\/2024.fim-6days.com\/#website"},"primaryImageOfPage":{"@id":"https:\/\/2024.fim-6days.com\/es\/espana-da-la-bienvenida-oficial-a-los-noco-fim-6days-con-la-ceremonia-de-apertura\/#primaryimage"},"image":{"@id":"https:\/\/2024.fim-6days.com\/es\/espana-da-la-bienvenida-oficial-a-los-noco-fim-6days-con-la-ceremonia-de-apertura\/#primaryimage"},"thumbnailUrl":"https:\/\/2024.fim-6days.com\/wp-content\/uploads\/sites\/9\/2024\/10\/AZ90855.jpg","datePublished":"2024-10-14T14:29:31+00:00","dateModified":"2024-10-14T14:30:28+00:00","description":"With global focus set to be centred on Silleda in the Galicia region of north-west Spain later in the year, where the 2024 FIM International Six Days of Enduro (ISDE) will take place from 14-19 October, SCOTT Sports \u2013 as the official and exclusive event sponsor for goggles and eyewear \u2013 is delighted today to launch its special edition SCOTT 6DAYS\u00ae Spain Prospect goggle, which is available now.","breadcrumb":{"@id":"https:\/\/2024.fim-6days.com\/es\/espana-da-la-bienvenida-oficial-a-los-noco-fim-6days-con-la-ceremonia-de-apertura\/#breadcrumb"},"inLanguage":"es","potentialAction":[{"@type":"ReadAction","target":["https:\/\/2024.fim-6days.com\/es\/espana-da-la-bienvenida-oficial-a-los-noco-fim-6days-con-la-ceremonia-de-apertura\/"]}]},{"@type":"ImageObject","inLanguage":"es","@id":"https:\/\/2024.fim-6days.com\/es\/espana-da-la-bienvenida-oficial-a-los-noco-fim-6days-con-la-ceremonia-de-apertura\/#primaryimage","url":"https:\/\/2024.fim-6days.com\/wp-content\/uploads\/sites\/9\/2024\/10\/AZ90855.jpg","contentUrl":"https:\/\/2024.fim-6days.com\/wp-content\/uploads\/sites\/9\/2024\/10\/AZ90855.jpg","width":1600,"height":1067,"caption":"FIM International Six Days\u0092 Enduro - 98th Edition - Silleda-Galicia (Spain) - Opening Ceremony 12 October"},{"@type":"BreadcrumbList","@id":"https:\/\/2024.fim-6days.com\/es\/espana-da-la-bienvenida-oficial-a-los-noco-fim-6days-con-la-ceremonia-de-apertura\/#breadcrumb","itemListElement":[{"@type":"ListItem","position":1,"name":"Home","item":"https:\/\/2024.fim-6days.com\/es\/"},{"@type":"ListItem","position":2,"name":"Espa\u00f1a da la bienvenida oficial a los NOCO FIM 6DAYS\u00ae con la ceremonia de apertura"}]},{"@type":"WebSite","@id":"https:\/\/2024.fim-6days.com\/#website","url":"https:\/\/2024.fim-6days.com\/","name":"FIM ISDE 2021","description":"FIM ISDE Official website","publisher":{"@id":"https:\/\/2024.fim-6days.com\/#organization"},"potentialAction":[{"@type":"SearchAction","target":{"@type":"EntryPoint","urlTemplate":"https:\/\/2024.fim-6days.com\/?s={search_term_string}"},"query-input":{"@type":"PropertyValueSpecification","valueRequired":true,"valueName":"search_term_string"}}],"inLanguage":"es"},{"@type":"Organization","@id":"https:\/\/2024.fim-6days.com\/#organization","name":"FIM - F\u00e9d\u00e9ration Internationale de Motocyclisme","url":"https:\/\/2024.fim-6days.com\/","logo":{"@type":"ImageObject","inLanguage":"es","@id":"https:\/\/2024.fim-6days.com\/#\/schema\/logo\/image\/","url":"https:\/\/2024.fim-6days.com\/wp-content\/uploads\/sites\/9\/2019\/07\/LogoFIM-CMYK.png","contentUrl":"https:\/\/2024.fim-6days.com\/wp-content\/uploads\/sites\/9\/2019\/07\/LogoFIM-CMYK.png","width":2608,"height":1833,"caption":"FIM - F\u00e9d\u00e9ration Internationale de Motocyclisme"},"image":{"@id":"https:\/\/2024.fim-6days.com\/#\/schema\/logo\/image\/"},"sameAs":["https:\/\/www.facebook.com\/FIMISDE\/","https:\/\/x.com\/fimisde","https:\/\/www.instagram.com\/fim_isde\/"]},{"@type":"Person","@id":"https:\/\/2024.fim-6days.com\/#\/schema\/person\/fc80183700e96a22afb3f220ae03b32a","name":"isalen","image":{"@type":"ImageObject","inLanguage":"es","@id":"https:\/\/2024.fim-6days.com\/#\/schema\/person\/image\/","url":"https:\/\/secure.gravatar.com\/avatar\/b498bfa446460353cfcc6e023d9c28e3e84ef3798b7f90c38b5d03254eed1837?s=96&d=mm&r=g","contentUrl":"https:\/\/secure.gravatar.com\/avatar\/b498bfa446460353cfcc6e023d9c28e3e84ef3798b7f90c38b5d03254eed1837?s=96&d=mm&r=g","caption":"isalen"},"url":"https:\/\/2024.fim-6days.com\/es\/author\/isalen\/"}]}},"_links":{"self":[{"href":"https:\/\/2024.fim-6days.com\/es\/wp-json\/wp\/v2\/posts\/50688","targetHints":{"allow":["GET"]}}],"collection":[{"href":"https:\/\/2024.fim-6days.com\/es\/wp-json\/wp\/v2\/posts"}],"about":[{"href":"https:\/\/2024.fim-6days.com\/es\/wp-json\/wp\/v2\/types\/post"}],"author":[{"embeddable":true,"href":"https:\/\/2024.fim-6days.com\/es\/wp-json\/wp\/v2\/users\/14"}],"replies":[{"embeddable":true,"href":"https:\/\/2024.fim-6days.com\/es\/wp-json\/wp\/v2\/comments?post=50688"}],"version-history":[{"count":2,"href":"https:\/\/2024.fim-6days.com\/es\/wp-json\/wp\/v2\/posts\/50688\/revisions"}],"predecessor-version":[{"id":50692,"href":"https:\/\/2024.fim-6days.com\/es\/wp-json\/wp\/v2\/posts\/50688\/revisions\/50692"}],"wp:featuredmedia":[{"embeddable":true,"href":"https:\/\/2024.fim-6days.com\/es\/wp-json\/wp\/v2\/media\/50673"}],"wp:attachment":[{"href":"https:\/\/2024.fim-6days.com\/es\/wp-json\/wp\/v2\/media?parent=50688"}],"wp:term":[{"taxonomy":"category","embeddable":true,"href":"https:\/\/2024.fim-6days.com\/es\/wp-json\/wp\/v2\/categories?post=50688"},{"taxonomy":"post_tag","embeddable":true,"href":"https:\/\/2024.fim-6days.com\/es\/wp-json\/wp\/v2\/tags?post=50688"}],"curies":[{"name":"wp","href":"https:\/\/api.w.org\/{rel}","templated":true}]}}