{"id":50683,"date":"2024-10-14T16:24:51","date_gmt":"2024-10-14T14:24:51","guid":{"rendered":"https:\/\/2024.fim-6days.com\/stage-set-for-noco-fim-6days-to-begin-in-galicia-spain\/"},"modified":"2024-10-14T16:28:14","modified_gmt":"2024-10-14T14:28:14","slug":"comienza-la-noco-fim-6days-en-galicia-espana","status":"publish","type":"post","link":"https:\/\/2024.fim-6days.com\/es\/comienza-la-noco-fim-6days-en-galicia-espana\/","title":{"rendered":"Comienza la NOCO FIM 6DAYS\u00ae en Galicia, Espa\u00f1a"},"content":{"rendered":"<p><div class=\"fusion-fullwidth fullwidth-box fusion-builder-row-1 fusion-flex-container nonhundred-percent-fullwidth non-hundred-percent-height-scrolling\" style=\"--awb-border-radius-top-left:0px;--awb-border-radius-top-right:0px;--awb-border-radius-bottom-right:0px;--awb-border-radius-bottom-left:0px;--awb-padding-top:0px;--awb-padding-bottom:0px;--awb-flex-wrap:wrap;\" ><div class=\"fusion-builder-row fusion-row fusion-flex-align-items-flex-start fusion-flex-content-wrap\" style=\"max-width:1248px;margin-left: calc(-4% \/ 2 );margin-right: calc(-4% \/ 2 );\"><div class=\"fusion-layout-column fusion_builder_column fusion-builder-column-0 fusion_builder_column_1_1 1_1 fusion-flex-column\" style=\"--awb-padding-top:0px;--awb-padding-bottom:0px;--awb-bg-size:cover;--awb-width-large:100%;--awb-margin-top-large:0px;--awb-spacing-right-large:1.92%;--awb-margin-bottom-large:0px;--awb-spacing-left-large:1.92%;--awb-width-medium:100%;--awb-order-medium:0;--awb-spacing-right-medium:1.92%;--awb-spacing-left-medium:1.92%;--awb-width-small:100%;--awb-order-small:0;--awb-spacing-right-small:1.92%;--awb-spacing-left-small:1.92%;\"><div class=\"fusion-column-wrapper fusion-column-has-shadow fusion-flex-justify-content-flex-start fusion-content-layout-column\"><div class=\"fusion-text fusion-text-1\" style=\"--awb-text-transform:none;\"><p><strong>Con los mejores pilotos de enduro del mundo reunidos, ha llegado el momento de que comiencen los NOCO FIM 6DAYS\u00ae en Galicia, Espa\u00f1a. M\u00e1s de quinientos cincuenta competidores de m\u00e1s de treinta pa\u00edses est\u00e1n listos para tomar la salida en Silleda para la nonag\u00e9simo octava edici\u00f3n de los Seis D\u00edas Internacionales de Enduro FIM (ISDE) del 14 al 19 de octubre.<\/strong><\/p>\n<ul>\n<li><strong>Galicia, Espa\u00f1a, acoger\u00e1 la nonag\u00e9sima octava edici\u00f3n de los NOCO FIM 6DAYS<\/strong><\/li>\n<li><strong>Cientos de competidores de m\u00e1s de treinta pa\u00edses tomar\u00e1n parte en la prueba<\/strong><\/li>\n<li><strong>Estados Unidos parte como vigente campe\u00f3n del Trofeo Mundial FIM<\/strong><\/li>\n<\/ul>\n<p>Una vez finalizados los preparativos para la edici\u00f3n de este a\u00f1o del NOCO FIM 6DAYS\u00ae, el NOCO Parc Ferm\u00e9 de Silleda <strong>rebosa de emoci\u00f3n mientras competidores de pa\u00edses de todo el mundo se preparan para la carrera<\/strong> de una semana de duraci\u00f3n.<\/p>\n<p>Para dar el pistoletazo de salida, la cercana <strong>Santiago de Compostela acoger\u00e1 la ceremonia de apertura el s\u00e1bado 12 de octubre<\/strong>. Declarada Patrimonio de la Humanidad por la UNESCO, competidores, familiares y amigos, as\u00ed como los medios de comunicaci\u00f3n de todo el mundo, se reunir\u00e1n frente a la catedral, en la Praza do Obradoiro, <strong>para celebrar el evento offroad m\u00e1s antiguo del calendario de la FIM<\/strong>.<\/p>\n<p>Despu\u00e9s de numerosas ediciones secas y polvorientas de los NOCO FIM 6DAYS\u00ae, <strong>los competidores esperan una carrera h\u00fameda y embarrada, con previsiones meteorol\u00f3gicas a largo plazo que pronostican condiciones inestables<\/strong> durante toda la semana. Prometiendo ser una desafiante prueba de enduro, los cuatro recorridos \u00fanicos proporcionar\u00e1n una verdadera prueba del terreno gallego que los rodea.<\/p>\n<p>Para facilitar la adaptaci\u00f3n de los corredores a la carrera de este a\u00f1o, <strong>los d\u00edas uno y dos contar\u00e1n con el mismo bucle, mientras que los d\u00edas tres, cuatro y cinco presentar\u00e1n cada d\u00eda un nuevo bucle<\/strong> que ir\u00e1 aumentando en dificultad. Por \u00faltimo, la carrera concluye el sexto d\u00eda con el Final Cross Test Galicia, cerca del NOCO Parc Ferm\u00e9 de Silleda.<\/p>\n<p>Durante los d\u00edas uno y dos, <strong>el bucle de Santiago lleva a los competidores al noroeste de Silleda<\/strong>, cerca de Santiago de Compostela. Con ciento veinticinco kil\u00f3metros de longitud, se recorrer\u00e1 dos veces cada d\u00eda. <strong>El bucle de A Estrada del tercer d\u00eda ser\u00e1 el recorrido m\u00e1s largo de la semana<\/strong>, con ciento cuarenta y cinco kil\u00f3metros, y llevar\u00e1 a los corredores al suroeste de Silleda. Con dos vueltas y un total de seis pruebas especiales para completar en el d\u00eda, ser\u00e1 un reto exigente llegar al ecuador de los NOCO FIM 6DAYS\u00ae de este a\u00f1o.<\/p>\n<p>Sobre el papel, <strong>el trazado Vilatuxe-Lalin del cuarto d\u00eda es el m\u00e1s corto, con s\u00f3lo ciento seis kil\u00f3metros<\/strong>. Sin embargo, las dos vueltas a este recorrido, que ofrece muchos cambios de elevaci\u00f3n a medida que los pilotos atraviesan terreno monta\u00f1oso, seguir\u00e1n poniendo a prueba a los pilotos.<\/p>\n<p>Un hito bienvenido en cualquier NOCO FIM 6DAYS\u00ae, <strong>el quinto d\u00eda marca el pen\u00faltimo d\u00eda de carrera<\/strong> y el \u00faltimo d\u00eda completo sobre el sill\u00edn. Sin embargo, <strong>Orense-O Irixo<\/strong>, considerado el recorrido m\u00e1s dif\u00edcil de la semana, <strong>exigir\u00e1 la m\u00e1xima concentraci\u00f3n<\/strong>. Con ciento treinta y cuatro kil\u00f3metros de longitud, sigue una ruta similar a la del d\u00eda anterior, antes de <strong>aventurarse por nuevos senderos.<\/strong> Con doscientos sesenta y ocho kil\u00f3metros de duro recorrido, los corredores habr\u00e1n completado <strong>docecientos setenta kil\u00f3metros <\/strong>al llegar al NOCO Parc Ferm\u00e9 al final de quinto d\u00eda.<\/p>\n<p>Como es tradici\u00f3n, el sexto d\u00eda se celebrar\u00e1 el <strong>Final Cross Test Galicia, que completar\u00e1 los 6DAYS\u00ae NOCO FIM de este a\u00f1o<\/strong>. Situada junto al paddock de Silleda, los competidores agradecer\u00e1n el corto traslado hasta el circuito. <strong>Ante miles de espectadores y aficionados, los pilotos luchar\u00e1n por \u00faltima vez <\/strong>por un puesto en el podio del Trofeo del Mundo y del Club Team Awards, antes de celebrarlo hasta bien entrada la noche con la GASGAS 6DAYS PARTY.<\/p>\n<p><strong>Estados Unidos, listo para defender su corona en el Trofeo Mundial<\/strong><\/p>\n<p>Como defensores del t\u00edtulo de campeones del Trofeo del Mundo, <strong>Estados Unidos tienen la vista puesta en revalidar su t\u00edtulo<\/strong> en Galicia. Una s\u00f3lida alineaci\u00f3n, <strong>en la que figuran dos campeones nacionales<\/strong>, garantiza que Estados Unidos saldr\u00e1 a por todo el lunes por la ma\u00f1ana. Sin embargo, con dieciocho naciones compitiendo en la categor\u00eda World Trophy, <strong>la lucha por un puesto en el podio final estar\u00e1 muy re\u00f1ida.<\/strong><\/p>\n<p><strong>Francia<\/strong>, que se proclam\u00f3 subcampeona tras Estados Unidos en 2023, <strong>intentar\u00e1 superarse en Galicia. <\/strong>Como es natural, Francia prefiere las condiciones de enduro h\u00famedas y embarradas, y agradecer\u00e1 la lluvia en Silleda. <strong>Tambi\u00e9n lo har\u00e1 Gran Breta\u00f1a<\/strong>. Terceros en los NOCO FIM 6DAYS\u00ae del a\u00f1o pasado y vencedores en 2022, intentar\u00e1n arrancar con fuerza.<\/p>\n<p>Con el <strong>apoyo de su propio pa\u00eds<\/strong>, Espa\u00f1a saldr\u00e1 a por todas el primer d\u00eda. Liderados por el Campe\u00f3n del Mundo FIM de EnduroGP 2024, <strong>Josep Garc\u00eda (KTM)<\/strong>, Galicia podr\u00eda ser el lugar donde finalmente alcancen el escal\u00f3n m\u00e1s alto del podio del Trofeo Mundial NOCO FIM 6DAYS\u00ae. Si a\u00f1adimos a Italia, Australia, Portugal, Brasil, Finlandia y Suecia a la mezcla, entre otros, <strong>el escenario est\u00e1 preparado para una emocionante carrera del Trofeo Mundial <\/strong>en Espa\u00f1a.<\/p>\n<p>En el <strong>Trofeo Mundial Femenino<\/strong>, Estados Unidos parte tambi\u00e9n como defensor del t\u00edtulo. Once equipos se alinear\u00e1n en la rampa de salida del NOCO Parc Ferm\u00e9 el lunes por la ma\u00f1ana. Preparada para desafiar a las ganadoras del a\u00f1o pasado, <strong>Australia tendr\u00e1 sin duda claras intenciones de ganar<\/strong>. Formada por una mezcla de pilotos r\u00e1pidos y con una amplia experiencia, intentar\u00e1 conseguir su s\u00e9ptima corona mundial en Galicia.<\/p>\n<p>Liderada por la reci\u00e9n coronada Campeona del Mundo de Enduro Femenino de la FIM, <strong>Mireia Badia (Rieju), Espa\u00f1a intentar\u00e1 desafiar a Estados Unidos y Australia en casa<\/strong>. Francia, Gran Breta\u00f1a, Nueva Zelanda, Italia y Suecia ser\u00e1n todas candidatas al podio en Espa\u00f1a.<\/p>\n<p>Tradicionalmente dif\u00edcil de predecir, <strong>la categor\u00eda Junior World Trophy cuenta con los mejores j\u00f3venes talentos del enduro mundial<\/strong>. Francia comenzar\u00e1 su semana como defensora del t\u00edtulo, tras haber subido a lo m\u00e1s alto del podio el a\u00f1o pasado en Argentina, por delante de Estados Unidos y Suecia. Las tres naciones volver\u00e1n a luchar por las medallas en 2024, mientras que <strong>Suecia buscar\u00e1 redimirse tras haber perdido el liderato de la carrera en el Final Cross Test del a\u00f1o pasado<\/strong>. Italia, Espa\u00f1a, Australia, Chile y Gran Breta\u00f1a suponen una amenaza para el tr\u00edo de cabeza.<\/p>\n<p>Como es habitual, la important\u00edsima categor\u00eda <strong>Club Team Awards (CTA)<\/strong> acapara la mayor parte de la lista de inscritos en los nonag\u00e9simo octavos NOCO FIM 6DAYS\u00ae. Ciento treinta y ocho equipos de todas las categor\u00edas CTA se han inscrito con <strong>cientos de apasionados pilotos aficionados y amateurs de todo el mundo<\/strong>. <strong>Como novedad para 2024, nueve equipos de Club de Veteranos y dos equipos de Club Femenino competir\u00e1n en Espa\u00f1a<\/strong>.<\/p>\n<p><strong>Sigue toda la acci\u00f3n en directo de los NOCO FIM 6DAYS<\/strong><\/p>\n<p>A lo largo de los NOCO FIM 6DAYS\u00ae, FIM-MOTO.TV ofrecer\u00e1 cobertura de la carrera de este a\u00f1o con <strong>NOCO 6DAYS\u00ae Live Streaming<\/strong>, incluido el <strong>6DAYS\u00ae MOTUL Studio Show<\/strong>. Del primer al quinto d\u00eda, se retransmitir\u00e1 en directo la prueba final de cross, antes de que el 6DAYS\u00ae MOTUL Studio Show, <strong>presentado por Paul Malin<\/strong>, ofrezca una visi\u00f3n en profundidad de las <strong>noticias m\u00e1s destacadas del d\u00eda,<\/strong> junto con entrevistas a los pilotos m\u00e1s destacados, y mucho m\u00e1s. El sexto y \u00faltimo d\u00eda de carreras, el <strong>Final Cross Test Galicia, se retransmitir\u00e1 en directo a trav\u00e9s de FIM-MOTO.TV<\/strong>.<\/p>\n<p>El acceso a este servicio de streaming estar\u00e1 disponible al precio especial de 6\u20ac para retransmitir en directo los 6DAYS\u00ae (streaming en directo del primer al quinto d\u00eda) o 10,90\u20ac para el paquete Premium Pass de seis d\u00edas. <strong>Se puede encontrar informaci\u00f3n detallada sobre la retransmisi\u00f3n en directo en FIM-MOTO.TV en la p\u00e1gina dedicada a los 6DAYS: https:\/\/fim-moto.tv\/fim_isde<\/strong>.<\/p>\n<p><strong>La nonag\u00e9sima octava edici\u00f3n de los NOCO FIM 6DAYS\u00ae tendr\u00e1 lugar en Galicia, Espa\u00f1a, del 14 al 19 de octubre.<\/strong><\/p>\n<\/div><\/div><\/div><\/div><\/div><div class=\"fusion-fullwidth fullwidth-box fusion-builder-row-2 fusion-flex-container has-pattern-background has-mask-background nonhundred-percent-fullwidth non-hundred-percent-height-scrolling\" style=\"--awb-border-radius-top-left:0px;--awb-border-radius-top-right:0px;--awb-border-radius-bottom-right:0px;--awb-border-radius-bottom-left:0px;--awb-flex-wrap:wrap;\" ><div class=\"fusion-builder-row fusion-row fusion-flex-align-items-flex-start fusion-flex-content-wrap\" style=\"max-width:1248px;margin-left: calc(-4% \/ 2 );margin-right: calc(-4% \/ 2 );\"><div class=\"fusion-layout-column fusion_builder_column fusion-builder-column-1 fusion_builder_column_1_1 1_1 fusion-flex-column\" style=\"--awb-bg-size:cover;--awb-width-large:100%;--awb-margin-top-large:0px;--awb-spacing-right-large:1.92%;--awb-margin-bottom-large:20px;--awb-spacing-left-large:1.92%;--awb-width-medium:100%;--awb-order-medium:0;--awb-spacing-right-medium:1.92%;--awb-spacing-left-medium:1.92%;--awb-width-small:100%;--awb-order-small:0;--awb-spacing-right-small:1.92%;--awb-spacing-left-small:1.92%;\"><div class=\"fusion-column-wrapper fusion-column-has-shadow fusion-flex-justify-content-flex-start fusion-content-layout-column\"><div class=\"fusion-separator fusion-full-width-sep\" style=\"align-self: center;margin-left: auto;margin-right: auto;margin-bottom:20px;width:100%;\"><\/div>\n<\/div><\/div><\/div><\/div><\/p>\n","protected":false},"excerpt":{"rendered":"","protected":false},"author":14,"featured_media":50622,"comment_status":"closed","ping_status":"closed","sticky":false,"template":"","format":"standard","meta":{"inline_featured_image":false,"footnotes":""},"categories":[155,108],"tags":[],"class_list":["post-50683","post","type-post","status-publish","format-standard","has-post-thumbnail","hentry","category-before-isde2024-es","category-news-es"],"yoast_head":"<!-- This site is optimized with the Yoast SEO plugin v25.6 - https:\/\/yoast.com\/wordpress\/plugins\/seo\/ -->\n<title>Comienza la NOCO FIM 6DAYS\u00ae en Galicia, Espa\u00f1a - 2024 spain<\/title>\n<meta name=\"description\" content=\"With global focus set to be centred on Silleda in the Galicia region of north-west Spain later in the year, where the 2024 FIM International Six Days of Enduro (ISDE) will take place from 14-19 October, SCOTT Sports \u2013 as the official and exclusive event sponsor for goggles and eyewear \u2013 is delighted today to launch its special edition SCOTT 6DAYS\u00ae Spain Prospect goggle, which is available now.\" \/>\n<meta name=\"robots\" content=\"index, follow, max-snippet:-1, max-image-preview:large, max-video-preview:-1\" \/>\n<link rel=\"canonical\" href=\"https:\/\/2024.fim-6days.com\/es\/comienza-la-noco-fim-6days-en-galicia-espana\/\" \/>\n<meta property=\"og:locale\" content=\"es_ES\" \/>\n<meta property=\"og:type\" content=\"article\" \/>\n<meta property=\"og:title\" content=\"Comienza la NOCO FIM 6DAYS\u00ae en Galicia, Espa\u00f1a - 2024 spain\" \/>\n<meta property=\"og:description\" content=\"With global focus set to be centred on Silleda in the Galicia region of north-west Spain later in the year, where the 2024 FIM International Six Days of Enduro (ISDE) will take place from 14-19 October, SCOTT Sports \u2013 as the official and exclusive event sponsor for goggles and eyewear \u2013 is delighted today to launch its special edition SCOTT 6DAYS\u00ae Spain Prospect goggle, which is available now.\" \/>\n<meta property=\"og:url\" content=\"https:\/\/2024.fim-6days.com\/es\/comienza-la-noco-fim-6days-en-galicia-espana\/\" \/>\n<meta property=\"og:site_name\" content=\"2024 spain\" \/>\n<meta property=\"article:publisher\" content=\"https:\/\/www.facebook.com\/FIMISDE\/\" \/>\n<meta property=\"article:published_time\" content=\"2024-10-14T14:24:51+00:00\" \/>\n<meta property=\"article:modified_time\" content=\"2024-10-14T14:28:14+00:00\" \/>\n<meta property=\"og:image\" content=\"https:\/\/2024.fim-6days.com\/wp-content\/uploads\/sites\/9\/2024\/10\/231111_ISDE_2023_Argentina_1551.jpg\" \/>\n\t<meta property=\"og:image:width\" content=\"1600\" \/>\n\t<meta property=\"og:image:height\" content=\"1067\" \/>\n\t<meta property=\"og:image:type\" content=\"image\/jpeg\" \/>\n<meta name=\"author\" content=\"isalen\" \/>\n<meta name=\"twitter:card\" content=\"summary_large_image\" \/>\n<meta name=\"twitter:creator\" content=\"@fimisde\" \/>\n<meta name=\"twitter:site\" content=\"@fimisde\" \/>\n<meta name=\"twitter:label1\" content=\"Escrito por\" \/>\n\t<meta name=\"twitter:data1\" content=\"isalen\" \/>\n\t<meta name=\"twitter:label2\" content=\"Tiempo de lectura\" \/>\n\t<meta name=\"twitter:data2\" content=\"8 minutos\" \/>\n<script type=\"application\/ld+json\" class=\"yoast-schema-graph\">{\"@context\":\"https:\/\/schema.org\",\"@graph\":[{\"@type\":\"Article\",\"@id\":\"https:\/\/2024.fim-6days.com\/es\/comienza-la-noco-fim-6days-en-galicia-espana\/#article\",\"isPartOf\":{\"@id\":\"https:\/\/2024.fim-6days.com\/es\/comienza-la-noco-fim-6days-en-galicia-espana\/\"},\"author\":{\"name\":\"isalen\",\"@id\":\"https:\/\/2024.fim-6days.com\/#\/schema\/person\/fc80183700e96a22afb3f220ae03b32a\"},\"headline\":\"Comienza la NOCO FIM 6DAYS\u00ae en Galicia, Espa\u00f1a\",\"datePublished\":\"2024-10-14T14:24:51+00:00\",\"dateModified\":\"2024-10-14T14:28:14+00:00\",\"mainEntityOfPage\":{\"@id\":\"https:\/\/2024.fim-6days.com\/es\/comienza-la-noco-fim-6days-en-galicia-espana\/\"},\"wordCount\":2809,\"publisher\":{\"@id\":\"https:\/\/2024.fim-6days.com\/#organization\"},\"image\":{\"@id\":\"https:\/\/2024.fim-6days.com\/es\/comienza-la-noco-fim-6days-en-galicia-espana\/#primaryimage\"},\"thumbnailUrl\":\"https:\/\/2024.fim-6days.com\/wp-content\/uploads\/sites\/9\/2024\/10\/231111_ISDE_2023_Argentina_1551.jpg\",\"articleSection\":[\"Before ISDE2024\",\"Noticias\"],\"inLanguage\":\"es\"},{\"@type\":\"WebPage\",\"@id\":\"https:\/\/2024.fim-6days.com\/es\/comienza-la-noco-fim-6days-en-galicia-espana\/\",\"url\":\"https:\/\/2024.fim-6days.com\/es\/comienza-la-noco-fim-6days-en-galicia-espana\/\",\"name\":\"Comienza la NOCO FIM 6DAYS\u00ae en Galicia, Espa\u00f1a - 2024 spain\",\"isPartOf\":{\"@id\":\"https:\/\/2024.fim-6days.com\/#website\"},\"primaryImageOfPage\":{\"@id\":\"https:\/\/2024.fim-6days.com\/es\/comienza-la-noco-fim-6days-en-galicia-espana\/#primaryimage\"},\"image\":{\"@id\":\"https:\/\/2024.fim-6days.com\/es\/comienza-la-noco-fim-6days-en-galicia-espana\/#primaryimage\"},\"thumbnailUrl\":\"https:\/\/2024.fim-6days.com\/wp-content\/uploads\/sites\/9\/2024\/10\/231111_ISDE_2023_Argentina_1551.jpg\",\"datePublished\":\"2024-10-14T14:24:51+00:00\",\"dateModified\":\"2024-10-14T14:28:14+00:00\",\"description\":\"With global focus set to be centred on Silleda in the Galicia region of north-west Spain later in the year, where the 2024 FIM International Six Days of Enduro (ISDE) will take place from 14-19 October, SCOTT Sports \u2013 as the official and exclusive event sponsor for goggles and eyewear \u2013 is delighted today to launch its special edition SCOTT 6DAYS\u00ae Spain Prospect goggle, which is available now.\",\"breadcrumb\":{\"@id\":\"https:\/\/2024.fim-6days.com\/es\/comienza-la-noco-fim-6days-en-galicia-espana\/#breadcrumb\"},\"inLanguage\":\"es\",\"potentialAction\":[{\"@type\":\"ReadAction\",\"target\":[\"https:\/\/2024.fim-6days.com\/es\/comienza-la-noco-fim-6days-en-galicia-espana\/\"]}]},{\"@type\":\"ImageObject\",\"inLanguage\":\"es\",\"@id\":\"https:\/\/2024.fim-6days.com\/es\/comienza-la-noco-fim-6days-en-galicia-espana\/#primaryimage\",\"url\":\"https:\/\/2024.fim-6days.com\/wp-content\/uploads\/sites\/9\/2024\/10\/231111_ISDE_2023_Argentina_1551.jpg\",\"contentUrl\":\"https:\/\/2024.fim-6days.com\/wp-content\/uploads\/sites\/9\/2024\/10\/231111_ISDE_2023_Argentina_1551.jpg\",\"width\":1600,\"height\":1067,\"caption\":\"2023 International Six Days Enduro \u0096 San Juan \u0096 Argentina\"},{\"@type\":\"BreadcrumbList\",\"@id\":\"https:\/\/2024.fim-6days.com\/es\/comienza-la-noco-fim-6days-en-galicia-espana\/#breadcrumb\",\"itemListElement\":[{\"@type\":\"ListItem\",\"position\":1,\"name\":\"Home\",\"item\":\"https:\/\/2024.fim-6days.com\/es\/\"},{\"@type\":\"ListItem\",\"position\":2,\"name\":\"Comienza la NOCO FIM 6DAYS\u00ae en Galicia, Espa\u00f1a\"}]},{\"@type\":\"WebSite\",\"@id\":\"https:\/\/2024.fim-6days.com\/#website\",\"url\":\"https:\/\/2024.fim-6days.com\/\",\"name\":\"FIM ISDE 2021\",\"description\":\"FIM ISDE Official website\",\"publisher\":{\"@id\":\"https:\/\/2024.fim-6days.com\/#organization\"},\"potentialAction\":[{\"@type\":\"SearchAction\",\"target\":{\"@type\":\"EntryPoint\",\"urlTemplate\":\"https:\/\/2024.fim-6days.com\/?s={search_term_string}\"},\"query-input\":{\"@type\":\"PropertyValueSpecification\",\"valueRequired\":true,\"valueName\":\"search_term_string\"}}],\"inLanguage\":\"es\"},{\"@type\":\"Organization\",\"@id\":\"https:\/\/2024.fim-6days.com\/#organization\",\"name\":\"FIM - F\u00e9d\u00e9ration Internationale de Motocyclisme\",\"url\":\"https:\/\/2024.fim-6days.com\/\",\"logo\":{\"@type\":\"ImageObject\",\"inLanguage\":\"es\",\"@id\":\"https:\/\/2024.fim-6days.com\/#\/schema\/logo\/image\/\",\"url\":\"https:\/\/2024.fim-6days.com\/wp-content\/uploads\/sites\/9\/2019\/07\/LogoFIM-CMYK.png\",\"contentUrl\":\"https:\/\/2024.fim-6days.com\/wp-content\/uploads\/sites\/9\/2019\/07\/LogoFIM-CMYK.png\",\"width\":2608,\"height\":1833,\"caption\":\"FIM - F\u00e9d\u00e9ration Internationale de Motocyclisme\"},\"image\":{\"@id\":\"https:\/\/2024.fim-6days.com\/#\/schema\/logo\/image\/\"},\"sameAs\":[\"https:\/\/www.facebook.com\/FIMISDE\/\",\"https:\/\/x.com\/fimisde\",\"https:\/\/www.instagram.com\/fim_isde\/\"]},{\"@type\":\"Person\",\"@id\":\"https:\/\/2024.fim-6days.com\/#\/schema\/person\/fc80183700e96a22afb3f220ae03b32a\",\"name\":\"isalen\",\"image\":{\"@type\":\"ImageObject\",\"inLanguage\":\"es\",\"@id\":\"https:\/\/2024.fim-6days.com\/#\/schema\/person\/image\/\",\"url\":\"https:\/\/secure.gravatar.com\/avatar\/b498bfa446460353cfcc6e023d9c28e3e84ef3798b7f90c38b5d03254eed1837?s=96&d=mm&r=g\",\"contentUrl\":\"https:\/\/secure.gravatar.com\/avatar\/b498bfa446460353cfcc6e023d9c28e3e84ef3798b7f90c38b5d03254eed1837?s=96&d=mm&r=g\",\"caption\":\"isalen\"},\"url\":\"https:\/\/2024.fim-6days.com\/es\/author\/isalen\/\"}]}<\/script>\n<!-- \/ Yoast SEO plugin. -->","yoast_head_json":{"title":"Comienza la NOCO FIM 6DAYS\u00ae en Galicia, Espa\u00f1a - 2024 spain","description":"With global focus set to be centred on Silleda in the Galicia region of north-west Spain later in the year, where the 2024 FIM International Six Days of Enduro (ISDE) will take place from 14-19 October, SCOTT Sports \u2013 as the official and exclusive event sponsor for goggles and eyewear \u2013 is delighted today to launch its special edition SCOTT 6DAYS\u00ae Spain Prospect goggle, which is available now.","robots":{"index":"index","follow":"follow","max-snippet":"max-snippet:-1","max-image-preview":"max-image-preview:large","max-video-preview":"max-video-preview:-1"},"canonical":"https:\/\/2024.fim-6days.com\/es\/comienza-la-noco-fim-6days-en-galicia-espana\/","og_locale":"es_ES","og_type":"article","og_title":"Comienza la NOCO FIM 6DAYS\u00ae en Galicia, Espa\u00f1a - 2024 spain","og_description":"With global focus set to be centred on Silleda in the Galicia region of north-west Spain later in the year, where the 2024 FIM International Six Days of Enduro (ISDE) will take place from 14-19 October, SCOTT Sports \u2013 as the official and exclusive event sponsor for goggles and eyewear \u2013 is delighted today to launch its special edition SCOTT 6DAYS\u00ae Spain Prospect goggle, which is available now.","og_url":"https:\/\/2024.fim-6days.com\/es\/comienza-la-noco-fim-6days-en-galicia-espana\/","og_site_name":"2024 spain","article_publisher":"https:\/\/www.facebook.com\/FIMISDE\/","article_published_time":"2024-10-14T14:24:51+00:00","article_modified_time":"2024-10-14T14:28:14+00:00","og_image":[{"width":1600,"height":1067,"url":"https:\/\/2024.fim-6days.com\/wp-content\/uploads\/sites\/9\/2024\/10\/231111_ISDE_2023_Argentina_1551.jpg","type":"image\/jpeg"}],"author":"isalen","twitter_card":"summary_large_image","twitter_creator":"@fimisde","twitter_site":"@fimisde","twitter_misc":{"Escrito por":"isalen","Tiempo de lectura":"8 minutos"},"schema":{"@context":"https:\/\/schema.org","@graph":[{"@type":"Article","@id":"https:\/\/2024.fim-6days.com\/es\/comienza-la-noco-fim-6days-en-galicia-espana\/#article","isPartOf":{"@id":"https:\/\/2024.fim-6days.com\/es\/comienza-la-noco-fim-6days-en-galicia-espana\/"},"author":{"name":"isalen","@id":"https:\/\/2024.fim-6days.com\/#\/schema\/person\/fc80183700e96a22afb3f220ae03b32a"},"headline":"Comienza la NOCO FIM 6DAYS\u00ae en Galicia, Espa\u00f1a","datePublished":"2024-10-14T14:24:51+00:00","dateModified":"2024-10-14T14:28:14+00:00","mainEntityOfPage":{"@id":"https:\/\/2024.fim-6days.com\/es\/comienza-la-noco-fim-6days-en-galicia-espana\/"},"wordCount":2809,"publisher":{"@id":"https:\/\/2024.fim-6days.com\/#organization"},"image":{"@id":"https:\/\/2024.fim-6days.com\/es\/comienza-la-noco-fim-6days-en-galicia-espana\/#primaryimage"},"thumbnailUrl":"https:\/\/2024.fim-6days.com\/wp-content\/uploads\/sites\/9\/2024\/10\/231111_ISDE_2023_Argentina_1551.jpg","articleSection":["Before ISDE2024","Noticias"],"inLanguage":"es"},{"@type":"WebPage","@id":"https:\/\/2024.fim-6days.com\/es\/comienza-la-noco-fim-6days-en-galicia-espana\/","url":"https:\/\/2024.fim-6days.com\/es\/comienza-la-noco-fim-6days-en-galicia-espana\/","name":"Comienza la NOCO FIM 6DAYS\u00ae en Galicia, Espa\u00f1a - 2024 spain","isPartOf":{"@id":"https:\/\/2024.fim-6days.com\/#website"},"primaryImageOfPage":{"@id":"https:\/\/2024.fim-6days.com\/es\/comienza-la-noco-fim-6days-en-galicia-espana\/#primaryimage"},"image":{"@id":"https:\/\/2024.fim-6days.com\/es\/comienza-la-noco-fim-6days-en-galicia-espana\/#primaryimage"},"thumbnailUrl":"https:\/\/2024.fim-6days.com\/wp-content\/uploads\/sites\/9\/2024\/10\/231111_ISDE_2023_Argentina_1551.jpg","datePublished":"2024-10-14T14:24:51+00:00","dateModified":"2024-10-14T14:28:14+00:00","description":"With global focus set to be centred on Silleda in the Galicia region of north-west Spain later in the year, where the 2024 FIM International Six Days of Enduro (ISDE) will take place from 14-19 October, SCOTT Sports \u2013 as the official and exclusive event sponsor for goggles and eyewear \u2013 is delighted today to launch its special edition SCOTT 6DAYS\u00ae Spain Prospect goggle, which is available now.","breadcrumb":{"@id":"https:\/\/2024.fim-6days.com\/es\/comienza-la-noco-fim-6days-en-galicia-espana\/#breadcrumb"},"inLanguage":"es","potentialAction":[{"@type":"ReadAction","target":["https:\/\/2024.fim-6days.com\/es\/comienza-la-noco-fim-6days-en-galicia-espana\/"]}]},{"@type":"ImageObject","inLanguage":"es","@id":"https:\/\/2024.fim-6days.com\/es\/comienza-la-noco-fim-6days-en-galicia-espana\/#primaryimage","url":"https:\/\/2024.fim-6days.com\/wp-content\/uploads\/sites\/9\/2024\/10\/231111_ISDE_2023_Argentina_1551.jpg","contentUrl":"https:\/\/2024.fim-6days.com\/wp-content\/uploads\/sites\/9\/2024\/10\/231111_ISDE_2023_Argentina_1551.jpg","width":1600,"height":1067,"caption":"2023 International Six Days Enduro \u0096 San Juan \u0096 Argentina"},{"@type":"BreadcrumbList","@id":"https:\/\/2024.fim-6days.com\/es\/comienza-la-noco-fim-6days-en-galicia-espana\/#breadcrumb","itemListElement":[{"@type":"ListItem","position":1,"name":"Home","item":"https:\/\/2024.fim-6days.com\/es\/"},{"@type":"ListItem","position":2,"name":"Comienza la NOCO FIM 6DAYS\u00ae en Galicia, Espa\u00f1a"}]},{"@type":"WebSite","@id":"https:\/\/2024.fim-6days.com\/#website","url":"https:\/\/2024.fim-6days.com\/","name":"FIM ISDE 2021","description":"FIM ISDE Official website","publisher":{"@id":"https:\/\/2024.fim-6days.com\/#organization"},"potentialAction":[{"@type":"SearchAction","target":{"@type":"EntryPoint","urlTemplate":"https:\/\/2024.fim-6days.com\/?s={search_term_string}"},"query-input":{"@type":"PropertyValueSpecification","valueRequired":true,"valueName":"search_term_string"}}],"inLanguage":"es"},{"@type":"Organization","@id":"https:\/\/2024.fim-6days.com\/#organization","name":"FIM - F\u00e9d\u00e9ration Internationale de Motocyclisme","url":"https:\/\/2024.fim-6days.com\/","logo":{"@type":"ImageObject","inLanguage":"es","@id":"https:\/\/2024.fim-6days.com\/#\/schema\/logo\/image\/","url":"https:\/\/2024.fim-6days.com\/wp-content\/uploads\/sites\/9\/2019\/07\/LogoFIM-CMYK.png","contentUrl":"https:\/\/2024.fim-6days.com\/wp-content\/uploads\/sites\/9\/2019\/07\/LogoFIM-CMYK.png","width":2608,"height":1833,"caption":"FIM - F\u00e9d\u00e9ration Internationale de Motocyclisme"},"image":{"@id":"https:\/\/2024.fim-6days.com\/#\/schema\/logo\/image\/"},"sameAs":["https:\/\/www.facebook.com\/FIMISDE\/","https:\/\/x.com\/fimisde","https:\/\/www.instagram.com\/fim_isde\/"]},{"@type":"Person","@id":"https:\/\/2024.fim-6days.com\/#\/schema\/person\/fc80183700e96a22afb3f220ae03b32a","name":"isalen","image":{"@type":"ImageObject","inLanguage":"es","@id":"https:\/\/2024.fim-6days.com\/#\/schema\/person\/image\/","url":"https:\/\/secure.gravatar.com\/avatar\/b498bfa446460353cfcc6e023d9c28e3e84ef3798b7f90c38b5d03254eed1837?s=96&d=mm&r=g","contentUrl":"https:\/\/secure.gravatar.com\/avatar\/b498bfa446460353cfcc6e023d9c28e3e84ef3798b7f90c38b5d03254eed1837?s=96&d=mm&r=g","caption":"isalen"},"url":"https:\/\/2024.fim-6days.com\/es\/author\/isalen\/"}]}},"_links":{"self":[{"href":"https:\/\/2024.fim-6days.com\/es\/wp-json\/wp\/v2\/posts\/50683","targetHints":{"allow":["GET"]}}],"collection":[{"href":"https:\/\/2024.fim-6days.com\/es\/wp-json\/wp\/v2\/posts"}],"about":[{"href":"https:\/\/2024.fim-6days.com\/es\/wp-json\/wp\/v2\/types\/post"}],"author":[{"embeddable":true,"href":"https:\/\/2024.fim-6days.com\/es\/wp-json\/wp\/v2\/users\/14"}],"replies":[{"embeddable":true,"href":"https:\/\/2024.fim-6days.com\/es\/wp-json\/wp\/v2\/comments?post=50683"}],"version-history":[{"count":2,"href":"https:\/\/2024.fim-6days.com\/es\/wp-json\/wp\/v2\/posts\/50683\/revisions"}],"predecessor-version":[{"id":50687,"href":"https:\/\/2024.fim-6days.com\/es\/wp-json\/wp\/v2\/posts\/50683\/revisions\/50687"}],"wp:featuredmedia":[{"embeddable":true,"href":"https:\/\/2024.fim-6days.com\/es\/wp-json\/wp\/v2\/media\/50622"}],"wp:attachment":[{"href":"https:\/\/2024.fim-6days.com\/es\/wp-json\/wp\/v2\/media?parent=50683"}],"wp:term":[{"taxonomy":"category","embeddable":true,"href":"https:\/\/2024.fim-6days.com\/es\/wp-json\/wp\/v2\/categories?post=50683"},{"taxonomy":"post_tag","embeddable":true,"href":"https:\/\/2024.fim-6days.com\/es\/wp-json\/wp\/v2\/tags?post=50683"}],"curies":[{"name":"wp","href":"https:\/\/api.w.org\/{rel}","templated":true}]}}