{"id":50579,"date":"2024-10-11T14:06:13","date_gmt":"2024-10-11T12:06:13","guid":{"rendered":"https:\/\/2024.fim-6days.com\/sweden-seek-fim-junior-world-trophy-redemption-at-noco-fim-6days-spain\/"},"modified":"2024-10-11T14:07:10","modified_gmt":"2024-10-11T12:07:10","slug":"suecia-busca-la-redencion-del-fim-junior-world-trophy-en-el-noco-fim-6days-espana","status":"publish","type":"post","link":"https:\/\/2024.fim-6days.com\/es\/suecia-busca-la-redencion-del-fim-junior-world-trophy-en-el-noco-fim-6days-espana\/","title":{"rendered":"Suecia busca la redenci\u00f3n del FIM Junior World Trophy en el NOCO FIM 6DAYS\u00ae Espa\u00f1a"},"content":{"rendered":"<p><div class=\"fusion-fullwidth fullwidth-box fusion-builder-row-1 fusion-flex-container nonhundred-percent-fullwidth non-hundred-percent-height-scrolling\" style=\"--awb-border-radius-top-left:0px;--awb-border-radius-top-right:0px;--awb-border-radius-bottom-right:0px;--awb-border-radius-bottom-left:0px;--awb-padding-top:0px;--awb-padding-bottom:0px;--awb-flex-wrap:wrap;\" ><div class=\"fusion-builder-row fusion-row fusion-flex-align-items-flex-start fusion-flex-content-wrap\" style=\"max-width:1248px;margin-left: calc(-4% \/ 2 );margin-right: calc(-4% \/ 2 );\"><div class=\"fusion-layout-column fusion_builder_column fusion-builder-column-0 fusion_builder_column_1_1 1_1 fusion-flex-column\" style=\"--awb-padding-top:0px;--awb-padding-bottom:0px;--awb-bg-size:cover;--awb-width-large:100%;--awb-margin-top-large:0px;--awb-spacing-right-large:1.92%;--awb-margin-bottom-large:0px;--awb-spacing-left-large:1.92%;--awb-width-medium:100%;--awb-order-medium:0;--awb-spacing-right-medium:1.92%;--awb-spacing-left-medium:1.92%;--awb-width-small:100%;--awb-order-small:0;--awb-spacing-right-small:1.92%;--awb-spacing-left-small:1.92%;\"><div class=\"fusion-column-wrapper fusion-column-has-shadow fusion-flex-justify-content-flex-start fusion-content-layout-column\"><div class=\"fusion-text fusion-text-1\" style=\"--awb-text-transform:none;\"><table width=\"100%\">\n<tbody>\n<tr>\n<td>\n<table width=\"100%\">\n<tbody>\n<tr>\n<td>\n<table width=\"100%\">\n<tbody>\n<tr>\n<td><strong>En las carreras, nunca termina hasta la bandera a cuadros y un ejemplo claro es lo que sucedi\u00f3 en el FIM Junior World Trophy en el NOCO FIM 6DAYS\u00ae del a\u00f1o pasado en Argentina.<\/strong><\/p>\n<p>Durante toda la semana, Suecia se consolid\u00f3 como la fuerza dominante. Ejecutando un plan de carrera perfecto hasta el sexto d\u00eda, el tr\u00edo formado por <strong>Max Ahlin (KTM), Axel Semb (Fantic)<\/strong> <strong>y<\/strong> <strong>Albin Norrbin (Fantic)<\/strong> <strong>estaban en camino de ganar por una diferencia sin precedentes de veintid\u00f3s minutos.<\/strong> En cambio, en un giro del destino en la prueba cross final, terminaron veintis\u00e9is minutos detr\u00e1s de Francia, la ganadora, en tercer lugar, al final.<\/p>\n<p>Despu\u00e9s de casi trece horas de carrera cronometrada a lo largo de seis d\u00edas, <strong>pasaron del triunfo a la tragedia en s\u00f3lo veinte minutos. <\/strong>Fue un duro golpe para los suecos y un duro recordatorio de lo exigentes y crueles que pueden ser los Seis D\u00edas Internacionales de Enduro (ISDE) de la FIM.<\/p>\n<p>Casi doce meses despu\u00e9s, el tr\u00edo sueco formado por Ahlin, Semb y Norrbin ha superado la decepci\u00f3n del NOCO FIM 6DAYS\u00ae de 2023 y <strong>regresar\u00e1n a la carrera de este a\u00f1o en Galicia, Espa\u00f1a, decididos a luchar por la redenci\u00f3n.<\/strong><\/p>\n<p><strong><em>\u201cSin duda, la atenci\u00f3n se centra en nuestro resultado en el FIM Junior World Trophy\u201d<\/em><\/strong><em>, confirma Ahlin. \u201cEl primer objetivo es conseguir que los tres lleguemos a la bandera a cuadros este a\u00f1o. <\/em><\/p>\n<p><em>\u201cDespu\u00e9s de eso, todos estamos motivados para ganar, tal vez incluso m\u00e1s que el a\u00f1o pasado. <strong>Lo que pas\u00f3 en Argentina fue duro, pero tenemos muchas ganas de volver a intentarlo\u201d.<\/strong><\/em><\/p>\n<p>Con los tres pilotos compitiendo en el Campeonato Mundial FIM de Enduro 2024, su preparaci\u00f3n para Galicia es s\u00f3lida. <strong>Ahlin y Semb terminaron primero y segundo en el Campeonato Mundial FIM Junior Enduro,<\/strong> con Ahlin consigui\u00f3 su primer t\u00edtulo mundial. <strong>Norrbin termin\u00f3 quinto en la general de Enduro3.<\/strong> En papel, su estado de forma parece bueno.<\/p>\n<p>Tambi\u00e9n son un grupo competitivo. <strong>Cada uno est\u00e1 ansioso por vencer a los dem\u00e1s<\/strong>, lo que a su vez parece impulsarlos colectivamente como equipo a un nivel superior. Ahlin est\u00e1 de acuerdo en esto.<\/p>\n<p><em>\u201cSupongo que ninguno de nosotros quiere perder contra el otro, lo que nos empuja a seguir empujando. <strong>Nos gusta luchar entre nosotros y eso nos hace competitivos como equipo.<\/strong> Pero como dije, tambi\u00e9n hemos aprendido mucho del a\u00f1o pasado e intentaremos enmendar las cosas en Espa\u00f1a.<\/em><\/p>\n<p><strong><em>\u201cSiento que puedo sacar partido de las condiciones en Espa\u00f1a<\/em><\/strong><em>. Estoy pilotando bien y me siento bien encima de la moto. Quiero intentar situarme entre los diez primeros en la general si puedo; personalmente, ser\u00eda un gran logro\u201d.<\/em><\/p>\n<p><strong>Han pasado ocho a\u00f1os desde la \u00faltima vez que Suecia gan\u00f3 la categor\u00eda FIM Junior World Trophy<\/strong> en los FIM ISDE 2016 en Navarra, Espa\u00f1a. Ahlin, Semb y Norrbin esperan que esta vez el terreno gallego les favorezca.<\/p>\n<p>Los espectadores tendr\u00e1n acceso gratuito al paddock que incorpora el <strong>NOCO Parque Cerrado, la ceremonia de inauguraci\u00f3n y las pruebas especiales del d\u00eda uno al cinco,<\/strong> mientras que el coste de la entrada para la <strong>prueba cross final tambi\u00e9n incluir\u00e1 la entrada a la fiesta GASGAS 6DAYS\u00ae<\/strong> con dos bebidas gratis.<\/p>\n<p>Si no puedes asistir, la FIM-MOTO.TV <strong>transmitir\u00e1 exclusivamente en vivo la prueba cross final y todos los d\u00edas de competici\u00f3n.<\/strong> El mismo programa tambi\u00e9n dar\u00e1 la bienvenida a los pilotos y naciones de primer nivel que participar\u00e1n en el <strong>6DAYS MOTUL Studio Show<\/strong> cuando vuelvan al <strong>NOCO Parque Cerrado en Silleda<\/strong>. Este espect\u00e1culo ser\u00e1 presentado por la <strong>leyenda de motocross Paul Malin<\/strong>, quien ser\u00e1 comentarista en vivo sobre las carreras del d\u00eda y realizar\u00e1 entrevistas con los pilotos en un estudio especial instalado dentro del NOCO Parque Cerrado. <strong>El acceso a este servicio de streaming estar\u00e1 disponible al precio especial de 6\u20ac para transmitir en vivo los 6DAYS<\/strong> (Transmisi\u00f3n en vivo del d\u00eda 1 al d\u00eda 5). La informaci\u00f3n detallada sobre la transmisi\u00f3n en vivo se publicar\u00e1 en FIM-MOTO.TV en las pr\u00f3ximas semanas en la p\u00e1gina dedicada a 6DAYS: https:\/\/fim-moto.tv\/fim_isde.<\/p>\n<p><strong>La 98\u00aa edici\u00f3n de NOCO FIM 6DAYS\u00ae en Galicia, Espa\u00f1a, del 14 al 19 de octubre, \u00a1se perfila como un evento que no puede perderse!<\/strong><\/td>\n<\/tr>\n<\/tbody>\n<\/table>\n<\/td>\n<\/tr>\n<\/tbody>\n<\/table>\n<\/td>\n<\/tr>\n<\/tbody>\n<\/table>\n<\/div><\/div><\/div><\/div><\/div><div class=\"fusion-fullwidth fullwidth-box fusion-builder-row-2 fusion-flex-container has-pattern-background has-mask-background nonhundred-percent-fullwidth non-hundred-percent-height-scrolling\" style=\"--awb-border-radius-top-left:0px;--awb-border-radius-top-right:0px;--awb-border-radius-bottom-right:0px;--awb-border-radius-bottom-left:0px;--awb-flex-wrap:wrap;\" ><div class=\"fusion-builder-row fusion-row fusion-flex-align-items-flex-start fusion-flex-content-wrap\" style=\"max-width:1248px;margin-left: calc(-4% \/ 2 );margin-right: calc(-4% \/ 2 );\"><div class=\"fusion-layout-column fusion_builder_column fusion-builder-column-1 fusion_builder_column_1_1 1_1 fusion-flex-column\" style=\"--awb-bg-size:cover;--awb-width-large:100%;--awb-margin-top-large:0px;--awb-spacing-right-large:1.92%;--awb-margin-bottom-large:20px;--awb-spacing-left-large:1.92%;--awb-width-medium:100%;--awb-order-medium:0;--awb-spacing-right-medium:1.92%;--awb-spacing-left-medium:1.92%;--awb-width-small:100%;--awb-order-small:0;--awb-spacing-right-small:1.92%;--awb-spacing-left-small:1.92%;\"><div class=\"fusion-column-wrapper fusion-column-has-shadow fusion-flex-justify-content-flex-start fusion-content-layout-column\"><div class=\"fusion-separator fusion-full-width-sep\" style=\"align-self: center;margin-left: auto;margin-right: auto;margin-bottom:20px;width:100%;\"><\/div>\n<\/div><\/div><\/div><\/div><\/p>\n","protected":false},"excerpt":{"rendered":"","protected":false},"author":14,"featured_media":50481,"comment_status":"closed","ping_status":"closed","sticky":false,"template":"","format":"standard","meta":{"inline_featured_image":false,"footnotes":""},"categories":[155,108],"tags":[],"class_list":["post-50579","post","type-post","status-publish","format-standard","has-post-thumbnail","hentry","category-before-isde2024-es","category-news-es"],"yoast_head":"<!-- This site is optimized with the Yoast SEO plugin v25.6 - https:\/\/yoast.com\/wordpress\/plugins\/seo\/ -->\n<title>Suecia busca la redenci\u00f3n del FIM Junior World Trophy en el NOCO FIM 6DAYS\u00ae Espa\u00f1a - 2024 spain<\/title>\n<meta name=\"description\" content=\"With global focus set to be centred on Silleda in the Galicia region of north-west Spain later in the year, where the 2024 FIM International Six Days of Enduro (ISDE) will take place from 14-19 October, SCOTT Sports \u2013 as the official and exclusive event sponsor for goggles and eyewear \u2013 is delighted today to launch its special edition SCOTT 6DAYS\u00ae Spain Prospect goggle, which is available now.\" \/>\n<meta name=\"robots\" content=\"index, follow, max-snippet:-1, max-image-preview:large, max-video-preview:-1\" \/>\n<link rel=\"canonical\" href=\"https:\/\/2024.fim-6days.com\/es\/suecia-busca-la-redencion-del-fim-junior-world-trophy-en-el-noco-fim-6days-espana\/\" \/>\n<meta property=\"og:locale\" content=\"es_ES\" \/>\n<meta property=\"og:type\" content=\"article\" \/>\n<meta property=\"og:title\" content=\"Suecia busca la redenci\u00f3n del FIM Junior World Trophy en el NOCO FIM 6DAYS\u00ae Espa\u00f1a - 2024 spain\" \/>\n<meta property=\"og:description\" content=\"With global focus set to be centred on Silleda in the Galicia region of north-west Spain later in the year, where the 2024 FIM International Six Days of Enduro (ISDE) will take place from 14-19 October, SCOTT Sports \u2013 as the official and exclusive event sponsor for goggles and eyewear \u2013 is delighted today to launch its special edition SCOTT 6DAYS\u00ae Spain Prospect goggle, which is available now.\" \/>\n<meta property=\"og:url\" content=\"https:\/\/2024.fim-6days.com\/es\/suecia-busca-la-redencion-del-fim-junior-world-trophy-en-el-noco-fim-6days-espana\/\" \/>\n<meta property=\"og:site_name\" content=\"2024 spain\" \/>\n<meta property=\"article:publisher\" content=\"https:\/\/www.facebook.com\/FIMISDE\/\" \/>\n<meta property=\"article:published_time\" content=\"2024-10-11T12:06:13+00:00\" \/>\n<meta property=\"article:modified_time\" content=\"2024-10-11T12:07:10+00:00\" \/>\n<meta property=\"og:image\" content=\"https:\/\/2024.fim-6days.com\/wp-content\/uploads\/sites\/9\/2024\/10\/sin-titulo-5421.jpg\" \/>\n\t<meta property=\"og:image:width\" content=\"1600\" \/>\n\t<meta property=\"og:image:height\" content=\"1067\" \/>\n\t<meta property=\"og:image:type\" content=\"image\/jpeg\" \/>\n<meta name=\"author\" content=\"isalen\" \/>\n<meta name=\"twitter:card\" content=\"summary_large_image\" \/>\n<meta name=\"twitter:creator\" content=\"@fimisde\" \/>\n<meta name=\"twitter:site\" content=\"@fimisde\" \/>\n<meta name=\"twitter:label1\" content=\"Escrito por\" \/>\n\t<meta name=\"twitter:data1\" content=\"isalen\" \/>\n\t<meta name=\"twitter:label2\" content=\"Tiempo de lectura\" \/>\n\t<meta name=\"twitter:data2\" content=\"6 minutos\" \/>\n<script type=\"application\/ld+json\" class=\"yoast-schema-graph\">{\"@context\":\"https:\/\/schema.org\",\"@graph\":[{\"@type\":\"Article\",\"@id\":\"https:\/\/2024.fim-6days.com\/es\/suecia-busca-la-redencion-del-fim-junior-world-trophy-en-el-noco-fim-6days-espana\/#article\",\"isPartOf\":{\"@id\":\"https:\/\/2024.fim-6days.com\/es\/suecia-busca-la-redencion-del-fim-junior-world-trophy-en-el-noco-fim-6days-espana\/\"},\"author\":{\"name\":\"isalen\",\"@id\":\"https:\/\/2024.fim-6days.com\/#\/schema\/person\/fc80183700e96a22afb3f220ae03b32a\"},\"headline\":\"Suecia busca la redenci\u00f3n del FIM Junior World Trophy en el NOCO FIM 6DAYS\u00ae Espa\u00f1a\",\"datePublished\":\"2024-10-11T12:06:13+00:00\",\"dateModified\":\"2024-10-11T12:07:10+00:00\",\"mainEntityOfPage\":{\"@id\":\"https:\/\/2024.fim-6days.com\/es\/suecia-busca-la-redencion-del-fim-junior-world-trophy-en-el-noco-fim-6days-espana\/\"},\"wordCount\":2123,\"publisher\":{\"@id\":\"https:\/\/2024.fim-6days.com\/#organization\"},\"image\":{\"@id\":\"https:\/\/2024.fim-6days.com\/es\/suecia-busca-la-redencion-del-fim-junior-world-trophy-en-el-noco-fim-6days-espana\/#primaryimage\"},\"thumbnailUrl\":\"https:\/\/2024.fim-6days.com\/wp-content\/uploads\/sites\/9\/2024\/10\/sin-titulo-5421.jpg\",\"articleSection\":[\"Before ISDE2024\",\"Noticias\"],\"inLanguage\":\"es\"},{\"@type\":\"WebPage\",\"@id\":\"https:\/\/2024.fim-6days.com\/es\/suecia-busca-la-redencion-del-fim-junior-world-trophy-en-el-noco-fim-6days-espana\/\",\"url\":\"https:\/\/2024.fim-6days.com\/es\/suecia-busca-la-redencion-del-fim-junior-world-trophy-en-el-noco-fim-6days-espana\/\",\"name\":\"Suecia busca la redenci\u00f3n del FIM Junior World Trophy en el NOCO FIM 6DAYS\u00ae Espa\u00f1a - 2024 spain\",\"isPartOf\":{\"@id\":\"https:\/\/2024.fim-6days.com\/#website\"},\"primaryImageOfPage\":{\"@id\":\"https:\/\/2024.fim-6days.com\/es\/suecia-busca-la-redencion-del-fim-junior-world-trophy-en-el-noco-fim-6days-espana\/#primaryimage\"},\"image\":{\"@id\":\"https:\/\/2024.fim-6days.com\/es\/suecia-busca-la-redencion-del-fim-junior-world-trophy-en-el-noco-fim-6days-espana\/#primaryimage\"},\"thumbnailUrl\":\"https:\/\/2024.fim-6days.com\/wp-content\/uploads\/sites\/9\/2024\/10\/sin-titulo-5421.jpg\",\"datePublished\":\"2024-10-11T12:06:13+00:00\",\"dateModified\":\"2024-10-11T12:07:10+00:00\",\"description\":\"With global focus set to be centred on Silleda in the Galicia region of north-west Spain later in the year, where the 2024 FIM International Six Days of Enduro (ISDE) will take place from 14-19 October, SCOTT Sports \u2013 as the official and exclusive event sponsor for goggles and eyewear \u2013 is delighted today to launch its special edition SCOTT 6DAYS\u00ae Spain Prospect goggle, which is available now.\",\"breadcrumb\":{\"@id\":\"https:\/\/2024.fim-6days.com\/es\/suecia-busca-la-redencion-del-fim-junior-world-trophy-en-el-noco-fim-6days-espana\/#breadcrumb\"},\"inLanguage\":\"es\",\"potentialAction\":[{\"@type\":\"ReadAction\",\"target\":[\"https:\/\/2024.fim-6days.com\/es\/suecia-busca-la-redencion-del-fim-junior-world-trophy-en-el-noco-fim-6days-espana\/\"]}]},{\"@type\":\"ImageObject\",\"inLanguage\":\"es\",\"@id\":\"https:\/\/2024.fim-6days.com\/es\/suecia-busca-la-redencion-del-fim-junior-world-trophy-en-el-noco-fim-6days-espana\/#primaryimage\",\"url\":\"https:\/\/2024.fim-6days.com\/wp-content\/uploads\/sites\/9\/2024\/10\/sin-titulo-5421.jpg\",\"contentUrl\":\"https:\/\/2024.fim-6days.com\/wp-content\/uploads\/sites\/9\/2024\/10\/sin-titulo-5421.jpg\",\"width\":1600,\"height\":1067,\"caption\":\"2023 ISDE-San Juan-ARG-Riders&amp;Teams-Official Photo shoot FIM International Six Days' Enduro - 97th Edition - San Juan (Argentina), 06-11 November 2023.\"},{\"@type\":\"BreadcrumbList\",\"@id\":\"https:\/\/2024.fim-6days.com\/es\/suecia-busca-la-redencion-del-fim-junior-world-trophy-en-el-noco-fim-6days-espana\/#breadcrumb\",\"itemListElement\":[{\"@type\":\"ListItem\",\"position\":1,\"name\":\"Home\",\"item\":\"https:\/\/2024.fim-6days.com\/es\/\"},{\"@type\":\"ListItem\",\"position\":2,\"name\":\"Suecia busca la redenci\u00f3n del FIM Junior World Trophy en el NOCO FIM 6DAYS\u00ae Espa\u00f1a\"}]},{\"@type\":\"WebSite\",\"@id\":\"https:\/\/2024.fim-6days.com\/#website\",\"url\":\"https:\/\/2024.fim-6days.com\/\",\"name\":\"FIM ISDE 2021\",\"description\":\"FIM ISDE Official website\",\"publisher\":{\"@id\":\"https:\/\/2024.fim-6days.com\/#organization\"},\"potentialAction\":[{\"@type\":\"SearchAction\",\"target\":{\"@type\":\"EntryPoint\",\"urlTemplate\":\"https:\/\/2024.fim-6days.com\/?s={search_term_string}\"},\"query-input\":{\"@type\":\"PropertyValueSpecification\",\"valueRequired\":true,\"valueName\":\"search_term_string\"}}],\"inLanguage\":\"es\"},{\"@type\":\"Organization\",\"@id\":\"https:\/\/2024.fim-6days.com\/#organization\",\"name\":\"FIM - F\u00e9d\u00e9ration Internationale de Motocyclisme\",\"url\":\"https:\/\/2024.fim-6days.com\/\",\"logo\":{\"@type\":\"ImageObject\",\"inLanguage\":\"es\",\"@id\":\"https:\/\/2024.fim-6days.com\/#\/schema\/logo\/image\/\",\"url\":\"https:\/\/2024.fim-6days.com\/wp-content\/uploads\/sites\/9\/2019\/07\/LogoFIM-CMYK.png\",\"contentUrl\":\"https:\/\/2024.fim-6days.com\/wp-content\/uploads\/sites\/9\/2019\/07\/LogoFIM-CMYK.png\",\"width\":2608,\"height\":1833,\"caption\":\"FIM - F\u00e9d\u00e9ration Internationale de Motocyclisme\"},\"image\":{\"@id\":\"https:\/\/2024.fim-6days.com\/#\/schema\/logo\/image\/\"},\"sameAs\":[\"https:\/\/www.facebook.com\/FIMISDE\/\",\"https:\/\/x.com\/fimisde\",\"https:\/\/www.instagram.com\/fim_isde\/\"]},{\"@type\":\"Person\",\"@id\":\"https:\/\/2024.fim-6days.com\/#\/schema\/person\/fc80183700e96a22afb3f220ae03b32a\",\"name\":\"isalen\",\"image\":{\"@type\":\"ImageObject\",\"inLanguage\":\"es\",\"@id\":\"https:\/\/2024.fim-6days.com\/#\/schema\/person\/image\/\",\"url\":\"https:\/\/secure.gravatar.com\/avatar\/b498bfa446460353cfcc6e023d9c28e3e84ef3798b7f90c38b5d03254eed1837?s=96&d=mm&r=g\",\"contentUrl\":\"https:\/\/secure.gravatar.com\/avatar\/b498bfa446460353cfcc6e023d9c28e3e84ef3798b7f90c38b5d03254eed1837?s=96&d=mm&r=g\",\"caption\":\"isalen\"},\"url\":\"https:\/\/2024.fim-6days.com\/es\/author\/isalen\/\"}]}<\/script>\n<!-- \/ Yoast SEO plugin. -->","yoast_head_json":{"title":"Suecia busca la redenci\u00f3n del FIM Junior World Trophy en el NOCO FIM 6DAYS\u00ae Espa\u00f1a - 2024 spain","description":"With global focus set to be centred on Silleda in the Galicia region of north-west Spain later in the year, where the 2024 FIM International Six Days of Enduro (ISDE) will take place from 14-19 October, SCOTT Sports \u2013 as the official and exclusive event sponsor for goggles and eyewear \u2013 is delighted today to launch its special edition SCOTT 6DAYS\u00ae Spain Prospect goggle, which is available now.","robots":{"index":"index","follow":"follow","max-snippet":"max-snippet:-1","max-image-preview":"max-image-preview:large","max-video-preview":"max-video-preview:-1"},"canonical":"https:\/\/2024.fim-6days.com\/es\/suecia-busca-la-redencion-del-fim-junior-world-trophy-en-el-noco-fim-6days-espana\/","og_locale":"es_ES","og_type":"article","og_title":"Suecia busca la redenci\u00f3n del FIM Junior World Trophy en el NOCO FIM 6DAYS\u00ae Espa\u00f1a - 2024 spain","og_description":"With global focus set to be centred on Silleda in the Galicia region of north-west Spain later in the year, where the 2024 FIM International Six Days of Enduro (ISDE) will take place from 14-19 October, SCOTT Sports \u2013 as the official and exclusive event sponsor for goggles and eyewear \u2013 is delighted today to launch its special edition SCOTT 6DAYS\u00ae Spain Prospect goggle, which is available now.","og_url":"https:\/\/2024.fim-6days.com\/es\/suecia-busca-la-redencion-del-fim-junior-world-trophy-en-el-noco-fim-6days-espana\/","og_site_name":"2024 spain","article_publisher":"https:\/\/www.facebook.com\/FIMISDE\/","article_published_time":"2024-10-11T12:06:13+00:00","article_modified_time":"2024-10-11T12:07:10+00:00","og_image":[{"width":1600,"height":1067,"url":"https:\/\/2024.fim-6days.com\/wp-content\/uploads\/sites\/9\/2024\/10\/sin-titulo-5421.jpg","type":"image\/jpeg"}],"author":"isalen","twitter_card":"summary_large_image","twitter_creator":"@fimisde","twitter_site":"@fimisde","twitter_misc":{"Escrito por":"isalen","Tiempo de lectura":"6 minutos"},"schema":{"@context":"https:\/\/schema.org","@graph":[{"@type":"Article","@id":"https:\/\/2024.fim-6days.com\/es\/suecia-busca-la-redencion-del-fim-junior-world-trophy-en-el-noco-fim-6days-espana\/#article","isPartOf":{"@id":"https:\/\/2024.fim-6days.com\/es\/suecia-busca-la-redencion-del-fim-junior-world-trophy-en-el-noco-fim-6days-espana\/"},"author":{"name":"isalen","@id":"https:\/\/2024.fim-6days.com\/#\/schema\/person\/fc80183700e96a22afb3f220ae03b32a"},"headline":"Suecia busca la redenci\u00f3n del FIM Junior World Trophy en el NOCO FIM 6DAYS\u00ae Espa\u00f1a","datePublished":"2024-10-11T12:06:13+00:00","dateModified":"2024-10-11T12:07:10+00:00","mainEntityOfPage":{"@id":"https:\/\/2024.fim-6days.com\/es\/suecia-busca-la-redencion-del-fim-junior-world-trophy-en-el-noco-fim-6days-espana\/"},"wordCount":2123,"publisher":{"@id":"https:\/\/2024.fim-6days.com\/#organization"},"image":{"@id":"https:\/\/2024.fim-6days.com\/es\/suecia-busca-la-redencion-del-fim-junior-world-trophy-en-el-noco-fim-6days-espana\/#primaryimage"},"thumbnailUrl":"https:\/\/2024.fim-6days.com\/wp-content\/uploads\/sites\/9\/2024\/10\/sin-titulo-5421.jpg","articleSection":["Before ISDE2024","Noticias"],"inLanguage":"es"},{"@type":"WebPage","@id":"https:\/\/2024.fim-6days.com\/es\/suecia-busca-la-redencion-del-fim-junior-world-trophy-en-el-noco-fim-6days-espana\/","url":"https:\/\/2024.fim-6days.com\/es\/suecia-busca-la-redencion-del-fim-junior-world-trophy-en-el-noco-fim-6days-espana\/","name":"Suecia busca la redenci\u00f3n del FIM Junior World Trophy en el NOCO FIM 6DAYS\u00ae Espa\u00f1a - 2024 spain","isPartOf":{"@id":"https:\/\/2024.fim-6days.com\/#website"},"primaryImageOfPage":{"@id":"https:\/\/2024.fim-6days.com\/es\/suecia-busca-la-redencion-del-fim-junior-world-trophy-en-el-noco-fim-6days-espana\/#primaryimage"},"image":{"@id":"https:\/\/2024.fim-6days.com\/es\/suecia-busca-la-redencion-del-fim-junior-world-trophy-en-el-noco-fim-6days-espana\/#primaryimage"},"thumbnailUrl":"https:\/\/2024.fim-6days.com\/wp-content\/uploads\/sites\/9\/2024\/10\/sin-titulo-5421.jpg","datePublished":"2024-10-11T12:06:13+00:00","dateModified":"2024-10-11T12:07:10+00:00","description":"With global focus set to be centred on Silleda in the Galicia region of north-west Spain later in the year, where the 2024 FIM International Six Days of Enduro (ISDE) will take place from 14-19 October, SCOTT Sports \u2013 as the official and exclusive event sponsor for goggles and eyewear \u2013 is delighted today to launch its special edition SCOTT 6DAYS\u00ae Spain Prospect goggle, which is available now.","breadcrumb":{"@id":"https:\/\/2024.fim-6days.com\/es\/suecia-busca-la-redencion-del-fim-junior-world-trophy-en-el-noco-fim-6days-espana\/#breadcrumb"},"inLanguage":"es","potentialAction":[{"@type":"ReadAction","target":["https:\/\/2024.fim-6days.com\/es\/suecia-busca-la-redencion-del-fim-junior-world-trophy-en-el-noco-fim-6days-espana\/"]}]},{"@type":"ImageObject","inLanguage":"es","@id":"https:\/\/2024.fim-6days.com\/es\/suecia-busca-la-redencion-del-fim-junior-world-trophy-en-el-noco-fim-6days-espana\/#primaryimage","url":"https:\/\/2024.fim-6days.com\/wp-content\/uploads\/sites\/9\/2024\/10\/sin-titulo-5421.jpg","contentUrl":"https:\/\/2024.fim-6days.com\/wp-content\/uploads\/sites\/9\/2024\/10\/sin-titulo-5421.jpg","width":1600,"height":1067,"caption":"2023 ISDE-San Juan-ARG-Riders&amp;Teams-Official Photo shoot FIM International Six Days' Enduro - 97th Edition - San Juan (Argentina), 06-11 November 2023."},{"@type":"BreadcrumbList","@id":"https:\/\/2024.fim-6days.com\/es\/suecia-busca-la-redencion-del-fim-junior-world-trophy-en-el-noco-fim-6days-espana\/#breadcrumb","itemListElement":[{"@type":"ListItem","position":1,"name":"Home","item":"https:\/\/2024.fim-6days.com\/es\/"},{"@type":"ListItem","position":2,"name":"Suecia busca la redenci\u00f3n del FIM Junior World Trophy en el NOCO FIM 6DAYS\u00ae Espa\u00f1a"}]},{"@type":"WebSite","@id":"https:\/\/2024.fim-6days.com\/#website","url":"https:\/\/2024.fim-6days.com\/","name":"FIM ISDE 2021","description":"FIM ISDE Official website","publisher":{"@id":"https:\/\/2024.fim-6days.com\/#organization"},"potentialAction":[{"@type":"SearchAction","target":{"@type":"EntryPoint","urlTemplate":"https:\/\/2024.fim-6days.com\/?s={search_term_string}"},"query-input":{"@type":"PropertyValueSpecification","valueRequired":true,"valueName":"search_term_string"}}],"inLanguage":"es"},{"@type":"Organization","@id":"https:\/\/2024.fim-6days.com\/#organization","name":"FIM - F\u00e9d\u00e9ration Internationale de Motocyclisme","url":"https:\/\/2024.fim-6days.com\/","logo":{"@type":"ImageObject","inLanguage":"es","@id":"https:\/\/2024.fim-6days.com\/#\/schema\/logo\/image\/","url":"https:\/\/2024.fim-6days.com\/wp-content\/uploads\/sites\/9\/2019\/07\/LogoFIM-CMYK.png","contentUrl":"https:\/\/2024.fim-6days.com\/wp-content\/uploads\/sites\/9\/2019\/07\/LogoFIM-CMYK.png","width":2608,"height":1833,"caption":"FIM - F\u00e9d\u00e9ration Internationale de Motocyclisme"},"image":{"@id":"https:\/\/2024.fim-6days.com\/#\/schema\/logo\/image\/"},"sameAs":["https:\/\/www.facebook.com\/FIMISDE\/","https:\/\/x.com\/fimisde","https:\/\/www.instagram.com\/fim_isde\/"]},{"@type":"Person","@id":"https:\/\/2024.fim-6days.com\/#\/schema\/person\/fc80183700e96a22afb3f220ae03b32a","name":"isalen","image":{"@type":"ImageObject","inLanguage":"es","@id":"https:\/\/2024.fim-6days.com\/#\/schema\/person\/image\/","url":"https:\/\/secure.gravatar.com\/avatar\/b498bfa446460353cfcc6e023d9c28e3e84ef3798b7f90c38b5d03254eed1837?s=96&d=mm&r=g","contentUrl":"https:\/\/secure.gravatar.com\/avatar\/b498bfa446460353cfcc6e023d9c28e3e84ef3798b7f90c38b5d03254eed1837?s=96&d=mm&r=g","caption":"isalen"},"url":"https:\/\/2024.fim-6days.com\/es\/author\/isalen\/"}]}},"_links":{"self":[{"href":"https:\/\/2024.fim-6days.com\/es\/wp-json\/wp\/v2\/posts\/50579","targetHints":{"allow":["GET"]}}],"collection":[{"href":"https:\/\/2024.fim-6days.com\/es\/wp-json\/wp\/v2\/posts"}],"about":[{"href":"https:\/\/2024.fim-6days.com\/es\/wp-json\/wp\/v2\/types\/post"}],"author":[{"embeddable":true,"href":"https:\/\/2024.fim-6days.com\/es\/wp-json\/wp\/v2\/users\/14"}],"replies":[{"embeddable":true,"href":"https:\/\/2024.fim-6days.com\/es\/wp-json\/wp\/v2\/comments?post=50579"}],"version-history":[{"count":2,"href":"https:\/\/2024.fim-6days.com\/es\/wp-json\/wp\/v2\/posts\/50579\/revisions"}],"predecessor-version":[{"id":50583,"href":"https:\/\/2024.fim-6days.com\/es\/wp-json\/wp\/v2\/posts\/50579\/revisions\/50583"}],"wp:featuredmedia":[{"embeddable":true,"href":"https:\/\/2024.fim-6days.com\/es\/wp-json\/wp\/v2\/media\/50481"}],"wp:attachment":[{"href":"https:\/\/2024.fim-6days.com\/es\/wp-json\/wp\/v2\/media?parent=50579"}],"wp:term":[{"taxonomy":"category","embeddable":true,"href":"https:\/\/2024.fim-6days.com\/es\/wp-json\/wp\/v2\/categories?post=50579"},{"taxonomy":"post_tag","embeddable":true,"href":"https:\/\/2024.fim-6days.com\/es\/wp-json\/wp\/v2\/tags?post=50579"}],"curies":[{"name":"wp","href":"https:\/\/api.w.org\/{rel}","templated":true}]}}