{"id":50573,"date":"2024-10-11T14:02:44","date_gmt":"2024-10-11T12:02:44","guid":{"rendered":"https:\/\/2024.fim-6days.com\/cristobal-guerrero-building-for-the-future-strengthening-spanish-enduro\/"},"modified":"2024-10-11T14:03:32","modified_gmt":"2024-10-11T12:03:32","slug":"cristobal-guerrero-construyendo-para-el-futuro-fortaleciendo-el-enduro-espanol","status":"publish","type":"post","link":"https:\/\/2024.fim-6days.com\/es\/cristobal-guerrero-construyendo-para-el-futuro-fortaleciendo-el-enduro-espanol\/","title":{"rendered":"Crist\u00f3bal Guerrero: Construyendo para el futuro, fortaleciendo el enduro espa\u00f1ol"},"content":{"rendered":"<p><div class=\"fusion-fullwidth fullwidth-box fusion-builder-row-1 fusion-flex-container nonhundred-percent-fullwidth non-hundred-percent-height-scrolling\" style=\"--awb-border-radius-top-left:0px;--awb-border-radius-top-right:0px;--awb-border-radius-bottom-right:0px;--awb-border-radius-bottom-left:0px;--awb-padding-top:0px;--awb-padding-bottom:0px;--awb-flex-wrap:wrap;\" ><div class=\"fusion-builder-row fusion-row fusion-flex-align-items-flex-start fusion-flex-content-wrap\" style=\"max-width:1248px;margin-left: calc(-4% \/ 2 );margin-right: calc(-4% \/ 2 );\"><div class=\"fusion-layout-column fusion_builder_column fusion-builder-column-0 fusion_builder_column_1_1 1_1 fusion-flex-column\" style=\"--awb-padding-top:0px;--awb-padding-bottom:0px;--awb-bg-size:cover;--awb-width-large:100%;--awb-margin-top-large:0px;--awb-spacing-right-large:1.92%;--awb-margin-bottom-large:0px;--awb-spacing-left-large:1.92%;--awb-width-medium:100%;--awb-order-medium:0;--awb-spacing-right-medium:1.92%;--awb-spacing-left-medium:1.92%;--awb-width-small:100%;--awb-order-small:0;--awb-spacing-right-small:1.92%;--awb-spacing-left-small:1.92%;\"><div class=\"fusion-column-wrapper fusion-column-has-shadow fusion-flex-justify-content-flex-start fusion-content-layout-column\"><div class=\"fusion-text fusion-text-1\" style=\"--awb-text-transform:none;\"><p><strong>No hay nada como un evento como los Seis D\u00edas Internacionales de Enduro (ISDE) de la FIM en casa. Como piloto, la oportunidad de ponerse la camiseta nacional y competir por tu pa\u00eds delante de familiares, amigos y espectadores es especial. Como expiloto y ahora director de equipo de los equipos del Spanish World Trophy, Crist\u00f3bal Guerrero es un hombre que espera ansiosamente la llegada del NOCO FIM 6DAYS\u00ae de este a\u00f1o a Galicia, Espa\u00f1a.<\/strong><\/p>\n<p>Despu\u00e9s de haber sido piloto profesional durante muchos a\u00f1os, Guerrero ha experimentado en primera persona los altibajos emocionales del NOCO FIM 6DAYS\u00ae. <strong>Terminar como subcampe\u00f3n del FIM World Trophy en el NOCO FIM 6DAYS\u00ae 2021,<\/strong> el mejor resultado hist\u00f3rico para Espa\u00f1a ocupa un lugar destacado en su lista de logros.<\/p>\n<p>Ahora, como <strong>director del equipo, la atenci\u00f3n se centra en pasar el testigo,<\/strong> construir el futuro y ayudar a Espa\u00f1a a alcanzar finalmente el escal\u00f3n m\u00e1s alto del podio del FIM World Trophy. Con los campeones del mundo FIM <strong>Josep Garc\u00eda (KTM)<\/strong> y <strong>Mireia Badia (Rieju) <\/strong>en los equipos del FIM World Trophy y del FIM Women\u2019s World Trophy, Guerrero se mantiene discretamente optimista sobre las posibilidades de Espa\u00f1a en el NOCO FIM 6DAYS\u00ae.<\/p>\n<p><strong>\u201cEs muy especial tener dos campeones del mundo en el equipo<\/strong>\u201d, afirma Guerrero. \u201cTener a Josep y Mireia a bordo es bueno para el equipo, para la federaci\u00f3n espa\u00f1ola y para el p\u00fablico. Espero que podamos conseguir buenos resultados en casa\u201d.<\/p>\n<p>Para cualquier director de equipo que seleccione una parrilla para el NOCO FIM 6DAYS\u00ae de este a\u00f1o, <strong>tener un piloto del calibre de Garc\u00eda ser\u00eda lo primero en su lista de deseos.<\/strong> Entonces, para Guerrero, \u00bftener al hombre m\u00e1s r\u00e1pido en enduro aumenta la presi\u00f3n de formar un equipo a su alrededor?<\/p>\n<p><em>\u201cSeguro que Josep est\u00e1 a otro nivel. Es una gran oportunidad tenerlo en nuestro equipo\u201d, <\/em>considera Guerrero<em>. \u201cS\u00e9 que lo dar\u00e1 todo y luchar\u00e1 por la victoria general. Pero tengo confianza en que nuestros tres pilotos quien le respaldar\u00e1n.<strong> Si todos pueden terminar entre los diez primeros cada d\u00eda, todo es posible\u201d.<\/strong><\/em><\/p>\n<p>A medida que contin\u00faa esta conservaci\u00f3n, queda claro que <strong>Guerrero tambi\u00e9n tiene los ojos puestos en el juego a largo plazo. <\/strong>Construir para el futuro es una prioridad. Quiere m\u00e1s pilotos de la altura de Garc\u00eda en el enduro espa\u00f1ol en los pr\u00f3ximos a\u00f1os, listos para dar un paso al delante cuando Garc\u00eda decida retirarse.<\/p>\n<p><em>\u201cCon la Federaci\u00f3n Espa\u00f1ola (RFME) miramos hacia el futuro. <strong>Estamos tratando de preparar a nuestros pilotos m\u00e1s j\u00f3venes para darles oportunidades de competir en el escenario internacional<\/strong> en el NOCO FIM 6DAYS\u00ae y el Campeonato Mundial FIM de Enduro.<\/em><\/p>\n<p><em>\u201cLlevamos un equipo de pilotos junior al campeonato del mundo, los apoyamos y les mostramos el nivel que deben alcanzar. <strong>Sin presi\u00f3n por resultados, les da experiencia y oportunidades de mejorar.<\/strong> Esto, a su vez, nos fortalece para competir en el NOCO FIM 6DAYS\u00ae\u201d.<\/em><\/p>\n<p>Solo el tiempo dir\u00e1 si el NOCO FIM 6DAYS\u00ae de este a\u00f1o se convierte en el evento en que Espa\u00f1a es finalmente es capaz de alzar el Trofeo Mundial FIM pero es seguro que <strong>Espa\u00f1a se est\u00e1 acercando a ello, paso a paso.<\/strong><\/p>\n<\/div><\/div><\/div><\/div><\/div><div class=\"fusion-fullwidth fullwidth-box fusion-builder-row-2 fusion-flex-container has-pattern-background has-mask-background nonhundred-percent-fullwidth non-hundred-percent-height-scrolling\" style=\"--awb-border-radius-top-left:0px;--awb-border-radius-top-right:0px;--awb-border-radius-bottom-right:0px;--awb-border-radius-bottom-left:0px;--awb-flex-wrap:wrap;\" ><div class=\"fusion-builder-row fusion-row fusion-flex-align-items-flex-start fusion-flex-content-wrap\" style=\"max-width:1248px;margin-left: calc(-4% \/ 2 );margin-right: calc(-4% \/ 2 );\"><div class=\"fusion-layout-column fusion_builder_column fusion-builder-column-1 fusion_builder_column_1_1 1_1 fusion-flex-column\" style=\"--awb-bg-size:cover;--awb-width-large:100%;--awb-margin-top-large:0px;--awb-spacing-right-large:1.92%;--awb-margin-bottom-large:20px;--awb-spacing-left-large:1.92%;--awb-width-medium:100%;--awb-order-medium:0;--awb-spacing-right-medium:1.92%;--awb-spacing-left-medium:1.92%;--awb-width-small:100%;--awb-order-small:0;--awb-spacing-right-small:1.92%;--awb-spacing-left-small:1.92%;\"><div class=\"fusion-column-wrapper fusion-column-has-shadow fusion-flex-justify-content-flex-start fusion-content-layout-column\"><div class=\"fusion-separator fusion-full-width-sep\" style=\"align-self: center;margin-left: auto;margin-right: auto;margin-bottom:20px;width:100%;\"><\/div>\n<\/div><\/div><\/div><\/div><\/p>\n","protected":false},"excerpt":{"rendered":"","protected":false},"author":14,"featured_media":50469,"comment_status":"closed","ping_status":"closed","sticky":false,"template":"","format":"standard","meta":{"inline_featured_image":false,"footnotes":""},"categories":[155,108],"tags":[],"class_list":["post-50573","post","type-post","status-publish","format-standard","has-post-thumbnail","hentry","category-before-isde2024-es","category-news-es"],"yoast_head":"<!-- This site is optimized with the Yoast SEO plugin v25.6 - https:\/\/yoast.com\/wordpress\/plugins\/seo\/ -->\n<title>Crist\u00f3bal Guerrero: Construyendo para el futuro, fortaleciendo el enduro espa\u00f1ol - 2024 spain<\/title>\n<meta name=\"description\" content=\"With global focus set to be centred on Silleda in the Galicia region of north-west Spain later in the year, where the 2024 FIM International Six Days of Enduro (ISDE) will take place from 14-19 October, SCOTT Sports \u2013 as the official and exclusive event sponsor for goggles and eyewear \u2013 is delighted today to launch its special edition SCOTT 6DAYS\u00ae Spain Prospect goggle, which is available now.\" \/>\n<meta name=\"robots\" content=\"index, follow, max-snippet:-1, max-image-preview:large, max-video-preview:-1\" \/>\n<link rel=\"canonical\" href=\"https:\/\/2024.fim-6days.com\/es\/cristobal-guerrero-construyendo-para-el-futuro-fortaleciendo-el-enduro-espanol\/\" \/>\n<meta property=\"og:locale\" content=\"es_ES\" \/>\n<meta property=\"og:type\" content=\"article\" \/>\n<meta property=\"og:title\" content=\"Crist\u00f3bal Guerrero: Construyendo para el futuro, fortaleciendo el enduro espa\u00f1ol - 2024 spain\" \/>\n<meta property=\"og:description\" content=\"With global focus set to be centred on Silleda in the Galicia region of north-west Spain later in the year, where the 2024 FIM International Six Days of Enduro (ISDE) will take place from 14-19 October, SCOTT Sports \u2013 as the official and exclusive event sponsor for goggles and eyewear \u2013 is delighted today to launch its special edition SCOTT 6DAYS\u00ae Spain Prospect goggle, which is available now.\" \/>\n<meta property=\"og:url\" content=\"https:\/\/2024.fim-6days.com\/es\/cristobal-guerrero-construyendo-para-el-futuro-fortaleciendo-el-enduro-espanol\/\" \/>\n<meta property=\"og:site_name\" content=\"2024 spain\" \/>\n<meta property=\"article:publisher\" content=\"https:\/\/www.facebook.com\/FIMISDE\/\" \/>\n<meta property=\"article:published_time\" content=\"2024-10-11T12:02:44+00:00\" \/>\n<meta property=\"article:modified_time\" content=\"2024-10-11T12:03:32+00:00\" \/>\n<meta property=\"og:image\" content=\"https:\/\/2024.fim-6days.com\/wp-content\/uploads\/sites\/9\/2024\/10\/AD85845.jpg\" \/>\n\t<meta property=\"og:image:width\" content=\"1600\" \/>\n\t<meta property=\"og:image:height\" content=\"1067\" \/>\n\t<meta property=\"og:image:type\" content=\"image\/jpeg\" \/>\n<meta name=\"author\" content=\"isalen\" \/>\n<meta name=\"twitter:card\" content=\"summary_large_image\" \/>\n<meta name=\"twitter:creator\" content=\"@fimisde\" \/>\n<meta name=\"twitter:site\" content=\"@fimisde\" \/>\n<meta name=\"twitter:label1\" content=\"Escrito por\" \/>\n\t<meta name=\"twitter:data1\" content=\"isalen\" \/>\n\t<meta name=\"twitter:label2\" content=\"Tiempo de lectura\" \/>\n\t<meta name=\"twitter:data2\" content=\"5 minutos\" \/>\n<script type=\"application\/ld+json\" class=\"yoast-schema-graph\">{\"@context\":\"https:\/\/schema.org\",\"@graph\":[{\"@type\":\"Article\",\"@id\":\"https:\/\/2024.fim-6days.com\/es\/cristobal-guerrero-construyendo-para-el-futuro-fortaleciendo-el-enduro-espanol\/#article\",\"isPartOf\":{\"@id\":\"https:\/\/2024.fim-6days.com\/es\/cristobal-guerrero-construyendo-para-el-futuro-fortaleciendo-el-enduro-espanol\/\"},\"author\":{\"name\":\"isalen\",\"@id\":\"https:\/\/2024.fim-6days.com\/#\/schema\/person\/fc80183700e96a22afb3f220ae03b32a\"},\"headline\":\"Crist\u00f3bal Guerrero: Construyendo para el futuro, fortaleciendo el enduro espa\u00f1ol\",\"datePublished\":\"2024-10-11T12:02:44+00:00\",\"dateModified\":\"2024-10-11T12:03:32+00:00\",\"mainEntityOfPage\":{\"@id\":\"https:\/\/2024.fim-6days.com\/es\/cristobal-guerrero-construyendo-para-el-futuro-fortaleciendo-el-enduro-espanol\/\"},\"wordCount\":1944,\"publisher\":{\"@id\":\"https:\/\/2024.fim-6days.com\/#organization\"},\"image\":{\"@id\":\"https:\/\/2024.fim-6days.com\/es\/cristobal-guerrero-construyendo-para-el-futuro-fortaleciendo-el-enduro-espanol\/#primaryimage\"},\"thumbnailUrl\":\"https:\/\/2024.fim-6days.com\/wp-content\/uploads\/sites\/9\/2024\/10\/AD85845.jpg\",\"articleSection\":[\"Before ISDE2024\",\"Noticias\"],\"inLanguage\":\"es\"},{\"@type\":\"WebPage\",\"@id\":\"https:\/\/2024.fim-6days.com\/es\/cristobal-guerrero-construyendo-para-el-futuro-fortaleciendo-el-enduro-espanol\/\",\"url\":\"https:\/\/2024.fim-6days.com\/es\/cristobal-guerrero-construyendo-para-el-futuro-fortaleciendo-el-enduro-espanol\/\",\"name\":\"Crist\u00f3bal Guerrero: Construyendo para el futuro, fortaleciendo el enduro espa\u00f1ol - 2024 spain\",\"isPartOf\":{\"@id\":\"https:\/\/2024.fim-6days.com\/#website\"},\"primaryImageOfPage\":{\"@id\":\"https:\/\/2024.fim-6days.com\/es\/cristobal-guerrero-construyendo-para-el-futuro-fortaleciendo-el-enduro-espanol\/#primaryimage\"},\"image\":{\"@id\":\"https:\/\/2024.fim-6days.com\/es\/cristobal-guerrero-construyendo-para-el-futuro-fortaleciendo-el-enduro-espanol\/#primaryimage\"},\"thumbnailUrl\":\"https:\/\/2024.fim-6days.com\/wp-content\/uploads\/sites\/9\/2024\/10\/AD85845.jpg\",\"datePublished\":\"2024-10-11T12:02:44+00:00\",\"dateModified\":\"2024-10-11T12:03:32+00:00\",\"description\":\"With global focus set to be centred on Silleda in the Galicia region of north-west Spain later in the year, where the 2024 FIM International Six Days of Enduro (ISDE) will take place from 14-19 October, SCOTT Sports \u2013 as the official and exclusive event sponsor for goggles and eyewear \u2013 is delighted today to launch its special edition SCOTT 6DAYS\u00ae Spain Prospect goggle, which is available now.\",\"breadcrumb\":{\"@id\":\"https:\/\/2024.fim-6days.com\/es\/cristobal-guerrero-construyendo-para-el-futuro-fortaleciendo-el-enduro-espanol\/#breadcrumb\"},\"inLanguage\":\"es\",\"potentialAction\":[{\"@type\":\"ReadAction\",\"target\":[\"https:\/\/2024.fim-6days.com\/es\/cristobal-guerrero-construyendo-para-el-futuro-fortaleciendo-el-enduro-espanol\/\"]}]},{\"@type\":\"ImageObject\",\"inLanguage\":\"es\",\"@id\":\"https:\/\/2024.fim-6days.com\/es\/cristobal-guerrero-construyendo-para-el-futuro-fortaleciendo-el-enduro-espanol\/#primaryimage\",\"url\":\"https:\/\/2024.fim-6days.com\/wp-content\/uploads\/sites\/9\/2024\/10\/AD85845.jpg\",\"contentUrl\":\"https:\/\/2024.fim-6days.com\/wp-content\/uploads\/sites\/9\/2024\/10\/AD85845.jpg\",\"width\":1600,\"height\":1067,\"caption\":\"cristobal, guerrero 20211 FIM International Six Days of Enduro, Rivanazzano Terme, Italy\"},{\"@type\":\"BreadcrumbList\",\"@id\":\"https:\/\/2024.fim-6days.com\/es\/cristobal-guerrero-construyendo-para-el-futuro-fortaleciendo-el-enduro-espanol\/#breadcrumb\",\"itemListElement\":[{\"@type\":\"ListItem\",\"position\":1,\"name\":\"Home\",\"item\":\"https:\/\/2024.fim-6days.com\/es\/\"},{\"@type\":\"ListItem\",\"position\":2,\"name\":\"Crist\u00f3bal Guerrero: Construyendo para el futuro, fortaleciendo el enduro espa\u00f1ol\"}]},{\"@type\":\"WebSite\",\"@id\":\"https:\/\/2024.fim-6days.com\/#website\",\"url\":\"https:\/\/2024.fim-6days.com\/\",\"name\":\"FIM ISDE 2021\",\"description\":\"FIM ISDE Official website\",\"publisher\":{\"@id\":\"https:\/\/2024.fim-6days.com\/#organization\"},\"potentialAction\":[{\"@type\":\"SearchAction\",\"target\":{\"@type\":\"EntryPoint\",\"urlTemplate\":\"https:\/\/2024.fim-6days.com\/?s={search_term_string}\"},\"query-input\":{\"@type\":\"PropertyValueSpecification\",\"valueRequired\":true,\"valueName\":\"search_term_string\"}}],\"inLanguage\":\"es\"},{\"@type\":\"Organization\",\"@id\":\"https:\/\/2024.fim-6days.com\/#organization\",\"name\":\"FIM - F\u00e9d\u00e9ration Internationale de Motocyclisme\",\"url\":\"https:\/\/2024.fim-6days.com\/\",\"logo\":{\"@type\":\"ImageObject\",\"inLanguage\":\"es\",\"@id\":\"https:\/\/2024.fim-6days.com\/#\/schema\/logo\/image\/\",\"url\":\"https:\/\/2024.fim-6days.com\/wp-content\/uploads\/sites\/9\/2019\/07\/LogoFIM-CMYK.png\",\"contentUrl\":\"https:\/\/2024.fim-6days.com\/wp-content\/uploads\/sites\/9\/2019\/07\/LogoFIM-CMYK.png\",\"width\":2608,\"height\":1833,\"caption\":\"FIM - F\u00e9d\u00e9ration Internationale de Motocyclisme\"},\"image\":{\"@id\":\"https:\/\/2024.fim-6days.com\/#\/schema\/logo\/image\/\"},\"sameAs\":[\"https:\/\/www.facebook.com\/FIMISDE\/\",\"https:\/\/x.com\/fimisde\",\"https:\/\/www.instagram.com\/fim_isde\/\"]},{\"@type\":\"Person\",\"@id\":\"https:\/\/2024.fim-6days.com\/#\/schema\/person\/fc80183700e96a22afb3f220ae03b32a\",\"name\":\"isalen\",\"image\":{\"@type\":\"ImageObject\",\"inLanguage\":\"es\",\"@id\":\"https:\/\/2024.fim-6days.com\/#\/schema\/person\/image\/\",\"url\":\"https:\/\/secure.gravatar.com\/avatar\/b498bfa446460353cfcc6e023d9c28e3e84ef3798b7f90c38b5d03254eed1837?s=96&d=mm&r=g\",\"contentUrl\":\"https:\/\/secure.gravatar.com\/avatar\/b498bfa446460353cfcc6e023d9c28e3e84ef3798b7f90c38b5d03254eed1837?s=96&d=mm&r=g\",\"caption\":\"isalen\"},\"url\":\"https:\/\/2024.fim-6days.com\/es\/author\/isalen\/\"}]}<\/script>\n<!-- \/ Yoast SEO plugin. -->","yoast_head_json":{"title":"Crist\u00f3bal Guerrero: Construyendo para el futuro, fortaleciendo el enduro espa\u00f1ol - 2024 spain","description":"With global focus set to be centred on Silleda in the Galicia region of north-west Spain later in the year, where the 2024 FIM International Six Days of Enduro (ISDE) will take place from 14-19 October, SCOTT Sports \u2013 as the official and exclusive event sponsor for goggles and eyewear \u2013 is delighted today to launch its special edition SCOTT 6DAYS\u00ae Spain Prospect goggle, which is available now.","robots":{"index":"index","follow":"follow","max-snippet":"max-snippet:-1","max-image-preview":"max-image-preview:large","max-video-preview":"max-video-preview:-1"},"canonical":"https:\/\/2024.fim-6days.com\/es\/cristobal-guerrero-construyendo-para-el-futuro-fortaleciendo-el-enduro-espanol\/","og_locale":"es_ES","og_type":"article","og_title":"Crist\u00f3bal Guerrero: Construyendo para el futuro, fortaleciendo el enduro espa\u00f1ol - 2024 spain","og_description":"With global focus set to be centred on Silleda in the Galicia region of north-west Spain later in the year, where the 2024 FIM International Six Days of Enduro (ISDE) will take place from 14-19 October, SCOTT Sports \u2013 as the official and exclusive event sponsor for goggles and eyewear \u2013 is delighted today to launch its special edition SCOTT 6DAYS\u00ae Spain Prospect goggle, which is available now.","og_url":"https:\/\/2024.fim-6days.com\/es\/cristobal-guerrero-construyendo-para-el-futuro-fortaleciendo-el-enduro-espanol\/","og_site_name":"2024 spain","article_publisher":"https:\/\/www.facebook.com\/FIMISDE\/","article_published_time":"2024-10-11T12:02:44+00:00","article_modified_time":"2024-10-11T12:03:32+00:00","og_image":[{"width":1600,"height":1067,"url":"https:\/\/2024.fim-6days.com\/wp-content\/uploads\/sites\/9\/2024\/10\/AD85845.jpg","type":"image\/jpeg"}],"author":"isalen","twitter_card":"summary_large_image","twitter_creator":"@fimisde","twitter_site":"@fimisde","twitter_misc":{"Escrito por":"isalen","Tiempo de lectura":"5 minutos"},"schema":{"@context":"https:\/\/schema.org","@graph":[{"@type":"Article","@id":"https:\/\/2024.fim-6days.com\/es\/cristobal-guerrero-construyendo-para-el-futuro-fortaleciendo-el-enduro-espanol\/#article","isPartOf":{"@id":"https:\/\/2024.fim-6days.com\/es\/cristobal-guerrero-construyendo-para-el-futuro-fortaleciendo-el-enduro-espanol\/"},"author":{"name":"isalen","@id":"https:\/\/2024.fim-6days.com\/#\/schema\/person\/fc80183700e96a22afb3f220ae03b32a"},"headline":"Crist\u00f3bal Guerrero: Construyendo para el futuro, fortaleciendo el enduro espa\u00f1ol","datePublished":"2024-10-11T12:02:44+00:00","dateModified":"2024-10-11T12:03:32+00:00","mainEntityOfPage":{"@id":"https:\/\/2024.fim-6days.com\/es\/cristobal-guerrero-construyendo-para-el-futuro-fortaleciendo-el-enduro-espanol\/"},"wordCount":1944,"publisher":{"@id":"https:\/\/2024.fim-6days.com\/#organization"},"image":{"@id":"https:\/\/2024.fim-6days.com\/es\/cristobal-guerrero-construyendo-para-el-futuro-fortaleciendo-el-enduro-espanol\/#primaryimage"},"thumbnailUrl":"https:\/\/2024.fim-6days.com\/wp-content\/uploads\/sites\/9\/2024\/10\/AD85845.jpg","articleSection":["Before ISDE2024","Noticias"],"inLanguage":"es"},{"@type":"WebPage","@id":"https:\/\/2024.fim-6days.com\/es\/cristobal-guerrero-construyendo-para-el-futuro-fortaleciendo-el-enduro-espanol\/","url":"https:\/\/2024.fim-6days.com\/es\/cristobal-guerrero-construyendo-para-el-futuro-fortaleciendo-el-enduro-espanol\/","name":"Crist\u00f3bal Guerrero: Construyendo para el futuro, fortaleciendo el enduro espa\u00f1ol - 2024 spain","isPartOf":{"@id":"https:\/\/2024.fim-6days.com\/#website"},"primaryImageOfPage":{"@id":"https:\/\/2024.fim-6days.com\/es\/cristobal-guerrero-construyendo-para-el-futuro-fortaleciendo-el-enduro-espanol\/#primaryimage"},"image":{"@id":"https:\/\/2024.fim-6days.com\/es\/cristobal-guerrero-construyendo-para-el-futuro-fortaleciendo-el-enduro-espanol\/#primaryimage"},"thumbnailUrl":"https:\/\/2024.fim-6days.com\/wp-content\/uploads\/sites\/9\/2024\/10\/AD85845.jpg","datePublished":"2024-10-11T12:02:44+00:00","dateModified":"2024-10-11T12:03:32+00:00","description":"With global focus set to be centred on Silleda in the Galicia region of north-west Spain later in the year, where the 2024 FIM International Six Days of Enduro (ISDE) will take place from 14-19 October, SCOTT Sports \u2013 as the official and exclusive event sponsor for goggles and eyewear \u2013 is delighted today to launch its special edition SCOTT 6DAYS\u00ae Spain Prospect goggle, which is available now.","breadcrumb":{"@id":"https:\/\/2024.fim-6days.com\/es\/cristobal-guerrero-construyendo-para-el-futuro-fortaleciendo-el-enduro-espanol\/#breadcrumb"},"inLanguage":"es","potentialAction":[{"@type":"ReadAction","target":["https:\/\/2024.fim-6days.com\/es\/cristobal-guerrero-construyendo-para-el-futuro-fortaleciendo-el-enduro-espanol\/"]}]},{"@type":"ImageObject","inLanguage":"es","@id":"https:\/\/2024.fim-6days.com\/es\/cristobal-guerrero-construyendo-para-el-futuro-fortaleciendo-el-enduro-espanol\/#primaryimage","url":"https:\/\/2024.fim-6days.com\/wp-content\/uploads\/sites\/9\/2024\/10\/AD85845.jpg","contentUrl":"https:\/\/2024.fim-6days.com\/wp-content\/uploads\/sites\/9\/2024\/10\/AD85845.jpg","width":1600,"height":1067,"caption":"cristobal, guerrero 20211 FIM International Six Days of Enduro, Rivanazzano Terme, Italy"},{"@type":"BreadcrumbList","@id":"https:\/\/2024.fim-6days.com\/es\/cristobal-guerrero-construyendo-para-el-futuro-fortaleciendo-el-enduro-espanol\/#breadcrumb","itemListElement":[{"@type":"ListItem","position":1,"name":"Home","item":"https:\/\/2024.fim-6days.com\/es\/"},{"@type":"ListItem","position":2,"name":"Crist\u00f3bal Guerrero: Construyendo para el futuro, fortaleciendo el enduro espa\u00f1ol"}]},{"@type":"WebSite","@id":"https:\/\/2024.fim-6days.com\/#website","url":"https:\/\/2024.fim-6days.com\/","name":"FIM ISDE 2021","description":"FIM ISDE Official website","publisher":{"@id":"https:\/\/2024.fim-6days.com\/#organization"},"potentialAction":[{"@type":"SearchAction","target":{"@type":"EntryPoint","urlTemplate":"https:\/\/2024.fim-6days.com\/?s={search_term_string}"},"query-input":{"@type":"PropertyValueSpecification","valueRequired":true,"valueName":"search_term_string"}}],"inLanguage":"es"},{"@type":"Organization","@id":"https:\/\/2024.fim-6days.com\/#organization","name":"FIM - F\u00e9d\u00e9ration Internationale de Motocyclisme","url":"https:\/\/2024.fim-6days.com\/","logo":{"@type":"ImageObject","inLanguage":"es","@id":"https:\/\/2024.fim-6days.com\/#\/schema\/logo\/image\/","url":"https:\/\/2024.fim-6days.com\/wp-content\/uploads\/sites\/9\/2019\/07\/LogoFIM-CMYK.png","contentUrl":"https:\/\/2024.fim-6days.com\/wp-content\/uploads\/sites\/9\/2019\/07\/LogoFIM-CMYK.png","width":2608,"height":1833,"caption":"FIM - F\u00e9d\u00e9ration Internationale de Motocyclisme"},"image":{"@id":"https:\/\/2024.fim-6days.com\/#\/schema\/logo\/image\/"},"sameAs":["https:\/\/www.facebook.com\/FIMISDE\/","https:\/\/x.com\/fimisde","https:\/\/www.instagram.com\/fim_isde\/"]},{"@type":"Person","@id":"https:\/\/2024.fim-6days.com\/#\/schema\/person\/fc80183700e96a22afb3f220ae03b32a","name":"isalen","image":{"@type":"ImageObject","inLanguage":"es","@id":"https:\/\/2024.fim-6days.com\/#\/schema\/person\/image\/","url":"https:\/\/secure.gravatar.com\/avatar\/b498bfa446460353cfcc6e023d9c28e3e84ef3798b7f90c38b5d03254eed1837?s=96&d=mm&r=g","contentUrl":"https:\/\/secure.gravatar.com\/avatar\/b498bfa446460353cfcc6e023d9c28e3e84ef3798b7f90c38b5d03254eed1837?s=96&d=mm&r=g","caption":"isalen"},"url":"https:\/\/2024.fim-6days.com\/es\/author\/isalen\/"}]}},"_links":{"self":[{"href":"https:\/\/2024.fim-6days.com\/es\/wp-json\/wp\/v2\/posts\/50573","targetHints":{"allow":["GET"]}}],"collection":[{"href":"https:\/\/2024.fim-6days.com\/es\/wp-json\/wp\/v2\/posts"}],"about":[{"href":"https:\/\/2024.fim-6days.com\/es\/wp-json\/wp\/v2\/types\/post"}],"author":[{"embeddable":true,"href":"https:\/\/2024.fim-6days.com\/es\/wp-json\/wp\/v2\/users\/14"}],"replies":[{"embeddable":true,"href":"https:\/\/2024.fim-6days.com\/es\/wp-json\/wp\/v2\/comments?post=50573"}],"version-history":[{"count":2,"href":"https:\/\/2024.fim-6days.com\/es\/wp-json\/wp\/v2\/posts\/50573\/revisions"}],"predecessor-version":[{"id":50577,"href":"https:\/\/2024.fim-6days.com\/es\/wp-json\/wp\/v2\/posts\/50573\/revisions\/50577"}],"wp:featuredmedia":[{"embeddable":true,"href":"https:\/\/2024.fim-6days.com\/es\/wp-json\/wp\/v2\/media\/50469"}],"wp:attachment":[{"href":"https:\/\/2024.fim-6days.com\/es\/wp-json\/wp\/v2\/media?parent=50573"}],"wp:term":[{"taxonomy":"category","embeddable":true,"href":"https:\/\/2024.fim-6days.com\/es\/wp-json\/wp\/v2\/categories?post=50573"},{"taxonomy":"post_tag","embeddable":true,"href":"https:\/\/2024.fim-6days.com\/es\/wp-json\/wp\/v2\/tags?post=50573"}],"curies":[{"name":"wp","href":"https:\/\/api.w.org\/{rel}","templated":true}]}}