{"id":50569,"date":"2024-10-11T13:58:44","date_gmt":"2024-10-11T11:58:44","guid":{"rendered":"https:\/\/2024.fim-6days.com\/one-motorcycle-to-rule-them-all-is-there-an-ideal-bike-for-the-noco-fim-6days\/"},"modified":"2024-10-11T13:59:53","modified_gmt":"2024-10-11T11:59:53","slug":"una-moto-para-gobernarlas-a-todas-existe-una-moto-ideal-para-la-noco-fim-6days","status":"publish","type":"post","link":"https:\/\/2024.fim-6days.com\/es\/una-moto-para-gobernarlas-a-todas-existe-una-moto-ideal-para-la-noco-fim-6days\/","title":{"rendered":"Una moto para gobernarlas a todas: \u00bfExiste una moto ideal para la NOCO FIM 6DAYS\u00ae?"},"content":{"rendered":"<p><div class=\"fusion-fullwidth fullwidth-box fusion-builder-row-1 fusion-flex-container nonhundred-percent-fullwidth non-hundred-percent-height-scrolling\" style=\"--awb-border-radius-top-left:0px;--awb-border-radius-top-right:0px;--awb-border-radius-bottom-right:0px;--awb-border-radius-bottom-left:0px;--awb-padding-top:0px;--awb-padding-bottom:0px;--awb-flex-wrap:wrap;\" ><div class=\"fusion-builder-row fusion-row fusion-flex-align-items-flex-start fusion-flex-content-wrap\" style=\"max-width:1248px;margin-left: calc(-4% \/ 2 );margin-right: calc(-4% \/ 2 );\"><div class=\"fusion-layout-column fusion_builder_column fusion-builder-column-0 fusion_builder_column_1_1 1_1 fusion-flex-column\" style=\"--awb-padding-top:0px;--awb-padding-bottom:0px;--awb-bg-size:cover;--awb-width-large:100%;--awb-margin-top-large:0px;--awb-spacing-right-large:1.92%;--awb-margin-bottom-large:0px;--awb-spacing-left-large:1.92%;--awb-width-medium:100%;--awb-order-medium:0;--awb-spacing-right-medium:1.92%;--awb-spacing-left-medium:1.92%;--awb-width-small:100%;--awb-order-small:0;--awb-spacing-right-small:1.92%;--awb-spacing-left-small:1.92%;\"><div class=\"fusion-column-wrapper fusion-column-has-shadow fusion-flex-justify-content-flex-start fusion-content-layout-column\"><div class=\"fusion-text fusion-text-1\" style=\"--awb-text-transform:none;\"><p><strong>\u00bfExiste la moto de enduro ideal que se adapta a la NOCO FIM 6DAYS\u00ae? A medida que nos acercamos a la 98\u00aa edici\u00f3n de los Seis D\u00edas Internacionales de Enduro (ISDE) de la FIM, esta es una pregunta que se repite casi todos los a\u00f1os.<\/strong><\/p>\n<p>Como una de las competiciones de motos de enduro m\u00e1s duras, exigentes y variadas del calendario de la FIM, sus par\u00e1metros cambian de a\u00f1o al a\u00f1o. <strong>Un a\u00f1o est\u00e1 h\u00famedo y embarrado, al a\u00f1o siguiente est\u00e1 seco y polvoriento. <\/strong>Las carreras en Europa incluyen pistas forestales, mientras que el Sudam\u00e9rica presenta senderos des\u00e9rticos. <strong>Por esta raz\u00f3n se entiende que nunca haya dos ediciones iguales.<\/strong><\/p>\n<p>Tener en cuenta estos elementos, junto con la evoluci\u00f3n de la maquinaria y las tendencias actuales, hace que sea dif\u00edcil identificar una moto que las domine a todas, pero hay un punto \u00f3ptimo cada vez mayor a considerar.<\/p>\n<p>Como nueve veces campe\u00f3n del mundo de enduro FIM y miembro ganador del equipo del FIM World Trophy de Gran Breta\u00f1a en 2022, <strong>Steve Holcombe (Honda) conoce bien<\/strong> <strong>las exigencias del NOCO FIM 6DAYS\u00ae.<\/strong> Altamente cualificado para dar una respuesta, est\u00e1 de acuerdo en que hay un punto \u00f3ptimo que ahora se acerca a la mayor\u00eda de los pilotos aficionados y aficionados que compiten.<\/p>\n<p><em>\u201cEn primer lugar, no existe una respuesta exacta\u201d, <\/em>r\u00ede Holcombe.<em> \u201cDepende mucho del estilo de conducci\u00f3n de cada piloto, que es lo que hace que el enduro sea grandioso. Por mucho que me gusten las motos de dos tiempos, <strong>creo que las motos modernas de cuatro tiempos son la mejor y m\u00e1s sencilla opci\u00f3n teniendo en cuanto como se desarrollan las carreras actualmente.<\/strong><\/em><\/p>\n<p><em>\u201cPara el FIM ISDE, creo que cualquier cilindrada es buena, desde 250cc hasta 500cc de cuatro tiempos. Pero <strong>las motos de cilindrada media (de 300cc a 350cc de cuatro tiempos) son r\u00e1pidas en todas partes<\/strong> y accesibles para todos. Son lo suficientemente ligeras como para usarlos durante seis d\u00edas seguidos, pero a\u00fan tienen los bajos y <strong>la velocidad m\u00e1xima necesaria para el estilo de pruebas especiales<\/strong> que tenemos en una carrera como el FIM ISDE\u201d.<\/em><\/p>\n<p>Para la carrera de este a\u00f1o en Galicia, Espa\u00f1a, <strong>Holcombe, montado en Honda, est\u00e1 siguiendo su propio consejo. <\/strong>Despu\u00e9s de una temporada con una moto de cuatro tiempos de 250cc en el Campeonato Mundial FIM EnduroGP, ha decidido cambiar las cosas y <strong>competir con una moto de cuatro tiempos de 400cc en el NOCO FIM 6DAYS\u00ae.<\/strong><\/p>\n<p><em>\u201cCorrer con la 250cc de cuatro tiempos en EnduroGP fue un cambio divertido este a\u00f1o, pero, como dije, <strong>siento que una mayor cilindrada se adapta m\u00e1s a las pruebas especiales FIM ISDE.<\/strong> Generalmente son menos t\u00e9cnicas y m\u00e1s abiertas, por lo que son adecuadas para una moto m\u00e1s potente.<\/em><\/p>\n<p><strong><em>\u201cAhora que no tenemos las restricciones de cada categor\u00eda, es m\u00e1s f\u00e1cil para nosotros elegir una moto que creemos que se adaptar\u00e1 a la carrera. <\/em><\/strong><em>Estoy agradecido al equipo por permitirme subirme a la 400cc de cuatro tiempos. \u00a1Creo que ser\u00e1 la mejor moto para este trabajo!\u201d.<\/em><\/p>\n<p>Los espectadores tendr\u00e1n acceso gratuito al paddock que incorpora el <strong>NOCO Parque Cerrado, la ceremonia de inauguraci\u00f3n y las pruebas especiales del d\u00eda uno al cinco,<\/strong> mientras que el coste de la entrada para el cross<strong> final tambi\u00e9n incluir\u00e1 la entrada a la fiesta GASGAS 6DAYS\u00ae<\/strong> con dos bebidas gratis.<\/p>\n<p>Si no puedes asistir, la FIM-MOTO.TV <strong>transmitir\u00e1 exclusivamente en vivo la prueba cross final y todos los d\u00edas de competici\u00f3n.<\/strong> La misma programa tambi\u00e9n dar\u00e1 la bienvenida a los pilotos y naciones de primer nivel que participar\u00e1n en el <strong>6DAYS MOTUL Studio Show<\/strong> cuando vuelven al <strong>NOCO Parque Cerrado en Silleda<\/strong>. Este espect\u00e1culo ser\u00e1 presentado por la <strong>leyenda de motocross Paul Malin<\/strong>, quien ser\u00e1 comentarista en vivo de las carreras del d\u00eda y realizar\u00e1 entrevistas con los pilotos en un estudio especial instalado dentro del NOCO Parque Cerrado. <strong>El acceso a este servicio de streaming estar\u00e1 disponible al precio especial de 6\u20ac con la retrasmisi\u00f3n en vivo de los 6DAYS<\/strong> (Transmisi\u00f3n en vivo del d\u00eda 1 al d\u00eda 5). La informaci\u00f3n detallada sobre la transmisi\u00f3n en vivo se publicar\u00e1 en FIM-MOTO.TV en las pr\u00f3ximas semanas en la p\u00e1gina dedicada a 6DAYS: https:\/\/fim-moto.tv\/fim_isde.<\/p>\n<p><strong>La 98\u00aa edici\u00f3n de NOCO FIM 6DAYS\u00ae en Galicia, Espa\u00f1a, del 14 al 19 de octubre, \u00a1se perfila como un evento que no debe perderse!<\/strong><\/p>\n<\/div><\/div><\/div><\/div><\/div><div class=\"fusion-fullwidth fullwidth-box fusion-builder-row-2 fusion-flex-container has-pattern-background has-mask-background nonhundred-percent-fullwidth non-hundred-percent-height-scrolling\" style=\"--awb-border-radius-top-left:0px;--awb-border-radius-top-right:0px;--awb-border-radius-bottom-right:0px;--awb-border-radius-bottom-left:0px;--awb-flex-wrap:wrap;\" ><div class=\"fusion-builder-row fusion-row fusion-flex-align-items-flex-start fusion-flex-content-wrap\" style=\"max-width:1248px;margin-left: calc(-4% \/ 2 );margin-right: calc(-4% \/ 2 );\"><div class=\"fusion-layout-column fusion_builder_column fusion-builder-column-1 fusion_builder_column_1_1 1_1 fusion-flex-column\" style=\"--awb-bg-size:cover;--awb-width-large:100%;--awb-margin-top-large:0px;--awb-spacing-right-large:1.92%;--awb-margin-bottom-large:20px;--awb-spacing-left-large:1.92%;--awb-width-medium:100%;--awb-order-medium:0;--awb-spacing-right-medium:1.92%;--awb-spacing-left-medium:1.92%;--awb-width-small:100%;--awb-order-small:0;--awb-spacing-right-small:1.92%;--awb-spacing-left-small:1.92%;\"><div class=\"fusion-column-wrapper fusion-column-has-shadow fusion-flex-justify-content-flex-start fusion-content-layout-column\"><div class=\"fusion-separator fusion-full-width-sep\" style=\"align-self: center;margin-left: auto;margin-right: auto;margin-bottom:20px;width:100%;\"><\/div>\n<\/div><\/div><\/div><\/div><\/p>\n","protected":false},"excerpt":{"rendered":"","protected":false},"author":14,"featured_media":50452,"comment_status":"closed","ping_status":"closed","sticky":false,"template":"","format":"standard","meta":{"inline_featured_image":false,"footnotes":""},"categories":[155,108],"tags":[],"class_list":["post-50569","post","type-post","status-publish","format-standard","has-post-thumbnail","hentry","category-before-isde2024-es","category-news-es"],"yoast_head":"<!-- This site is optimized with the Yoast SEO plugin v25.6 - https:\/\/yoast.com\/wordpress\/plugins\/seo\/ -->\n<title>Una moto para gobernarlas a todas: \u00bfExiste una moto ideal para la NOCO FIM 6DAYS\u00ae? - 2024 spain<\/title>\n<meta name=\"description\" content=\"With global focus set to be centred on Silleda in the Galicia region of north-west Spain later in the year, where the 2024 FIM International Six Days of Enduro (ISDE) will take place from 14-19 October, SCOTT Sports \u2013 as the official and exclusive event sponsor for goggles and eyewear \u2013 is delighted today to launch its special edition SCOTT 6DAYS\u00ae Spain Prospect goggle, which is available now.\" \/>\n<meta name=\"robots\" content=\"index, follow, max-snippet:-1, max-image-preview:large, max-video-preview:-1\" \/>\n<link rel=\"canonical\" href=\"https:\/\/2024.fim-6days.com\/es\/una-moto-para-gobernarlas-a-todas-existe-una-moto-ideal-para-la-noco-fim-6days\/\" \/>\n<meta property=\"og:locale\" content=\"es_ES\" \/>\n<meta property=\"og:type\" content=\"article\" \/>\n<meta property=\"og:title\" content=\"Una moto para gobernarlas a todas: \u00bfExiste una moto ideal para la NOCO FIM 6DAYS\u00ae? - 2024 spain\" \/>\n<meta property=\"og:description\" content=\"With global focus set to be centred on Silleda in the Galicia region of north-west Spain later in the year, where the 2024 FIM International Six Days of Enduro (ISDE) will take place from 14-19 October, SCOTT Sports \u2013 as the official and exclusive event sponsor for goggles and eyewear \u2013 is delighted today to launch its special edition SCOTT 6DAYS\u00ae Spain Prospect goggle, which is available now.\" \/>\n<meta property=\"og:url\" content=\"https:\/\/2024.fim-6days.com\/es\/una-moto-para-gobernarlas-a-todas-existe-una-moto-ideal-para-la-noco-fim-6days\/\" \/>\n<meta property=\"og:site_name\" content=\"2024 spain\" \/>\n<meta property=\"article:publisher\" content=\"https:\/\/www.facebook.com\/FIMISDE\/\" \/>\n<meta property=\"article:published_time\" content=\"2024-10-11T11:58:44+00:00\" \/>\n<meta property=\"article:modified_time\" content=\"2024-10-11T11:59:53+00:00\" \/>\n<meta property=\"og:image\" content=\"https:\/\/2024.fim-6days.com\/wp-content\/uploads\/sites\/9\/2024\/09\/231105_ISDE_2023_Argentina_0290.jpg\" \/>\n\t<meta property=\"og:image:width\" content=\"1600\" \/>\n\t<meta property=\"og:image:height\" content=\"1067\" \/>\n\t<meta property=\"og:image:type\" content=\"image\/jpeg\" \/>\n<meta name=\"author\" content=\"isalen\" \/>\n<meta name=\"twitter:card\" content=\"summary_large_image\" \/>\n<meta name=\"twitter:creator\" content=\"@fimisde\" \/>\n<meta name=\"twitter:site\" content=\"@fimisde\" \/>\n<meta name=\"twitter:label1\" content=\"Escrito por\" \/>\n\t<meta name=\"twitter:data1\" content=\"isalen\" \/>\n\t<meta name=\"twitter:label2\" content=\"Tiempo de lectura\" \/>\n\t<meta name=\"twitter:data2\" content=\"6 minutos\" \/>\n<script type=\"application\/ld+json\" class=\"yoast-schema-graph\">{\"@context\":\"https:\/\/schema.org\",\"@graph\":[{\"@type\":\"Article\",\"@id\":\"https:\/\/2024.fim-6days.com\/es\/una-moto-para-gobernarlas-a-todas-existe-una-moto-ideal-para-la-noco-fim-6days\/#article\",\"isPartOf\":{\"@id\":\"https:\/\/2024.fim-6days.com\/es\/una-moto-para-gobernarlas-a-todas-existe-una-moto-ideal-para-la-noco-fim-6days\/\"},\"author\":{\"name\":\"isalen\",\"@id\":\"https:\/\/2024.fim-6days.com\/#\/schema\/person\/fc80183700e96a22afb3f220ae03b32a\"},\"headline\":\"Una moto para gobernarlas a todas: \u00bfExiste una moto ideal para la NOCO FIM 6DAYS\u00ae?\",\"datePublished\":\"2024-10-11T11:58:44+00:00\",\"dateModified\":\"2024-10-11T11:59:53+00:00\",\"mainEntityOfPage\":{\"@id\":\"https:\/\/2024.fim-6days.com\/es\/una-moto-para-gobernarlas-a-todas-existe-una-moto-ideal-para-la-noco-fim-6days\/\"},\"wordCount\":2151,\"publisher\":{\"@id\":\"https:\/\/2024.fim-6days.com\/#organization\"},\"image\":{\"@id\":\"https:\/\/2024.fim-6days.com\/es\/una-moto-para-gobernarlas-a-todas-existe-una-moto-ideal-para-la-noco-fim-6days\/#primaryimage\"},\"thumbnailUrl\":\"https:\/\/2024.fim-6days.com\/wp-content\/uploads\/sites\/9\/2024\/09\/231105_ISDE_2023_Argentina_0290.jpg\",\"articleSection\":[\"Before ISDE2024\",\"Noticias\"],\"inLanguage\":\"es\"},{\"@type\":\"WebPage\",\"@id\":\"https:\/\/2024.fim-6days.com\/es\/una-moto-para-gobernarlas-a-todas-existe-una-moto-ideal-para-la-noco-fim-6days\/\",\"url\":\"https:\/\/2024.fim-6days.com\/es\/una-moto-para-gobernarlas-a-todas-existe-una-moto-ideal-para-la-noco-fim-6days\/\",\"name\":\"Una moto para gobernarlas a todas: \u00bfExiste una moto ideal para la NOCO FIM 6DAYS\u00ae? - 2024 spain\",\"isPartOf\":{\"@id\":\"https:\/\/2024.fim-6days.com\/#website\"},\"primaryImageOfPage\":{\"@id\":\"https:\/\/2024.fim-6days.com\/es\/una-moto-para-gobernarlas-a-todas-existe-una-moto-ideal-para-la-noco-fim-6days\/#primaryimage\"},\"image\":{\"@id\":\"https:\/\/2024.fim-6days.com\/es\/una-moto-para-gobernarlas-a-todas-existe-una-moto-ideal-para-la-noco-fim-6days\/#primaryimage\"},\"thumbnailUrl\":\"https:\/\/2024.fim-6days.com\/wp-content\/uploads\/sites\/9\/2024\/09\/231105_ISDE_2023_Argentina_0290.jpg\",\"datePublished\":\"2024-10-11T11:58:44+00:00\",\"dateModified\":\"2024-10-11T11:59:53+00:00\",\"description\":\"With global focus set to be centred on Silleda in the Galicia region of north-west Spain later in the year, where the 2024 FIM International Six Days of Enduro (ISDE) will take place from 14-19 October, SCOTT Sports \u2013 as the official and exclusive event sponsor for goggles and eyewear \u2013 is delighted today to launch its special edition SCOTT 6DAYS\u00ae Spain Prospect goggle, which is available now.\",\"breadcrumb\":{\"@id\":\"https:\/\/2024.fim-6days.com\/es\/una-moto-para-gobernarlas-a-todas-existe-una-moto-ideal-para-la-noco-fim-6days\/#breadcrumb\"},\"inLanguage\":\"es\",\"potentialAction\":[{\"@type\":\"ReadAction\",\"target\":[\"https:\/\/2024.fim-6days.com\/es\/una-moto-para-gobernarlas-a-todas-existe-una-moto-ideal-para-la-noco-fim-6days\/\"]}]},{\"@type\":\"ImageObject\",\"inLanguage\":\"es\",\"@id\":\"https:\/\/2024.fim-6days.com\/es\/una-moto-para-gobernarlas-a-todas-existe-una-moto-ideal-para-la-noco-fim-6days\/#primaryimage\",\"url\":\"https:\/\/2024.fim-6days.com\/wp-content\/uploads\/sites\/9\/2024\/09\/231105_ISDE_2023_Argentina_0290.jpg\",\"contentUrl\":\"https:\/\/2024.fim-6days.com\/wp-content\/uploads\/sites\/9\/2024\/09\/231105_ISDE_2023_Argentina_0290.jpg\",\"width\":1600,\"height\":1067,\"caption\":\"2023 International Six Days Enduro \u0096 San Juan \u0096 Argentina\"},{\"@type\":\"BreadcrumbList\",\"@id\":\"https:\/\/2024.fim-6days.com\/es\/una-moto-para-gobernarlas-a-todas-existe-una-moto-ideal-para-la-noco-fim-6days\/#breadcrumb\",\"itemListElement\":[{\"@type\":\"ListItem\",\"position\":1,\"name\":\"Home\",\"item\":\"https:\/\/2024.fim-6days.com\/es\/\"},{\"@type\":\"ListItem\",\"position\":2,\"name\":\"Una moto para gobernarlas a todas: \u00bfExiste una moto ideal para la NOCO FIM 6DAYS\u00ae?\"}]},{\"@type\":\"WebSite\",\"@id\":\"https:\/\/2024.fim-6days.com\/#website\",\"url\":\"https:\/\/2024.fim-6days.com\/\",\"name\":\"FIM ISDE 2021\",\"description\":\"FIM ISDE Official website\",\"publisher\":{\"@id\":\"https:\/\/2024.fim-6days.com\/#organization\"},\"potentialAction\":[{\"@type\":\"SearchAction\",\"target\":{\"@type\":\"EntryPoint\",\"urlTemplate\":\"https:\/\/2024.fim-6days.com\/?s={search_term_string}\"},\"query-input\":{\"@type\":\"PropertyValueSpecification\",\"valueRequired\":true,\"valueName\":\"search_term_string\"}}],\"inLanguage\":\"es\"},{\"@type\":\"Organization\",\"@id\":\"https:\/\/2024.fim-6days.com\/#organization\",\"name\":\"FIM - F\u00e9d\u00e9ration Internationale de Motocyclisme\",\"url\":\"https:\/\/2024.fim-6days.com\/\",\"logo\":{\"@type\":\"ImageObject\",\"inLanguage\":\"es\",\"@id\":\"https:\/\/2024.fim-6days.com\/#\/schema\/logo\/image\/\",\"url\":\"https:\/\/2024.fim-6days.com\/wp-content\/uploads\/sites\/9\/2019\/07\/LogoFIM-CMYK.png\",\"contentUrl\":\"https:\/\/2024.fim-6days.com\/wp-content\/uploads\/sites\/9\/2019\/07\/LogoFIM-CMYK.png\",\"width\":2608,\"height\":1833,\"caption\":\"FIM - F\u00e9d\u00e9ration Internationale de Motocyclisme\"},\"image\":{\"@id\":\"https:\/\/2024.fim-6days.com\/#\/schema\/logo\/image\/\"},\"sameAs\":[\"https:\/\/www.facebook.com\/FIMISDE\/\",\"https:\/\/x.com\/fimisde\",\"https:\/\/www.instagram.com\/fim_isde\/\"]},{\"@type\":\"Person\",\"@id\":\"https:\/\/2024.fim-6days.com\/#\/schema\/person\/fc80183700e96a22afb3f220ae03b32a\",\"name\":\"isalen\",\"image\":{\"@type\":\"ImageObject\",\"inLanguage\":\"es\",\"@id\":\"https:\/\/2024.fim-6days.com\/#\/schema\/person\/image\/\",\"url\":\"https:\/\/secure.gravatar.com\/avatar\/b498bfa446460353cfcc6e023d9c28e3e84ef3798b7f90c38b5d03254eed1837?s=96&d=mm&r=g\",\"contentUrl\":\"https:\/\/secure.gravatar.com\/avatar\/b498bfa446460353cfcc6e023d9c28e3e84ef3798b7f90c38b5d03254eed1837?s=96&d=mm&r=g\",\"caption\":\"isalen\"},\"url\":\"https:\/\/2024.fim-6days.com\/es\/author\/isalen\/\"}]}<\/script>\n<!-- \/ Yoast SEO plugin. -->","yoast_head_json":{"title":"Una moto para gobernarlas a todas: \u00bfExiste una moto ideal para la NOCO FIM 6DAYS\u00ae? - 2024 spain","description":"With global focus set to be centred on Silleda in the Galicia region of north-west Spain later in the year, where the 2024 FIM International Six Days of Enduro (ISDE) will take place from 14-19 October, SCOTT Sports \u2013 as the official and exclusive event sponsor for goggles and eyewear \u2013 is delighted today to launch its special edition SCOTT 6DAYS\u00ae Spain Prospect goggle, which is available now.","robots":{"index":"index","follow":"follow","max-snippet":"max-snippet:-1","max-image-preview":"max-image-preview:large","max-video-preview":"max-video-preview:-1"},"canonical":"https:\/\/2024.fim-6days.com\/es\/una-moto-para-gobernarlas-a-todas-existe-una-moto-ideal-para-la-noco-fim-6days\/","og_locale":"es_ES","og_type":"article","og_title":"Una moto para gobernarlas a todas: \u00bfExiste una moto ideal para la NOCO FIM 6DAYS\u00ae? - 2024 spain","og_description":"With global focus set to be centred on Silleda in the Galicia region of north-west Spain later in the year, where the 2024 FIM International Six Days of Enduro (ISDE) will take place from 14-19 October, SCOTT Sports \u2013 as the official and exclusive event sponsor for goggles and eyewear \u2013 is delighted today to launch its special edition SCOTT 6DAYS\u00ae Spain Prospect goggle, which is available now.","og_url":"https:\/\/2024.fim-6days.com\/es\/una-moto-para-gobernarlas-a-todas-existe-una-moto-ideal-para-la-noco-fim-6days\/","og_site_name":"2024 spain","article_publisher":"https:\/\/www.facebook.com\/FIMISDE\/","article_published_time":"2024-10-11T11:58:44+00:00","article_modified_time":"2024-10-11T11:59:53+00:00","og_image":[{"width":1600,"height":1067,"url":"https:\/\/2024.fim-6days.com\/wp-content\/uploads\/sites\/9\/2024\/09\/231105_ISDE_2023_Argentina_0290.jpg","type":"image\/jpeg"}],"author":"isalen","twitter_card":"summary_large_image","twitter_creator":"@fimisde","twitter_site":"@fimisde","twitter_misc":{"Escrito por":"isalen","Tiempo de lectura":"6 minutos"},"schema":{"@context":"https:\/\/schema.org","@graph":[{"@type":"Article","@id":"https:\/\/2024.fim-6days.com\/es\/una-moto-para-gobernarlas-a-todas-existe-una-moto-ideal-para-la-noco-fim-6days\/#article","isPartOf":{"@id":"https:\/\/2024.fim-6days.com\/es\/una-moto-para-gobernarlas-a-todas-existe-una-moto-ideal-para-la-noco-fim-6days\/"},"author":{"name":"isalen","@id":"https:\/\/2024.fim-6days.com\/#\/schema\/person\/fc80183700e96a22afb3f220ae03b32a"},"headline":"Una moto para gobernarlas a todas: \u00bfExiste una moto ideal para la NOCO FIM 6DAYS\u00ae?","datePublished":"2024-10-11T11:58:44+00:00","dateModified":"2024-10-11T11:59:53+00:00","mainEntityOfPage":{"@id":"https:\/\/2024.fim-6days.com\/es\/una-moto-para-gobernarlas-a-todas-existe-una-moto-ideal-para-la-noco-fim-6days\/"},"wordCount":2151,"publisher":{"@id":"https:\/\/2024.fim-6days.com\/#organization"},"image":{"@id":"https:\/\/2024.fim-6days.com\/es\/una-moto-para-gobernarlas-a-todas-existe-una-moto-ideal-para-la-noco-fim-6days\/#primaryimage"},"thumbnailUrl":"https:\/\/2024.fim-6days.com\/wp-content\/uploads\/sites\/9\/2024\/09\/231105_ISDE_2023_Argentina_0290.jpg","articleSection":["Before ISDE2024","Noticias"],"inLanguage":"es"},{"@type":"WebPage","@id":"https:\/\/2024.fim-6days.com\/es\/una-moto-para-gobernarlas-a-todas-existe-una-moto-ideal-para-la-noco-fim-6days\/","url":"https:\/\/2024.fim-6days.com\/es\/una-moto-para-gobernarlas-a-todas-existe-una-moto-ideal-para-la-noco-fim-6days\/","name":"Una moto para gobernarlas a todas: \u00bfExiste una moto ideal para la NOCO FIM 6DAYS\u00ae? - 2024 spain","isPartOf":{"@id":"https:\/\/2024.fim-6days.com\/#website"},"primaryImageOfPage":{"@id":"https:\/\/2024.fim-6days.com\/es\/una-moto-para-gobernarlas-a-todas-existe-una-moto-ideal-para-la-noco-fim-6days\/#primaryimage"},"image":{"@id":"https:\/\/2024.fim-6days.com\/es\/una-moto-para-gobernarlas-a-todas-existe-una-moto-ideal-para-la-noco-fim-6days\/#primaryimage"},"thumbnailUrl":"https:\/\/2024.fim-6days.com\/wp-content\/uploads\/sites\/9\/2024\/09\/231105_ISDE_2023_Argentina_0290.jpg","datePublished":"2024-10-11T11:58:44+00:00","dateModified":"2024-10-11T11:59:53+00:00","description":"With global focus set to be centred on Silleda in the Galicia region of north-west Spain later in the year, where the 2024 FIM International Six Days of Enduro (ISDE) will take place from 14-19 October, SCOTT Sports \u2013 as the official and exclusive event sponsor for goggles and eyewear \u2013 is delighted today to launch its special edition SCOTT 6DAYS\u00ae Spain Prospect goggle, which is available now.","breadcrumb":{"@id":"https:\/\/2024.fim-6days.com\/es\/una-moto-para-gobernarlas-a-todas-existe-una-moto-ideal-para-la-noco-fim-6days\/#breadcrumb"},"inLanguage":"es","potentialAction":[{"@type":"ReadAction","target":["https:\/\/2024.fim-6days.com\/es\/una-moto-para-gobernarlas-a-todas-existe-una-moto-ideal-para-la-noco-fim-6days\/"]}]},{"@type":"ImageObject","inLanguage":"es","@id":"https:\/\/2024.fim-6days.com\/es\/una-moto-para-gobernarlas-a-todas-existe-una-moto-ideal-para-la-noco-fim-6days\/#primaryimage","url":"https:\/\/2024.fim-6days.com\/wp-content\/uploads\/sites\/9\/2024\/09\/231105_ISDE_2023_Argentina_0290.jpg","contentUrl":"https:\/\/2024.fim-6days.com\/wp-content\/uploads\/sites\/9\/2024\/09\/231105_ISDE_2023_Argentina_0290.jpg","width":1600,"height":1067,"caption":"2023 International Six Days Enduro \u0096 San Juan \u0096 Argentina"},{"@type":"BreadcrumbList","@id":"https:\/\/2024.fim-6days.com\/es\/una-moto-para-gobernarlas-a-todas-existe-una-moto-ideal-para-la-noco-fim-6days\/#breadcrumb","itemListElement":[{"@type":"ListItem","position":1,"name":"Home","item":"https:\/\/2024.fim-6days.com\/es\/"},{"@type":"ListItem","position":2,"name":"Una moto para gobernarlas a todas: \u00bfExiste una moto ideal para la NOCO FIM 6DAYS\u00ae?"}]},{"@type":"WebSite","@id":"https:\/\/2024.fim-6days.com\/#website","url":"https:\/\/2024.fim-6days.com\/","name":"FIM ISDE 2021","description":"FIM ISDE Official website","publisher":{"@id":"https:\/\/2024.fim-6days.com\/#organization"},"potentialAction":[{"@type":"SearchAction","target":{"@type":"EntryPoint","urlTemplate":"https:\/\/2024.fim-6days.com\/?s={search_term_string}"},"query-input":{"@type":"PropertyValueSpecification","valueRequired":true,"valueName":"search_term_string"}}],"inLanguage":"es"},{"@type":"Organization","@id":"https:\/\/2024.fim-6days.com\/#organization","name":"FIM - F\u00e9d\u00e9ration Internationale de Motocyclisme","url":"https:\/\/2024.fim-6days.com\/","logo":{"@type":"ImageObject","inLanguage":"es","@id":"https:\/\/2024.fim-6days.com\/#\/schema\/logo\/image\/","url":"https:\/\/2024.fim-6days.com\/wp-content\/uploads\/sites\/9\/2019\/07\/LogoFIM-CMYK.png","contentUrl":"https:\/\/2024.fim-6days.com\/wp-content\/uploads\/sites\/9\/2019\/07\/LogoFIM-CMYK.png","width":2608,"height":1833,"caption":"FIM - F\u00e9d\u00e9ration Internationale de Motocyclisme"},"image":{"@id":"https:\/\/2024.fim-6days.com\/#\/schema\/logo\/image\/"},"sameAs":["https:\/\/www.facebook.com\/FIMISDE\/","https:\/\/x.com\/fimisde","https:\/\/www.instagram.com\/fim_isde\/"]},{"@type":"Person","@id":"https:\/\/2024.fim-6days.com\/#\/schema\/person\/fc80183700e96a22afb3f220ae03b32a","name":"isalen","image":{"@type":"ImageObject","inLanguage":"es","@id":"https:\/\/2024.fim-6days.com\/#\/schema\/person\/image\/","url":"https:\/\/secure.gravatar.com\/avatar\/b498bfa446460353cfcc6e023d9c28e3e84ef3798b7f90c38b5d03254eed1837?s=96&d=mm&r=g","contentUrl":"https:\/\/secure.gravatar.com\/avatar\/b498bfa446460353cfcc6e023d9c28e3e84ef3798b7f90c38b5d03254eed1837?s=96&d=mm&r=g","caption":"isalen"},"url":"https:\/\/2024.fim-6days.com\/es\/author\/isalen\/"}]}},"_links":{"self":[{"href":"https:\/\/2024.fim-6days.com\/es\/wp-json\/wp\/v2\/posts\/50569","targetHints":{"allow":["GET"]}}],"collection":[{"href":"https:\/\/2024.fim-6days.com\/es\/wp-json\/wp\/v2\/posts"}],"about":[{"href":"https:\/\/2024.fim-6days.com\/es\/wp-json\/wp\/v2\/types\/post"}],"author":[{"embeddable":true,"href":"https:\/\/2024.fim-6days.com\/es\/wp-json\/wp\/v2\/users\/14"}],"replies":[{"embeddable":true,"href":"https:\/\/2024.fim-6days.com\/es\/wp-json\/wp\/v2\/comments?post=50569"}],"version-history":[{"count":2,"href":"https:\/\/2024.fim-6days.com\/es\/wp-json\/wp\/v2\/posts\/50569\/revisions"}],"predecessor-version":[{"id":50572,"href":"https:\/\/2024.fim-6days.com\/es\/wp-json\/wp\/v2\/posts\/50569\/revisions\/50572"}],"wp:featuredmedia":[{"embeddable":true,"href":"https:\/\/2024.fim-6days.com\/es\/wp-json\/wp\/v2\/media\/50452"}],"wp:attachment":[{"href":"https:\/\/2024.fim-6days.com\/es\/wp-json\/wp\/v2\/media?parent=50569"}],"wp:term":[{"taxonomy":"category","embeddable":true,"href":"https:\/\/2024.fim-6days.com\/es\/wp-json\/wp\/v2\/categories?post=50569"},{"taxonomy":"post_tag","embeddable":true,"href":"https:\/\/2024.fim-6days.com\/es\/wp-json\/wp\/v2\/tags?post=50569"}],"curies":[{"name":"wp","href":"https:\/\/api.w.org\/{rel}","templated":true}]}}