{"id":50566,"date":"2024-10-11T13:55:46","date_gmt":"2024-10-11T11:55:46","guid":{"rendered":"https:\/\/2024.fim-6days.com\/world-class-line-up-confirmed-for-noco-fim-6days-in-galicia\/"},"modified":"2024-10-11T14:11:33","modified_gmt":"2024-10-11T12:11:33","slug":"parilla-de-clase-mundial-confirmada-para-noco-fim-6days-en-galicia","status":"publish","type":"post","link":"https:\/\/2024.fim-6days.com\/es\/parilla-de-clase-mundial-confirmada-para-noco-fim-6days-en-galicia\/","title":{"rendered":"Parilla de clase mundial confirmada para NOCO FIM 6DAYS\u00ae en Galicia"},"content":{"rendered":"<p><div class=\"fusion-fullwidth fullwidth-box fusion-builder-row-1 fusion-flex-container nonhundred-percent-fullwidth non-hundred-percent-height-scrolling\" style=\"--awb-border-radius-top-left:0px;--awb-border-radius-top-right:0px;--awb-border-radius-bottom-right:0px;--awb-border-radius-bottom-left:0px;--awb-padding-top:0px;--awb-padding-bottom:0px;--awb-flex-wrap:wrap;\" ><div class=\"fusion-builder-row fusion-row fusion-flex-align-items-flex-start fusion-flex-content-wrap\" style=\"max-width:1248px;margin-left: calc(-4% \/ 2 );margin-right: calc(-4% \/ 2 );\"><div class=\"fusion-layout-column fusion_builder_column fusion-builder-column-0 fusion_builder_column_1_1 1_1 fusion-flex-column\" style=\"--awb-padding-top:0px;--awb-padding-bottom:0px;--awb-bg-size:cover;--awb-width-large:100%;--awb-margin-top-large:0px;--awb-spacing-right-large:1.92%;--awb-margin-bottom-large:0px;--awb-spacing-left-large:1.92%;--awb-width-medium:100%;--awb-order-medium:0;--awb-spacing-right-medium:1.92%;--awb-spacing-left-medium:1.92%;--awb-width-small:100%;--awb-order-small:0;--awb-spacing-right-small:1.92%;--awb-spacing-left-small:1.92%;\"><div class=\"fusion-column-wrapper fusion-column-has-shadow fusion-flex-justify-content-flex-start fusion-content-layout-column\"><div class=\"fusion-text fusion-text-1\" style=\"--awb-text-transform:none;\"><p><strong>Un evento verdaderamente global, el NOCO FIM 6DAYS\u00ae anual atrae a pilotos y fan\u00e1ticos de todo el mundo. Desde los mejores pilotos de enduro hasta los aficionados m\u00e1s apasionados, los Seis D\u00edas Internacionales de Enduro (ISDE) de la FIM son todo un evento mundial. A medida que se acerca r\u00e1pidamente la 98\u00aa edici\u00f3n de la competici\u00f3n de motos off-road m\u00e1s antigua del calendario de la FIM, que se celebrar\u00e1 del 14 al 19 de octubre en Galicia (Espa\u00f1a) m\u00e1s de quinientos cincuenta competidores de treinta y dos pa\u00edses tomar\u00e1n la parrilla.<\/strong><\/p>\n<p>Para muchos, el FIM ISDE es un evento de enduro que no te puedes perder. La principal atracci\u00f3n es\u00a0<strong>completar seis d\u00edas consecutivos de carreras, cubriendo hasta mil quinientos kil\u00f3metros de recorrido a trav\u00e9s de desafiantes terrenos todoterreno.<\/strong>\u00a0Para la \u00e9lite de primer nivel, tambi\u00e9n se trata de ponerse la camiseta nacional y dar lo mejor de s\u00ed.<\/p>\n<p>Es el \u00fanico evento en el\u00a0<strong>calendario de la FIM que re\u00fane a todos los pilotos de enduro m\u00e1s r\u00e1pidos del mundo en un mismo lugar,<\/strong>\u00a0lo que ofrece cada a\u00f1o una oportunidad incre\u00edble para que los pilotos se midan de cerca contra los mejores. Desde campeones del mundo de enduro FIM hasta campeones nacionales de l<strong>os Estados Unidos, Australia, Canad\u00e1, Sudam\u00e9rica y m\u00e1s all\u00e1,<\/strong>\u00a0el NOCO parque cerrado en Silleda ser\u00e1 un hervidero de talentos.<\/p>\n<p><strong>Garc\u00eda aspira a la cuarta victoria absoluta consecutiva en los FIM ISDE<\/strong><\/p>\n<p>El espa\u00f1ol Josep Garc\u00eda (KTM), que se llev\u00f3 los honores individuales absolutos en la FIM ISDE durante las \u00faltimas tres ediciones, comienza obviamente como un gran favorito en Galicia. Al llegar a su carrera de casa con el Campeonato Mundial FIM EnduroGP 2024 en una mano, su objetivo ser\u00e1 terminarla con la victoria individual absoluta en la otra.<\/p>\n<p>Con tres subcampeonatos detr\u00e1s de Garc\u00eda en las \u00faltimas tres salidas de la FIM ISDE, el\u00a0<strong>italiano Andrea Verona (GASGAS) espera superar a su rival espa\u00f1ol esta vez.<\/strong>\u00a0Verona, coronado campe\u00f3n del mundo FIM de Enduro2 y tercero en la general de EnduroGP, est\u00e1 en plena forma.<\/p>\n<p><strong>El brit\u00e1nico Steve Holcombe (Honda) regresa<\/strong>\u00a0a la FIM ISDE despu\u00e9s de un a\u00f1o de ausencia. Termin\u00f3 subcampe\u00f3n detr\u00e1s de Garc\u00eda en la temporada FIM EnduroGP 2024, mientras intercambi\u00f3 victorias con Garc\u00eda y Verona, lo que\u00a0<strong>garantiza que la entrada del nueve veces campe\u00f3n del mundo FIM en Galicia ser\u00e1 una incorporaci\u00f3n determinante\u00a0<\/strong>a la parrilla.<\/p>\n<p>Como campeones actuales del Trofeo Mundial FIM, los Estados Unidos cuenta con dos campeones nacionales,\u00a0<strong>Josh Toth (GASGAS)<\/strong>\u00a0y\u00a0<strong>Johnny Girroir (KTM).<\/strong>\u00a0Toth se coron\u00f3 Campe\u00f3n Nacional de Enduro AMA por primera vez, despu\u00e9s de haber ganado siete de las nueve carreras celebradas hasta ahora en 2024. Girroir conquisto su primer t\u00edtulo en el Campeonato Nacional AMA Grand National Cross Country tres rondas antes de finalizar el campeonato.\u00a0<strong>Ambos pilotos buscar\u00e1n posicionarse en la cima al final de los ISDE\u00a0<\/strong>en Espa\u00f1a.<\/p>\n<p>Desde extremos opuestos del mundo,\u00a0<strong>Tyler Medaglia (Honda)<\/strong>\u00a0correr\u00e1 en el equipo canadiense del FIM World Trophy como reci\u00e9n coronado Campe\u00f3n Nacional de Enduro, mientras que Australia cuenta con su Campe\u00f3n AORC Enduro1,\u00a0<strong>Kyron Bacon (Yamaha).\u00a0<\/strong>Adem\u00e1s, Bacon obtuvo dos victorias en el Campeonato Mundial Junior de Enduro FIM durante una visita en Eslovaquia, lo que lo convierte en\u00a0<strong>un piloto a seguir en Galicia.<\/strong><\/p>\n<p>En la categor\u00eda FIM Junior World Trophy, no hay duda de que numerosos pilotos buscar\u00e1n brillar tambi\u00e9n en la clasificaci\u00f3n individual. Como Campe\u00f3n del Mundo de Enduro Junior FIM 2024, el\u00a0<strong>sueco Max Ahlin (KTM)<\/strong>\u00a0aspirar\u00e1 a estar entre los diez primeros, junto con sus compa\u00f1eros de equipo\u00a0<strong>Axel Semb (Fantic)<\/strong>\u00a0y\u00a0<strong>Albin Norrbin (Fantic).<\/strong>\u00a0<strong>El australiano Angus Riordan (KTM)<\/strong>\u00a0realiz\u00f3 grandes carreras en casa, en los Estados Unidos y en EnduroGP a lo largo de 2024 por lo que\u00a0<strong>deber\u00eda aprovechar sus puntos fuertes en la FIM ISDE.<\/strong><\/p>\n<p>Con una larga lista de talentos Junior a considerar, la pareja italiana formada por\u00a0<strong>Manuel Verzeroli (KTM)<\/strong>\u00a0y\u00a0<strong>Kevin Cristino (Fantic),<\/strong>\u00a0ambos campeones FIM de 2024, tampoco puede quedarse fuera de dicha lista.<\/p>\n<table width=\"100%\">\n<tbody>\n<tr>\n<td>\n<table width=\"100%\">\n<tbody>\n<tr>\n<td><strong>Mucho talento en el Trofeo Mundial Femenino<\/strong><\/p>\n<p>En total, treinta y tres mujeres competir\u00e1n en la clase Trofeo del Mundial Femenino FIM. En una clase muy competida,\u00a0<strong>Brandy Richards (KTM) de los Estados Unidos<\/strong>\u00a0buscar\u00e1 conseguir la victoria absoluta nuevamente este a\u00f1o. Sin embargo, como campeona del mundo de enduro femenino FIM 2024,\u00a0<strong>Mireia Badia (Rieju)<\/strong>\u00a0estar\u00e1 emocionada por llevarse la victoria en casa.<\/p>\n<p>La\u00a0<strong>australiana Danielle McDonald (Yamaha)<\/strong>\u00a0termin\u00f3 segunda detr\u00e1s de Richards en 2024 en su debut de NOCO FIM 6DAYS\u00ae. McDonald, que ha demostrado ser una estrella en ascenso en el enduro gracias a su reciente obtenci\u00f3n del t\u00edtulo femenino del AORC, se esforzar\u00e1 mucho para ganar en el escenario internacional.<\/p>\n<p>Sumando a las\u00a0<strong>australianas, Jess Gardiner (Yamaha)<\/strong>\u00a0y\u00a0<strong>Tayla Jones (Husqvarna), la italiana Francesca Nocera (Honda),<\/strong>\u00a0<strong>la sueca Emelie Karlsson (GASGAS), la francesa Elodie Chaplot (Beta<\/strong>),\u00a0<strong>las estadounidenses Rachel Gutish (Sherco)\u00a0<\/strong>y\u00a0<strong>Korie Steede (Husqvarna),\u00a0<\/strong>Adem\u00e1s,\u00a0<strong>Rachael Archer (Kawasaki)<\/strong>\u00a0<strong>de Nueva Zelanda<\/strong>, quien fue campeona nacional de enduro femenina AMA 2024, garantiza que lo mejor de lo mejor estar\u00e1 en NOCO FIM 6DAYS\u00ae.<\/td>\n<\/tr>\n<\/tbody>\n<\/table>\n<\/td>\n<\/tr>\n<\/tbody>\n<\/table>\n<\/div><\/div><\/div><\/div><\/div><div class=\"fusion-fullwidth fullwidth-box fusion-builder-row-2 fusion-flex-container has-pattern-background has-mask-background nonhundred-percent-fullwidth non-hundred-percent-height-scrolling\" style=\"--awb-border-radius-top-left:0px;--awb-border-radius-top-right:0px;--awb-border-radius-bottom-right:0px;--awb-border-radius-bottom-left:0px;--awb-flex-wrap:wrap;\" ><div class=\"fusion-builder-row fusion-row fusion-flex-align-items-flex-start fusion-flex-content-wrap\" style=\"max-width:1248px;margin-left: calc(-4% \/ 2 );margin-right: calc(-4% \/ 2 );\"><div class=\"fusion-layout-column fusion_builder_column fusion-builder-column-1 fusion_builder_column_1_1 1_1 fusion-flex-column\" style=\"--awb-bg-size:cover;--awb-width-large:100%;--awb-margin-top-large:0px;--awb-spacing-right-large:1.92%;--awb-margin-bottom-large:20px;--awb-spacing-left-large:1.92%;--awb-width-medium:100%;--awb-order-medium:0;--awb-spacing-right-medium:1.92%;--awb-spacing-left-medium:1.92%;--awb-width-small:100%;--awb-order-small:0;--awb-spacing-right-small:1.92%;--awb-spacing-left-small:1.92%;\"><div class=\"fusion-column-wrapper fusion-column-has-shadow fusion-flex-justify-content-flex-start fusion-content-layout-column\"><div class=\"fusion-separator fusion-full-width-sep\" style=\"align-self: center;margin-left: auto;margin-right: auto;margin-bottom:20px;width:100%;\"><\/div>\n<\/div><\/div><\/div><\/div><\/p>\n","protected":false},"excerpt":{"rendered":"","protected":false},"author":14,"featured_media":50442,"comment_status":"closed","ping_status":"closed","sticky":false,"template":"","format":"standard","meta":{"inline_featured_image":false,"footnotes":""},"categories":[155,108],"tags":[],"class_list":["post-50566","post","type-post","status-publish","format-standard","has-post-thumbnail","hentry","category-before-isde2024-es","category-news-es"],"yoast_head":"<!-- This site is optimized with the Yoast SEO plugin v25.6 - https:\/\/yoast.com\/wordpress\/plugins\/seo\/ -->\n<title>Parilla de clase mundial confirmada para NOCO FIM 6DAYS\u00ae en Galicia - 2024 spain<\/title>\n<meta name=\"description\" content=\"With global focus set to be centred on Silleda in the Galicia region of north-west Spain later in the year, where the 2024 FIM International Six Days of Enduro (ISDE) will take place from 14-19 October, SCOTT Sports \u2013 as the official and exclusive event sponsor for goggles and eyewear \u2013 is delighted today to launch its special edition SCOTT 6DAYS\u00ae Spain Prospect goggle, which is available now.\" \/>\n<meta name=\"robots\" content=\"index, follow, max-snippet:-1, max-image-preview:large, max-video-preview:-1\" \/>\n<link rel=\"canonical\" href=\"https:\/\/2024.fim-6days.com\/es\/parilla-de-clase-mundial-confirmada-para-noco-fim-6days-en-galicia\/\" \/>\n<meta property=\"og:locale\" content=\"es_ES\" \/>\n<meta property=\"og:type\" content=\"article\" \/>\n<meta property=\"og:title\" content=\"Parilla de clase mundial confirmada para NOCO FIM 6DAYS\u00ae en Galicia - 2024 spain\" \/>\n<meta property=\"og:description\" content=\"With global focus set to be centred on Silleda in the Galicia region of north-west Spain later in the year, where the 2024 FIM International Six Days of Enduro (ISDE) will take place from 14-19 October, SCOTT Sports \u2013 as the official and exclusive event sponsor for goggles and eyewear \u2013 is delighted today to launch its special edition SCOTT 6DAYS\u00ae Spain Prospect goggle, which is available now.\" \/>\n<meta property=\"og:url\" content=\"https:\/\/2024.fim-6days.com\/es\/parilla-de-clase-mundial-confirmada-para-noco-fim-6days-en-galicia\/\" \/>\n<meta property=\"og:site_name\" content=\"2024 spain\" \/>\n<meta property=\"article:publisher\" content=\"https:\/\/www.facebook.com\/FIMISDE\/\" \/>\n<meta property=\"article:published_time\" content=\"2024-10-11T11:55:46+00:00\" \/>\n<meta property=\"article:modified_time\" content=\"2024-10-11T12:11:33+00:00\" \/>\n<meta property=\"og:image\" content=\"https:\/\/2024.fim-6days.com\/wp-content\/uploads\/sites\/9\/2024\/09\/231111_ISDE_2023_Argentina_1172.jpg\" \/>\n\t<meta property=\"og:image:width\" content=\"1600\" \/>\n\t<meta property=\"og:image:height\" content=\"1067\" \/>\n\t<meta property=\"og:image:type\" content=\"image\/jpeg\" \/>\n<meta name=\"author\" content=\"isalen\" \/>\n<meta name=\"twitter:card\" content=\"summary_large_image\" \/>\n<meta name=\"twitter:creator\" content=\"@fimisde\" \/>\n<meta name=\"twitter:site\" content=\"@fimisde\" \/>\n<meta name=\"twitter:label1\" content=\"Escrito por\" \/>\n\t<meta name=\"twitter:data1\" content=\"isalen\" \/>\n\t<meta name=\"twitter:label2\" content=\"Tiempo de lectura\" \/>\n\t<meta name=\"twitter:data2\" content=\"6 minutos\" \/>\n<script type=\"application\/ld+json\" class=\"yoast-schema-graph\">{\"@context\":\"https:\/\/schema.org\",\"@graph\":[{\"@type\":\"Article\",\"@id\":\"https:\/\/2024.fim-6days.com\/es\/parilla-de-clase-mundial-confirmada-para-noco-fim-6days-en-galicia\/#article\",\"isPartOf\":{\"@id\":\"https:\/\/2024.fim-6days.com\/es\/parilla-de-clase-mundial-confirmada-para-noco-fim-6days-en-galicia\/\"},\"author\":{\"name\":\"isalen\",\"@id\":\"https:\/\/2024.fim-6days.com\/#\/schema\/person\/fc80183700e96a22afb3f220ae03b32a\"},\"headline\":\"Parilla de clase mundial confirmada para NOCO FIM 6DAYS\u00ae en Galicia\",\"datePublished\":\"2024-10-11T11:55:46+00:00\",\"dateModified\":\"2024-10-11T12:11:33+00:00\",\"mainEntityOfPage\":{\"@id\":\"https:\/\/2024.fim-6days.com\/es\/parilla-de-clase-mundial-confirmada-para-noco-fim-6days-en-galicia\/\"},\"wordCount\":2267,\"publisher\":{\"@id\":\"https:\/\/2024.fim-6days.com\/#organization\"},\"image\":{\"@id\":\"https:\/\/2024.fim-6days.com\/es\/parilla-de-clase-mundial-confirmada-para-noco-fim-6days-en-galicia\/#primaryimage\"},\"thumbnailUrl\":\"https:\/\/2024.fim-6days.com\/wp-content\/uploads\/sites\/9\/2024\/09\/231111_ISDE_2023_Argentina_1172.jpg\",\"articleSection\":[\"Before ISDE2024\",\"Noticias\"],\"inLanguage\":\"es\"},{\"@type\":\"WebPage\",\"@id\":\"https:\/\/2024.fim-6days.com\/es\/parilla-de-clase-mundial-confirmada-para-noco-fim-6days-en-galicia\/\",\"url\":\"https:\/\/2024.fim-6days.com\/es\/parilla-de-clase-mundial-confirmada-para-noco-fim-6days-en-galicia\/\",\"name\":\"Parilla de clase mundial confirmada para NOCO FIM 6DAYS\u00ae en Galicia - 2024 spain\",\"isPartOf\":{\"@id\":\"https:\/\/2024.fim-6days.com\/#website\"},\"primaryImageOfPage\":{\"@id\":\"https:\/\/2024.fim-6days.com\/es\/parilla-de-clase-mundial-confirmada-para-noco-fim-6days-en-galicia\/#primaryimage\"},\"image\":{\"@id\":\"https:\/\/2024.fim-6days.com\/es\/parilla-de-clase-mundial-confirmada-para-noco-fim-6days-en-galicia\/#primaryimage\"},\"thumbnailUrl\":\"https:\/\/2024.fim-6days.com\/wp-content\/uploads\/sites\/9\/2024\/09\/231111_ISDE_2023_Argentina_1172.jpg\",\"datePublished\":\"2024-10-11T11:55:46+00:00\",\"dateModified\":\"2024-10-11T12:11:33+00:00\",\"description\":\"With global focus set to be centred on Silleda in the Galicia region of north-west Spain later in the year, where the 2024 FIM International Six Days of Enduro (ISDE) will take place from 14-19 October, SCOTT Sports \u2013 as the official and exclusive event sponsor for goggles and eyewear \u2013 is delighted today to launch its special edition SCOTT 6DAYS\u00ae Spain Prospect goggle, which is available now.\",\"breadcrumb\":{\"@id\":\"https:\/\/2024.fim-6days.com\/es\/parilla-de-clase-mundial-confirmada-para-noco-fim-6days-en-galicia\/#breadcrumb\"},\"inLanguage\":\"es\",\"potentialAction\":[{\"@type\":\"ReadAction\",\"target\":[\"https:\/\/2024.fim-6days.com\/es\/parilla-de-clase-mundial-confirmada-para-noco-fim-6days-en-galicia\/\"]}]},{\"@type\":\"ImageObject\",\"inLanguage\":\"es\",\"@id\":\"https:\/\/2024.fim-6days.com\/es\/parilla-de-clase-mundial-confirmada-para-noco-fim-6days-en-galicia\/#primaryimage\",\"url\":\"https:\/\/2024.fim-6days.com\/wp-content\/uploads\/sites\/9\/2024\/09\/231111_ISDE_2023_Argentina_1172.jpg\",\"contentUrl\":\"https:\/\/2024.fim-6days.com\/wp-content\/uploads\/sites\/9\/2024\/09\/231111_ISDE_2023_Argentina_1172.jpg\",\"width\":1600,\"height\":1067,\"caption\":\"2023 International Six Days Enduro \u0096 San Juan \u0096 Argentina\"},{\"@type\":\"BreadcrumbList\",\"@id\":\"https:\/\/2024.fim-6days.com\/es\/parilla-de-clase-mundial-confirmada-para-noco-fim-6days-en-galicia\/#breadcrumb\",\"itemListElement\":[{\"@type\":\"ListItem\",\"position\":1,\"name\":\"Home\",\"item\":\"https:\/\/2024.fim-6days.com\/es\/\"},{\"@type\":\"ListItem\",\"position\":2,\"name\":\"Parilla de clase mundial confirmada para NOCO FIM 6DAYS\u00ae en Galicia\"}]},{\"@type\":\"WebSite\",\"@id\":\"https:\/\/2024.fim-6days.com\/#website\",\"url\":\"https:\/\/2024.fim-6days.com\/\",\"name\":\"FIM ISDE 2021\",\"description\":\"FIM ISDE Official website\",\"publisher\":{\"@id\":\"https:\/\/2024.fim-6days.com\/#organization\"},\"potentialAction\":[{\"@type\":\"SearchAction\",\"target\":{\"@type\":\"EntryPoint\",\"urlTemplate\":\"https:\/\/2024.fim-6days.com\/?s={search_term_string}\"},\"query-input\":{\"@type\":\"PropertyValueSpecification\",\"valueRequired\":true,\"valueName\":\"search_term_string\"}}],\"inLanguage\":\"es\"},{\"@type\":\"Organization\",\"@id\":\"https:\/\/2024.fim-6days.com\/#organization\",\"name\":\"FIM - F\u00e9d\u00e9ration Internationale de Motocyclisme\",\"url\":\"https:\/\/2024.fim-6days.com\/\",\"logo\":{\"@type\":\"ImageObject\",\"inLanguage\":\"es\",\"@id\":\"https:\/\/2024.fim-6days.com\/#\/schema\/logo\/image\/\",\"url\":\"https:\/\/2024.fim-6days.com\/wp-content\/uploads\/sites\/9\/2019\/07\/LogoFIM-CMYK.png\",\"contentUrl\":\"https:\/\/2024.fim-6days.com\/wp-content\/uploads\/sites\/9\/2019\/07\/LogoFIM-CMYK.png\",\"width\":2608,\"height\":1833,\"caption\":\"FIM - F\u00e9d\u00e9ration Internationale de Motocyclisme\"},\"image\":{\"@id\":\"https:\/\/2024.fim-6days.com\/#\/schema\/logo\/image\/\"},\"sameAs\":[\"https:\/\/www.facebook.com\/FIMISDE\/\",\"https:\/\/x.com\/fimisde\",\"https:\/\/www.instagram.com\/fim_isde\/\"]},{\"@type\":\"Person\",\"@id\":\"https:\/\/2024.fim-6days.com\/#\/schema\/person\/fc80183700e96a22afb3f220ae03b32a\",\"name\":\"isalen\",\"image\":{\"@type\":\"ImageObject\",\"inLanguage\":\"es\",\"@id\":\"https:\/\/2024.fim-6days.com\/#\/schema\/person\/image\/\",\"url\":\"https:\/\/secure.gravatar.com\/avatar\/b498bfa446460353cfcc6e023d9c28e3e84ef3798b7f90c38b5d03254eed1837?s=96&d=mm&r=g\",\"contentUrl\":\"https:\/\/secure.gravatar.com\/avatar\/b498bfa446460353cfcc6e023d9c28e3e84ef3798b7f90c38b5d03254eed1837?s=96&d=mm&r=g\",\"caption\":\"isalen\"},\"url\":\"https:\/\/2024.fim-6days.com\/es\/author\/isalen\/\"}]}<\/script>\n<!-- \/ Yoast SEO plugin. -->","yoast_head_json":{"title":"Parilla de clase mundial confirmada para NOCO FIM 6DAYS\u00ae en Galicia - 2024 spain","description":"With global focus set to be centred on Silleda in the Galicia region of north-west Spain later in the year, where the 2024 FIM International Six Days of Enduro (ISDE) will take place from 14-19 October, SCOTT Sports \u2013 as the official and exclusive event sponsor for goggles and eyewear \u2013 is delighted today to launch its special edition SCOTT 6DAYS\u00ae Spain Prospect goggle, which is available now.","robots":{"index":"index","follow":"follow","max-snippet":"max-snippet:-1","max-image-preview":"max-image-preview:large","max-video-preview":"max-video-preview:-1"},"canonical":"https:\/\/2024.fim-6days.com\/es\/parilla-de-clase-mundial-confirmada-para-noco-fim-6days-en-galicia\/","og_locale":"es_ES","og_type":"article","og_title":"Parilla de clase mundial confirmada para NOCO FIM 6DAYS\u00ae en Galicia - 2024 spain","og_description":"With global focus set to be centred on Silleda in the Galicia region of north-west Spain later in the year, where the 2024 FIM International Six Days of Enduro (ISDE) will take place from 14-19 October, SCOTT Sports \u2013 as the official and exclusive event sponsor for goggles and eyewear \u2013 is delighted today to launch its special edition SCOTT 6DAYS\u00ae Spain Prospect goggle, which is available now.","og_url":"https:\/\/2024.fim-6days.com\/es\/parilla-de-clase-mundial-confirmada-para-noco-fim-6days-en-galicia\/","og_site_name":"2024 spain","article_publisher":"https:\/\/www.facebook.com\/FIMISDE\/","article_published_time":"2024-10-11T11:55:46+00:00","article_modified_time":"2024-10-11T12:11:33+00:00","og_image":[{"width":1600,"height":1067,"url":"https:\/\/2024.fim-6days.com\/wp-content\/uploads\/sites\/9\/2024\/09\/231111_ISDE_2023_Argentina_1172.jpg","type":"image\/jpeg"}],"author":"isalen","twitter_card":"summary_large_image","twitter_creator":"@fimisde","twitter_site":"@fimisde","twitter_misc":{"Escrito por":"isalen","Tiempo de lectura":"6 minutos"},"schema":{"@context":"https:\/\/schema.org","@graph":[{"@type":"Article","@id":"https:\/\/2024.fim-6days.com\/es\/parilla-de-clase-mundial-confirmada-para-noco-fim-6days-en-galicia\/#article","isPartOf":{"@id":"https:\/\/2024.fim-6days.com\/es\/parilla-de-clase-mundial-confirmada-para-noco-fim-6days-en-galicia\/"},"author":{"name":"isalen","@id":"https:\/\/2024.fim-6days.com\/#\/schema\/person\/fc80183700e96a22afb3f220ae03b32a"},"headline":"Parilla de clase mundial confirmada para NOCO FIM 6DAYS\u00ae en Galicia","datePublished":"2024-10-11T11:55:46+00:00","dateModified":"2024-10-11T12:11:33+00:00","mainEntityOfPage":{"@id":"https:\/\/2024.fim-6days.com\/es\/parilla-de-clase-mundial-confirmada-para-noco-fim-6days-en-galicia\/"},"wordCount":2267,"publisher":{"@id":"https:\/\/2024.fim-6days.com\/#organization"},"image":{"@id":"https:\/\/2024.fim-6days.com\/es\/parilla-de-clase-mundial-confirmada-para-noco-fim-6days-en-galicia\/#primaryimage"},"thumbnailUrl":"https:\/\/2024.fim-6days.com\/wp-content\/uploads\/sites\/9\/2024\/09\/231111_ISDE_2023_Argentina_1172.jpg","articleSection":["Before ISDE2024","Noticias"],"inLanguage":"es"},{"@type":"WebPage","@id":"https:\/\/2024.fim-6days.com\/es\/parilla-de-clase-mundial-confirmada-para-noco-fim-6days-en-galicia\/","url":"https:\/\/2024.fim-6days.com\/es\/parilla-de-clase-mundial-confirmada-para-noco-fim-6days-en-galicia\/","name":"Parilla de clase mundial confirmada para NOCO FIM 6DAYS\u00ae en Galicia - 2024 spain","isPartOf":{"@id":"https:\/\/2024.fim-6days.com\/#website"},"primaryImageOfPage":{"@id":"https:\/\/2024.fim-6days.com\/es\/parilla-de-clase-mundial-confirmada-para-noco-fim-6days-en-galicia\/#primaryimage"},"image":{"@id":"https:\/\/2024.fim-6days.com\/es\/parilla-de-clase-mundial-confirmada-para-noco-fim-6days-en-galicia\/#primaryimage"},"thumbnailUrl":"https:\/\/2024.fim-6days.com\/wp-content\/uploads\/sites\/9\/2024\/09\/231111_ISDE_2023_Argentina_1172.jpg","datePublished":"2024-10-11T11:55:46+00:00","dateModified":"2024-10-11T12:11:33+00:00","description":"With global focus set to be centred on Silleda in the Galicia region of north-west Spain later in the year, where the 2024 FIM International Six Days of Enduro (ISDE) will take place from 14-19 October, SCOTT Sports \u2013 as the official and exclusive event sponsor for goggles and eyewear \u2013 is delighted today to launch its special edition SCOTT 6DAYS\u00ae Spain Prospect goggle, which is available now.","breadcrumb":{"@id":"https:\/\/2024.fim-6days.com\/es\/parilla-de-clase-mundial-confirmada-para-noco-fim-6days-en-galicia\/#breadcrumb"},"inLanguage":"es","potentialAction":[{"@type":"ReadAction","target":["https:\/\/2024.fim-6days.com\/es\/parilla-de-clase-mundial-confirmada-para-noco-fim-6days-en-galicia\/"]}]},{"@type":"ImageObject","inLanguage":"es","@id":"https:\/\/2024.fim-6days.com\/es\/parilla-de-clase-mundial-confirmada-para-noco-fim-6days-en-galicia\/#primaryimage","url":"https:\/\/2024.fim-6days.com\/wp-content\/uploads\/sites\/9\/2024\/09\/231111_ISDE_2023_Argentina_1172.jpg","contentUrl":"https:\/\/2024.fim-6days.com\/wp-content\/uploads\/sites\/9\/2024\/09\/231111_ISDE_2023_Argentina_1172.jpg","width":1600,"height":1067,"caption":"2023 International Six Days Enduro \u0096 San Juan \u0096 Argentina"},{"@type":"BreadcrumbList","@id":"https:\/\/2024.fim-6days.com\/es\/parilla-de-clase-mundial-confirmada-para-noco-fim-6days-en-galicia\/#breadcrumb","itemListElement":[{"@type":"ListItem","position":1,"name":"Home","item":"https:\/\/2024.fim-6days.com\/es\/"},{"@type":"ListItem","position":2,"name":"Parilla de clase mundial confirmada para NOCO FIM 6DAYS\u00ae en Galicia"}]},{"@type":"WebSite","@id":"https:\/\/2024.fim-6days.com\/#website","url":"https:\/\/2024.fim-6days.com\/","name":"FIM ISDE 2021","description":"FIM ISDE Official website","publisher":{"@id":"https:\/\/2024.fim-6days.com\/#organization"},"potentialAction":[{"@type":"SearchAction","target":{"@type":"EntryPoint","urlTemplate":"https:\/\/2024.fim-6days.com\/?s={search_term_string}"},"query-input":{"@type":"PropertyValueSpecification","valueRequired":true,"valueName":"search_term_string"}}],"inLanguage":"es"},{"@type":"Organization","@id":"https:\/\/2024.fim-6days.com\/#organization","name":"FIM - F\u00e9d\u00e9ration Internationale de Motocyclisme","url":"https:\/\/2024.fim-6days.com\/","logo":{"@type":"ImageObject","inLanguage":"es","@id":"https:\/\/2024.fim-6days.com\/#\/schema\/logo\/image\/","url":"https:\/\/2024.fim-6days.com\/wp-content\/uploads\/sites\/9\/2019\/07\/LogoFIM-CMYK.png","contentUrl":"https:\/\/2024.fim-6days.com\/wp-content\/uploads\/sites\/9\/2019\/07\/LogoFIM-CMYK.png","width":2608,"height":1833,"caption":"FIM - F\u00e9d\u00e9ration Internationale de Motocyclisme"},"image":{"@id":"https:\/\/2024.fim-6days.com\/#\/schema\/logo\/image\/"},"sameAs":["https:\/\/www.facebook.com\/FIMISDE\/","https:\/\/x.com\/fimisde","https:\/\/www.instagram.com\/fim_isde\/"]},{"@type":"Person","@id":"https:\/\/2024.fim-6days.com\/#\/schema\/person\/fc80183700e96a22afb3f220ae03b32a","name":"isalen","image":{"@type":"ImageObject","inLanguage":"es","@id":"https:\/\/2024.fim-6days.com\/#\/schema\/person\/image\/","url":"https:\/\/secure.gravatar.com\/avatar\/b498bfa446460353cfcc6e023d9c28e3e84ef3798b7f90c38b5d03254eed1837?s=96&d=mm&r=g","contentUrl":"https:\/\/secure.gravatar.com\/avatar\/b498bfa446460353cfcc6e023d9c28e3e84ef3798b7f90c38b5d03254eed1837?s=96&d=mm&r=g","caption":"isalen"},"url":"https:\/\/2024.fim-6days.com\/es\/author\/isalen\/"}]}},"_links":{"self":[{"href":"https:\/\/2024.fim-6days.com\/es\/wp-json\/wp\/v2\/posts\/50566","targetHints":{"allow":["GET"]}}],"collection":[{"href":"https:\/\/2024.fim-6days.com\/es\/wp-json\/wp\/v2\/posts"}],"about":[{"href":"https:\/\/2024.fim-6days.com\/es\/wp-json\/wp\/v2\/types\/post"}],"author":[{"embeddable":true,"href":"https:\/\/2024.fim-6days.com\/es\/wp-json\/wp\/v2\/users\/14"}],"replies":[{"embeddable":true,"href":"https:\/\/2024.fim-6days.com\/es\/wp-json\/wp\/v2\/comments?post=50566"}],"version-history":[{"count":2,"href":"https:\/\/2024.fim-6days.com\/es\/wp-json\/wp\/v2\/posts\/50566\/revisions"}],"predecessor-version":[{"id":50591,"href":"https:\/\/2024.fim-6days.com\/es\/wp-json\/wp\/v2\/posts\/50566\/revisions\/50591"}],"wp:featuredmedia":[{"embeddable":true,"href":"https:\/\/2024.fim-6days.com\/es\/wp-json\/wp\/v2\/media\/50442"}],"wp:attachment":[{"href":"https:\/\/2024.fim-6days.com\/es\/wp-json\/wp\/v2\/media?parent=50566"}],"wp:term":[{"taxonomy":"category","embeddable":true,"href":"https:\/\/2024.fim-6days.com\/es\/wp-json\/wp\/v2\/categories?post=50566"},{"taxonomy":"post_tag","embeddable":true,"href":"https:\/\/2024.fim-6days.com\/es\/wp-json\/wp\/v2\/tags?post=50566"}],"curies":[{"name":"wp","href":"https:\/\/api.w.org\/{rel}","templated":true}]}}