{"id":50563,"date":"2024-10-11T13:52:14","date_gmt":"2024-10-11T11:52:14","guid":{"rendered":"https:\/\/2024.fim-6days.com\/spain-prepares-to-welcome-noco-6days-in-galicia\/"},"modified":"2024-10-11T13:53:47","modified_gmt":"2024-10-11T11:53:47","slug":"espana-prepara-la-bienvenido-a-noco-6days-en-galicia","status":"publish","type":"post","link":"https:\/\/2024.fim-6days.com\/es\/espana-prepara-la-bienvenido-a-noco-6days-en-galicia\/","title":{"rendered":"Espa\u00f1a prepara la bienvenido a NOCO 6DAYS\u00ae en Galicia"},"content":{"rendered":"<p><div class=\"fusion-fullwidth fullwidth-box fusion-builder-row-1 fusion-flex-container nonhundred-percent-fullwidth non-hundred-percent-height-scrolling\" style=\"--awb-border-radius-top-left:0px;--awb-border-radius-top-right:0px;--awb-border-radius-bottom-right:0px;--awb-border-radius-bottom-left:0px;--awb-padding-top:0px;--awb-padding-bottom:0px;--awb-flex-wrap:wrap;\" ><div class=\"fusion-builder-row fusion-row fusion-flex-align-items-flex-start fusion-flex-content-wrap\" style=\"max-width:1248px;margin-left: calc(-4% \/ 2 );margin-right: calc(-4% \/ 2 );\"><div class=\"fusion-layout-column fusion_builder_column fusion-builder-column-0 fusion_builder_column_1_1 1_1 fusion-flex-column\" style=\"--awb-padding-top:0px;--awb-padding-bottom:0px;--awb-bg-size:cover;--awb-width-large:100%;--awb-margin-top-large:0px;--awb-spacing-right-large:1.92%;--awb-margin-bottom-large:0px;--awb-spacing-left-large:1.92%;--awb-width-medium:100%;--awb-order-medium:0;--awb-spacing-right-medium:1.92%;--awb-spacing-left-medium:1.92%;--awb-width-small:100%;--awb-order-small:0;--awb-spacing-right-small:1.92%;--awb-spacing-left-small:1.92%;\"><div class=\"fusion-column-wrapper fusion-column-has-shadow fusion-flex-justify-content-flex-start fusion-content-layout-column\"><div class=\"fusion-text fusion-text-1\" style=\"--awb-text-transform:none;\"><table width=\"100%\">\n<tbody>\n<tr>\n<td><strong>A menos de un mes<\/strong><strong> para el inicio del NOCO FIM 6DAYS\u00ae, Espa\u00f1a se est\u00e1 preparando para presentar la nonag\u00e9sima octava edici\u00f3n de los Seis D\u00edas Internacionales de Enduro (ISDE) de la FIM en Galicia. Del 14 al 19 de octubre, los mejores pilotos del mundo competir\u00e1n por los premios m\u00e1s prestigiosos en enduro: ganar las competiciones por equipos del Trofeo Mundial FIM, mientras que cientos de competidores aficionados disputar\u00e1n las categor\u00edas m\u00e1s populares.<\/strong><\/p>\n<p>\u00b7\u00a0\u00a0\u00a0\u00a0\u00a0 <strong>Espa\u00f1a se prepara para la nonag\u00e9sima octava edici\u00f3n de la FIM ISDE<\/strong><\/p>\n<p>\u00b7\u00a0\u00a0\u00a0\u00a0\u00a0 <strong>M\u00e1s de quinientos cincuenta pilotos competir\u00e1n en el NOCO FIM 6DAYS\u00ae<\/strong><\/p>\n<p>\u00b7\u00a0\u00a0\u00a0\u00a0\u00a0 <strong>La regi\u00f3n de Galicia se prepara para ofrecer una prueba incre\u00edble de competici\u00f3n de enduro<\/strong><\/p>\n<p>Despu\u00e9s de la emocionante edici\u00f3n NOCO FIM 6DAYS\u00ae del a\u00f1o pasado en Argentina, la competici\u00f3n de motos off-road m\u00e1s antigua del calendario de la FIM vuelve a Europa para su edici\u00f3n 98\u00aa en Espa\u00f1a este mes de octubre. La regi\u00f3n de Galicia, en el noroeste del pa\u00eds, recibir\u00e1 competidores de m\u00e1s de dieciocho pa\u00edses diferentes durante seis d\u00edas inolvidables de competici\u00f3n de enduro de clase mundial.<\/p>\n<p><strong>\u00a0<\/strong><\/p>\n<p><strong>La hist\u00f3rica Galicia presenta los FIM ISDE<\/strong><\/p>\n<p>Por quinta vez, Espa\u00f1a presenta el NOCO FIM 6DAYS\u00ae. Esta vez en el tranquilo municipio de Silleda, Galicia, se convertir\u00e1 en el epicentro de todo lo relacionado con el enduro del 14 al 19 de octubre. Desde el paddock hasta la sede de la carrera y la prueba cross final, entrega de premios incluida, <strong>Silleda estar\u00e1 en el centro de la acci\u00f3n.<\/strong><\/p>\n<p>A\u00f1adiendo otro espect\u00e1culo al evento, Santiago de Compostela presentar\u00e1 la <strong>ceremonia de inauguraci\u00f3n el s\u00e1bado 12 de octubre. \u00a0<\/strong>Santiago de Compostela, declarada Patrimonio Mundial por la UNESCO, presentar\u00e1 delante de la catedral (Plaza do Obradoiro) el evento donde <strong>m\u00e1s de quinientos cincuenta competidores<\/strong> de casi veinte pa\u00edses, junto con sus equipos, familiares y amigos, se reunir\u00e1n para celebrar el comienzo de la carrera.<\/p>\n<p>Mientras que las tres ediciones anteriores del FIM ISDE en Argentina, Francia e Italia fueron predominantemente secas y polvorientas, Espa\u00f1a deber\u00eda ser todo lo contrario gracias al clima m\u00e1s templado de Galicia. <strong>Con la lluvia y el barro como una probabilidad en este paisaje monta\u00f1oso,<\/strong> es probable que sea una edici\u00f3n que favorezca a los especialistas en enduro en condiciones h\u00famedas.<\/p>\n<p><strong>Estados Unidos encabeza la lista de equipos del Trofeo Mundial<br \/>\n<\/strong><br \/>\nComo actuales campeones de las categor\u00edas Trofeo masculina y femenina, Estados Unidos llegar\u00e1 a Espa\u00f1a decidido a aumentar su palmar\u00e9s. Sin embargo, con dieciocho naciones confirmadas en ambas categor\u00edas, la competencia ser\u00e1 feroz.\u00a0En particular, Espa\u00f1a, liderada por el reci\u00e9n coronado <strong>Campe\u00f3n del Mundo FIM EnduroGP, Josep Garc\u00eda (KTM),<\/strong> busca conseguir su primera victoria en la categor\u00eda Trofeo Mundial FIM en casa.<\/p>\n<p>Espa\u00f1a, que cuenta con la <strong>campeona mundial femenina de enduro FIM 2024, Mireia Badia (Rieju), <\/strong>en su equipo del Trofeo mundial femenino FIM, es sin duda una naci\u00f3n a la que los Estados Unidos deber\u00e1 vigilar atentamente. En la clase FIM Junior World Trophy, Francia buscar\u00e1 repetir la victoria sobre los Estados Unidos y Suecia.<\/p>\n<p><strong>Una novedad para 2024 es la introducci\u00f3n de los premios FIM Women&#8217;s Club Team Awards y los FIM Veteran Club Team Awards<\/strong>, junto con los ya establecidos FIM Club Team Awards (CTA). La categor\u00eda Veteran CTA est\u00e1 abierta para competidores mayores de cincuenta a\u00f1os, lo que permite a los veteranos del enduro competir en igualdad de condiciones con sus iguales. <strong>Con el enfoque de la FIM en mejorar la diversidad y la inclusi\u00f3n<\/strong> en el NOCO FIM 6DAYS\u00ae, el Women\u2019s CTA se convertir\u00e1 en una positiva incorporaci\u00f3n al aumentar el n\u00famero de <strong>mujeres pilotos compitiendo<\/strong> en el evento m\u00e1s prestigioso del enduro.<\/p>\n<p>Cada d\u00eda de los 6DAYS\u00ae y la prueba cross final se transmitir\u00e1 en vivo exclusivamente en FIM-MOTO.TV. Durante la misma retransmisi\u00f3n, cuando los pilotos y naciones mejor clasificados regresen al <strong>NOCO Parc Ferm\u00e9<\/strong> en Silleda, participar\u00e1n en el <strong>6DAYS MOTUL Studio Show.<\/strong> Este programa estar\u00e1 presentado por la leyenda del motocross <strong>Paul Malin,<\/strong> quien ofrecer\u00e1 comentarios en directo sobre las carreras del d\u00eda y realizar\u00e1 entrevistas a los pilotos en un set especial <strong>dentro del NOCO Parc Ferm\u00e9<\/strong>. El acceso a este servicio de streaming estar\u00e1 disponible a un precio especial de 6\u20ac para la transmisi\u00f3n en directo del 6DAYS (transmisi\u00f3n en directo del d\u00eda 1 al d\u00eda 5). <strong>La informaci\u00f3n detallada sobre la transmisi\u00f3n en directo se publicar\u00e1 en FIM-MOTO.TV en las pr\u00f3ximas semanas en la p\u00e1gina dedicada al 6DAYS\u00ae<\/strong><\/td>\n<\/tr>\n<\/tbody>\n<\/table>\n<\/div><\/div><\/div><\/div><\/div><div class=\"fusion-fullwidth fullwidth-box fusion-builder-row-2 fusion-flex-container has-pattern-background has-mask-background nonhundred-percent-fullwidth non-hundred-percent-height-scrolling\" style=\"--awb-border-radius-top-left:0px;--awb-border-radius-top-right:0px;--awb-border-radius-bottom-right:0px;--awb-border-radius-bottom-left:0px;--awb-flex-wrap:wrap;\" ><div class=\"fusion-builder-row fusion-row fusion-flex-align-items-flex-start fusion-flex-content-wrap\" style=\"max-width:1248px;margin-left: calc(-4% \/ 2 );margin-right: calc(-4% \/ 2 );\"><div class=\"fusion-layout-column fusion_builder_column fusion-builder-column-1 fusion_builder_column_1_1 1_1 fusion-flex-column\" style=\"--awb-bg-size:cover;--awb-width-large:100%;--awb-margin-top-large:0px;--awb-spacing-right-large:1.92%;--awb-margin-bottom-large:20px;--awb-spacing-left-large:1.92%;--awb-width-medium:100%;--awb-order-medium:0;--awb-spacing-right-medium:1.92%;--awb-spacing-left-medium:1.92%;--awb-width-small:100%;--awb-order-small:0;--awb-spacing-right-small:1.92%;--awb-spacing-left-small:1.92%;\"><div class=\"fusion-column-wrapper fusion-column-has-shadow fusion-flex-justify-content-flex-start fusion-content-layout-column\"><div class=\"fusion-separator fusion-full-width-sep\" style=\"align-self: center;margin-left: auto;margin-right: auto;margin-bottom:20px;width:100%;\"><\/div>\n<\/div><\/div><\/div><\/div><\/p>\n","protected":false},"excerpt":{"rendered":"","protected":false},"author":14,"featured_media":50396,"comment_status":"closed","ping_status":"closed","sticky":false,"template":"","format":"standard","meta":{"inline_featured_image":false,"footnotes":""},"categories":[155,108],"tags":[],"class_list":["post-50563","post","type-post","status-publish","format-standard","has-post-thumbnail","hentry","category-before-isde2024-es","category-news-es"],"yoast_head":"<!-- This site is optimized with the Yoast SEO plugin v25.6 - https:\/\/yoast.com\/wordpress\/plugins\/seo\/ -->\n<title>Espa\u00f1a prepara la bienvenido a NOCO 6DAYS\u00ae en Galicia - 2024 spain<\/title>\n<meta name=\"description\" content=\"With global focus set to be centred on Silleda in the Galicia region of north-west Spain later in the year, where the 2024 FIM International Six Days of Enduro (ISDE) will take place from 14-19 October, SCOTT Sports \u2013 as the official and exclusive event sponsor for goggles and eyewear \u2013 is delighted today to launch its special edition SCOTT 6DAYS\u00ae Spain Prospect goggle, which is available now.\" \/>\n<meta name=\"robots\" content=\"index, follow, max-snippet:-1, max-image-preview:large, max-video-preview:-1\" \/>\n<link rel=\"canonical\" href=\"https:\/\/2024.fim-6days.com\/es\/espana-prepara-la-bienvenido-a-noco-6days-en-galicia\/\" \/>\n<meta property=\"og:locale\" content=\"es_ES\" \/>\n<meta property=\"og:type\" content=\"article\" \/>\n<meta property=\"og:title\" content=\"Espa\u00f1a prepara la bienvenido a NOCO 6DAYS\u00ae en Galicia - 2024 spain\" \/>\n<meta property=\"og:description\" content=\"With global focus set to be centred on Silleda in the Galicia region of north-west Spain later in the year, where the 2024 FIM International Six Days of Enduro (ISDE) will take place from 14-19 October, SCOTT Sports \u2013 as the official and exclusive event sponsor for goggles and eyewear \u2013 is delighted today to launch its special edition SCOTT 6DAYS\u00ae Spain Prospect goggle, which is available now.\" \/>\n<meta property=\"og:url\" content=\"https:\/\/2024.fim-6days.com\/es\/espana-prepara-la-bienvenido-a-noco-6days-en-galicia\/\" \/>\n<meta property=\"og:site_name\" content=\"2024 spain\" \/>\n<meta property=\"article:publisher\" content=\"https:\/\/www.facebook.com\/FIMISDE\/\" \/>\n<meta property=\"article:published_time\" content=\"2024-10-11T11:52:14+00:00\" \/>\n<meta property=\"article:modified_time\" content=\"2024-10-11T11:53:47+00:00\" \/>\n<meta property=\"og:image\" content=\"https:\/\/2024.fim-6days.com\/wp-content\/uploads\/sites\/9\/2024\/09\/231111_ISDE_2023_Argentina_0025.jpg\" \/>\n\t<meta property=\"og:image:width\" content=\"1600\" \/>\n\t<meta property=\"og:image:height\" content=\"1067\" \/>\n\t<meta property=\"og:image:type\" content=\"image\/jpeg\" \/>\n<meta name=\"author\" content=\"isalen\" \/>\n<meta name=\"twitter:card\" content=\"summary_large_image\" \/>\n<meta name=\"twitter:creator\" content=\"@fimisde\" \/>\n<meta name=\"twitter:site\" content=\"@fimisde\" \/>\n<meta name=\"twitter:label1\" content=\"Escrito por\" \/>\n\t<meta name=\"twitter:data1\" content=\"isalen\" \/>\n\t<meta name=\"twitter:label2\" content=\"Tiempo de lectura\" \/>\n\t<meta name=\"twitter:data2\" content=\"6 minutos\" \/>\n<script type=\"application\/ld+json\" class=\"yoast-schema-graph\">{\"@context\":\"https:\/\/schema.org\",\"@graph\":[{\"@type\":\"Article\",\"@id\":\"https:\/\/2024.fim-6days.com\/es\/espana-prepara-la-bienvenido-a-noco-6days-en-galicia\/#article\",\"isPartOf\":{\"@id\":\"https:\/\/2024.fim-6days.com\/es\/espana-prepara-la-bienvenido-a-noco-6days-en-galicia\/\"},\"author\":{\"name\":\"isalen\",\"@id\":\"https:\/\/2024.fim-6days.com\/#\/schema\/person\/fc80183700e96a22afb3f220ae03b32a\"},\"headline\":\"Espa\u00f1a prepara la bienvenido a NOCO 6DAYS\u00ae en Galicia\",\"datePublished\":\"2024-10-11T11:52:14+00:00\",\"dateModified\":\"2024-10-11T11:53:47+00:00\",\"mainEntityOfPage\":{\"@id\":\"https:\/\/2024.fim-6days.com\/es\/espana-prepara-la-bienvenido-a-noco-6days-en-galicia\/\"},\"wordCount\":2172,\"publisher\":{\"@id\":\"https:\/\/2024.fim-6days.com\/#organization\"},\"image\":{\"@id\":\"https:\/\/2024.fim-6days.com\/es\/espana-prepara-la-bienvenido-a-noco-6days-en-galicia\/#primaryimage\"},\"thumbnailUrl\":\"https:\/\/2024.fim-6days.com\/wp-content\/uploads\/sites\/9\/2024\/09\/231111_ISDE_2023_Argentina_0025.jpg\",\"articleSection\":[\"Before ISDE2024\",\"Noticias\"],\"inLanguage\":\"es\"},{\"@type\":\"WebPage\",\"@id\":\"https:\/\/2024.fim-6days.com\/es\/espana-prepara-la-bienvenido-a-noco-6days-en-galicia\/\",\"url\":\"https:\/\/2024.fim-6days.com\/es\/espana-prepara-la-bienvenido-a-noco-6days-en-galicia\/\",\"name\":\"Espa\u00f1a prepara la bienvenido a NOCO 6DAYS\u00ae en Galicia - 2024 spain\",\"isPartOf\":{\"@id\":\"https:\/\/2024.fim-6days.com\/#website\"},\"primaryImageOfPage\":{\"@id\":\"https:\/\/2024.fim-6days.com\/es\/espana-prepara-la-bienvenido-a-noco-6days-en-galicia\/#primaryimage\"},\"image\":{\"@id\":\"https:\/\/2024.fim-6days.com\/es\/espana-prepara-la-bienvenido-a-noco-6days-en-galicia\/#primaryimage\"},\"thumbnailUrl\":\"https:\/\/2024.fim-6days.com\/wp-content\/uploads\/sites\/9\/2024\/09\/231111_ISDE_2023_Argentina_0025.jpg\",\"datePublished\":\"2024-10-11T11:52:14+00:00\",\"dateModified\":\"2024-10-11T11:53:47+00:00\",\"description\":\"With global focus set to be centred on Silleda in the Galicia region of north-west Spain later in the year, where the 2024 FIM International Six Days of Enduro (ISDE) will take place from 14-19 October, SCOTT Sports \u2013 as the official and exclusive event sponsor for goggles and eyewear \u2013 is delighted today to launch its special edition SCOTT 6DAYS\u00ae Spain Prospect goggle, which is available now.\",\"breadcrumb\":{\"@id\":\"https:\/\/2024.fim-6days.com\/es\/espana-prepara-la-bienvenido-a-noco-6days-en-galicia\/#breadcrumb\"},\"inLanguage\":\"es\",\"potentialAction\":[{\"@type\":\"ReadAction\",\"target\":[\"https:\/\/2024.fim-6days.com\/es\/espana-prepara-la-bienvenido-a-noco-6days-en-galicia\/\"]}]},{\"@type\":\"ImageObject\",\"inLanguage\":\"es\",\"@id\":\"https:\/\/2024.fim-6days.com\/es\/espana-prepara-la-bienvenido-a-noco-6days-en-galicia\/#primaryimage\",\"url\":\"https:\/\/2024.fim-6days.com\/wp-content\/uploads\/sites\/9\/2024\/09\/231111_ISDE_2023_Argentina_0025.jpg\",\"contentUrl\":\"https:\/\/2024.fim-6days.com\/wp-content\/uploads\/sites\/9\/2024\/09\/231111_ISDE_2023_Argentina_0025.jpg\",\"width\":1600,\"height\":1067,\"caption\":\"2023 International Six Days Enduro \u0096 San Juan \u0096 Argentina\"},{\"@type\":\"BreadcrumbList\",\"@id\":\"https:\/\/2024.fim-6days.com\/es\/espana-prepara-la-bienvenido-a-noco-6days-en-galicia\/#breadcrumb\",\"itemListElement\":[{\"@type\":\"ListItem\",\"position\":1,\"name\":\"Home\",\"item\":\"https:\/\/2024.fim-6days.com\/es\/\"},{\"@type\":\"ListItem\",\"position\":2,\"name\":\"Espa\u00f1a prepara la bienvenido a NOCO 6DAYS\u00ae en Galicia\"}]},{\"@type\":\"WebSite\",\"@id\":\"https:\/\/2024.fim-6days.com\/#website\",\"url\":\"https:\/\/2024.fim-6days.com\/\",\"name\":\"FIM ISDE 2021\",\"description\":\"FIM ISDE Official website\",\"publisher\":{\"@id\":\"https:\/\/2024.fim-6days.com\/#organization\"},\"potentialAction\":[{\"@type\":\"SearchAction\",\"target\":{\"@type\":\"EntryPoint\",\"urlTemplate\":\"https:\/\/2024.fim-6days.com\/?s={search_term_string}\"},\"query-input\":{\"@type\":\"PropertyValueSpecification\",\"valueRequired\":true,\"valueName\":\"search_term_string\"}}],\"inLanguage\":\"es\"},{\"@type\":\"Organization\",\"@id\":\"https:\/\/2024.fim-6days.com\/#organization\",\"name\":\"FIM - F\u00e9d\u00e9ration Internationale de Motocyclisme\",\"url\":\"https:\/\/2024.fim-6days.com\/\",\"logo\":{\"@type\":\"ImageObject\",\"inLanguage\":\"es\",\"@id\":\"https:\/\/2024.fim-6days.com\/#\/schema\/logo\/image\/\",\"url\":\"https:\/\/2024.fim-6days.com\/wp-content\/uploads\/sites\/9\/2019\/07\/LogoFIM-CMYK.png\",\"contentUrl\":\"https:\/\/2024.fim-6days.com\/wp-content\/uploads\/sites\/9\/2019\/07\/LogoFIM-CMYK.png\",\"width\":2608,\"height\":1833,\"caption\":\"FIM - F\u00e9d\u00e9ration Internationale de Motocyclisme\"},\"image\":{\"@id\":\"https:\/\/2024.fim-6days.com\/#\/schema\/logo\/image\/\"},\"sameAs\":[\"https:\/\/www.facebook.com\/FIMISDE\/\",\"https:\/\/x.com\/fimisde\",\"https:\/\/www.instagram.com\/fim_isde\/\"]},{\"@type\":\"Person\",\"@id\":\"https:\/\/2024.fim-6days.com\/#\/schema\/person\/fc80183700e96a22afb3f220ae03b32a\",\"name\":\"isalen\",\"image\":{\"@type\":\"ImageObject\",\"inLanguage\":\"es\",\"@id\":\"https:\/\/2024.fim-6days.com\/#\/schema\/person\/image\/\",\"url\":\"https:\/\/secure.gravatar.com\/avatar\/b498bfa446460353cfcc6e023d9c28e3e84ef3798b7f90c38b5d03254eed1837?s=96&d=mm&r=g\",\"contentUrl\":\"https:\/\/secure.gravatar.com\/avatar\/b498bfa446460353cfcc6e023d9c28e3e84ef3798b7f90c38b5d03254eed1837?s=96&d=mm&r=g\",\"caption\":\"isalen\"},\"url\":\"https:\/\/2024.fim-6days.com\/es\/author\/isalen\/\"}]}<\/script>\n<!-- \/ Yoast SEO plugin. -->","yoast_head_json":{"title":"Espa\u00f1a prepara la bienvenido a NOCO 6DAYS\u00ae en Galicia - 2024 spain","description":"With global focus set to be centred on Silleda in the Galicia region of north-west Spain later in the year, where the 2024 FIM International Six Days of Enduro (ISDE) will take place from 14-19 October, SCOTT Sports \u2013 as the official and exclusive event sponsor for goggles and eyewear \u2013 is delighted today to launch its special edition SCOTT 6DAYS\u00ae Spain Prospect goggle, which is available now.","robots":{"index":"index","follow":"follow","max-snippet":"max-snippet:-1","max-image-preview":"max-image-preview:large","max-video-preview":"max-video-preview:-1"},"canonical":"https:\/\/2024.fim-6days.com\/es\/espana-prepara-la-bienvenido-a-noco-6days-en-galicia\/","og_locale":"es_ES","og_type":"article","og_title":"Espa\u00f1a prepara la bienvenido a NOCO 6DAYS\u00ae en Galicia - 2024 spain","og_description":"With global focus set to be centred on Silleda in the Galicia region of north-west Spain later in the year, where the 2024 FIM International Six Days of Enduro (ISDE) will take place from 14-19 October, SCOTT Sports \u2013 as the official and exclusive event sponsor for goggles and eyewear \u2013 is delighted today to launch its special edition SCOTT 6DAYS\u00ae Spain Prospect goggle, which is available now.","og_url":"https:\/\/2024.fim-6days.com\/es\/espana-prepara-la-bienvenido-a-noco-6days-en-galicia\/","og_site_name":"2024 spain","article_publisher":"https:\/\/www.facebook.com\/FIMISDE\/","article_published_time":"2024-10-11T11:52:14+00:00","article_modified_time":"2024-10-11T11:53:47+00:00","og_image":[{"width":1600,"height":1067,"url":"https:\/\/2024.fim-6days.com\/wp-content\/uploads\/sites\/9\/2024\/09\/231111_ISDE_2023_Argentina_0025.jpg","type":"image\/jpeg"}],"author":"isalen","twitter_card":"summary_large_image","twitter_creator":"@fimisde","twitter_site":"@fimisde","twitter_misc":{"Escrito por":"isalen","Tiempo de lectura":"6 minutos"},"schema":{"@context":"https:\/\/schema.org","@graph":[{"@type":"Article","@id":"https:\/\/2024.fim-6days.com\/es\/espana-prepara-la-bienvenido-a-noco-6days-en-galicia\/#article","isPartOf":{"@id":"https:\/\/2024.fim-6days.com\/es\/espana-prepara-la-bienvenido-a-noco-6days-en-galicia\/"},"author":{"name":"isalen","@id":"https:\/\/2024.fim-6days.com\/#\/schema\/person\/fc80183700e96a22afb3f220ae03b32a"},"headline":"Espa\u00f1a prepara la bienvenido a NOCO 6DAYS\u00ae en Galicia","datePublished":"2024-10-11T11:52:14+00:00","dateModified":"2024-10-11T11:53:47+00:00","mainEntityOfPage":{"@id":"https:\/\/2024.fim-6days.com\/es\/espana-prepara-la-bienvenido-a-noco-6days-en-galicia\/"},"wordCount":2172,"publisher":{"@id":"https:\/\/2024.fim-6days.com\/#organization"},"image":{"@id":"https:\/\/2024.fim-6days.com\/es\/espana-prepara-la-bienvenido-a-noco-6days-en-galicia\/#primaryimage"},"thumbnailUrl":"https:\/\/2024.fim-6days.com\/wp-content\/uploads\/sites\/9\/2024\/09\/231111_ISDE_2023_Argentina_0025.jpg","articleSection":["Before ISDE2024","Noticias"],"inLanguage":"es"},{"@type":"WebPage","@id":"https:\/\/2024.fim-6days.com\/es\/espana-prepara-la-bienvenido-a-noco-6days-en-galicia\/","url":"https:\/\/2024.fim-6days.com\/es\/espana-prepara-la-bienvenido-a-noco-6days-en-galicia\/","name":"Espa\u00f1a prepara la bienvenido a NOCO 6DAYS\u00ae en Galicia - 2024 spain","isPartOf":{"@id":"https:\/\/2024.fim-6days.com\/#website"},"primaryImageOfPage":{"@id":"https:\/\/2024.fim-6days.com\/es\/espana-prepara-la-bienvenido-a-noco-6days-en-galicia\/#primaryimage"},"image":{"@id":"https:\/\/2024.fim-6days.com\/es\/espana-prepara-la-bienvenido-a-noco-6days-en-galicia\/#primaryimage"},"thumbnailUrl":"https:\/\/2024.fim-6days.com\/wp-content\/uploads\/sites\/9\/2024\/09\/231111_ISDE_2023_Argentina_0025.jpg","datePublished":"2024-10-11T11:52:14+00:00","dateModified":"2024-10-11T11:53:47+00:00","description":"With global focus set to be centred on Silleda in the Galicia region of north-west Spain later in the year, where the 2024 FIM International Six Days of Enduro (ISDE) will take place from 14-19 October, SCOTT Sports \u2013 as the official and exclusive event sponsor for goggles and eyewear \u2013 is delighted today to launch its special edition SCOTT 6DAYS\u00ae Spain Prospect goggle, which is available now.","breadcrumb":{"@id":"https:\/\/2024.fim-6days.com\/es\/espana-prepara-la-bienvenido-a-noco-6days-en-galicia\/#breadcrumb"},"inLanguage":"es","potentialAction":[{"@type":"ReadAction","target":["https:\/\/2024.fim-6days.com\/es\/espana-prepara-la-bienvenido-a-noco-6days-en-galicia\/"]}]},{"@type":"ImageObject","inLanguage":"es","@id":"https:\/\/2024.fim-6days.com\/es\/espana-prepara-la-bienvenido-a-noco-6days-en-galicia\/#primaryimage","url":"https:\/\/2024.fim-6days.com\/wp-content\/uploads\/sites\/9\/2024\/09\/231111_ISDE_2023_Argentina_0025.jpg","contentUrl":"https:\/\/2024.fim-6days.com\/wp-content\/uploads\/sites\/9\/2024\/09\/231111_ISDE_2023_Argentina_0025.jpg","width":1600,"height":1067,"caption":"2023 International Six Days Enduro \u0096 San Juan \u0096 Argentina"},{"@type":"BreadcrumbList","@id":"https:\/\/2024.fim-6days.com\/es\/espana-prepara-la-bienvenido-a-noco-6days-en-galicia\/#breadcrumb","itemListElement":[{"@type":"ListItem","position":1,"name":"Home","item":"https:\/\/2024.fim-6days.com\/es\/"},{"@type":"ListItem","position":2,"name":"Espa\u00f1a prepara la bienvenido a NOCO 6DAYS\u00ae en Galicia"}]},{"@type":"WebSite","@id":"https:\/\/2024.fim-6days.com\/#website","url":"https:\/\/2024.fim-6days.com\/","name":"FIM ISDE 2021","description":"FIM ISDE Official website","publisher":{"@id":"https:\/\/2024.fim-6days.com\/#organization"},"potentialAction":[{"@type":"SearchAction","target":{"@type":"EntryPoint","urlTemplate":"https:\/\/2024.fim-6days.com\/?s={search_term_string}"},"query-input":{"@type":"PropertyValueSpecification","valueRequired":true,"valueName":"search_term_string"}}],"inLanguage":"es"},{"@type":"Organization","@id":"https:\/\/2024.fim-6days.com\/#organization","name":"FIM - F\u00e9d\u00e9ration Internationale de Motocyclisme","url":"https:\/\/2024.fim-6days.com\/","logo":{"@type":"ImageObject","inLanguage":"es","@id":"https:\/\/2024.fim-6days.com\/#\/schema\/logo\/image\/","url":"https:\/\/2024.fim-6days.com\/wp-content\/uploads\/sites\/9\/2019\/07\/LogoFIM-CMYK.png","contentUrl":"https:\/\/2024.fim-6days.com\/wp-content\/uploads\/sites\/9\/2019\/07\/LogoFIM-CMYK.png","width":2608,"height":1833,"caption":"FIM - F\u00e9d\u00e9ration Internationale de Motocyclisme"},"image":{"@id":"https:\/\/2024.fim-6days.com\/#\/schema\/logo\/image\/"},"sameAs":["https:\/\/www.facebook.com\/FIMISDE\/","https:\/\/x.com\/fimisde","https:\/\/www.instagram.com\/fim_isde\/"]},{"@type":"Person","@id":"https:\/\/2024.fim-6days.com\/#\/schema\/person\/fc80183700e96a22afb3f220ae03b32a","name":"isalen","image":{"@type":"ImageObject","inLanguage":"es","@id":"https:\/\/2024.fim-6days.com\/#\/schema\/person\/image\/","url":"https:\/\/secure.gravatar.com\/avatar\/b498bfa446460353cfcc6e023d9c28e3e84ef3798b7f90c38b5d03254eed1837?s=96&d=mm&r=g","contentUrl":"https:\/\/secure.gravatar.com\/avatar\/b498bfa446460353cfcc6e023d9c28e3e84ef3798b7f90c38b5d03254eed1837?s=96&d=mm&r=g","caption":"isalen"},"url":"https:\/\/2024.fim-6days.com\/es\/author\/isalen\/"}]}},"_links":{"self":[{"href":"https:\/\/2024.fim-6days.com\/es\/wp-json\/wp\/v2\/posts\/50563","targetHints":{"allow":["GET"]}}],"collection":[{"href":"https:\/\/2024.fim-6days.com\/es\/wp-json\/wp\/v2\/posts"}],"about":[{"href":"https:\/\/2024.fim-6days.com\/es\/wp-json\/wp\/v2\/types\/post"}],"author":[{"embeddable":true,"href":"https:\/\/2024.fim-6days.com\/es\/wp-json\/wp\/v2\/users\/14"}],"replies":[{"embeddable":true,"href":"https:\/\/2024.fim-6days.com\/es\/wp-json\/wp\/v2\/comments?post=50563"}],"version-history":[{"count":2,"href":"https:\/\/2024.fim-6days.com\/es\/wp-json\/wp\/v2\/posts\/50563\/revisions"}],"predecessor-version":[{"id":50564,"href":"https:\/\/2024.fim-6days.com\/es\/wp-json\/wp\/v2\/posts\/50563\/revisions\/50564"}],"wp:featuredmedia":[{"embeddable":true,"href":"https:\/\/2024.fim-6days.com\/es\/wp-json\/wp\/v2\/media\/50396"}],"wp:attachment":[{"href":"https:\/\/2024.fim-6days.com\/es\/wp-json\/wp\/v2\/media?parent=50563"}],"wp:term":[{"taxonomy":"category","embeddable":true,"href":"https:\/\/2024.fim-6days.com\/es\/wp-json\/wp\/v2\/categories?post=50563"},{"taxonomy":"post_tag","embeddable":true,"href":"https:\/\/2024.fim-6days.com\/es\/wp-json\/wp\/v2\/tags?post=50563"}],"curies":[{"name":"wp","href":"https:\/\/api.w.org\/{rel}","templated":true}]}}