{"id":50560,"date":"2024-10-11T13:40:56","date_gmt":"2024-10-11T11:40:56","guid":{"rendered":"https:\/\/2024.fim-6days.com\/josep-garcia-the-fastest-man-in-enduro-eyes-up-his-home-noco-fim-6days\/"},"modified":"2024-10-11T13:42:24","modified_gmt":"2024-10-11T11:42:24","slug":"josep-garcia-el-piloto-de-enduro-mas-rapido-se-prepara-para-el-evento-noco-fim-6days-de-su-casa","status":"publish","type":"post","link":"https:\/\/2024.fim-6days.com\/es\/josep-garcia-el-piloto-de-enduro-mas-rapido-se-prepara-para-el-evento-noco-fim-6days-de-su-casa\/","title":{"rendered":"Josep Garc\u00eda: El piloto de enduro m\u00e1s r\u00e1pido se prepara para el evento NOCO FIM 6DAYS\u00ae de su casa"},"content":{"rendered":"<p><div class=\"fusion-fullwidth fullwidth-box fusion-builder-row-1 fusion-flex-container nonhundred-percent-fullwidth non-hundred-percent-height-scrolling\" style=\"--awb-border-radius-top-left:0px;--awb-border-radius-top-right:0px;--awb-border-radius-bottom-right:0px;--awb-border-radius-bottom-left:0px;--awb-padding-top:0px;--awb-padding-bottom:0px;--awb-flex-wrap:wrap;\" ><div class=\"fusion-builder-row fusion-row fusion-flex-align-items-flex-start fusion-flex-content-wrap\" style=\"max-width:1248px;margin-left: calc(-4% \/ 2 );margin-right: calc(-4% \/ 2 );\"><div class=\"fusion-layout-column fusion_builder_column fusion-builder-column-0 fusion_builder_column_1_1 1_1 fusion-flex-column\" style=\"--awb-padding-top:0px;--awb-padding-bottom:0px;--awb-bg-size:cover;--awb-width-large:100%;--awb-margin-top-large:0px;--awb-spacing-right-large:1.92%;--awb-margin-bottom-large:0px;--awb-spacing-left-large:1.92%;--awb-width-medium:100%;--awb-order-medium:0;--awb-spacing-right-medium:1.92%;--awb-spacing-left-medium:1.92%;--awb-width-small:100%;--awb-order-small:0;--awb-spacing-right-small:1.92%;--awb-spacing-left-small:1.92%;\"><div class=\"fusion-column-wrapper fusion-column-has-shadow fusion-flex-justify-content-flex-start fusion-content-layout-column\"><div class=\"fusion-text fusion-text-1\" style=\"--awb-text-transform:none;\"><table width=\"100%\">\n<tbody>\n<tr>\n<td>\n<table width=\"100%\">\n<tbody>\n<tr>\n<td>\n<table width=\"100%\">\n<tbody>\n<tr>\n<td>\n<p><strong>Como tres veces ganador absoluto de los Seis D\u00edas Internacionales de Enduro (ISDE) de la FIM, cinco veces Campe\u00f3n del Mundo de Enduro FIM y reci\u00e9n coronado Campe\u00f3n del Mundo FIM de EnduroGP, Josep Garc\u00eda (KTM) es posiblemente el hombre m\u00e1s r\u00e1pido en enduro en este momento.<\/strong><\/p>\n<p>Es un gran cumplido para el joven de veintisiete a\u00f1os, pero es dif\u00edcil negar que el espa\u00f1ol est\u00e1 disfrutando de un gran momento mientras la 98\u00aa edici\u00f3n del NOCO FIM 6DAYS\u00ae se dirige a Galicia, Espa\u00f1a, este octubre.<\/p>\n<p>La hasta ahora temporada estelar de 2024 ha visto a Garc\u00eda ganar el Campeonato Mundial FIM EnduroGP, y con <strong>el NOCO FIM 6DAYS\u00ae en casa para el espa\u00f1ol, <\/strong>la guinda del pastel ser\u00eda una cuarta victoria absoluta consecutiva mientras lleva a Espa\u00f1a a su primera victoria en el Trofeo Mundial FIM.<\/p>\n<p>Garc\u00eda coincide en que ese es el escenario so\u00f1ado para lo que hasta ahora <strong>ha sido un a\u00f1o de cuento de hadas.<\/strong> Aunque su enfoque es simplemente enforcarse d\u00eda a d\u00eda durante el FIM ISDE mientras tambi\u00e9n disfruta todas las emociones que lo acompa\u00f1an.<\/p>\n<p><em>\u00abSin duda, las \u00faltimas tres carreras de la FIM ISDE fueron geniales\u00bb, <\/em>dice Garc\u00eda.<em> <strong>\u201cEstoy s\u00faper feliz de haber ganado tres seguidas porque no es algo f\u00e1cil de hacer.<\/strong> Pero como siempre, ir\u00e9 a Galicia concentrado en hacer un buen trabajo, peleando por ganar, pero tambi\u00e9n divirti\u00e9ndome.<\/em><\/p>\n<p><em>\u201cQue la FIM ISDE regrese a Espa\u00f1a despu\u00e9s de Navarra en 2016 es muy bonito. <strong>Conozco bien la regi\u00f3n de Galicia y me siento bien en la moto<\/strong>. Para todos nosotros, esta ser\u00e1 una carrera especial\u201d.<\/em><\/p>\n<p>Mientras el NOCO FIM 6DAYS\u00ae es una celebraci\u00f3n de los mejores pilotos de enduro del mundo que luchan por la gloria para sus respectivos pa\u00edses, <strong>el aspecto individual no puede ignorarse.<\/strong> Con tres victorias absolutas en las \u00faltimas tres ediciones, Garc\u00eda ciertamente ha dejado su huella.<\/p>\n<p>Competiendo estrechamente con <strong>el Italiano Andrea Verona (GASGAS),<\/strong> ambos han puesto el list\u00f3n muy alto y han protagonizado batallas espectaculares.<\/p>\n<p><strong>\u201cLuchar por la victoria con Andrea, como lo hemos hecho durante los \u00faltimos tres a\u00f1os, es incre\u00edble.<\/strong> La FIM ISDE tienen un tipo de presi\u00f3n diferente al de EnduroGP porque s\u00f3lo tienes seis d\u00edas para triunfar.<strong> Si te sientes mal los dos primeros d\u00edas, puedes perderlo todo.<\/strong><\/p>\n<p>\u201cPor supuesto, en ese momento me hubiera encantado tener una diferencia mayor con Andrea para aliviar la presi\u00f3n, pero<strong> disfrut\u00e9 de la intensidad y creo que los espectadores tambi\u00e9n\u201d.<\/strong><\/p>\n<p>De cara a la 98\u00aa edici\u00f3n, se espera que se reanude esa rivalidad con Verona. Sin embargo, con <strong>los mejores pilotos de enduro del mundo reunidos en Galicia<\/strong>, sabe que probablemente ser\u00e1 mucho m\u00e1s que una carrera de dos pilotos luchando por honores individuales.<\/p>\n<p><em>\u201cAl llegar a un FIM ISDE tienes la sensaci\u00f3n de que sabes qui\u00e9n ser\u00e1 m\u00e1s r\u00e1pido, pero <strong>siempre habr\u00e1 una sorpresa.<\/strong> Muchos pilotos mejoran su nivel para esta carrera cuando se pone la camiseta nacional.<\/em><\/p>\n<p><em>\u201cAdem\u00e1s, en 2016 fui yo la sorpresa. El a\u00f1o anterior era un junior, tal vez entre los veinte primeros en el mejor de los casos. <strong>Ese a\u00f1o todo encaj\u00f3 y estaba luchando por el podio<\/strong>. Estoy seguro de que a alguien tambi\u00e9n le suceder\u00e1 este a\u00f1o\u201d.<\/em><\/p>\n<p>Al concluir esta charla, una pregunta no puede quedar sin responder. <strong>\u00bfSer\u00e1 finalmente la 98\u00aa edici\u00f3n dorada para Espa\u00f1a que va a ganar su primer Trofeo Mundial FIM?<\/strong><\/p>\n<\/td>\n<\/tr>\n<\/tbody>\n<\/table>\n<\/td>\n<\/tr>\n<\/tbody>\n<\/table>\n<\/td>\n<\/tr>\n<\/tbody>\n<\/table>\n<p><em>\u201cEso espero, de verdad que s\u00ed\u201d,<\/em> sonr\u00ede Garc\u00eda. <em>\u201cEs lo \u00fanico que nos falta. Cada a\u00f1o lo intentamos y damos el cien por cien, pero no es f\u00e1cil. Esperemos que finalmente nos salga bien en Galicia.<strong> \u00a1Hacerlo en casa ser\u00eda incre\u00edble!\u201d<\/strong><\/em><\/p>\n<\/div><\/div><\/div><\/div><\/div><div class=\"fusion-fullwidth fullwidth-box fusion-builder-row-2 fusion-flex-container has-pattern-background has-mask-background nonhundred-percent-fullwidth non-hundred-percent-height-scrolling\" style=\"--awb-border-radius-top-left:0px;--awb-border-radius-top-right:0px;--awb-border-radius-bottom-right:0px;--awb-border-radius-bottom-left:0px;--awb-flex-wrap:wrap;\" ><div class=\"fusion-builder-row fusion-row fusion-flex-align-items-flex-start fusion-flex-content-wrap\" style=\"max-width:1248px;margin-left: calc(-4% \/ 2 );margin-right: calc(-4% \/ 2 );\"><div class=\"fusion-layout-column fusion_builder_column fusion-builder-column-1 fusion_builder_column_1_1 1_1 fusion-flex-column\" style=\"--awb-bg-size:cover;--awb-width-large:100%;--awb-margin-top-large:0px;--awb-spacing-right-large:1.92%;--awb-margin-bottom-large:20px;--awb-spacing-left-large:1.92%;--awb-width-medium:100%;--awb-order-medium:0;--awb-spacing-right-medium:1.92%;--awb-spacing-left-medium:1.92%;--awb-width-small:100%;--awb-order-small:0;--awb-spacing-right-small:1.92%;--awb-spacing-left-small:1.92%;\"><div class=\"fusion-column-wrapper fusion-column-has-shadow fusion-flex-justify-content-flex-start fusion-content-layout-column\"><div class=\"fusion-separator fusion-full-width-sep\" style=\"align-self: center;margin-left: auto;margin-right: auto;margin-bottom:20px;width:100%;\"><\/div>\n<\/div><\/div><\/div><\/div><\/p>\n","protected":false},"excerpt":{"rendered":"","protected":false},"author":14,"featured_media":50431,"comment_status":"closed","ping_status":"closed","sticky":false,"template":"","format":"standard","meta":{"inline_featured_image":false,"footnotes":""},"categories":[155,108],"tags":[],"class_list":["post-50560","post","type-post","status-publish","format-standard","has-post-thumbnail","hentry","category-before-isde2024-es","category-news-es"],"yoast_head":"<!-- This site is optimized with the Yoast SEO plugin v25.6 - https:\/\/yoast.com\/wordpress\/plugins\/seo\/ -->\n<title>Josep Garc\u00eda: El piloto de enduro m\u00e1s r\u00e1pido se prepara para el evento NOCO FIM 6DAYS\u00ae de su casa - 2024 spain<\/title>\n<meta name=\"description\" content=\"With global focus set to be centred on Silleda in the Galicia region of north-west Spain later in the year, where the 2024 FIM International Six Days of Enduro (ISDE) will take place from 14-19 October, SCOTT Sports \u2013 as the official and exclusive event sponsor for goggles and eyewear \u2013 is delighted today to launch its special edition SCOTT 6DAYS\u00ae Spain Prospect goggle, which is available now.\" \/>\n<meta name=\"robots\" content=\"index, follow, max-snippet:-1, max-image-preview:large, max-video-preview:-1\" \/>\n<link rel=\"canonical\" href=\"https:\/\/2024.fim-6days.com\/es\/josep-garcia-el-piloto-de-enduro-mas-rapido-se-prepara-para-el-evento-noco-fim-6days-de-su-casa\/\" \/>\n<meta property=\"og:locale\" content=\"es_ES\" \/>\n<meta property=\"og:type\" content=\"article\" \/>\n<meta property=\"og:title\" content=\"Josep Garc\u00eda: El piloto de enduro m\u00e1s r\u00e1pido se prepara para el evento NOCO FIM 6DAYS\u00ae de su casa - 2024 spain\" \/>\n<meta property=\"og:description\" content=\"With global focus set to be centred on Silleda in the Galicia region of north-west Spain later in the year, where the 2024 FIM International Six Days of Enduro (ISDE) will take place from 14-19 October, SCOTT Sports \u2013 as the official and exclusive event sponsor for goggles and eyewear \u2013 is delighted today to launch its special edition SCOTT 6DAYS\u00ae Spain Prospect goggle, which is available now.\" \/>\n<meta property=\"og:url\" content=\"https:\/\/2024.fim-6days.com\/es\/josep-garcia-el-piloto-de-enduro-mas-rapido-se-prepara-para-el-evento-noco-fim-6days-de-su-casa\/\" \/>\n<meta property=\"og:site_name\" content=\"2024 spain\" \/>\n<meta property=\"article:publisher\" content=\"https:\/\/www.facebook.com\/FIMISDE\/\" \/>\n<meta property=\"article:published_time\" content=\"2024-10-11T11:40:56+00:00\" \/>\n<meta property=\"article:modified_time\" content=\"2024-10-11T11:42:24+00:00\" \/>\n<meta property=\"og:image\" content=\"https:\/\/2024.fim-6days.com\/wp-content\/uploads\/sites\/9\/2024\/09\/AZ90477.jpg\" \/>\n\t<meta property=\"og:image:width\" content=\"1600\" \/>\n\t<meta property=\"og:image:height\" content=\"1067\" \/>\n\t<meta property=\"og:image:type\" content=\"image\/jpeg\" \/>\n<meta name=\"author\" content=\"isalen\" \/>\n<meta name=\"twitter:card\" content=\"summary_large_image\" \/>\n<meta name=\"twitter:creator\" content=\"@fimisde\" \/>\n<meta name=\"twitter:site\" content=\"@fimisde\" \/>\n<meta name=\"twitter:label1\" content=\"Escrito por\" \/>\n\t<meta name=\"twitter:data1\" content=\"isalen\" \/>\n\t<meta name=\"twitter:label2\" content=\"Tiempo de lectura\" \/>\n\t<meta name=\"twitter:data2\" content=\"5 minutos\" \/>\n<script type=\"application\/ld+json\" class=\"yoast-schema-graph\">{\"@context\":\"https:\/\/schema.org\",\"@graph\":[{\"@type\":\"Article\",\"@id\":\"https:\/\/2024.fim-6days.com\/es\/josep-garcia-el-piloto-de-enduro-mas-rapido-se-prepara-para-el-evento-noco-fim-6days-de-su-casa\/#article\",\"isPartOf\":{\"@id\":\"https:\/\/2024.fim-6days.com\/es\/josep-garcia-el-piloto-de-enduro-mas-rapido-se-prepara-para-el-evento-noco-fim-6days-de-su-casa\/\"},\"author\":{\"name\":\"isalen\",\"@id\":\"https:\/\/2024.fim-6days.com\/#\/schema\/person\/fc80183700e96a22afb3f220ae03b32a\"},\"headline\":\"Josep Garc\u00eda: El piloto de enduro m\u00e1s r\u00e1pido se prepara para el evento NOCO FIM 6DAYS\u00ae de su casa\",\"datePublished\":\"2024-10-11T11:40:56+00:00\",\"dateModified\":\"2024-10-11T11:42:24+00:00\",\"mainEntityOfPage\":{\"@id\":\"https:\/\/2024.fim-6days.com\/es\/josep-garcia-el-piloto-de-enduro-mas-rapido-se-prepara-para-el-evento-noco-fim-6days-de-su-casa\/\"},\"wordCount\":2040,\"publisher\":{\"@id\":\"https:\/\/2024.fim-6days.com\/#organization\"},\"image\":{\"@id\":\"https:\/\/2024.fim-6days.com\/es\/josep-garcia-el-piloto-de-enduro-mas-rapido-se-prepara-para-el-evento-noco-fim-6days-de-su-casa\/#primaryimage\"},\"thumbnailUrl\":\"https:\/\/2024.fim-6days.com\/wp-content\/uploads\/sites\/9\/2024\/09\/AZ90477.jpg\",\"articleSection\":[\"Before ISDE2024\",\"Noticias\"],\"inLanguage\":\"es\"},{\"@type\":\"WebPage\",\"@id\":\"https:\/\/2024.fim-6days.com\/es\/josep-garcia-el-piloto-de-enduro-mas-rapido-se-prepara-para-el-evento-noco-fim-6days-de-su-casa\/\",\"url\":\"https:\/\/2024.fim-6days.com\/es\/josep-garcia-el-piloto-de-enduro-mas-rapido-se-prepara-para-el-evento-noco-fim-6days-de-su-casa\/\",\"name\":\"Josep Garc\u00eda: El piloto de enduro m\u00e1s r\u00e1pido se prepara para el evento NOCO FIM 6DAYS\u00ae de su casa - 2024 spain\",\"isPartOf\":{\"@id\":\"https:\/\/2024.fim-6days.com\/#website\"},\"primaryImageOfPage\":{\"@id\":\"https:\/\/2024.fim-6days.com\/es\/josep-garcia-el-piloto-de-enduro-mas-rapido-se-prepara-para-el-evento-noco-fim-6days-de-su-casa\/#primaryimage\"},\"image\":{\"@id\":\"https:\/\/2024.fim-6days.com\/es\/josep-garcia-el-piloto-de-enduro-mas-rapido-se-prepara-para-el-evento-noco-fim-6days-de-su-casa\/#primaryimage\"},\"thumbnailUrl\":\"https:\/\/2024.fim-6days.com\/wp-content\/uploads\/sites\/9\/2024\/09\/AZ90477.jpg\",\"datePublished\":\"2024-10-11T11:40:56+00:00\",\"dateModified\":\"2024-10-11T11:42:24+00:00\",\"description\":\"With global focus set to be centred on Silleda in the Galicia region of north-west Spain later in the year, where the 2024 FIM International Six Days of Enduro (ISDE) will take place from 14-19 October, SCOTT Sports \u2013 as the official and exclusive event sponsor for goggles and eyewear \u2013 is delighted today to launch its special edition SCOTT 6DAYS\u00ae Spain Prospect goggle, which is available now.\",\"breadcrumb\":{\"@id\":\"https:\/\/2024.fim-6days.com\/es\/josep-garcia-el-piloto-de-enduro-mas-rapido-se-prepara-para-el-evento-noco-fim-6days-de-su-casa\/#breadcrumb\"},\"inLanguage\":\"es\",\"potentialAction\":[{\"@type\":\"ReadAction\",\"target\":[\"https:\/\/2024.fim-6days.com\/es\/josep-garcia-el-piloto-de-enduro-mas-rapido-se-prepara-para-el-evento-noco-fim-6days-de-su-casa\/\"]}]},{\"@type\":\"ImageObject\",\"inLanguage\":\"es\",\"@id\":\"https:\/\/2024.fim-6days.com\/es\/josep-garcia-el-piloto-de-enduro-mas-rapido-se-prepara-para-el-evento-noco-fim-6days-de-su-casa\/#primaryimage\",\"url\":\"https:\/\/2024.fim-6days.com\/wp-content\/uploads\/sites\/9\/2024\/09\/AZ90477.jpg\",\"contentUrl\":\"https:\/\/2024.fim-6days.com\/wp-content\/uploads\/sites\/9\/2024\/09\/AZ90477.jpg\",\"width\":1600,\"height\":1067,\"caption\":\"FIM International Six Days' Enduro - 97th Edition - San Juan (Argentina) - Day6, 11 November.\"},{\"@type\":\"BreadcrumbList\",\"@id\":\"https:\/\/2024.fim-6days.com\/es\/josep-garcia-el-piloto-de-enduro-mas-rapido-se-prepara-para-el-evento-noco-fim-6days-de-su-casa\/#breadcrumb\",\"itemListElement\":[{\"@type\":\"ListItem\",\"position\":1,\"name\":\"Home\",\"item\":\"https:\/\/2024.fim-6days.com\/es\/\"},{\"@type\":\"ListItem\",\"position\":2,\"name\":\"Josep Garc\u00eda: El piloto de enduro m\u00e1s r\u00e1pido se prepara para el evento NOCO FIM 6DAYS\u00ae de su casa\"}]},{\"@type\":\"WebSite\",\"@id\":\"https:\/\/2024.fim-6days.com\/#website\",\"url\":\"https:\/\/2024.fim-6days.com\/\",\"name\":\"FIM ISDE 2021\",\"description\":\"FIM ISDE Official website\",\"publisher\":{\"@id\":\"https:\/\/2024.fim-6days.com\/#organization\"},\"potentialAction\":[{\"@type\":\"SearchAction\",\"target\":{\"@type\":\"EntryPoint\",\"urlTemplate\":\"https:\/\/2024.fim-6days.com\/?s={search_term_string}\"},\"query-input\":{\"@type\":\"PropertyValueSpecification\",\"valueRequired\":true,\"valueName\":\"search_term_string\"}}],\"inLanguage\":\"es\"},{\"@type\":\"Organization\",\"@id\":\"https:\/\/2024.fim-6days.com\/#organization\",\"name\":\"FIM - F\u00e9d\u00e9ration Internationale de Motocyclisme\",\"url\":\"https:\/\/2024.fim-6days.com\/\",\"logo\":{\"@type\":\"ImageObject\",\"inLanguage\":\"es\",\"@id\":\"https:\/\/2024.fim-6days.com\/#\/schema\/logo\/image\/\",\"url\":\"https:\/\/2024.fim-6days.com\/wp-content\/uploads\/sites\/9\/2019\/07\/LogoFIM-CMYK.png\",\"contentUrl\":\"https:\/\/2024.fim-6days.com\/wp-content\/uploads\/sites\/9\/2019\/07\/LogoFIM-CMYK.png\",\"width\":2608,\"height\":1833,\"caption\":\"FIM - F\u00e9d\u00e9ration Internationale de Motocyclisme\"},\"image\":{\"@id\":\"https:\/\/2024.fim-6days.com\/#\/schema\/logo\/image\/\"},\"sameAs\":[\"https:\/\/www.facebook.com\/FIMISDE\/\",\"https:\/\/x.com\/fimisde\",\"https:\/\/www.instagram.com\/fim_isde\/\"]},{\"@type\":\"Person\",\"@id\":\"https:\/\/2024.fim-6days.com\/#\/schema\/person\/fc80183700e96a22afb3f220ae03b32a\",\"name\":\"isalen\",\"image\":{\"@type\":\"ImageObject\",\"inLanguage\":\"es\",\"@id\":\"https:\/\/2024.fim-6days.com\/#\/schema\/person\/image\/\",\"url\":\"https:\/\/secure.gravatar.com\/avatar\/b498bfa446460353cfcc6e023d9c28e3e84ef3798b7f90c38b5d03254eed1837?s=96&d=mm&r=g\",\"contentUrl\":\"https:\/\/secure.gravatar.com\/avatar\/b498bfa446460353cfcc6e023d9c28e3e84ef3798b7f90c38b5d03254eed1837?s=96&d=mm&r=g\",\"caption\":\"isalen\"},\"url\":\"https:\/\/2024.fim-6days.com\/es\/author\/isalen\/\"}]}<\/script>\n<!-- \/ Yoast SEO plugin. -->","yoast_head_json":{"title":"Josep Garc\u00eda: El piloto de enduro m\u00e1s r\u00e1pido se prepara para el evento NOCO FIM 6DAYS\u00ae de su casa - 2024 spain","description":"With global focus set to be centred on Silleda in the Galicia region of north-west Spain later in the year, where the 2024 FIM International Six Days of Enduro (ISDE) will take place from 14-19 October, SCOTT Sports \u2013 as the official and exclusive event sponsor for goggles and eyewear \u2013 is delighted today to launch its special edition SCOTT 6DAYS\u00ae Spain Prospect goggle, which is available now.","robots":{"index":"index","follow":"follow","max-snippet":"max-snippet:-1","max-image-preview":"max-image-preview:large","max-video-preview":"max-video-preview:-1"},"canonical":"https:\/\/2024.fim-6days.com\/es\/josep-garcia-el-piloto-de-enduro-mas-rapido-se-prepara-para-el-evento-noco-fim-6days-de-su-casa\/","og_locale":"es_ES","og_type":"article","og_title":"Josep Garc\u00eda: El piloto de enduro m\u00e1s r\u00e1pido se prepara para el evento NOCO FIM 6DAYS\u00ae de su casa - 2024 spain","og_description":"With global focus set to be centred on Silleda in the Galicia region of north-west Spain later in the year, where the 2024 FIM International Six Days of Enduro (ISDE) will take place from 14-19 October, SCOTT Sports \u2013 as the official and exclusive event sponsor for goggles and eyewear \u2013 is delighted today to launch its special edition SCOTT 6DAYS\u00ae Spain Prospect goggle, which is available now.","og_url":"https:\/\/2024.fim-6days.com\/es\/josep-garcia-el-piloto-de-enduro-mas-rapido-se-prepara-para-el-evento-noco-fim-6days-de-su-casa\/","og_site_name":"2024 spain","article_publisher":"https:\/\/www.facebook.com\/FIMISDE\/","article_published_time":"2024-10-11T11:40:56+00:00","article_modified_time":"2024-10-11T11:42:24+00:00","og_image":[{"width":1600,"height":1067,"url":"https:\/\/2024.fim-6days.com\/wp-content\/uploads\/sites\/9\/2024\/09\/AZ90477.jpg","type":"image\/jpeg"}],"author":"isalen","twitter_card":"summary_large_image","twitter_creator":"@fimisde","twitter_site":"@fimisde","twitter_misc":{"Escrito por":"isalen","Tiempo de lectura":"5 minutos"},"schema":{"@context":"https:\/\/schema.org","@graph":[{"@type":"Article","@id":"https:\/\/2024.fim-6days.com\/es\/josep-garcia-el-piloto-de-enduro-mas-rapido-se-prepara-para-el-evento-noco-fim-6days-de-su-casa\/#article","isPartOf":{"@id":"https:\/\/2024.fim-6days.com\/es\/josep-garcia-el-piloto-de-enduro-mas-rapido-se-prepara-para-el-evento-noco-fim-6days-de-su-casa\/"},"author":{"name":"isalen","@id":"https:\/\/2024.fim-6days.com\/#\/schema\/person\/fc80183700e96a22afb3f220ae03b32a"},"headline":"Josep Garc\u00eda: El piloto de enduro m\u00e1s r\u00e1pido se prepara para el evento NOCO FIM 6DAYS\u00ae de su casa","datePublished":"2024-10-11T11:40:56+00:00","dateModified":"2024-10-11T11:42:24+00:00","mainEntityOfPage":{"@id":"https:\/\/2024.fim-6days.com\/es\/josep-garcia-el-piloto-de-enduro-mas-rapido-se-prepara-para-el-evento-noco-fim-6days-de-su-casa\/"},"wordCount":2040,"publisher":{"@id":"https:\/\/2024.fim-6days.com\/#organization"},"image":{"@id":"https:\/\/2024.fim-6days.com\/es\/josep-garcia-el-piloto-de-enduro-mas-rapido-se-prepara-para-el-evento-noco-fim-6days-de-su-casa\/#primaryimage"},"thumbnailUrl":"https:\/\/2024.fim-6days.com\/wp-content\/uploads\/sites\/9\/2024\/09\/AZ90477.jpg","articleSection":["Before ISDE2024","Noticias"],"inLanguage":"es"},{"@type":"WebPage","@id":"https:\/\/2024.fim-6days.com\/es\/josep-garcia-el-piloto-de-enduro-mas-rapido-se-prepara-para-el-evento-noco-fim-6days-de-su-casa\/","url":"https:\/\/2024.fim-6days.com\/es\/josep-garcia-el-piloto-de-enduro-mas-rapido-se-prepara-para-el-evento-noco-fim-6days-de-su-casa\/","name":"Josep Garc\u00eda: El piloto de enduro m\u00e1s r\u00e1pido se prepara para el evento NOCO FIM 6DAYS\u00ae de su casa - 2024 spain","isPartOf":{"@id":"https:\/\/2024.fim-6days.com\/#website"},"primaryImageOfPage":{"@id":"https:\/\/2024.fim-6days.com\/es\/josep-garcia-el-piloto-de-enduro-mas-rapido-se-prepara-para-el-evento-noco-fim-6days-de-su-casa\/#primaryimage"},"image":{"@id":"https:\/\/2024.fim-6days.com\/es\/josep-garcia-el-piloto-de-enduro-mas-rapido-se-prepara-para-el-evento-noco-fim-6days-de-su-casa\/#primaryimage"},"thumbnailUrl":"https:\/\/2024.fim-6days.com\/wp-content\/uploads\/sites\/9\/2024\/09\/AZ90477.jpg","datePublished":"2024-10-11T11:40:56+00:00","dateModified":"2024-10-11T11:42:24+00:00","description":"With global focus set to be centred on Silleda in the Galicia region of north-west Spain later in the year, where the 2024 FIM International Six Days of Enduro (ISDE) will take place from 14-19 October, SCOTT Sports \u2013 as the official and exclusive event sponsor for goggles and eyewear \u2013 is delighted today to launch its special edition SCOTT 6DAYS\u00ae Spain Prospect goggle, which is available now.","breadcrumb":{"@id":"https:\/\/2024.fim-6days.com\/es\/josep-garcia-el-piloto-de-enduro-mas-rapido-se-prepara-para-el-evento-noco-fim-6days-de-su-casa\/#breadcrumb"},"inLanguage":"es","potentialAction":[{"@type":"ReadAction","target":["https:\/\/2024.fim-6days.com\/es\/josep-garcia-el-piloto-de-enduro-mas-rapido-se-prepara-para-el-evento-noco-fim-6days-de-su-casa\/"]}]},{"@type":"ImageObject","inLanguage":"es","@id":"https:\/\/2024.fim-6days.com\/es\/josep-garcia-el-piloto-de-enduro-mas-rapido-se-prepara-para-el-evento-noco-fim-6days-de-su-casa\/#primaryimage","url":"https:\/\/2024.fim-6days.com\/wp-content\/uploads\/sites\/9\/2024\/09\/AZ90477.jpg","contentUrl":"https:\/\/2024.fim-6days.com\/wp-content\/uploads\/sites\/9\/2024\/09\/AZ90477.jpg","width":1600,"height":1067,"caption":"FIM International Six Days' Enduro - 97th Edition - San Juan (Argentina) - Day6, 11 November."},{"@type":"BreadcrumbList","@id":"https:\/\/2024.fim-6days.com\/es\/josep-garcia-el-piloto-de-enduro-mas-rapido-se-prepara-para-el-evento-noco-fim-6days-de-su-casa\/#breadcrumb","itemListElement":[{"@type":"ListItem","position":1,"name":"Home","item":"https:\/\/2024.fim-6days.com\/es\/"},{"@type":"ListItem","position":2,"name":"Josep Garc\u00eda: El piloto de enduro m\u00e1s r\u00e1pido se prepara para el evento NOCO FIM 6DAYS\u00ae de su casa"}]},{"@type":"WebSite","@id":"https:\/\/2024.fim-6days.com\/#website","url":"https:\/\/2024.fim-6days.com\/","name":"FIM ISDE 2021","description":"FIM ISDE Official website","publisher":{"@id":"https:\/\/2024.fim-6days.com\/#organization"},"potentialAction":[{"@type":"SearchAction","target":{"@type":"EntryPoint","urlTemplate":"https:\/\/2024.fim-6days.com\/?s={search_term_string}"},"query-input":{"@type":"PropertyValueSpecification","valueRequired":true,"valueName":"search_term_string"}}],"inLanguage":"es"},{"@type":"Organization","@id":"https:\/\/2024.fim-6days.com\/#organization","name":"FIM - F\u00e9d\u00e9ration Internationale de Motocyclisme","url":"https:\/\/2024.fim-6days.com\/","logo":{"@type":"ImageObject","inLanguage":"es","@id":"https:\/\/2024.fim-6days.com\/#\/schema\/logo\/image\/","url":"https:\/\/2024.fim-6days.com\/wp-content\/uploads\/sites\/9\/2019\/07\/LogoFIM-CMYK.png","contentUrl":"https:\/\/2024.fim-6days.com\/wp-content\/uploads\/sites\/9\/2019\/07\/LogoFIM-CMYK.png","width":2608,"height":1833,"caption":"FIM - F\u00e9d\u00e9ration Internationale de Motocyclisme"},"image":{"@id":"https:\/\/2024.fim-6days.com\/#\/schema\/logo\/image\/"},"sameAs":["https:\/\/www.facebook.com\/FIMISDE\/","https:\/\/x.com\/fimisde","https:\/\/www.instagram.com\/fim_isde\/"]},{"@type":"Person","@id":"https:\/\/2024.fim-6days.com\/#\/schema\/person\/fc80183700e96a22afb3f220ae03b32a","name":"isalen","image":{"@type":"ImageObject","inLanguage":"es","@id":"https:\/\/2024.fim-6days.com\/#\/schema\/person\/image\/","url":"https:\/\/secure.gravatar.com\/avatar\/b498bfa446460353cfcc6e023d9c28e3e84ef3798b7f90c38b5d03254eed1837?s=96&d=mm&r=g","contentUrl":"https:\/\/secure.gravatar.com\/avatar\/b498bfa446460353cfcc6e023d9c28e3e84ef3798b7f90c38b5d03254eed1837?s=96&d=mm&r=g","caption":"isalen"},"url":"https:\/\/2024.fim-6days.com\/es\/author\/isalen\/"}]}},"_links":{"self":[{"href":"https:\/\/2024.fim-6days.com\/es\/wp-json\/wp\/v2\/posts\/50560","targetHints":{"allow":["GET"]}}],"collection":[{"href":"https:\/\/2024.fim-6days.com\/es\/wp-json\/wp\/v2\/posts"}],"about":[{"href":"https:\/\/2024.fim-6days.com\/es\/wp-json\/wp\/v2\/types\/post"}],"author":[{"embeddable":true,"href":"https:\/\/2024.fim-6days.com\/es\/wp-json\/wp\/v2\/users\/14"}],"replies":[{"embeddable":true,"href":"https:\/\/2024.fim-6days.com\/es\/wp-json\/wp\/v2\/comments?post=50560"}],"version-history":[{"count":2,"href":"https:\/\/2024.fim-6days.com\/es\/wp-json\/wp\/v2\/posts\/50560\/revisions"}],"predecessor-version":[{"id":50561,"href":"https:\/\/2024.fim-6days.com\/es\/wp-json\/wp\/v2\/posts\/50560\/revisions\/50561"}],"wp:featuredmedia":[{"embeddable":true,"href":"https:\/\/2024.fim-6days.com\/es\/wp-json\/wp\/v2\/media\/50431"}],"wp:attachment":[{"href":"https:\/\/2024.fim-6days.com\/es\/wp-json\/wp\/v2\/media?parent=50560"}],"wp:term":[{"taxonomy":"category","embeddable":true,"href":"https:\/\/2024.fim-6days.com\/es\/wp-json\/wp\/v2\/categories?post=50560"},{"taxonomy":"post_tag","embeddable":true,"href":"https:\/\/2024.fim-6days.com\/es\/wp-json\/wp\/v2\/tags?post=50560"}],"curies":[{"name":"wp","href":"https:\/\/api.w.org\/{rel}","templated":true}]}}