{"id":50057,"date":"2024-06-28T11:33:55","date_gmt":"2024-06-28T09:33:55","guid":{"rendered":"https:\/\/2024.fim-6days.com\/?p=50057"},"modified":"2024-06-28T11:34:29","modified_gmt":"2024-06-28T09:34:29","slug":"informacion-general-2024-2","status":"publish","type":"post","link":"https:\/\/2024.fim-6days.com\/es\/informacion-general-2024-2\/","title":{"rendered":"Informaci\u00f3n general 2024"},"content":{"rendered":"<p><div class=\"fusion-fullwidth fullwidth-box fusion-builder-row-1 fusion-flex-container has-pattern-background has-mask-background nonhundred-percent-fullwidth non-hundred-percent-height-scrolling\" style=\"--awb-border-radius-top-left:0px;--awb-border-radius-top-right:0px;--awb-border-radius-bottom-right:0px;--awb-border-radius-bottom-left:0px;--awb-flex-wrap:wrap;\" ><div class=\"fusion-builder-row fusion-row fusion-flex-align-items-flex-start fusion-flex-content-wrap\" style=\"max-width:1248px;margin-left: calc(-4% \/ 2 );margin-right: calc(-4% \/ 2 );\"><div class=\"fusion-layout-column fusion_builder_column fusion-builder-column-0 fusion_builder_column_1_1 1_1 fusion-flex-column\" style=\"--awb-bg-size:cover;--awb-width-large:100%;--awb-margin-top-large:0px;--awb-spacing-right-large:1.92%;--awb-margin-bottom-large:20px;--awb-spacing-left-large:1.92%;--awb-width-medium:100%;--awb-order-medium:0;--awb-spacing-right-medium:1.92%;--awb-spacing-left-medium:1.92%;--awb-width-small:100%;--awb-order-small:0;--awb-spacing-right-small:1.92%;--awb-spacing-left-small:1.92%;\"><div class=\"fusion-column-wrapper fusion-column-has-shadow fusion-flex-justify-content-flex-start fusion-content-layout-column\"><div class=\"fusion-title title fusion-title-1 sep-underline sep-solid fusion-title-text fusion-title-size-one\"><h1 class=\"fusion-title-heading title-heading-left fusion-responsive-typography-calculated\" style=\"margin:0;--fontSize:42;line-height:1;\"><strong>NOCO FIM 6DAYS\u00ae 2024 SPAIN, BIENVENIDOS A GALICIA<\/strong><\/h1><\/div><div class=\"fusion-text fusion-text-1\"><p>Galicia espera con ilusi\u00f3n dar la bienvenida a m\u00e1s de 30 pa\u00edses de 6 continentes, reuniendo a 600 pilotos de enduro, incluyendo estrellas mundiales, los \u00abPros\u00bb, que luchan por su naci\u00f3n, y h\u00e1biles aficionados que compiten por sus clubes.<\/p>\n<p><strong>EVENTO CON ACCESO COMPLETAMENTE GRATUITO para espectadores: Todas las \u00e1reas, incluyendo el Paddock, la Ceremonia de Apertura, las Pruebas Especiales y la Prueba Final de Cross, as\u00ed como los estacionamientos.<\/strong><\/p>\n<\/div><\/div><\/div><\/div><\/div><div class=\"fusion-fullwidth fullwidth-box fusion-builder-row-2 fusion-flex-container has-pattern-background has-mask-background nonhundred-percent-fullwidth non-hundred-percent-height-scrolling\" style=\"--awb-border-radius-top-left:0px;--awb-border-radius-top-right:0px;--awb-border-radius-bottom-right:0px;--awb-border-radius-bottom-left:0px;--awb-flex-wrap:wrap;\" ><div class=\"fusion-builder-row fusion-row fusion-flex-align-items-flex-start fusion-flex-content-wrap\" style=\"max-width:1248px;margin-left: calc(-4% \/ 2 );margin-right: calc(-4% \/ 2 );\"><div class=\"fusion-layout-column fusion_builder_column fusion-builder-column-1 fusion_builder_column_1_2 1_2 fusion-flex-column\" style=\"--awb-bg-size:cover;--awb-width-large:50%;--awb-margin-top-large:0px;--awb-spacing-right-large:3.84%;--awb-margin-bottom-large:20px;--awb-spacing-left-large:3.84%;--awb-width-medium:100%;--awb-order-medium:0;--awb-spacing-right-medium:1.92%;--awb-spacing-left-medium:1.92%;--awb-width-small:100%;--awb-order-small:0;--awb-spacing-right-small:1.92%;--awb-spacing-left-small:1.92%;\"><div class=\"fusion-column-wrapper fusion-column-has-shadow fusion-flex-justify-content-flex-start fusion-content-layout-column\"><div class=\"fusion-image-element \" style=\"--awb-aspect-ratio:1 \/ 1;--awb-object-position:38% 28%;--awb-caption-title-font-family:var(--h2_typography-font-family);--awb-caption-title-font-weight:var(--h2_typography-font-weight);--awb-caption-title-font-style:var(--h2_typography-font-style);--awb-caption-title-size:var(--h2_typography-font-size);--awb-caption-title-transform:var(--h2_typography-text-transform);--awb-caption-title-line-height:var(--h2_typography-line-height);--awb-caption-title-letter-spacing:var(--h2_typography-letter-spacing);\"><span class=\" fusion-imageframe imageframe-none imageframe-1 hover-type-none has-aspect-ratio\"><img decoding=\"async\" width=\"846\" height=\"1067\" title=\"welcome-NOCO-hostess\" src=\"https:\/\/2024.fim-6days.com\/wp-content\/uploads\/sites\/9\/2024\/03\/welcome-NOCO-hostess.jpg\" class=\"img-responsive wp-image-49348 img-with-aspect-ratio\" data-parent-fit=\"cover\" data-parent-container=\".fusion-image-element\" alt srcset=\"https:\/\/2024.fim-6days.com\/wp-content\/uploads\/sites\/9\/2024\/03\/welcome-NOCO-hostess-200x252.jpg 200w, https:\/\/2024.fim-6days.com\/wp-content\/uploads\/sites\/9\/2024\/03\/welcome-NOCO-hostess-400x504.jpg 400w, https:\/\/2024.fim-6days.com\/wp-content\/uploads\/sites\/9\/2024\/03\/welcome-NOCO-hostess-600x757.jpg 600w, https:\/\/2024.fim-6days.com\/wp-content\/uploads\/sites\/9\/2024\/03\/welcome-NOCO-hostess-800x1009.jpg 800w, https:\/\/2024.fim-6days.com\/wp-content\/uploads\/sites\/9\/2024\/03\/welcome-NOCO-hostess.jpg 846w\" sizes=\"(max-width: 1024px) 100vw, (max-width: 640px) 100vw, 600px\" \/><\/span><\/div><\/div><\/div><div class=\"fusion-layout-column fusion_builder_column fusion-builder-column-2 fusion_builder_column_1_2 1_2 fusion-flex-column\" style=\"--awb-bg-size:cover;--awb-width-large:50%;--awb-margin-top-large:0px;--awb-spacing-right-large:3.84%;--awb-margin-bottom-large:20px;--awb-spacing-left-large:3.84%;--awb-width-medium:100%;--awb-order-medium:0;--awb-spacing-right-medium:1.92%;--awb-spacing-left-medium:1.92%;--awb-width-small:100%;--awb-order-small:0;--awb-spacing-right-small:1.92%;--awb-spacing-left-small:1.92%;\"><div class=\"fusion-column-wrapper fusion-column-has-shadow fusion-flex-justify-content-flex-start fusion-content-layout-column\"><div class=\"fusion-image-element \" style=\"--awb-aspect-ratio:1 \/ 1;--awb-object-position:55% 43%;--awb-caption-title-font-family:var(--h2_typography-font-family);--awb-caption-title-font-weight:var(--h2_typography-font-weight);--awb-caption-title-font-style:var(--h2_typography-font-style);--awb-caption-title-size:var(--h2_typography-font-size);--awb-caption-title-transform:var(--h2_typography-text-transform);--awb-caption-title-line-height:var(--h2_typography-line-height);--awb-caption-title-letter-spacing:var(--h2_typography-letter-spacing);\"><span class=\" fusion-imageframe imageframe-none imageframe-2 hover-type-none has-aspect-ratio\"><img decoding=\"async\" width=\"1405\" height=\"960\" title=\"parc ferme pic\" src=\"https:\/\/2024.fim-6days.com\/wp-content\/uploads\/sites\/9\/2024\/03\/parc-ferme-pic.jpg\" class=\"img-responsive wp-image-49350 img-with-aspect-ratio\" data-parent-fit=\"cover\" data-parent-container=\".fusion-image-element\" alt srcset=\"https:\/\/2024.fim-6days.com\/wp-content\/uploads\/sites\/9\/2024\/03\/parc-ferme-pic-200x137.jpg 200w, https:\/\/2024.fim-6days.com\/wp-content\/uploads\/sites\/9\/2024\/03\/parc-ferme-pic-400x273.jpg 400w, https:\/\/2024.fim-6days.com\/wp-content\/uploads\/sites\/9\/2024\/03\/parc-ferme-pic-600x410.jpg 600w, https:\/\/2024.fim-6days.com\/wp-content\/uploads\/sites\/9\/2024\/03\/parc-ferme-pic-800x547.jpg 800w, https:\/\/2024.fim-6days.com\/wp-content\/uploads\/sites\/9\/2024\/03\/parc-ferme-pic-1200x820.jpg 1200w, https:\/\/2024.fim-6days.com\/wp-content\/uploads\/sites\/9\/2024\/03\/parc-ferme-pic.jpg 1405w\" sizes=\"(max-width: 1024px) 100vw, (max-width: 640px) 100vw, 600px\" \/><\/span><\/div><\/div><\/div><\/div><\/div><div class=\"fusion-fullwidth fullwidth-box fusion-builder-row-3 fusion-flex-container has-pattern-background has-mask-background nonhundred-percent-fullwidth non-hundred-percent-height-scrolling\" style=\"--awb-border-radius-top-left:0px;--awb-border-radius-top-right:0px;--awb-border-radius-bottom-right:0px;--awb-border-radius-bottom-left:0px;--awb-flex-wrap:wrap;\" ><div class=\"fusion-builder-row fusion-row fusion-flex-align-items-flex-start fusion-flex-content-wrap\" style=\"max-width:1248px;margin-left: calc(-4% \/ 2 );margin-right: calc(-4% \/ 2 );\"><div class=\"fusion-layout-column fusion_builder_column fusion-builder-column-3 fusion_builder_column_1_1 1_1 fusion-flex-column\" style=\"--awb-bg-size:cover;--awb-width-large:100%;--awb-margin-top-large:0px;--awb-spacing-right-large:1.92%;--awb-margin-bottom-large:20px;--awb-spacing-left-large:1.92%;--awb-width-medium:100%;--awb-order-medium:0;--awb-spacing-right-medium:1.92%;--awb-spacing-left-medium:1.92%;--awb-width-small:100%;--awb-order-small:0;--awb-spacing-right-small:1.92%;--awb-spacing-left-small:1.92%;\"><div class=\"fusion-column-wrapper fusion-column-has-shadow fusion-flex-justify-content-flex-start fusion-content-layout-column\"><div class=\"fusion-title title fusion-title-2 sep-underline sep-solid fusion-title-text fusion-title-size-one\"><h1 class=\"fusion-title-heading title-heading-left fusion-responsive-typography-calculated\" style=\"margin:0;--fontSize:42;line-height:1;\"><h2><strong>LA 5.\u00aa EDICI\u00d3N DE LOS 6DAYS <\/strong><strong>FIM <\/strong><strong>EN ESPA\u00d1A<\/strong><\/h2><\/h1><\/div><div class=\"fusion-image-element \" style=\"--awb-caption-title-font-family:var(--h2_typography-font-family);--awb-caption-title-font-weight:var(--h2_typography-font-weight);--awb-caption-title-font-style:var(--h2_typography-font-style);--awb-caption-title-size:var(--h2_typography-font-size);--awb-caption-title-transform:var(--h2_typography-text-transform);--awb-caption-title-line-height:var(--h2_typography-line-height);--awb-caption-title-letter-spacing:var(--h2_typography-letter-spacing);\"><span class=\" fusion-imageframe imageframe-none imageframe-3 hover-type-none\"><img decoding=\"async\" width=\"811\" height=\"572\" title=\"ISDE24-spanish-edition-map-ok\" src=\"https:\/\/2024.fim-6days.com\/wp-content\/uploads\/sites\/9\/2024\/03\/ISDE24-spanish-edition-map-ok.jpg\" alt class=\"img-responsive wp-image-49352\" srcset=\"https:\/\/2024.fim-6days.com\/wp-content\/uploads\/sites\/9\/2024\/03\/ISDE24-spanish-edition-map-ok-200x141.jpg 200w, https:\/\/2024.fim-6days.com\/wp-content\/uploads\/sites\/9\/2024\/03\/ISDE24-spanish-edition-map-ok-400x282.jpg 400w, https:\/\/2024.fim-6days.com\/wp-content\/uploads\/sites\/9\/2024\/03\/ISDE24-spanish-edition-map-ok-600x423.jpg 600w, https:\/\/2024.fim-6days.com\/wp-content\/uploads\/sites\/9\/2024\/03\/ISDE24-spanish-edition-map-ok-800x564.jpg 800w, https:\/\/2024.fim-6days.com\/wp-content\/uploads\/sites\/9\/2024\/03\/ISDE24-spanish-edition-map-ok.jpg 811w\" sizes=\"(max-width: 1024px) 100vw, (max-width: 640px) 100vw, 811px\" \/><\/span><\/div><\/div><\/div><\/div><\/div><div class=\"fusion-fullwidth fullwidth-box fusion-builder-row-4 fusion-flex-container has-pattern-background has-mask-background nonhundred-percent-fullwidth non-hundred-percent-height-scrolling\" style=\"--awb-border-radius-top-left:0px;--awb-border-radius-top-right:0px;--awb-border-radius-bottom-right:0px;--awb-border-radius-bottom-left:0px;--awb-flex-wrap:wrap;\" ><div class=\"fusion-builder-row fusion-row fusion-flex-align-items-flex-start fusion-flex-content-wrap\" style=\"max-width:1248px;margin-left: calc(-4% \/ 2 );margin-right: calc(-4% \/ 2 );\"><div class=\"fusion-layout-column fusion_builder_column fusion-builder-column-4 fusion_builder_column_1_1 1_1 fusion-flex-column\" style=\"--awb-bg-size:cover;--awb-width-large:100%;--awb-margin-top-large:0px;--awb-spacing-right-large:1.92%;--awb-margin-bottom-large:20px;--awb-spacing-left-large:1.92%;--awb-width-medium:100%;--awb-order-medium:0;--awb-spacing-right-medium:1.92%;--awb-spacing-left-medium:1.92%;--awb-width-small:100%;--awb-order-small:0;--awb-spacing-right-small:1.92%;--awb-spacing-left-small:1.92%;\"><div class=\"fusion-column-wrapper fusion-column-has-shadow fusion-flex-justify-content-flex-start fusion-content-layout-column\"><div class=\"fusion-text fusion-text-2\"><p style=\"text-align: center;\">Desde el lunes 14 hasta el s\u00e1bado 19 de octubre, \u00a1La carrera m\u00e1s emocionante del a\u00f1o!<\/p>\n<p style=\"text-align: center;\"><u>Para obtener m\u00e1s informaci\u00f3n sobre la agenda del evento \u00a0\u00a0<\/u><\/p>\n<\/div><\/div><\/div><\/div><\/div><div class=\"fusion-fullwidth fullwidth-box fusion-builder-row-5 fusion-flex-container has-pattern-background has-mask-background nonhundred-percent-fullwidth non-hundred-percent-height-scrolling\" style=\"--awb-border-radius-top-left:0px;--awb-border-radius-top-right:0px;--awb-border-radius-bottom-right:0px;--awb-border-radius-bottom-left:0px;--awb-flex-wrap:wrap;\" ><div class=\"fusion-builder-row fusion-row fusion-flex-align-items-flex-start fusion-flex-content-wrap\" style=\"max-width:1248px;margin-left: calc(-4% \/ 2 );margin-right: calc(-4% \/ 2 );\"><div class=\"fusion-layout-column fusion_builder_column fusion-builder-column-5 fusion_builder_column_1_1 1_1 fusion-flex-column\" style=\"--awb-bg-size:cover;--awb-width-large:100%;--awb-margin-top-large:0px;--awb-spacing-right-large:1.92%;--awb-margin-bottom-large:20px;--awb-spacing-left-large:1.92%;--awb-width-medium:100%;--awb-order-medium:0;--awb-spacing-right-medium:1.92%;--awb-spacing-left-medium:1.92%;--awb-width-small:100%;--awb-order-small:0;--awb-spacing-right-small:1.92%;--awb-spacing-left-small:1.92%;\"><div class=\"fusion-column-wrapper fusion-column-has-shadow fusion-flex-justify-content-flex-start fusion-content-layout-column\"><div class=\"fusion-title title fusion-title-3 sep-underline sep-solid fusion-title-text fusion-title-size-one\"><h1 class=\"fusion-title-heading title-heading-left fusion-responsive-typography-calculated\" style=\"margin:0;--fontSize:42;line-height:1;\"><h2><strong>NUEVA REGI\u00d3N Y NUEVAS CONDICIONES METEOROL\u00d3GICAS DESAFIANTES<\/strong><\/h2><\/h1><\/div><\/div><\/div><\/div><\/div><div class=\"fusion-fullwidth fullwidth-box fusion-builder-row-6 fusion-flex-container has-pattern-background has-mask-background nonhundred-percent-fullwidth non-hundred-percent-height-scrolling\" style=\"--awb-border-radius-top-left:0px;--awb-border-radius-top-right:0px;--awb-border-radius-bottom-right:0px;--awb-border-radius-bottom-left:0px;--awb-flex-wrap:wrap;\" ><div class=\"fusion-builder-row fusion-row fusion-flex-align-items-flex-start fusion-flex-content-wrap\" style=\"max-width:1248px;margin-left: calc(-4% \/ 2 );margin-right: calc(-4% \/ 2 );\"><div class=\"fusion-layout-column fusion_builder_column fusion-builder-column-6 fusion_builder_column_1_1 1_1 fusion-flex-column\" style=\"--awb-bg-size:cover;--awb-width-large:100%;--awb-margin-top-large:0px;--awb-spacing-right-large:1.92%;--awb-margin-bottom-large:20px;--awb-spacing-left-large:1.92%;--awb-width-medium:100%;--awb-order-medium:0;--awb-spacing-right-medium:1.92%;--awb-spacing-left-medium:1.92%;--awb-width-small:100%;--awb-order-small:0;--awb-spacing-right-small:1.92%;--awb-spacing-left-small:1.92%;\"><div class=\"fusion-column-wrapper fusion-column-has-shadow fusion-flex-justify-content-flex-start fusion-content-layout-column\"><div class=\"fusion-text fusion-text-3\"><p>S\u00e9 un peregrino del enduro a trav\u00e9s de este viaje por los paisajes de monta\u00f1as de altura media de esta regi\u00f3n hist\u00f3rica. Despu\u00e9s de 3 ediciones anteriores bajo un clima bastante caluroso y seco, uno mucho m\u00e1s templado espera a los equipos en los relieves y bosques de Galicia.<\/p>\n<p style=\"text-align: center;\"><u>Para obtener m\u00e1s informaci\u00f3n sobre la agenda del evento<\/u><\/p>\n<\/div><\/div><\/div><\/div><\/div><div class=\"fusion-fullwidth fullwidth-box fusion-builder-row-7 fusion-flex-container has-pattern-background has-mask-background nonhundred-percent-fullwidth non-hundred-percent-height-scrolling\" style=\"--awb-border-radius-top-left:0px;--awb-border-radius-top-right:0px;--awb-border-radius-bottom-right:0px;--awb-border-radius-bottom-left:0px;--awb-flex-wrap:wrap;\" ><div class=\"fusion-builder-row fusion-row fusion-flex-align-items-flex-start fusion-flex-content-wrap\" style=\"max-width:1248px;margin-left: calc(-4% \/ 2 );margin-right: calc(-4% \/ 2 );\"><div class=\"fusion-layout-column fusion_builder_column fusion-builder-column-7 fusion_builder_column_1_1 1_1 fusion-flex-column\" style=\"--awb-bg-size:cover;--awb-width-large:100%;--awb-margin-top-large:0px;--awb-spacing-right-large:1.92%;--awb-margin-bottom-large:20px;--awb-spacing-left-large:1.92%;--awb-width-medium:100%;--awb-order-medium:0;--awb-spacing-right-medium:1.92%;--awb-spacing-left-medium:1.92%;--awb-width-small:100%;--awb-order-small:0;--awb-spacing-right-small:1.92%;--awb-spacing-left-small:1.92%;\"><div class=\"fusion-column-wrapper fusion-column-has-shadow fusion-flex-justify-content-flex-start fusion-content-layout-column\"><div class=\"fusion-image-element \" style=\"--awb-caption-title-font-family:var(--h2_typography-font-family);--awb-caption-title-font-weight:var(--h2_typography-font-weight);--awb-caption-title-font-style:var(--h2_typography-font-style);--awb-caption-title-size:var(--h2_typography-font-size);--awb-caption-title-transform:var(--h2_typography-text-transform);--awb-caption-title-line-height:var(--h2_typography-line-height);--awb-caption-title-letter-spacing:var(--h2_typography-letter-spacing);\"><span class=\" fusion-imageframe imageframe-none imageframe-4 hover-type-none\"><img decoding=\"async\" width=\"1052\" height=\"699\" title=\"silleda-lansqcapes-pic-OK\" src=\"https:\/\/2024.fim-6days.com\/wp-content\/uploads\/sites\/9\/2024\/03\/silleda-lansqcapes-pic-OK.jpg\" alt class=\"img-responsive wp-image-49354\" srcset=\"https:\/\/2024.fim-6days.com\/wp-content\/uploads\/sites\/9\/2024\/03\/silleda-lansqcapes-pic-OK-200x133.jpg 200w, https:\/\/2024.fim-6days.com\/wp-content\/uploads\/sites\/9\/2024\/03\/silleda-lansqcapes-pic-OK-400x266.jpg 400w, https:\/\/2024.fim-6days.com\/wp-content\/uploads\/sites\/9\/2024\/03\/silleda-lansqcapes-pic-OK-600x399.jpg 600w, https:\/\/2024.fim-6days.com\/wp-content\/uploads\/sites\/9\/2024\/03\/silleda-lansqcapes-pic-OK-800x532.jpg 800w, https:\/\/2024.fim-6days.com\/wp-content\/uploads\/sites\/9\/2024\/03\/silleda-lansqcapes-pic-OK.jpg 1052w\" sizes=\"(max-width: 1024px) 100vw, (max-width: 640px) 100vw, 1052px\" \/><\/span><\/div><\/div><\/div><\/div><\/div><div class=\"fusion-fullwidth fullwidth-box fusion-builder-row-8 fusion-flex-container has-pattern-background has-mask-background nonhundred-percent-fullwidth non-hundred-percent-height-scrolling\" style=\"--awb-border-radius-top-left:0px;--awb-border-radius-top-right:0px;--awb-border-radius-bottom-right:0px;--awb-border-radius-bottom-left:0px;--awb-flex-wrap:wrap;\" ><div class=\"fusion-builder-row fusion-row fusion-flex-align-items-flex-start fusion-flex-content-wrap\" style=\"max-width:1248px;margin-left: calc(-4% \/ 2 );margin-right: calc(-4% \/ 2 );\"><div class=\"fusion-layout-column fusion_builder_column fusion-builder-column-8 fusion_builder_column_1_1 1_1 fusion-flex-column\" style=\"--awb-bg-size:cover;--awb-width-large:100%;--awb-margin-top-large:0px;--awb-spacing-right-large:1.92%;--awb-margin-bottom-large:20px;--awb-spacing-left-large:1.92%;--awb-width-medium:100%;--awb-order-medium:0;--awb-spacing-right-medium:1.92%;--awb-spacing-left-medium:1.92%;--awb-width-small:100%;--awb-order-small:0;--awb-spacing-right-small:1.92%;--awb-spacing-left-small:1.92%;\"><div class=\"fusion-column-wrapper fusion-column-has-shadow fusion-flex-justify-content-flex-start fusion-content-layout-column\"><div class=\"fusion-text fusion-text-4\"><p>Santiago de Compostela es el famoso destino de una peregrinaci\u00f3n mundialmente conocida. La Catedral, ubicada en la Plaza del Obradoiro y designada como Patrimonio Mundial de la UNESCO, sirve como punto de partida para la 98a edici\u00f3n del evento 6DAYS\u00ae.<\/p>\n<p><u>Ceremonia de Apertura el s\u00e1bado 12 de octubre.<\/u><\/p>\n<p><strong>Galicia, un para\u00edso para los sentidos: paisajes, cultura y gastronom\u00eda.<\/strong><\/p>\n<p><strong>Siglos de tradiciones por descubrir.<\/strong><\/p>\n<p><u>Para obtener m\u00e1s informaci\u00f3n sobre el lugar y los puntos de inter\u00e9s<\/u><\/p>\n<\/div><\/div><\/div><\/div><\/div><div class=\"fusion-fullwidth fullwidth-box fusion-builder-row-9 fusion-flex-container has-pattern-background has-mask-background nonhundred-percent-fullwidth non-hundred-percent-height-scrolling\" style=\"--awb-border-radius-top-left:0px;--awb-border-radius-top-right:0px;--awb-border-radius-bottom-right:0px;--awb-border-radius-bottom-left:0px;--awb-flex-wrap:wrap;\" ><div class=\"fusion-builder-row fusion-row fusion-flex-align-items-flex-start fusion-flex-content-wrap\" style=\"max-width:1248px;margin-left: calc(-4% \/ 2 );margin-right: calc(-4% \/ 2 );\"><div class=\"fusion-layout-column fusion_builder_column fusion-builder-column-9 fusion_builder_column_1_1 1_1 fusion-flex-column\" style=\"--awb-bg-size:cover;--awb-width-large:100%;--awb-margin-top-large:0px;--awb-spacing-right-large:1.92%;--awb-margin-bottom-large:20px;--awb-spacing-left-large:1.92%;--awb-width-medium:100%;--awb-order-medium:0;--awb-spacing-right-medium:1.92%;--awb-spacing-left-medium:1.92%;--awb-width-small:100%;--awb-order-small:0;--awb-spacing-right-small:1.92%;--awb-spacing-left-small:1.92%;\"><div class=\"fusion-column-wrapper fusion-column-has-shadow fusion-flex-justify-content-flex-start fusion-content-layout-column\"><div class=\"fusion-image-element \" style=\"--awb-caption-title-font-family:var(--h2_typography-font-family);--awb-caption-title-font-weight:var(--h2_typography-font-weight);--awb-caption-title-font-style:var(--h2_typography-font-style);--awb-caption-title-size:var(--h2_typography-font-size);--awb-caption-title-transform:var(--h2_typography-text-transform);--awb-caption-title-line-height:var(--h2_typography-line-height);--awb-caption-title-letter-spacing:var(--h2_typography-letter-spacing);\"><span class=\" fusion-imageframe imageframe-none imageframe-5 hover-type-none\"><img decoding=\"async\" width=\"1500\" height=\"880\" title=\"cath-st-jacques-pic2-ok\" src=\"https:\/\/2024.fim-6days.com\/wp-content\/uploads\/sites\/9\/2024\/03\/cath-st-jacques-pic2-ok.jpg\" alt class=\"img-responsive wp-image-49356\" srcset=\"https:\/\/2024.fim-6days.com\/wp-content\/uploads\/sites\/9\/2024\/03\/cath-st-jacques-pic2-ok-200x117.jpg 200w, https:\/\/2024.fim-6days.com\/wp-content\/uploads\/sites\/9\/2024\/03\/cath-st-jacques-pic2-ok-400x235.jpg 400w, https:\/\/2024.fim-6days.com\/wp-content\/uploads\/sites\/9\/2024\/03\/cath-st-jacques-pic2-ok-600x352.jpg 600w, https:\/\/2024.fim-6days.com\/wp-content\/uploads\/sites\/9\/2024\/03\/cath-st-jacques-pic2-ok-800x469.jpg 800w, https:\/\/2024.fim-6days.com\/wp-content\/uploads\/sites\/9\/2024\/03\/cath-st-jacques-pic2-ok-1200x704.jpg 1200w, https:\/\/2024.fim-6days.com\/wp-content\/uploads\/sites\/9\/2024\/03\/cath-st-jacques-pic2-ok.jpg 1500w\" sizes=\"(max-width: 1024px) 100vw, (max-width: 640px) 100vw, 1200px\" \/><\/span><\/div><\/div><\/div><\/div><\/div><div class=\"fusion-fullwidth fullwidth-box fusion-builder-row-10 fusion-flex-container has-pattern-background has-mask-background nonhundred-percent-fullwidth non-hundred-percent-height-scrolling\" style=\"--awb-border-radius-top-left:0px;--awb-border-radius-top-right:0px;--awb-border-radius-bottom-right:0px;--awb-border-radius-bottom-left:0px;--awb-flex-wrap:wrap;\" ><div class=\"fusion-builder-row fusion-row fusion-flex-align-items-flex-start fusion-flex-content-wrap\" style=\"max-width:1248px;margin-left: calc(-4% \/ 2 );margin-right: calc(-4% \/ 2 );\"><div class=\"fusion-layout-column fusion_builder_column fusion-builder-column-10 fusion_builder_column_1_1 1_1 fusion-flex-column\" style=\"--awb-bg-size:cover;--awb-width-large:100%;--awb-margin-top-large:0px;--awb-spacing-right-large:1.92%;--awb-margin-bottom-large:20px;--awb-spacing-left-large:1.92%;--awb-width-medium:100%;--awb-order-medium:0;--awb-spacing-right-medium:1.92%;--awb-spacing-left-medium:1.92%;--awb-width-small:100%;--awb-order-small:0;--awb-spacing-right-small:1.92%;--awb-spacing-left-small:1.92%;\"><div class=\"fusion-column-wrapper fusion-column-has-shadow fusion-flex-justify-content-flex-start fusion-content-layout-column\"><div class=\"fusion-title title fusion-title-4 sep-underline sep-solid fusion-title-text fusion-title-size-one\"><h1 class=\"fusion-title-heading title-heading-left fusion-responsive-typography-calculated\" style=\"margin:0;--fontSize:42;line-height:1;\"><h2><strong>EL PADDOCK, LA SEDE DE LA CARRERA, EL CORAZ\u00d3N DEL EVENTO<\/strong><\/h2><\/h1><\/div><\/div><\/div><div class=\"fusion-layout-column fusion_builder_column fusion-builder-column-11 fusion_builder_column_1_1 1_1 fusion-flex-column\" style=\"--awb-bg-size:cover;--awb-width-large:100%;--awb-margin-top-large:0px;--awb-spacing-right-large:1.92%;--awb-margin-bottom-large:20px;--awb-spacing-left-large:1.92%;--awb-width-medium:100%;--awb-order-medium:0;--awb-spacing-right-medium:1.92%;--awb-spacing-left-medium:1.92%;--awb-width-small:100%;--awb-order-small:0;--awb-spacing-right-small:1.92%;--awb-spacing-left-small:1.92%;\"><div class=\"fusion-column-wrapper fusion-column-has-shadow fusion-flex-justify-content-flex-start fusion-content-layout-column\"><div class=\"fusion-text fusion-text-5\"><p><strong>Ubicado en la ciudad de Silleda, centro de exposiciones, Semana Verde.<\/strong><\/p>\n<p style=\"text-align: left;\"><strong><u><a href=\"https:\/\/www.google.com\/maps\/@42.7072936,-8.2416661,17z?entry=ttu\">42\u00b042&#8217;26.4&#8243;N 8\u00b014&#8217;27.4&#8243;W<\/a><\/u><\/strong><\/p>\n<p>Un gran lugar que ofrece todas las instalaciones.<\/p>\n<p>Ubicaci\u00f3n del punto de partida y de llegada de la carrera, incluyendo la pista de desaf\u00edo final durante todo el \u00faltimo d\u00eda, 19 de octubre, la pista de prueba final de Cross, carreras de estilo motocross, la ceremonia de entrega de premios.<\/p>\n<p>Toda la animaci\u00f3n del evento se encuentra en el Paddock.<\/p>\n<p><u>Para obtener m\u00e1s informaci\u00f3n sobre la agenda del evento<\/u><\/p>\n<p><u>Para obtener m\u00e1s informaci\u00f3n sobre el plan del Paddock<\/u><\/p>\n<p><u>Equipos y pilotos, para m\u00e1s informaci\u00f3n sobre las reglas del Paddock<\/u><\/p>\n<\/div><\/div><\/div><\/div><\/div><div class=\"fusion-fullwidth fullwidth-box fusion-builder-row-11 fusion-flex-container has-pattern-background has-mask-background nonhundred-percent-fullwidth non-hundred-percent-height-scrolling\" style=\"--awb-border-radius-top-left:0px;--awb-border-radius-top-right:0px;--awb-border-radius-bottom-right:0px;--awb-border-radius-bottom-left:0px;--awb-flex-wrap:wrap;\" ><div class=\"fusion-builder-row fusion-row fusion-flex-align-items-flex-start fusion-flex-content-wrap\" style=\"max-width:1248px;margin-left: calc(-4% \/ 2 );margin-right: calc(-4% \/ 2 );\"><div class=\"fusion-layout-column fusion_builder_column fusion-builder-column-12 fusion_builder_column_1_1 1_1 fusion-flex-column\" style=\"--awb-bg-size:cover;--awb-width-large:100%;--awb-margin-top-large:0px;--awb-spacing-right-large:1.92%;--awb-margin-bottom-large:20px;--awb-spacing-left-large:1.92%;--awb-width-medium:100%;--awb-order-medium:0;--awb-spacing-right-medium:1.92%;--awb-spacing-left-medium:1.92%;--awb-width-small:100%;--awb-order-small:0;--awb-spacing-right-small:1.92%;--awb-spacing-left-small:1.92%;\"><div class=\"fusion-column-wrapper fusion-column-has-shadow fusion-flex-justify-content-flex-start fusion-content-layout-column\"><div class=\"fusion-image-element \" style=\"--awb-caption-title-font-family:var(--h2_typography-font-family);--awb-caption-title-font-weight:var(--h2_typography-font-weight);--awb-caption-title-font-style:var(--h2_typography-font-style);--awb-caption-title-size:var(--h2_typography-font-size);--awb-caption-title-transform:var(--h2_typography-text-transform);--awb-caption-title-line-height:var(--h2_typography-line-height);--awb-caption-title-letter-spacing:var(--h2_typography-letter-spacing);\"><span class=\" fusion-imageframe imageframe-none imageframe-6 hover-type-none\"><img decoding=\"async\" width=\"960\" height=\"461\" title=\"Paddock-Silleda-trade-show\" src=\"https:\/\/2024.fim-6days.com\/wp-content\/uploads\/sites\/9\/2024\/03\/Paddock-Silleda-trade-show.jpg\" alt class=\"img-responsive wp-image-49358\" srcset=\"https:\/\/2024.fim-6days.com\/wp-content\/uploads\/sites\/9\/2024\/03\/Paddock-Silleda-trade-show-200x96.jpg 200w, https:\/\/2024.fim-6days.com\/wp-content\/uploads\/sites\/9\/2024\/03\/Paddock-Silleda-trade-show-400x192.jpg 400w, https:\/\/2024.fim-6days.com\/wp-content\/uploads\/sites\/9\/2024\/03\/Paddock-Silleda-trade-show-600x288.jpg 600w, https:\/\/2024.fim-6days.com\/wp-content\/uploads\/sites\/9\/2024\/03\/Paddock-Silleda-trade-show-800x384.jpg 800w, https:\/\/2024.fim-6days.com\/wp-content\/uploads\/sites\/9\/2024\/03\/Paddock-Silleda-trade-show.jpg 960w\" sizes=\"(max-width: 1024px) 100vw, (max-width: 640px) 100vw, 960px\" \/><\/span><\/div><\/div><\/div><\/div><\/div><div class=\"fusion-fullwidth fullwidth-box fusion-builder-row-12 fusion-flex-container has-pattern-background has-mask-background nonhundred-percent-fullwidth non-hundred-percent-height-scrolling\" style=\"--awb-border-radius-top-left:0px;--awb-border-radius-top-right:0px;--awb-border-radius-bottom-right:0px;--awb-border-radius-bottom-left:0px;--awb-flex-wrap:wrap;\" ><div class=\"fusion-builder-row fusion-row fusion-flex-align-items-flex-start fusion-flex-content-wrap\" style=\"max-width:1248px;margin-left: calc(-4% \/ 2 );margin-right: calc(-4% \/ 2 );\"><div class=\"fusion-layout-column fusion_builder_column fusion-builder-column-13 fusion_builder_column_1_1 1_1 fusion-flex-column\" style=\"--awb-bg-size:cover;--awb-width-large:100%;--awb-margin-top-large:0px;--awb-spacing-right-large:1.92%;--awb-margin-bottom-large:20px;--awb-spacing-left-large:1.92%;--awb-width-medium:100%;--awb-order-medium:0;--awb-spacing-right-medium:1.92%;--awb-spacing-left-medium:1.92%;--awb-width-small:100%;--awb-order-small:0;--awb-spacing-right-small:1.92%;--awb-spacing-left-small:1.92%;\"><div class=\"fusion-column-wrapper fusion-column-has-shadow fusion-flex-justify-content-flex-start fusion-content-layout-column\"><div class=\"fusion-title title fusion-title-5 sep-underline sep-solid fusion-title-text fusion-title-size-one\"><h1 class=\"fusion-title-heading title-heading-left fusion-responsive-typography-calculated\" style=\"margin:0;--fontSize:42;line-height:1;\"><h2><strong>INFORMACI\u00d3N PR\u00c1CTICA<\/strong><\/h2><\/h1><\/div><\/div><\/div><\/div><\/div><div class=\"fusion-fullwidth fullwidth-box fusion-builder-row-13 fusion-flex-container has-pattern-background has-mask-background nonhundred-percent-fullwidth non-hundred-percent-height-scrolling\" style=\"--awb-border-radius-top-left:0px;--awb-border-radius-top-right:0px;--awb-border-radius-bottom-right:0px;--awb-border-radius-bottom-left:0px;--awb-flex-wrap:wrap;\" ><div class=\"fusion-builder-row fusion-row fusion-flex-align-items-flex-start fusion-flex-content-wrap\" style=\"max-width:1248px;margin-left: calc(-4% \/ 2 );margin-right: calc(-4% \/ 2 );\"><div class=\"fusion-layout-column fusion_builder_column fusion-builder-column-14 fusion_builder_column_1_1 1_1 fusion-flex-column\" style=\"--awb-bg-size:cover;--awb-width-large:100%;--awb-margin-top-large:0px;--awb-spacing-right-large:1.92%;--awb-margin-bottom-large:20px;--awb-spacing-left-large:1.92%;--awb-width-medium:100%;--awb-order-medium:0;--awb-spacing-right-medium:1.92%;--awb-spacing-left-medium:1.92%;--awb-width-small:100%;--awb-order-small:0;--awb-spacing-right-small:1.92%;--awb-spacing-left-small:1.92%;\"><div class=\"fusion-column-wrapper fusion-column-has-shadow fusion-flex-justify-content-flex-start fusion-content-layout-column\"><div class=\"fusion-text fusion-text-6\"><p>Huso horario: Hora de Europa Central (CET)<\/p>\n<p>Idioma: El idioma oficial es el espa\u00f1ol, aunque la mayor\u00eda de las personas en el sector tur\u00edstico tambi\u00e9n hablan ingl\u00e9s.<\/p>\n<p>Moneda: Euro (EUR)<\/p>\n<p>Clima durante el per\u00edodo del evento: La temperatura no deber\u00eda superar los 20\u00b0C, con condiciones templadas.<\/p>\n<p>Aeropuertos :<\/p>\n<p>3 aeropuertos asequible en coche.<\/p>\n<ul>\n<li>Aeropuerto: Santiago de Compostela &#8211; Distancia en coche: 51 km<\/li>\n<li>Aeropuerto: A Coru\u00f1a &#8211; Distancia en coche: 104 km<\/li>\n<li>Aeropuerto: Vigo &#8211; Distancia en coche: 123 km<\/li>\n<\/ul>\n<\/div><\/div><\/div><\/div><\/div><div class=\"fusion-fullwidth fullwidth-box fusion-builder-row-14 fusion-flex-container has-pattern-background has-mask-background nonhundred-percent-fullwidth non-hundred-percent-height-scrolling\" style=\"--awb-border-radius-top-left:0px;--awb-border-radius-top-right:0px;--awb-border-radius-bottom-right:0px;--awb-border-radius-bottom-left:0px;--awb-flex-wrap:wrap;\" ><div class=\"fusion-builder-row fusion-row fusion-flex-align-items-flex-start fusion-flex-content-wrap\" style=\"max-width:1248px;margin-left: calc(-4% \/ 2 );margin-right: calc(-4% \/ 2 );\"><div class=\"fusion-layout-column fusion_builder_column fusion-builder-column-15 fusion_builder_column_1_1 1_1 fusion-flex-column\" style=\"--awb-bg-size:cover;--awb-width-large:100%;--awb-margin-top-large:0px;--awb-spacing-right-large:1.92%;--awb-margin-bottom-large:20px;--awb-spacing-left-large:1.92%;--awb-width-medium:100%;--awb-order-medium:0;--awb-spacing-right-medium:1.92%;--awb-spacing-left-medium:1.92%;--awb-width-small:100%;--awb-order-small:0;--awb-spacing-right-small:1.92%;--awb-spacing-left-small:1.92%;\"><div class=\"fusion-column-wrapper fusion-column-has-shadow fusion-flex-justify-content-flex-start fusion-content-layout-column\"><div class=\"fusion-image-element \" style=\"--awb-caption-title-font-family:var(--h2_typography-font-family);--awb-caption-title-font-weight:var(--h2_typography-font-weight);--awb-caption-title-font-style:var(--h2_typography-font-style);--awb-caption-title-size:var(--h2_typography-font-size);--awb-caption-title-transform:var(--h2_typography-text-transform);--awb-caption-title-line-height:var(--h2_typography-line-height);--awb-caption-title-letter-spacing:var(--h2_typography-letter-spacing);\"><span class=\" fusion-imageframe imageframe-none imageframe-7 hover-type-none\"><img decoding=\"async\" width=\"1106\" height=\"632\" title=\"Silleda air connectivity\" src=\"https:\/\/2024.fim-6days.com\/wp-content\/uploads\/sites\/9\/2024\/03\/Silleda-air-connectivity.jpg\" alt class=\"img-responsive wp-image-49360\" srcset=\"https:\/\/2024.fim-6days.com\/wp-content\/uploads\/sites\/9\/2024\/03\/Silleda-air-connectivity-200x114.jpg 200w, https:\/\/2024.fim-6days.com\/wp-content\/uploads\/sites\/9\/2024\/03\/Silleda-air-connectivity-400x229.jpg 400w, https:\/\/2024.fim-6days.com\/wp-content\/uploads\/sites\/9\/2024\/03\/Silleda-air-connectivity-600x343.jpg 600w, https:\/\/2024.fim-6days.com\/wp-content\/uploads\/sites\/9\/2024\/03\/Silleda-air-connectivity-800x457.jpg 800w, https:\/\/2024.fim-6days.com\/wp-content\/uploads\/sites\/9\/2024\/03\/Silleda-air-connectivity.jpg 1106w\" sizes=\"(max-width: 1024px) 100vw, (max-width: 640px) 100vw, 1106px\" \/><\/span><\/div><\/div><\/div><\/div><\/div><\/p>\n","protected":false},"excerpt":{"rendered":"","protected":false},"author":15,"featured_media":0,"comment_status":"closed","ping_status":"closed","sticky":false,"template":"","format":"standard","meta":{"inline_featured_image":false,"footnotes":""},"categories":[113],"tags":[],"class_list":["post-50057","post","type-post","status-publish","format-standard","hentry","category-news-home-big-es"],"yoast_head":"<!-- This site is optimized with the Yoast SEO plugin v25.6 - https:\/\/yoast.com\/wordpress\/plugins\/seo\/ -->\n<title>Informaci\u00f3n general 2024 - 2024 spain<\/title>\n<meta name=\"description\" content=\"Here you will find all the general information available for the ISDE 2024, which will take place in Galicia, Spain\" \/>\n<meta name=\"robots\" content=\"index, follow, max-snippet:-1, max-image-preview:large, max-video-preview:-1\" \/>\n<link rel=\"canonical\" href=\"https:\/\/2024.fim-6days.com\/es\/informacion-general-2024-2\/\" \/>\n<meta property=\"og:locale\" content=\"es_ES\" \/>\n<meta property=\"og:type\" content=\"article\" \/>\n<meta property=\"og:title\" content=\"Informaci\u00f3n general 2024 - 2024 spain\" \/>\n<meta property=\"og:description\" content=\"Here you will find all the general information available for the ISDE 2024, which will take place in Galicia, Spain\" \/>\n<meta property=\"og:url\" content=\"https:\/\/2024.fim-6days.com\/es\/informacion-general-2024-2\/\" \/>\n<meta property=\"og:site_name\" content=\"2024 spain\" \/>\n<meta property=\"article:publisher\" content=\"https:\/\/www.facebook.com\/FIMISDE\/\" \/>\n<meta property=\"article:published_time\" content=\"2024-06-28T09:33:55+00:00\" \/>\n<meta property=\"article:modified_time\" content=\"2024-06-28T09:34:29+00:00\" \/>\n<meta name=\"author\" content=\"aymeric\" \/>\n<meta name=\"twitter:card\" content=\"summary_large_image\" \/>\n<meta name=\"twitter:creator\" content=\"@fimisde\" \/>\n<meta name=\"twitter:site\" content=\"@fimisde\" \/>\n<meta name=\"twitter:label1\" content=\"Escrito por\" \/>\n\t<meta name=\"twitter:data1\" content=\"aymeric\" \/>\n\t<meta name=\"twitter:label2\" content=\"Tiempo de lectura\" \/>\n\t<meta name=\"twitter:data2\" content=\"15 minutos\" \/>\n<script type=\"application\/ld+json\" class=\"yoast-schema-graph\">{\"@context\":\"https:\/\/schema.org\",\"@graph\":[{\"@type\":\"Article\",\"@id\":\"https:\/\/2024.fim-6days.com\/es\/informacion-general-2024-2\/#article\",\"isPartOf\":{\"@id\":\"https:\/\/2024.fim-6days.com\/es\/informacion-general-2024-2\/\"},\"author\":{\"name\":\"aymeric\",\"@id\":\"https:\/\/2024.fim-6days.com\/#\/schema\/person\/5fc7c767c2df2b6709c492adc4581939\"},\"headline\":\"Informaci\u00f3n general 2024\",\"datePublished\":\"2024-06-28T09:33:55+00:00\",\"dateModified\":\"2024-06-28T09:34:29+00:00\",\"mainEntityOfPage\":{\"@id\":\"https:\/\/2024.fim-6days.com\/es\/informacion-general-2024-2\/\"},\"wordCount\":9008,\"publisher\":{\"@id\":\"https:\/\/2024.fim-6days.com\/#organization\"},\"articleSection\":[\"Noticias GRANDE\"],\"inLanguage\":\"es\"},{\"@type\":\"WebPage\",\"@id\":\"https:\/\/2024.fim-6days.com\/es\/informacion-general-2024-2\/\",\"url\":\"https:\/\/2024.fim-6days.com\/es\/informacion-general-2024-2\/\",\"name\":\"Informaci\u00f3n general 2024 - 2024 spain\",\"isPartOf\":{\"@id\":\"https:\/\/2024.fim-6days.com\/#website\"},\"datePublished\":\"2024-06-28T09:33:55+00:00\",\"dateModified\":\"2024-06-28T09:34:29+00:00\",\"description\":\"Here you will find all the general information available for the ISDE 2024, which will take place in Galicia, Spain\",\"breadcrumb\":{\"@id\":\"https:\/\/2024.fim-6days.com\/es\/informacion-general-2024-2\/#breadcrumb\"},\"inLanguage\":\"es\",\"potentialAction\":[{\"@type\":\"ReadAction\",\"target\":[\"https:\/\/2024.fim-6days.com\/es\/informacion-general-2024-2\/\"]}]},{\"@type\":\"BreadcrumbList\",\"@id\":\"https:\/\/2024.fim-6days.com\/es\/informacion-general-2024-2\/#breadcrumb\",\"itemListElement\":[{\"@type\":\"ListItem\",\"position\":1,\"name\":\"Home\",\"item\":\"https:\/\/2024.fim-6days.com\/es\/\"},{\"@type\":\"ListItem\",\"position\":2,\"name\":\"Informaci\u00f3n general 2024\"}]},{\"@type\":\"WebSite\",\"@id\":\"https:\/\/2024.fim-6days.com\/#website\",\"url\":\"https:\/\/2024.fim-6days.com\/\",\"name\":\"FIM ISDE 2021\",\"description\":\"FIM ISDE Official website\",\"publisher\":{\"@id\":\"https:\/\/2024.fim-6days.com\/#organization\"},\"potentialAction\":[{\"@type\":\"SearchAction\",\"target\":{\"@type\":\"EntryPoint\",\"urlTemplate\":\"https:\/\/2024.fim-6days.com\/?s={search_term_string}\"},\"query-input\":{\"@type\":\"PropertyValueSpecification\",\"valueRequired\":true,\"valueName\":\"search_term_string\"}}],\"inLanguage\":\"es\"},{\"@type\":\"Organization\",\"@id\":\"https:\/\/2024.fim-6days.com\/#organization\",\"name\":\"FIM - F\u00e9d\u00e9ration Internationale de Motocyclisme\",\"url\":\"https:\/\/2024.fim-6days.com\/\",\"logo\":{\"@type\":\"ImageObject\",\"inLanguage\":\"es\",\"@id\":\"https:\/\/2024.fim-6days.com\/#\/schema\/logo\/image\/\",\"url\":\"https:\/\/2024.fim-6days.com\/wp-content\/uploads\/sites\/9\/2019\/07\/LogoFIM-CMYK.png\",\"contentUrl\":\"https:\/\/2024.fim-6days.com\/wp-content\/uploads\/sites\/9\/2019\/07\/LogoFIM-CMYK.png\",\"width\":2608,\"height\":1833,\"caption\":\"FIM - F\u00e9d\u00e9ration Internationale de Motocyclisme\"},\"image\":{\"@id\":\"https:\/\/2024.fim-6days.com\/#\/schema\/logo\/image\/\"},\"sameAs\":[\"https:\/\/www.facebook.com\/FIMISDE\/\",\"https:\/\/x.com\/fimisde\",\"https:\/\/www.instagram.com\/fim_isde\/\"]},{\"@type\":\"Person\",\"@id\":\"https:\/\/2024.fim-6days.com\/#\/schema\/person\/5fc7c767c2df2b6709c492adc4581939\",\"name\":\"aymeric\",\"image\":{\"@type\":\"ImageObject\",\"inLanguage\":\"es\",\"@id\":\"https:\/\/2024.fim-6days.com\/#\/schema\/person\/image\/\",\"url\":\"https:\/\/secure.gravatar.com\/avatar\/1cf3f06a949a216676f58c4abf152a024ee22975beb4f4a286597c2559683150?s=96&d=mm&r=g\",\"contentUrl\":\"https:\/\/secure.gravatar.com\/avatar\/1cf3f06a949a216676f58c4abf152a024ee22975beb4f4a286597c2559683150?s=96&d=mm&r=g\",\"caption\":\"aymeric\"},\"url\":\"https:\/\/2024.fim-6days.com\/es\/author\/aymeric\/\"}]}<\/script>\n<!-- \/ Yoast SEO plugin. -->","yoast_head_json":{"title":"Informaci\u00f3n general 2024 - 2024 spain","description":"Here you will find all the general information available for the ISDE 2024, which will take place in Galicia, Spain","robots":{"index":"index","follow":"follow","max-snippet":"max-snippet:-1","max-image-preview":"max-image-preview:large","max-video-preview":"max-video-preview:-1"},"canonical":"https:\/\/2024.fim-6days.com\/es\/informacion-general-2024-2\/","og_locale":"es_ES","og_type":"article","og_title":"Informaci\u00f3n general 2024 - 2024 spain","og_description":"Here you will find all the general information available for the ISDE 2024, which will take place in Galicia, Spain","og_url":"https:\/\/2024.fim-6days.com\/es\/informacion-general-2024-2\/","og_site_name":"2024 spain","article_publisher":"https:\/\/www.facebook.com\/FIMISDE\/","article_published_time":"2024-06-28T09:33:55+00:00","article_modified_time":"2024-06-28T09:34:29+00:00","author":"aymeric","twitter_card":"summary_large_image","twitter_creator":"@fimisde","twitter_site":"@fimisde","twitter_misc":{"Escrito por":"aymeric","Tiempo de lectura":"15 minutos"},"schema":{"@context":"https:\/\/schema.org","@graph":[{"@type":"Article","@id":"https:\/\/2024.fim-6days.com\/es\/informacion-general-2024-2\/#article","isPartOf":{"@id":"https:\/\/2024.fim-6days.com\/es\/informacion-general-2024-2\/"},"author":{"name":"aymeric","@id":"https:\/\/2024.fim-6days.com\/#\/schema\/person\/5fc7c767c2df2b6709c492adc4581939"},"headline":"Informaci\u00f3n general 2024","datePublished":"2024-06-28T09:33:55+00:00","dateModified":"2024-06-28T09:34:29+00:00","mainEntityOfPage":{"@id":"https:\/\/2024.fim-6days.com\/es\/informacion-general-2024-2\/"},"wordCount":9008,"publisher":{"@id":"https:\/\/2024.fim-6days.com\/#organization"},"articleSection":["Noticias GRANDE"],"inLanguage":"es"},{"@type":"WebPage","@id":"https:\/\/2024.fim-6days.com\/es\/informacion-general-2024-2\/","url":"https:\/\/2024.fim-6days.com\/es\/informacion-general-2024-2\/","name":"Informaci\u00f3n general 2024 - 2024 spain","isPartOf":{"@id":"https:\/\/2024.fim-6days.com\/#website"},"datePublished":"2024-06-28T09:33:55+00:00","dateModified":"2024-06-28T09:34:29+00:00","description":"Here you will find all the general information available for the ISDE 2024, which will take place in Galicia, Spain","breadcrumb":{"@id":"https:\/\/2024.fim-6days.com\/es\/informacion-general-2024-2\/#breadcrumb"},"inLanguage":"es","potentialAction":[{"@type":"ReadAction","target":["https:\/\/2024.fim-6days.com\/es\/informacion-general-2024-2\/"]}]},{"@type":"BreadcrumbList","@id":"https:\/\/2024.fim-6days.com\/es\/informacion-general-2024-2\/#breadcrumb","itemListElement":[{"@type":"ListItem","position":1,"name":"Home","item":"https:\/\/2024.fim-6days.com\/es\/"},{"@type":"ListItem","position":2,"name":"Informaci\u00f3n general 2024"}]},{"@type":"WebSite","@id":"https:\/\/2024.fim-6days.com\/#website","url":"https:\/\/2024.fim-6days.com\/","name":"FIM ISDE 2021","description":"FIM ISDE Official website","publisher":{"@id":"https:\/\/2024.fim-6days.com\/#organization"},"potentialAction":[{"@type":"SearchAction","target":{"@type":"EntryPoint","urlTemplate":"https:\/\/2024.fim-6days.com\/?s={search_term_string}"},"query-input":{"@type":"PropertyValueSpecification","valueRequired":true,"valueName":"search_term_string"}}],"inLanguage":"es"},{"@type":"Organization","@id":"https:\/\/2024.fim-6days.com\/#organization","name":"FIM - F\u00e9d\u00e9ration Internationale de Motocyclisme","url":"https:\/\/2024.fim-6days.com\/","logo":{"@type":"ImageObject","inLanguage":"es","@id":"https:\/\/2024.fim-6days.com\/#\/schema\/logo\/image\/","url":"https:\/\/2024.fim-6days.com\/wp-content\/uploads\/sites\/9\/2019\/07\/LogoFIM-CMYK.png","contentUrl":"https:\/\/2024.fim-6days.com\/wp-content\/uploads\/sites\/9\/2019\/07\/LogoFIM-CMYK.png","width":2608,"height":1833,"caption":"FIM - F\u00e9d\u00e9ration Internationale de Motocyclisme"},"image":{"@id":"https:\/\/2024.fim-6days.com\/#\/schema\/logo\/image\/"},"sameAs":["https:\/\/www.facebook.com\/FIMISDE\/","https:\/\/x.com\/fimisde","https:\/\/www.instagram.com\/fim_isde\/"]},{"@type":"Person","@id":"https:\/\/2024.fim-6days.com\/#\/schema\/person\/5fc7c767c2df2b6709c492adc4581939","name":"aymeric","image":{"@type":"ImageObject","inLanguage":"es","@id":"https:\/\/2024.fim-6days.com\/#\/schema\/person\/image\/","url":"https:\/\/secure.gravatar.com\/avatar\/1cf3f06a949a216676f58c4abf152a024ee22975beb4f4a286597c2559683150?s=96&d=mm&r=g","contentUrl":"https:\/\/secure.gravatar.com\/avatar\/1cf3f06a949a216676f58c4abf152a024ee22975beb4f4a286597c2559683150?s=96&d=mm&r=g","caption":"aymeric"},"url":"https:\/\/2024.fim-6days.com\/es\/author\/aymeric\/"}]}},"_links":{"self":[{"href":"https:\/\/2024.fim-6days.com\/es\/wp-json\/wp\/v2\/posts\/50057","targetHints":{"allow":["GET"]}}],"collection":[{"href":"https:\/\/2024.fim-6days.com\/es\/wp-json\/wp\/v2\/posts"}],"about":[{"href":"https:\/\/2024.fim-6days.com\/es\/wp-json\/wp\/v2\/types\/post"}],"author":[{"embeddable":true,"href":"https:\/\/2024.fim-6days.com\/es\/wp-json\/wp\/v2\/users\/15"}],"replies":[{"embeddable":true,"href":"https:\/\/2024.fim-6days.com\/es\/wp-json\/wp\/v2\/comments?post=50057"}],"version-history":[{"count":2,"href":"https:\/\/2024.fim-6days.com\/es\/wp-json\/wp\/v2\/posts\/50057\/revisions"}],"predecessor-version":[{"id":50061,"href":"https:\/\/2024.fim-6days.com\/es\/wp-json\/wp\/v2\/posts\/50057\/revisions\/50061"}],"wp:attachment":[{"href":"https:\/\/2024.fim-6days.com\/es\/wp-json\/wp\/v2\/media?parent=50057"}],"wp:term":[{"taxonomy":"category","embeddable":true,"href":"https:\/\/2024.fim-6days.com\/es\/wp-json\/wp\/v2\/categories?post=50057"},{"taxonomy":"post_tag","embeddable":true,"href":"https:\/\/2024.fim-6days.com\/es\/wp-json\/wp\/v2\/tags?post=50057"}],"curies":[{"name":"wp","href":"https:\/\/api.w.org\/{rel}","templated":true}]}}