{"id":50031,"date":"2024-06-28T08:57:51","date_gmt":"2024-06-28T06:57:51","guid":{"rendered":"https:\/\/2024.fim-6days.com\/presentacion-del-98o-noco-fim-6days%ef%b8%8f-en-silleda\/"},"modified":"2024-06-28T09:07:01","modified_gmt":"2024-06-28T07:07:01","slug":"presentacion-del-98o-noco-fim-6days%ef%b8%8f-en-silleda","status":"publish","type":"post","link":"https:\/\/2024.fim-6days.com\/es\/presentacion-del-98o-noco-fim-6days%ef%b8%8f-en-silleda\/","title":{"rendered":"Presentaci\u00f3n del 98\u00ba NOCO FIM 6DAYS\u00ae\ufe0f en Silleda"},"content":{"rendered":"<p><div class=\"fusion-fullwidth fullwidth-box fusion-builder-row-1 fusion-flex-container nonhundred-percent-fullwidth non-hundred-percent-height-scrolling\" style=\"--awb-border-radius-top-left:0px;--awb-border-radius-top-right:0px;--awb-border-radius-bottom-right:0px;--awb-border-radius-bottom-left:0px;--awb-padding-top:0px;--awb-padding-bottom:0px;--awb-flex-wrap:wrap;\" ><div class=\"fusion-builder-row fusion-row fusion-flex-align-items-flex-start fusion-flex-content-wrap\" style=\"max-width:1248px;margin-left: calc(-4% \/ 2 );margin-right: calc(-4% \/ 2 );\"><div class=\"fusion-layout-column fusion_builder_column fusion-builder-column-0 fusion_builder_column_1_1 1_1 fusion-flex-column\" style=\"--awb-padding-top:0px;--awb-padding-bottom:0px;--awb-bg-size:cover;--awb-width-large:100%;--awb-margin-top-large:0px;--awb-spacing-right-large:1.92%;--awb-margin-bottom-large:0px;--awb-spacing-left-large:1.92%;--awb-width-medium:100%;--awb-order-medium:0;--awb-spacing-right-medium:1.92%;--awb-spacing-left-medium:1.92%;--awb-width-small:100%;--awb-order-small:0;--awb-spacing-right-small:1.92%;--awb-spacing-left-small:1.92%;\"><div class=\"fusion-column-wrapper fusion-column-has-shadow fusion-flex-justify-content-flex-start fusion-content-layout-column\"><div class=\"fusion-text fusion-text-1\" style=\"--awb-text-transform:none;\"><p>(Imagen de grupo 1, De izquierda a derecha: Dom\u00e8nec Fern\u00e1ndez, Director Deportivo de la RFME; Pedro Mariano, Director de Carrera FIM 6DAYS y miembro de la comisi\u00f3n FIM de Enduro; Luis L\u00f3pez Di\u00e9guez, Presidente de la Deputaci\u00f3n de Pontevedra; Jos\u00e9 Ram\u00f3n Lete, Secretario Xeral para o Deporte de la Xunta de Galicia; Luisa S\u00e1nchez M\u00e9ndez, Vicepresidenta y Diputada de Deportes de la Deputaci\u00f3n de Pontevedra; Jos\u00e9 Canda, Presidente de la Federaci\u00f3n Gallega de Motociclismo y responsable de la organizaci\u00f3n (Motoclub M\u00f3vete Na Moto) \u00a9 RFMEs)<\/p>\n<p><strong>600 pilotos, 30 pa\u00edses participantes y un impacto directo de m\u00e1s de 4,5 millones de euros. La 6DAYS\u00ae del Enduro llega a Galicia. La competici\u00f3n se asocia tambi\u00e9n a la puesta en marcha de un ambicioso plan de sostenibilidad, que marca el futuro del motociclismo y de los eventos al aire libre.<\/strong><\/p>\n<p>La Deputaci\u00f3n de Pontevedra acogi\u00f3 la presentaci\u00f3n de uno de los eventos mundiales m\u00e1s importantes del motociclismo, el 98 NOCO FIM 6DAYS\u00ae, que este a\u00f1o tendr\u00e1 lugar en Galicia y paddock con sede en Silleda. La competici\u00f3n recorrer\u00e1 varios municipios de la comunidad centroeuropea. La provincia de Pontevedra acoger\u00e1 la mayor parte de las pruebas y el recorrido del evento, del 14 al 19 de octubre, as\u00ed como la sede de la carrera y el paddock, con sede en Silleda &#8211; Recinto Ferial de Galicia \/ Fundaci\u00f3n Semana Verde, que reunir\u00e1 a 600 deportistas de 30 naciones de todos los continentes.<\/p>\n<p>La presentaci\u00f3n tuvo lugar en el Sal\u00f3n de Actos de la Deputaci\u00f3n de Pontevedra, organizada por la propia Diputaci\u00f3n, la F\u00e9d\u00e9ration Internationale de Motocyclisme (FIM) y el Moto-club M\u00f3vete na Moto, organizador local. El evento estuvo dirigido por Luis L\u00f3pez Di\u00e9guez, Presidente de la Deputaci\u00f3n de Pontevedra; Jos\u00e9 Ram\u00f3n Lete, Secretario Xeral para o Deporte de la Xunta de Galicia; Pedro Mariano, Director de Carrera de la FIM 6DAYS y miembro de la comisi\u00f3n de Enduro de la FIM; Dom\u00e8nec Fern\u00e1ndez, Director Deportivo de la RFME; y Jos\u00e9 Canda, Presidente de la Federaci\u00f3n Gallega de Motociclismo y responsable de la organizaci\u00f3n (Motoclub M\u00f3vete Na Moto) en presencia de Luisa S\u00e1nchez M\u00e9ndez, Vicepresidenta y Diputada de Deportes de la Deputaci\u00f3n de Pontevedra. Adem\u00e1s, se cont\u00f3 con la presencia de algunos pilotos y t\u00e9cnicos que participar\u00e1n en la competici\u00f3n.<\/p>\n<p>Durante su intervenci\u00f3n, compartieron su experiencia en ediciones anteriores, as\u00ed como sus expectativas para este a\u00f1o. Durante la presentaci\u00f3n, Jos\u00e9 Canda, Presidente de la Federaci\u00f3n Gallega de Motociclismo y responsable de la organizaci\u00f3n (Motoclub M\u00f3vete Na Moto) explic\u00f3 la competici\u00f3n: \u00abLas pruebas tendr\u00e1n lugar en tres provincias gallegas, Pontevedra, Ourense y A Coru\u00f1a, en los municipios de Silleda, Lal\u00edn, A Estrada, Santiago de Compostela y O Irixo. La base de los 6 D\u00edas estar\u00e1 en Silleda, en el Recinto Ferial de la Semana Verde. El primer d\u00eda, la prueba se celebrar\u00e1 en Santiago, el segundo en A Estrada, el tercero en Silleda, el cuarto en Lal\u00edn, el quinto en O Irixo, y finalmente, el \u00faltimo d\u00eda se celebrar\u00e1 la prueba de motocross en el Recinto Ferial de Semana. Verde en Silleda\u00bb.<\/p>\n<p>En cuanto a la sostenibilidad, destac\u00f3 que existe un plan medioambiental elaborado en el que destaca la prevenci\u00f3n del ruido y el cuidado del suelo, la extracci\u00f3n de especies invasoras y la plantaci\u00f3n de \u00e1rboles para compensar la huella de carbono.<\/p>\n<p>Por su parte, el Director Deportivo de la RFME, Dom\u00e8nec Fern\u00e1ndez, destac\u00f3 el mpacto econ\u00f3mico que este tipo de competici\u00f3n tendr\u00e1 en Galicia, \u00abel impacto que tendr\u00e1 en la zona ser\u00e1 muy grande, 3.000 personas durante 14 d\u00edas m\u00e1s el p\u00fablico que vendr\u00e1\u00bb, y declar\u00f3 que \u00abya no hay alojamiento, mucha gente est\u00e1 buscando en pueblos \u00a0ercanos\u00bb.<\/p>\n<p>Seg\u00fan resalt\u00f3, \u00abesta prueba es la m\u00e1s importante del calendario de Enduro y la que m\u00e1s por la magnitud de la competici\u00f3n, por lo que no dudamos en hacer este evento. Llevamos varios a\u00f1os haciendo pruebas del campeonato de Espa\u00f1a aqu\u00ed y la garant\u00eda de \u00e9xito era muy importante.\u00bb<\/p>\n<p>Asimismo, asegur\u00f3 que \u00ablos t\u00e9cnicos han visitado primero los lugares donde se llevar\u00e1n a cabo las pruebas y se ha evaluado c\u00f3mo afectar\u00e1 al entorno con un plan de desarrollo que lo respalda\u00bb.<\/p>\n<p>Pedro Mariano, director de la carrera FIM 6DAYS y miembro de la comisi\u00f3n de Enduro de la FIM ha se\u00f1alado que la 6DAYS \u00abes la competici\u00f3n m\u00e1s grande y antigua, donde ienen pilotos de todos los continentes, por lo que va a tener un gran impacto econ\u00f3mico\u00bb, \u00a0\u00abGalicia va a tener un impacto muy grande porque es mucha la gente que va a venir, iremos todos a pie porque hay que llevar las cosas manualmente, por lo que el impacto sobre el terreno ser\u00e1 m\u00ednimo\u00bb.<\/p>\n<p>Pero en competiciones como \u00e9sta ha destacado que no s\u00f3lo importan las motos sino tambi\u00e9n el medio ambiente, \u00abdesde la FIM tenemos un plan de sostenibilidad desde los a\u00f1os 90 para minimizar el impacto que pueden hacer las motos en las competiciones\u00bb, y es que \u00abel enduro es la competici\u00f3n de motociclismo que m\u00e1s se preocupa por el medio ambiente, las ruedas est\u00e1n preparadas para tener el m\u00ednimo impacto en el suelo\u00bb. Adem\u00e1s, indic\u00f3 que desde los a\u00f1os 70 llevan haciendo pruebas de sonido para saber c\u00f3mo est\u00e1n afectando las motos e intentar mejorar en ese aspecto, \u00aben la FIM llevamos m\u00e1s de 40 a\u00f1os preocupados por el impacto medioambiental y hacemos todo lo posible para que el enduro sea sostenible\u00bb.<\/p>\n<p>El Secretario Xeral para o Deporte de la Xunta de Galicia, Jos\u00e9 Ram\u00f3n Lete, tambi\u00e9n asisti\u00f3 al acto. Durante su intervenci\u00f3n anunci\u00f3 que se ha batido el r\u00e9cord de licencias federativas y se ha triplicado el n\u00famero de deportistas de alto nivel, incluidos pilotos, alcanzando las 1.500, y habi\u00e9ndolo superado en las licencias femeninas, pasando de 9 en 2009 a 70 en 2024. Aclar\u00f3 que \u00abGalicia aporta 10 equipos espa\u00f1oles y 30 deportistas gallegos\u00bb, y \u00abel deporte gallego est\u00e1 en lo m\u00e1s alto, se han celebrado 7 competiciones de motociclismo en Galicia, demostrando as\u00ed que en Galicia se pueden celebrar grandes eventos como este\u00bb.<\/p>\n<p>La presentaci\u00f3n se cerr\u00f3 con la intervenci\u00f3n de Luis L\u00f3pez, Presidente de la \u00a0Deputaci\u00f3n de Pontevedra, quien destac\u00f3 que \u00abesta prueba tambi\u00e9n es importante por el turismo internacional que va a llegar, que luego contar\u00e1 lo que vio aqu\u00ed en su pa\u00eds, ayudando as\u00ed a expandir el turismo local.\u00bb Tambi\u00e9n se\u00f1al\u00f3 que, para la Deputaci\u00f3n de Pontevedra, \u00abel deporte es algo estrat\u00e9gico que estamos intentando mejorar dando visibilidad al deporte femenino y a todos los deportes, especialmente al deporte que no se dedica a un par de modalidades, pudiendo abarcar todas las modalidades deportivas como es esta\u00bb. Asimismo, explic\u00f3 que \u00ablo que queremos es que el deporte se extienda por toda la provincia, que no se quede solo en las grandes ciudades\u00bb ya que \u00abla provincia de Pontevedra es la primera que acoge un evento como este.\u00bb Por \u00faltimo, destac\u00f3 el compromiso de la Diputaci\u00f3n con el medio ambiente en esta competici\u00f3n.<\/p>\n<p>98\u00ba NOCO FIM 6DAYS\u00ae, Espa\u00f1a 2024 &#8211; Galicia<\/p>\n<p>La competici\u00f3n se desarrollar\u00e1 en varios municipios del interior gallego, siendo Silleda y su Recinto Ferial de Semana Verde el centro neur\u00e1lgico de la misma, donde se ubicar\u00e1 el paddock. La ceremonia de inauguraci\u00f3n tendr\u00e1 lugar en el lugar m\u00e1s \u201csimb\u00f3lico\u201d de Galicia, la Plaza del Obradoiro, en Santiago de Compostela, con la Catedral de Santiago de fondo. Las pruebas de esta edici\u00f3n se desarrollar\u00e1n en las provincias de Pontevedra, A Coru\u00f1a y Ourense, en los municipios de Silleda, Lal\u00edn, A Estrada, O Irixo y Santiago de Compostela.<\/p>\n<p>Durante los seis d\u00edas de competici\u00f3n participar\u00e1n alrededor de 3.000 personas entre pilotos y equipo t\u00e9cnico junto a miles de espectadores y medios de comunicaci\u00f3n, lo que supondr\u00e1 un impacto econ\u00f3mico directo de m\u00e1s de 4,5 millones de euros. Estar\u00e1n presentes las naciones m\u00e1s fuertes del panorama mundial del enduro y las estrellas de la disciplina. Entre los favoritos: est\u00e1n Estados Unidos, Italia, Gran Breta\u00f1a, Francia, Australia y, por supuesto, Espa\u00f1a, que \u201ccompetir\u00e1 en casa\u201d.<\/p>\n<p>Este gran evento ser\u00e1 retransmitido por televisi\u00f3n a decenas de pa\u00edses con prensa acreditada de todo el mundo y con m\u00faltiples opciones VIP. En Espa\u00f1a, hasta ahora, se hab\u00edan celebrado cuatro ediciones, la primera en 1970, en El Escorial (Madrid); la segunda, quince a\u00f1os despu\u00e9s, en 1985, en La Cerdanya (Girona); la siguiente fue en 2000, en Granada; y la cuarta, en 2016, en Navarra. Ocho a\u00f1os despu\u00e9s, esta competici\u00f3n regresa a territorio espa\u00f1ol y, por primera vez, llega a Galicia, siendo la quinta edici\u00f3n que se celebra en este pa\u00eds. Esta nueva edici\u00f3n, Espa\u00f1a 2024 &#8211; Galicia, abarcar\u00e1 dos aspectos relevantes: una generaci\u00f3n de negocio muy importante en \u00e1mbitos como el tur\u00edstico y la puesta en marcha de un modelo deportivo caracterizado por un ambicioso plan de sostenibilidad.<\/p>\n<p>El centro de la competici\u00f3n estar\u00e1 en el Recinto Ferial de la Fundaci\u00f3n Semana Verde por ser el espacio id\u00f3neo para una gran variedad y multitud de eventos, y donde la sostenibilidad medioambiental y social ser\u00e1n, junto con el Enduro, los protagonistas de lacompetici\u00f3n debido al gran n\u00famero de acciones que se llevar\u00e1n a cabo.<\/p>\n<p>Ambicioso plan de sostenibilidad en las pr\u00e1cticas deportivas Esta edici\u00f3n pondr\u00e1 de manifiesto la sostenibilidad (econ\u00f3mica, medioambiental y social) de este modelo de pruebas deportivas. Por este motivo, la organizaci\u00f3n de la competici\u00f3n haintegrado en el equipo organizador a t\u00e9cnicos y comunicadores ambientales que participant en tareas como la definici\u00f3n de los recorridos, las \u00e1reas de servicio y todas las zonas donde se desarrollar\u00e1n tanto las pruebas como los entrenamientos o el paddock, para garantizar que se cumplen los par\u00e1metros de minimizaci\u00f3n del impacto ambiental de acuerdo con los requisitos del C\u00f3digo Medioambiental de la FIM.<\/p>\n<p>La organizaci\u00f3n cuenta as\u00ed con profesionales que ayudar\u00e1n a que las actividades discurran exclusivamente por pistas y zonas de circulaci\u00f3n preexistentes y a que el evento se celebre en lugares y horarios que no interfieran significativamente con la vida natural, optando por fechas sin afectar a los periodos de reproducci\u00f3n animal. De este modo, se pretende minimizar cualquier impacto sobre la flora o la fauna y, en el caso de las emisiones, se desarrollar\u00e1n programas auditables de compensaci\u00f3n de la huella de carbono en las mismas zonas. La prueba tambi\u00e9n colaborar\u00e1 con una ONG local en la organizaci\u00f3n de actividades de responsabilidad ambiental corporativa y jornadas de control de especies invasoras (Acacia Mimosa y Cortaderia Selloana presentes en la zona de competici\u00f3n) y contar\u00e1 con una evaluaci\u00f3n de la \u201chuella de carbono\u201d para el posterior desarrollo de un programa de compensaci\u00f3n de CO2 emitido mediante reforestaci\u00f3n en los municipios en los que se celebre.<\/p>\n<p>La F\u00e9d\u00e9ration Internationale de Motocyclisme cuenta con un programa de sostenibilidad desde 1992, y desde entonces se ha trabajado para incluir normas de protecci\u00f3n medioambiental en todas las competiciones de la FIM.<\/p>\n<p>Cada evento cuenta con un responsable de sostenibilidad que, junto con la \u00a0organizaci\u00f3n, trabaja en equipo para desarrollar un plan detallado de gesti\u00f3n medioambiental. Adem\u00e1s, cada prueba cuenta con un comisario t\u00e9cnico que se encarga de medir el nivel sonoro de cada motocicleta participante con un equipo altamente especializado. Entre las normas est\u00e1 el uso de alfombrillas \u00a0medioambientales, obligatorias en los lugares donde se trabaja con las motos y los motores o se reposta combustible, ecopuntos, etc. En el \u00e1mbito social, predomina la inclusi\u00f3n de la mujer, tanto en la competici\u00f3n como en otros \u00e1mbitos del evento.<\/p>\n<p><strong>NO DUDES EN COMPARTIR ESTA HISTORIA<\/strong><\/p>\n<\/div><\/div><\/div><\/div><\/div><div class=\"fusion-fullwidth fullwidth-box fusion-builder-row-2 fusion-flex-container has-pattern-background has-mask-background nonhundred-percent-fullwidth non-hundred-percent-height-scrolling\" style=\"--awb-border-radius-top-left:0px;--awb-border-radius-top-right:0px;--awb-border-radius-bottom-right:0px;--awb-border-radius-bottom-left:0px;--awb-flex-wrap:wrap;\" ><div class=\"fusion-builder-row fusion-row fusion-flex-align-items-flex-start fusion-flex-content-wrap\" style=\"max-width:1248px;margin-left: calc(-4% \/ 2 );margin-right: calc(-4% \/ 2 );\"><div class=\"fusion-layout-column fusion_builder_column fusion-builder-column-1 fusion_builder_column_1_1 1_1 fusion-flex-column\" style=\"--awb-bg-size:cover;--awb-width-large:100%;--awb-margin-top-large:0px;--awb-spacing-right-large:1.92%;--awb-margin-bottom-large:20px;--awb-spacing-left-large:1.92%;--awb-width-medium:100%;--awb-order-medium:0;--awb-spacing-right-medium:1.92%;--awb-spacing-left-medium:1.92%;--awb-width-small:100%;--awb-order-small:0;--awb-spacing-right-small:1.92%;--awb-spacing-left-small:1.92%;\"><div class=\"fusion-column-wrapper fusion-column-has-shadow fusion-flex-justify-content-flex-start fusion-content-layout-column\"><div class=\"fusion-separator fusion-full-width-sep\" style=\"align-self: center;margin-left: auto;margin-right: auto;margin-bottom:20px;width:100%;\"><\/div>\n<\/div><\/div><\/div><\/div><\/p>\n","protected":false},"excerpt":{"rendered":"","protected":false},"author":14,"featured_media":49864,"comment_status":"closed","ping_status":"closed","sticky":false,"template":"","format":"standard","meta":{"inline_featured_image":false,"footnotes":""},"categories":[156,108],"tags":[],"class_list":["post-50031","post","type-post","status-publish","format-standard","has-post-thumbnail","hentry","category-antes-de-isde2024","category-news-es"],"yoast_head":"<!-- This site is optimized with the Yoast SEO plugin v25.6 - https:\/\/yoast.com\/wordpress\/plugins\/seo\/ -->\n<title>Presentaci\u00f3n del 98\u00ba NOCO FIM 6DAYS\u00ae\ufe0f en Silleda - 2024 spain<\/title>\n<meta name=\"description\" content=\"Registration for Club Team has now opened for the 2024 NOCO FIM International Six Days of Enduro that is scheduled to take place in Galicia, Spain, running from 14-19 October.\" \/>\n<meta name=\"robots\" content=\"index, follow, max-snippet:-1, max-image-preview:large, max-video-preview:-1\" \/>\n<link rel=\"canonical\" href=\"https:\/\/2024.fim-6days.com\/es\/presentacion-del-98o-noco-fim-6days\ufe0f-en-silleda\/\" \/>\n<meta property=\"og:locale\" content=\"es_ES\" \/>\n<meta property=\"og:type\" content=\"article\" \/>\n<meta property=\"og:title\" content=\"Presentaci\u00f3n del 98\u00ba NOCO FIM 6DAYS\u00ae\ufe0f en Silleda - 2024 spain\" \/>\n<meta property=\"og:description\" content=\"Registration for Club Team has now opened for the 2024 NOCO FIM International Six Days of Enduro that is scheduled to take place in Galicia, Spain, running from 14-19 October.\" \/>\n<meta property=\"og:url\" content=\"https:\/\/2024.fim-6days.com\/es\/presentacion-del-98o-noco-fim-6days\ufe0f-en-silleda\/\" \/>\n<meta property=\"og:site_name\" content=\"2024 spain\" \/>\n<meta property=\"article:publisher\" content=\"https:\/\/www.facebook.com\/FIMISDE\/\" \/>\n<meta property=\"article:published_time\" content=\"2024-06-28T06:57:51+00:00\" \/>\n<meta property=\"article:modified_time\" content=\"2024-06-28T07:07:01+00:00\" \/>\n<meta property=\"og:image\" content=\"https:\/\/2024.fim-6days.com\/wp-content\/uploads\/sites\/9\/2024\/06\/Presentation-of-the-98-NOCO-FIM-6DAYS\u00ae\ufe0f-in-Silleda.jpeg\" \/>\n\t<meta property=\"og:image:width\" content=\"2040\" \/>\n\t<meta property=\"og:image:height\" content=\"1536\" \/>\n\t<meta property=\"og:image:type\" content=\"image\/jpeg\" \/>\n<meta name=\"author\" content=\"isalen\" \/>\n<meta name=\"twitter:card\" content=\"summary_large_image\" \/>\n<meta name=\"twitter:creator\" content=\"@fimisde\" \/>\n<meta name=\"twitter:site\" content=\"@fimisde\" \/>\n<meta name=\"twitter:label1\" content=\"Escrito por\" \/>\n\t<meta name=\"twitter:data1\" content=\"isalen\" \/>\n\t<meta name=\"twitter:label2\" content=\"Tiempo de lectura\" \/>\n\t<meta name=\"twitter:data2\" content=\"11 minutos\" \/>\n<script type=\"application\/ld+json\" class=\"yoast-schema-graph\">{\"@context\":\"https:\/\/schema.org\",\"@graph\":[{\"@type\":\"Article\",\"@id\":\"https:\/\/2024.fim-6days.com\/es\/presentacion-del-98o-noco-fim-6days%ef%b8%8f-en-silleda\/#article\",\"isPartOf\":{\"@id\":\"https:\/\/2024.fim-6days.com\/es\/presentacion-del-98o-noco-fim-6days%ef%b8%8f-en-silleda\/\"},\"author\":{\"name\":\"isalen\",\"@id\":\"https:\/\/2024.fim-6days.com\/#\/schema\/person\/fc80183700e96a22afb3f220ae03b32a\"},\"headline\":\"Presentaci\u00f3n del 98\u00ba NOCO FIM 6DAYS\u00ae\ufe0f en Silleda\",\"datePublished\":\"2024-06-28T06:57:51+00:00\",\"dateModified\":\"2024-06-28T07:07:01+00:00\",\"mainEntityOfPage\":{\"@id\":\"https:\/\/2024.fim-6days.com\/es\/presentacion-del-98o-noco-fim-6days%ef%b8%8f-en-silleda\/\"},\"wordCount\":3422,\"publisher\":{\"@id\":\"https:\/\/2024.fim-6days.com\/#organization\"},\"image\":{\"@id\":\"https:\/\/2024.fim-6days.com\/es\/presentacion-del-98o-noco-fim-6days%ef%b8%8f-en-silleda\/#primaryimage\"},\"thumbnailUrl\":\"https:\/\/2024.fim-6days.com\/wp-content\/uploads\/sites\/9\/2024\/06\/Presentation-of-the-98-NOCO-FIM-6DAYS\u00ae\ufe0f-in-Silleda.jpeg\",\"articleSection\":[\"Antes de ISDE2024\",\"Noticias\"],\"inLanguage\":\"es\"},{\"@type\":\"WebPage\",\"@id\":\"https:\/\/2024.fim-6days.com\/es\/presentacion-del-98o-noco-fim-6days%ef%b8%8f-en-silleda\/\",\"url\":\"https:\/\/2024.fim-6days.com\/es\/presentacion-del-98o-noco-fim-6days%ef%b8%8f-en-silleda\/\",\"name\":\"Presentaci\u00f3n del 98\u00ba NOCO FIM 6DAYS\u00ae\ufe0f en Silleda - 2024 spain\",\"isPartOf\":{\"@id\":\"https:\/\/2024.fim-6days.com\/#website\"},\"primaryImageOfPage\":{\"@id\":\"https:\/\/2024.fim-6days.com\/es\/presentacion-del-98o-noco-fim-6days%ef%b8%8f-en-silleda\/#primaryimage\"},\"image\":{\"@id\":\"https:\/\/2024.fim-6days.com\/es\/presentacion-del-98o-noco-fim-6days%ef%b8%8f-en-silleda\/#primaryimage\"},\"thumbnailUrl\":\"https:\/\/2024.fim-6days.com\/wp-content\/uploads\/sites\/9\/2024\/06\/Presentation-of-the-98-NOCO-FIM-6DAYS\u00ae\ufe0f-in-Silleda.jpeg\",\"datePublished\":\"2024-06-28T06:57:51+00:00\",\"dateModified\":\"2024-06-28T07:07:01+00:00\",\"description\":\"Registration for Club Team has now opened for the 2024 NOCO FIM International Six Days of Enduro that is scheduled to take place in Galicia, Spain, running from 14-19 October.\",\"breadcrumb\":{\"@id\":\"https:\/\/2024.fim-6days.com\/es\/presentacion-del-98o-noco-fim-6days%ef%b8%8f-en-silleda\/#breadcrumb\"},\"inLanguage\":\"es\",\"potentialAction\":[{\"@type\":\"ReadAction\",\"target\":[\"https:\/\/2024.fim-6days.com\/es\/presentacion-del-98o-noco-fim-6days%ef%b8%8f-en-silleda\/\"]}]},{\"@type\":\"ImageObject\",\"inLanguage\":\"es\",\"@id\":\"https:\/\/2024.fim-6days.com\/es\/presentacion-del-98o-noco-fim-6days%ef%b8%8f-en-silleda\/#primaryimage\",\"url\":\"https:\/\/2024.fim-6days.com\/wp-content\/uploads\/sites\/9\/2024\/06\/Presentation-of-the-98-NOCO-FIM-6DAYS\u00ae\ufe0f-in-Silleda.jpeg\",\"contentUrl\":\"https:\/\/2024.fim-6days.com\/wp-content\/uploads\/sites\/9\/2024\/06\/Presentation-of-the-98-NOCO-FIM-6DAYS\u00ae\ufe0f-in-Silleda.jpeg\",\"width\":2040,\"height\":1536},{\"@type\":\"BreadcrumbList\",\"@id\":\"https:\/\/2024.fim-6days.com\/es\/presentacion-del-98o-noco-fim-6days%ef%b8%8f-en-silleda\/#breadcrumb\",\"itemListElement\":[{\"@type\":\"ListItem\",\"position\":1,\"name\":\"Home\",\"item\":\"https:\/\/2024.fim-6days.com\/es\/\"},{\"@type\":\"ListItem\",\"position\":2,\"name\":\"Presentaci\u00f3n del 98\u00ba NOCO FIM 6DAYS\u00ae\ufe0f en Silleda\"}]},{\"@type\":\"WebSite\",\"@id\":\"https:\/\/2024.fim-6days.com\/#website\",\"url\":\"https:\/\/2024.fim-6days.com\/\",\"name\":\"FIM ISDE 2021\",\"description\":\"FIM ISDE Official website\",\"publisher\":{\"@id\":\"https:\/\/2024.fim-6days.com\/#organization\"},\"potentialAction\":[{\"@type\":\"SearchAction\",\"target\":{\"@type\":\"EntryPoint\",\"urlTemplate\":\"https:\/\/2024.fim-6days.com\/?s={search_term_string}\"},\"query-input\":{\"@type\":\"PropertyValueSpecification\",\"valueRequired\":true,\"valueName\":\"search_term_string\"}}],\"inLanguage\":\"es\"},{\"@type\":\"Organization\",\"@id\":\"https:\/\/2024.fim-6days.com\/#organization\",\"name\":\"FIM - F\u00e9d\u00e9ration Internationale de Motocyclisme\",\"url\":\"https:\/\/2024.fim-6days.com\/\",\"logo\":{\"@type\":\"ImageObject\",\"inLanguage\":\"es\",\"@id\":\"https:\/\/2024.fim-6days.com\/#\/schema\/logo\/image\/\",\"url\":\"https:\/\/2024.fim-6days.com\/wp-content\/uploads\/sites\/9\/2019\/07\/LogoFIM-CMYK.png\",\"contentUrl\":\"https:\/\/2024.fim-6days.com\/wp-content\/uploads\/sites\/9\/2019\/07\/LogoFIM-CMYK.png\",\"width\":2608,\"height\":1833,\"caption\":\"FIM - F\u00e9d\u00e9ration Internationale de Motocyclisme\"},\"image\":{\"@id\":\"https:\/\/2024.fim-6days.com\/#\/schema\/logo\/image\/\"},\"sameAs\":[\"https:\/\/www.facebook.com\/FIMISDE\/\",\"https:\/\/x.com\/fimisde\",\"https:\/\/www.instagram.com\/fim_isde\/\"]},{\"@type\":\"Person\",\"@id\":\"https:\/\/2024.fim-6days.com\/#\/schema\/person\/fc80183700e96a22afb3f220ae03b32a\",\"name\":\"isalen\",\"image\":{\"@type\":\"ImageObject\",\"inLanguage\":\"es\",\"@id\":\"https:\/\/2024.fim-6days.com\/#\/schema\/person\/image\/\",\"url\":\"https:\/\/secure.gravatar.com\/avatar\/b498bfa446460353cfcc6e023d9c28e3e84ef3798b7f90c38b5d03254eed1837?s=96&d=mm&r=g\",\"contentUrl\":\"https:\/\/secure.gravatar.com\/avatar\/b498bfa446460353cfcc6e023d9c28e3e84ef3798b7f90c38b5d03254eed1837?s=96&d=mm&r=g\",\"caption\":\"isalen\"},\"url\":\"https:\/\/2024.fim-6days.com\/es\/author\/isalen\/\"}]}<\/script>\n<!-- \/ Yoast SEO plugin. -->","yoast_head_json":{"title":"Presentaci\u00f3n del 98\u00ba NOCO FIM 6DAYS\u00ae\ufe0f en Silleda - 2024 spain","description":"Registration for Club Team has now opened for the 2024 NOCO FIM International Six Days of Enduro that is scheduled to take place in Galicia, Spain, running from 14-19 October.","robots":{"index":"index","follow":"follow","max-snippet":"max-snippet:-1","max-image-preview":"max-image-preview:large","max-video-preview":"max-video-preview:-1"},"canonical":"https:\/\/2024.fim-6days.com\/es\/presentacion-del-98o-noco-fim-6days\ufe0f-en-silleda\/","og_locale":"es_ES","og_type":"article","og_title":"Presentaci\u00f3n del 98\u00ba NOCO FIM 6DAYS\u00ae\ufe0f en Silleda - 2024 spain","og_description":"Registration for Club Team has now opened for the 2024 NOCO FIM International Six Days of Enduro that is scheduled to take place in Galicia, Spain, running from 14-19 October.","og_url":"https:\/\/2024.fim-6days.com\/es\/presentacion-del-98o-noco-fim-6days\ufe0f-en-silleda\/","og_site_name":"2024 spain","article_publisher":"https:\/\/www.facebook.com\/FIMISDE\/","article_published_time":"2024-06-28T06:57:51+00:00","article_modified_time":"2024-06-28T07:07:01+00:00","og_image":[{"width":2040,"height":1536,"url":"https:\/\/2024.fim-6days.com\/wp-content\/uploads\/sites\/9\/2024\/06\/Presentation-of-the-98-NOCO-FIM-6DAYS\u00ae\ufe0f-in-Silleda.jpeg","type":"image\/jpeg"}],"author":"isalen","twitter_card":"summary_large_image","twitter_creator":"@fimisde","twitter_site":"@fimisde","twitter_misc":{"Escrito por":"isalen","Tiempo de lectura":"11 minutos"},"schema":{"@context":"https:\/\/schema.org","@graph":[{"@type":"Article","@id":"https:\/\/2024.fim-6days.com\/es\/presentacion-del-98o-noco-fim-6days%ef%b8%8f-en-silleda\/#article","isPartOf":{"@id":"https:\/\/2024.fim-6days.com\/es\/presentacion-del-98o-noco-fim-6days%ef%b8%8f-en-silleda\/"},"author":{"name":"isalen","@id":"https:\/\/2024.fim-6days.com\/#\/schema\/person\/fc80183700e96a22afb3f220ae03b32a"},"headline":"Presentaci\u00f3n del 98\u00ba NOCO FIM 6DAYS\u00ae\ufe0f en Silleda","datePublished":"2024-06-28T06:57:51+00:00","dateModified":"2024-06-28T07:07:01+00:00","mainEntityOfPage":{"@id":"https:\/\/2024.fim-6days.com\/es\/presentacion-del-98o-noco-fim-6days%ef%b8%8f-en-silleda\/"},"wordCount":3422,"publisher":{"@id":"https:\/\/2024.fim-6days.com\/#organization"},"image":{"@id":"https:\/\/2024.fim-6days.com\/es\/presentacion-del-98o-noco-fim-6days%ef%b8%8f-en-silleda\/#primaryimage"},"thumbnailUrl":"https:\/\/2024.fim-6days.com\/wp-content\/uploads\/sites\/9\/2024\/06\/Presentation-of-the-98-NOCO-FIM-6DAYS\u00ae\ufe0f-in-Silleda.jpeg","articleSection":["Antes de ISDE2024","Noticias"],"inLanguage":"es"},{"@type":"WebPage","@id":"https:\/\/2024.fim-6days.com\/es\/presentacion-del-98o-noco-fim-6days%ef%b8%8f-en-silleda\/","url":"https:\/\/2024.fim-6days.com\/es\/presentacion-del-98o-noco-fim-6days%ef%b8%8f-en-silleda\/","name":"Presentaci\u00f3n del 98\u00ba NOCO FIM 6DAYS\u00ae\ufe0f en Silleda - 2024 spain","isPartOf":{"@id":"https:\/\/2024.fim-6days.com\/#website"},"primaryImageOfPage":{"@id":"https:\/\/2024.fim-6days.com\/es\/presentacion-del-98o-noco-fim-6days%ef%b8%8f-en-silleda\/#primaryimage"},"image":{"@id":"https:\/\/2024.fim-6days.com\/es\/presentacion-del-98o-noco-fim-6days%ef%b8%8f-en-silleda\/#primaryimage"},"thumbnailUrl":"https:\/\/2024.fim-6days.com\/wp-content\/uploads\/sites\/9\/2024\/06\/Presentation-of-the-98-NOCO-FIM-6DAYS\u00ae\ufe0f-in-Silleda.jpeg","datePublished":"2024-06-28T06:57:51+00:00","dateModified":"2024-06-28T07:07:01+00:00","description":"Registration for Club Team has now opened for the 2024 NOCO FIM International Six Days of Enduro that is scheduled to take place in Galicia, Spain, running from 14-19 October.","breadcrumb":{"@id":"https:\/\/2024.fim-6days.com\/es\/presentacion-del-98o-noco-fim-6days%ef%b8%8f-en-silleda\/#breadcrumb"},"inLanguage":"es","potentialAction":[{"@type":"ReadAction","target":["https:\/\/2024.fim-6days.com\/es\/presentacion-del-98o-noco-fim-6days%ef%b8%8f-en-silleda\/"]}]},{"@type":"ImageObject","inLanguage":"es","@id":"https:\/\/2024.fim-6days.com\/es\/presentacion-del-98o-noco-fim-6days%ef%b8%8f-en-silleda\/#primaryimage","url":"https:\/\/2024.fim-6days.com\/wp-content\/uploads\/sites\/9\/2024\/06\/Presentation-of-the-98-NOCO-FIM-6DAYS\u00ae\ufe0f-in-Silleda.jpeg","contentUrl":"https:\/\/2024.fim-6days.com\/wp-content\/uploads\/sites\/9\/2024\/06\/Presentation-of-the-98-NOCO-FIM-6DAYS\u00ae\ufe0f-in-Silleda.jpeg","width":2040,"height":1536},{"@type":"BreadcrumbList","@id":"https:\/\/2024.fim-6days.com\/es\/presentacion-del-98o-noco-fim-6days%ef%b8%8f-en-silleda\/#breadcrumb","itemListElement":[{"@type":"ListItem","position":1,"name":"Home","item":"https:\/\/2024.fim-6days.com\/es\/"},{"@type":"ListItem","position":2,"name":"Presentaci\u00f3n del 98\u00ba NOCO FIM 6DAYS\u00ae\ufe0f en Silleda"}]},{"@type":"WebSite","@id":"https:\/\/2024.fim-6days.com\/#website","url":"https:\/\/2024.fim-6days.com\/","name":"FIM ISDE 2021","description":"FIM ISDE Official website","publisher":{"@id":"https:\/\/2024.fim-6days.com\/#organization"},"potentialAction":[{"@type":"SearchAction","target":{"@type":"EntryPoint","urlTemplate":"https:\/\/2024.fim-6days.com\/?s={search_term_string}"},"query-input":{"@type":"PropertyValueSpecification","valueRequired":true,"valueName":"search_term_string"}}],"inLanguage":"es"},{"@type":"Organization","@id":"https:\/\/2024.fim-6days.com\/#organization","name":"FIM - F\u00e9d\u00e9ration Internationale de Motocyclisme","url":"https:\/\/2024.fim-6days.com\/","logo":{"@type":"ImageObject","inLanguage":"es","@id":"https:\/\/2024.fim-6days.com\/#\/schema\/logo\/image\/","url":"https:\/\/2024.fim-6days.com\/wp-content\/uploads\/sites\/9\/2019\/07\/LogoFIM-CMYK.png","contentUrl":"https:\/\/2024.fim-6days.com\/wp-content\/uploads\/sites\/9\/2019\/07\/LogoFIM-CMYK.png","width":2608,"height":1833,"caption":"FIM - F\u00e9d\u00e9ration Internationale de Motocyclisme"},"image":{"@id":"https:\/\/2024.fim-6days.com\/#\/schema\/logo\/image\/"},"sameAs":["https:\/\/www.facebook.com\/FIMISDE\/","https:\/\/x.com\/fimisde","https:\/\/www.instagram.com\/fim_isde\/"]},{"@type":"Person","@id":"https:\/\/2024.fim-6days.com\/#\/schema\/person\/fc80183700e96a22afb3f220ae03b32a","name":"isalen","image":{"@type":"ImageObject","inLanguage":"es","@id":"https:\/\/2024.fim-6days.com\/#\/schema\/person\/image\/","url":"https:\/\/secure.gravatar.com\/avatar\/b498bfa446460353cfcc6e023d9c28e3e84ef3798b7f90c38b5d03254eed1837?s=96&d=mm&r=g","contentUrl":"https:\/\/secure.gravatar.com\/avatar\/b498bfa446460353cfcc6e023d9c28e3e84ef3798b7f90c38b5d03254eed1837?s=96&d=mm&r=g","caption":"isalen"},"url":"https:\/\/2024.fim-6days.com\/es\/author\/isalen\/"}]}},"_links":{"self":[{"href":"https:\/\/2024.fim-6days.com\/es\/wp-json\/wp\/v2\/posts\/50031","targetHints":{"allow":["GET"]}}],"collection":[{"href":"https:\/\/2024.fim-6days.com\/es\/wp-json\/wp\/v2\/posts"}],"about":[{"href":"https:\/\/2024.fim-6days.com\/es\/wp-json\/wp\/v2\/types\/post"}],"author":[{"embeddable":true,"href":"https:\/\/2024.fim-6days.com\/es\/wp-json\/wp\/v2\/users\/14"}],"replies":[{"embeddable":true,"href":"https:\/\/2024.fim-6days.com\/es\/wp-json\/wp\/v2\/comments?post=50031"}],"version-history":[{"count":3,"href":"https:\/\/2024.fim-6days.com\/es\/wp-json\/wp\/v2\/posts\/50031\/revisions"}],"predecessor-version":[{"id":50036,"href":"https:\/\/2024.fim-6days.com\/es\/wp-json\/wp\/v2\/posts\/50031\/revisions\/50036"}],"wp:featuredmedia":[{"embeddable":true,"href":"https:\/\/2024.fim-6days.com\/es\/wp-json\/wp\/v2\/media\/49864"}],"wp:attachment":[{"href":"https:\/\/2024.fim-6days.com\/es\/wp-json\/wp\/v2\/media?parent=50031"}],"wp:term":[{"taxonomy":"category","embeddable":true,"href":"https:\/\/2024.fim-6days.com\/es\/wp-json\/wp\/v2\/categories?post=50031"},{"taxonomy":"post_tag","embeddable":true,"href":"https:\/\/2024.fim-6days.com\/es\/wp-json\/wp\/v2\/tags?post=50031"}],"curies":[{"name":"wp","href":"https:\/\/api.w.org\/{rel}","templated":true}]}}