{"id":49646,"date":"2024-04-16T15:22:11","date_gmt":"2024-04-16T13:22:11","guid":{"rendered":"https:\/\/2024.fim-6days.com\/6days-2024-fecha-y-lugar-confirmados\/"},"modified":"2024-04-16T15:23:20","modified_gmt":"2024-04-16T13:23:20","slug":"6days-2024-fecha-y-lugar-confirmados","status":"publish","type":"post","link":"https:\/\/2024.fim-6days.com\/es\/6days-2024-fecha-y-lugar-confirmados\/","title":{"rendered":"6DAYS\u00ae 2024 fecha y lugar confirmados"},"content":{"rendered":"<p><div class=\"fusion-fullwidth fullwidth-box fusion-builder-row-1 fusion-flex-container nonhundred-percent-fullwidth non-hundred-percent-height-scrolling\" style=\"--awb-border-radius-top-left:0px;--awb-border-radius-top-right:0px;--awb-border-radius-bottom-right:0px;--awb-border-radius-bottom-left:0px;--awb-padding-top:0px;--awb-padding-bottom:0px;--awb-flex-wrap:wrap;\" ><div class=\"fusion-builder-row fusion-row fusion-flex-align-items-flex-start fusion-flex-content-wrap\" style=\"max-width:1248px;margin-left: calc(-4% \/ 2 );margin-right: calc(-4% \/ 2 );\"><div class=\"fusion-layout-column fusion_builder_column fusion-builder-column-0 fusion_builder_column_1_1 1_1 fusion-flex-column\" style=\"--awb-padding-top:0px;--awb-padding-bottom:0px;--awb-bg-size:cover;--awb-width-large:100%;--awb-margin-top-large:0px;--awb-spacing-right-large:1.92%;--awb-margin-bottom-large:0px;--awb-spacing-left-large:1.92%;--awb-width-medium:100%;--awb-order-medium:0;--awb-spacing-right-medium:1.92%;--awb-spacing-left-medium:1.92%;--awb-width-small:100%;--awb-order-small:0;--awb-spacing-right-small:1.92%;--awb-spacing-left-small:1.92%;\"><div class=\"fusion-column-wrapper fusion-column-has-shadow fusion-flex-justify-content-flex-start fusion-content-layout-column\"><div class=\"fusion-text fusion-text-1\" style=\"--awb-text-transform:none;\"><p>La FIM se complace en anunciar que ya se ha confirmado la fecha y el lugar de celebraci\u00f3n de los Seis D\u00edas Internacionales de Enduro FIM (ISDE) de 2024. El evento se celebrar\u00e1 del <strong>14 al 19 de octubre en Silleda, Galicia, Espa\u00f1a<\/strong>. Aunque esta ser\u00e1 la primera vez que los ISDE se celebren en esta regi\u00f3n del noroeste de Espa\u00f1a, ser\u00e1 la quinta vez que la naci\u00f3n acoja el evento, con la edici\u00f3n m\u00e1s reciente en suelo espa\u00f1ol celebrada en 2016 en Navarra.<\/p>\n<p><strong>El Director de Enduro de la FIM, John Collins<\/strong>, acogi\u00f3 con satisfacci\u00f3n la noticia, diciendo: \u00ab<em>En nombre de la Comisi\u00f3n de Enduro de la FIM estoy encantado de poder confirmar que los Seis D\u00edas de Enduro Internacional de la FIM volver\u00e1n a Espa\u00f1a el pr\u00f3ximo a\u00f1o, como se anunci\u00f3 anteriormente, la naci\u00f3n tiene una larga asociaci\u00f3n con este deporte.<\/em> <em>Me gustar\u00eda agradecer a la RFME y a todos los implicados su amable cooperaci\u00f3n en este importante asunto.<\/em>\u00bb<\/p>\n<\/div><\/div><\/div><\/div><\/div><div class=\"fusion-fullwidth fullwidth-box fusion-builder-row-2 fusion-flex-container has-pattern-background has-mask-background nonhundred-percent-fullwidth non-hundred-percent-height-scrolling\" style=\"--awb-border-radius-top-left:0px;--awb-border-radius-top-right:0px;--awb-border-radius-bottom-right:0px;--awb-border-radius-bottom-left:0px;--awb-flex-wrap:wrap;\" ><div class=\"fusion-builder-row fusion-row fusion-flex-align-items-flex-start fusion-flex-content-wrap\" style=\"max-width:1248px;margin-left: calc(-4% \/ 2 );margin-right: calc(-4% \/ 2 );\"><div class=\"fusion-layout-column fusion_builder_column fusion-builder-column-1 fusion_builder_column_1_1 1_1 fusion-flex-column\" style=\"--awb-bg-size:cover;--awb-width-large:100%;--awb-margin-top-large:0px;--awb-spacing-right-large:1.92%;--awb-margin-bottom-large:20px;--awb-spacing-left-large:1.92%;--awb-width-medium:100%;--awb-order-medium:0;--awb-spacing-right-medium:1.92%;--awb-spacing-left-medium:1.92%;--awb-width-small:100%;--awb-order-small:0;--awb-spacing-right-small:1.92%;--awb-spacing-left-small:1.92%;\"><div class=\"fusion-column-wrapper fusion-column-has-shadow fusion-flex-justify-content-flex-start fusion-content-layout-column\"><div class=\"fusion-separator fusion-full-width-sep\" style=\"align-self: center;margin-left: auto;margin-right: auto;margin-bottom:20px;width:100%;\"><\/div>\n<\/div><\/div><\/div><\/div><\/p>\n","protected":false},"excerpt":{"rendered":"","protected":false},"author":14,"featured_media":49066,"comment_status":"closed","ping_status":"closed","sticky":false,"template":"","format":"standard","meta":{"inline_featured_image":false,"footnotes":""},"categories":[156,108],"tags":[],"class_list":["post-49646","post","type-post","status-publish","format-standard","has-post-thumbnail","hentry","category-antes-de-isde2024","category-news-es"],"yoast_head":"<!-- This site is optimized with the Yoast SEO plugin v25.6 - https:\/\/yoast.com\/wordpress\/plugins\/seo\/ -->\n<title>6DAYS\u00ae 2024 fecha y lugar confirmados - 2024 spain<\/title>\n<meta name=\"description\" content=\"The FIM is pleased to announce that the date and venue for the 2024 FIM International Six Days\u2019 Enduro (ISDE) has now been confirmed. The event will run from 14-19 October at Silleda in Galicia in Spain. While this will be the first time the ISDE has been held in this region of north-west Spain, it will be the fifth time the nation has hosted the event with the most recent edition on Spanish soil staged in 2016 in Navarre.\" \/>\n<meta name=\"robots\" content=\"index, follow, max-snippet:-1, max-image-preview:large, max-video-preview:-1\" \/>\n<link rel=\"canonical\" href=\"https:\/\/2024.fim-6days.com\/es\/6days-2024-fecha-y-lugar-confirmados\/\" \/>\n<meta property=\"og:locale\" content=\"es_ES\" \/>\n<meta property=\"og:type\" content=\"article\" \/>\n<meta property=\"og:title\" content=\"6DAYS\u00ae 2024 fecha y lugar confirmados - 2024 spain\" \/>\n<meta property=\"og:description\" content=\"The FIM is pleased to announce that the date and venue for the 2024 FIM International Six Days\u2019 Enduro (ISDE) has now been confirmed. The event will run from 14-19 October at Silleda in Galicia in Spain. While this will be the first time the ISDE has been held in this region of north-west Spain, it will be the fifth time the nation has hosted the event with the most recent edition on Spanish soil staged in 2016 in Navarre.\" \/>\n<meta property=\"og:url\" content=\"https:\/\/2024.fim-6days.com\/es\/6days-2024-fecha-y-lugar-confirmados\/\" \/>\n<meta property=\"og:site_name\" content=\"2024 spain\" \/>\n<meta property=\"article:publisher\" content=\"https:\/\/www.facebook.com\/FIMISDE\/\" \/>\n<meta property=\"article:published_time\" content=\"2024-04-16T13:22:11+00:00\" \/>\n<meta property=\"article:modified_time\" content=\"2024-04-16T13:23:20+00:00\" \/>\n<meta property=\"og:image\" content=\"https:\/\/2024.fim-6days.com\/wp-content\/uploads\/sites\/9\/2023\/11\/6DAYS\u00ae-Trophies.jpg\" \/>\n\t<meta property=\"og:image:width\" content=\"1920\" \/>\n\t<meta property=\"og:image:height\" content=\"1322\" \/>\n\t<meta property=\"og:image:type\" content=\"image\/jpeg\" \/>\n<meta name=\"author\" content=\"isalen\" \/>\n<meta name=\"twitter:card\" content=\"summary_large_image\" \/>\n<meta name=\"twitter:creator\" content=\"@fimisde\" \/>\n<meta name=\"twitter:site\" content=\"@fimisde\" \/>\n<meta name=\"twitter:label1\" content=\"Escrito por\" \/>\n\t<meta name=\"twitter:data1\" content=\"isalen\" \/>\n\t<meta name=\"twitter:label2\" content=\"Tiempo de lectura\" \/>\n\t<meta name=\"twitter:data2\" content=\"3 minutos\" \/>\n<script type=\"application\/ld+json\" class=\"yoast-schema-graph\">{\"@context\":\"https:\/\/schema.org\",\"@graph\":[{\"@type\":\"Article\",\"@id\":\"https:\/\/2024.fim-6days.com\/es\/6days-2024-fecha-y-lugar-confirmados\/#article\",\"isPartOf\":{\"@id\":\"https:\/\/2024.fim-6days.com\/es\/6days-2024-fecha-y-lugar-confirmados\/\"},\"author\":{\"name\":\"isalen\",\"@id\":\"https:\/\/2024.fim-6days.com\/#\/schema\/person\/fc80183700e96a22afb3f220ae03b32a\"},\"headline\":\"6DAYS\u00ae 2024 fecha y lugar confirmados\",\"datePublished\":\"2024-04-16T13:22:11+00:00\",\"dateModified\":\"2024-04-16T13:23:20+00:00\",\"mainEntityOfPage\":{\"@id\":\"https:\/\/2024.fim-6days.com\/es\/6days-2024-fecha-y-lugar-confirmados\/\"},\"wordCount\":1545,\"publisher\":{\"@id\":\"https:\/\/2024.fim-6days.com\/#organization\"},\"image\":{\"@id\":\"https:\/\/2024.fim-6days.com\/es\/6days-2024-fecha-y-lugar-confirmados\/#primaryimage\"},\"thumbnailUrl\":\"https:\/\/2024.fim-6days.com\/wp-content\/uploads\/sites\/9\/2023\/11\/6DAYS\u00ae-Trophies.jpg\",\"articleSection\":[\"Antes de ISDE2024\",\"Noticias\"],\"inLanguage\":\"es\"},{\"@type\":\"WebPage\",\"@id\":\"https:\/\/2024.fim-6days.com\/es\/6days-2024-fecha-y-lugar-confirmados\/\",\"url\":\"https:\/\/2024.fim-6days.com\/es\/6days-2024-fecha-y-lugar-confirmados\/\",\"name\":\"6DAYS\u00ae 2024 fecha y lugar confirmados - 2024 spain\",\"isPartOf\":{\"@id\":\"https:\/\/2024.fim-6days.com\/#website\"},\"primaryImageOfPage\":{\"@id\":\"https:\/\/2024.fim-6days.com\/es\/6days-2024-fecha-y-lugar-confirmados\/#primaryimage\"},\"image\":{\"@id\":\"https:\/\/2024.fim-6days.com\/es\/6days-2024-fecha-y-lugar-confirmados\/#primaryimage\"},\"thumbnailUrl\":\"https:\/\/2024.fim-6days.com\/wp-content\/uploads\/sites\/9\/2023\/11\/6DAYS\u00ae-Trophies.jpg\",\"datePublished\":\"2024-04-16T13:22:11+00:00\",\"dateModified\":\"2024-04-16T13:23:20+00:00\",\"description\":\"The FIM is pleased to announce that the date and venue for the 2024 FIM International Six Days\u2019 Enduro (ISDE) has now been confirmed. The event will run from 14-19 October at Silleda in Galicia in Spain. While this will be the first time the ISDE has been held in this region of north-west Spain, it will be the fifth time the nation has hosted the event with the most recent edition on Spanish soil staged in 2016 in Navarre.\",\"breadcrumb\":{\"@id\":\"https:\/\/2024.fim-6days.com\/es\/6days-2024-fecha-y-lugar-confirmados\/#breadcrumb\"},\"inLanguage\":\"es\",\"potentialAction\":[{\"@type\":\"ReadAction\",\"target\":[\"https:\/\/2024.fim-6days.com\/es\/6days-2024-fecha-y-lugar-confirmados\/\"]}]},{\"@type\":\"ImageObject\",\"inLanguage\":\"es\",\"@id\":\"https:\/\/2024.fim-6days.com\/es\/6days-2024-fecha-y-lugar-confirmados\/#primaryimage\",\"url\":\"https:\/\/2024.fim-6days.com\/wp-content\/uploads\/sites\/9\/2023\/11\/6DAYS\u00ae-Trophies.jpg\",\"contentUrl\":\"https:\/\/2024.fim-6days.com\/wp-content\/uploads\/sites\/9\/2023\/11\/6DAYS\u00ae-Trophies.jpg\",\"width\":1920,\"height\":1322,\"caption\":\"FIM International Six Days' Enduro - 97th Edition - San Juan (Argentina) - Day6, 11 November.\"},{\"@type\":\"BreadcrumbList\",\"@id\":\"https:\/\/2024.fim-6days.com\/es\/6days-2024-fecha-y-lugar-confirmados\/#breadcrumb\",\"itemListElement\":[{\"@type\":\"ListItem\",\"position\":1,\"name\":\"Home\",\"item\":\"https:\/\/2024.fim-6days.com\/es\/\"},{\"@type\":\"ListItem\",\"position\":2,\"name\":\"6DAYS\u00ae 2024 fecha y lugar confirmados\"}]},{\"@type\":\"WebSite\",\"@id\":\"https:\/\/2024.fim-6days.com\/#website\",\"url\":\"https:\/\/2024.fim-6days.com\/\",\"name\":\"FIM ISDE 2021\",\"description\":\"FIM ISDE Official website\",\"publisher\":{\"@id\":\"https:\/\/2024.fim-6days.com\/#organization\"},\"potentialAction\":[{\"@type\":\"SearchAction\",\"target\":{\"@type\":\"EntryPoint\",\"urlTemplate\":\"https:\/\/2024.fim-6days.com\/?s={search_term_string}\"},\"query-input\":{\"@type\":\"PropertyValueSpecification\",\"valueRequired\":true,\"valueName\":\"search_term_string\"}}],\"inLanguage\":\"es\"},{\"@type\":\"Organization\",\"@id\":\"https:\/\/2024.fim-6days.com\/#organization\",\"name\":\"FIM - F\u00e9d\u00e9ration Internationale de Motocyclisme\",\"url\":\"https:\/\/2024.fim-6days.com\/\",\"logo\":{\"@type\":\"ImageObject\",\"inLanguage\":\"es\",\"@id\":\"https:\/\/2024.fim-6days.com\/#\/schema\/logo\/image\/\",\"url\":\"https:\/\/2024.fim-6days.com\/wp-content\/uploads\/sites\/9\/2019\/07\/LogoFIM-CMYK.png\",\"contentUrl\":\"https:\/\/2024.fim-6days.com\/wp-content\/uploads\/sites\/9\/2019\/07\/LogoFIM-CMYK.png\",\"width\":2608,\"height\":1833,\"caption\":\"FIM - F\u00e9d\u00e9ration Internationale de Motocyclisme\"},\"image\":{\"@id\":\"https:\/\/2024.fim-6days.com\/#\/schema\/logo\/image\/\"},\"sameAs\":[\"https:\/\/www.facebook.com\/FIMISDE\/\",\"https:\/\/x.com\/fimisde\",\"https:\/\/www.instagram.com\/fim_isde\/\"]},{\"@type\":\"Person\",\"@id\":\"https:\/\/2024.fim-6days.com\/#\/schema\/person\/fc80183700e96a22afb3f220ae03b32a\",\"name\":\"isalen\",\"image\":{\"@type\":\"ImageObject\",\"inLanguage\":\"es\",\"@id\":\"https:\/\/2024.fim-6days.com\/#\/schema\/person\/image\/\",\"url\":\"https:\/\/secure.gravatar.com\/avatar\/b498bfa446460353cfcc6e023d9c28e3e84ef3798b7f90c38b5d03254eed1837?s=96&d=mm&r=g\",\"contentUrl\":\"https:\/\/secure.gravatar.com\/avatar\/b498bfa446460353cfcc6e023d9c28e3e84ef3798b7f90c38b5d03254eed1837?s=96&d=mm&r=g\",\"caption\":\"isalen\"},\"url\":\"https:\/\/2024.fim-6days.com\/es\/author\/isalen\/\"}]}<\/script>\n<!-- \/ Yoast SEO plugin. -->","yoast_head_json":{"title":"6DAYS\u00ae 2024 fecha y lugar confirmados - 2024 spain","description":"The FIM is pleased to announce that the date and venue for the 2024 FIM International Six Days\u2019 Enduro (ISDE) has now been confirmed. The event will run from 14-19 October at Silleda in Galicia in Spain. While this will be the first time the ISDE has been held in this region of north-west Spain, it will be the fifth time the nation has hosted the event with the most recent edition on Spanish soil staged in 2016 in Navarre.","robots":{"index":"index","follow":"follow","max-snippet":"max-snippet:-1","max-image-preview":"max-image-preview:large","max-video-preview":"max-video-preview:-1"},"canonical":"https:\/\/2024.fim-6days.com\/es\/6days-2024-fecha-y-lugar-confirmados\/","og_locale":"es_ES","og_type":"article","og_title":"6DAYS\u00ae 2024 fecha y lugar confirmados - 2024 spain","og_description":"The FIM is pleased to announce that the date and venue for the 2024 FIM International Six Days\u2019 Enduro (ISDE) has now been confirmed. The event will run from 14-19 October at Silleda in Galicia in Spain. While this will be the first time the ISDE has been held in this region of north-west Spain, it will be the fifth time the nation has hosted the event with the most recent edition on Spanish soil staged in 2016 in Navarre.","og_url":"https:\/\/2024.fim-6days.com\/es\/6days-2024-fecha-y-lugar-confirmados\/","og_site_name":"2024 spain","article_publisher":"https:\/\/www.facebook.com\/FIMISDE\/","article_published_time":"2024-04-16T13:22:11+00:00","article_modified_time":"2024-04-16T13:23:20+00:00","og_image":[{"width":1920,"height":1322,"url":"https:\/\/2024.fim-6days.com\/wp-content\/uploads\/sites\/9\/2023\/11\/6DAYS\u00ae-Trophies.jpg","type":"image\/jpeg"}],"author":"isalen","twitter_card":"summary_large_image","twitter_creator":"@fimisde","twitter_site":"@fimisde","twitter_misc":{"Escrito por":"isalen","Tiempo de lectura":"3 minutos"},"schema":{"@context":"https:\/\/schema.org","@graph":[{"@type":"Article","@id":"https:\/\/2024.fim-6days.com\/es\/6days-2024-fecha-y-lugar-confirmados\/#article","isPartOf":{"@id":"https:\/\/2024.fim-6days.com\/es\/6days-2024-fecha-y-lugar-confirmados\/"},"author":{"name":"isalen","@id":"https:\/\/2024.fim-6days.com\/#\/schema\/person\/fc80183700e96a22afb3f220ae03b32a"},"headline":"6DAYS\u00ae 2024 fecha y lugar confirmados","datePublished":"2024-04-16T13:22:11+00:00","dateModified":"2024-04-16T13:23:20+00:00","mainEntityOfPage":{"@id":"https:\/\/2024.fim-6days.com\/es\/6days-2024-fecha-y-lugar-confirmados\/"},"wordCount":1545,"publisher":{"@id":"https:\/\/2024.fim-6days.com\/#organization"},"image":{"@id":"https:\/\/2024.fim-6days.com\/es\/6days-2024-fecha-y-lugar-confirmados\/#primaryimage"},"thumbnailUrl":"https:\/\/2024.fim-6days.com\/wp-content\/uploads\/sites\/9\/2023\/11\/6DAYS\u00ae-Trophies.jpg","articleSection":["Antes de ISDE2024","Noticias"],"inLanguage":"es"},{"@type":"WebPage","@id":"https:\/\/2024.fim-6days.com\/es\/6days-2024-fecha-y-lugar-confirmados\/","url":"https:\/\/2024.fim-6days.com\/es\/6days-2024-fecha-y-lugar-confirmados\/","name":"6DAYS\u00ae 2024 fecha y lugar confirmados - 2024 spain","isPartOf":{"@id":"https:\/\/2024.fim-6days.com\/#website"},"primaryImageOfPage":{"@id":"https:\/\/2024.fim-6days.com\/es\/6days-2024-fecha-y-lugar-confirmados\/#primaryimage"},"image":{"@id":"https:\/\/2024.fim-6days.com\/es\/6days-2024-fecha-y-lugar-confirmados\/#primaryimage"},"thumbnailUrl":"https:\/\/2024.fim-6days.com\/wp-content\/uploads\/sites\/9\/2023\/11\/6DAYS\u00ae-Trophies.jpg","datePublished":"2024-04-16T13:22:11+00:00","dateModified":"2024-04-16T13:23:20+00:00","description":"The FIM is pleased to announce that the date and venue for the 2024 FIM International Six Days\u2019 Enduro (ISDE) has now been confirmed. The event will run from 14-19 October at Silleda in Galicia in Spain. While this will be the first time the ISDE has been held in this region of north-west Spain, it will be the fifth time the nation has hosted the event with the most recent edition on Spanish soil staged in 2016 in Navarre.","breadcrumb":{"@id":"https:\/\/2024.fim-6days.com\/es\/6days-2024-fecha-y-lugar-confirmados\/#breadcrumb"},"inLanguage":"es","potentialAction":[{"@type":"ReadAction","target":["https:\/\/2024.fim-6days.com\/es\/6days-2024-fecha-y-lugar-confirmados\/"]}]},{"@type":"ImageObject","inLanguage":"es","@id":"https:\/\/2024.fim-6days.com\/es\/6days-2024-fecha-y-lugar-confirmados\/#primaryimage","url":"https:\/\/2024.fim-6days.com\/wp-content\/uploads\/sites\/9\/2023\/11\/6DAYS\u00ae-Trophies.jpg","contentUrl":"https:\/\/2024.fim-6days.com\/wp-content\/uploads\/sites\/9\/2023\/11\/6DAYS\u00ae-Trophies.jpg","width":1920,"height":1322,"caption":"FIM International Six Days' Enduro - 97th Edition - San Juan (Argentina) - Day6, 11 November."},{"@type":"BreadcrumbList","@id":"https:\/\/2024.fim-6days.com\/es\/6days-2024-fecha-y-lugar-confirmados\/#breadcrumb","itemListElement":[{"@type":"ListItem","position":1,"name":"Home","item":"https:\/\/2024.fim-6days.com\/es\/"},{"@type":"ListItem","position":2,"name":"6DAYS\u00ae 2024 fecha y lugar confirmados"}]},{"@type":"WebSite","@id":"https:\/\/2024.fim-6days.com\/#website","url":"https:\/\/2024.fim-6days.com\/","name":"FIM ISDE 2021","description":"FIM ISDE Official website","publisher":{"@id":"https:\/\/2024.fim-6days.com\/#organization"},"potentialAction":[{"@type":"SearchAction","target":{"@type":"EntryPoint","urlTemplate":"https:\/\/2024.fim-6days.com\/?s={search_term_string}"},"query-input":{"@type":"PropertyValueSpecification","valueRequired":true,"valueName":"search_term_string"}}],"inLanguage":"es"},{"@type":"Organization","@id":"https:\/\/2024.fim-6days.com\/#organization","name":"FIM - F\u00e9d\u00e9ration Internationale de Motocyclisme","url":"https:\/\/2024.fim-6days.com\/","logo":{"@type":"ImageObject","inLanguage":"es","@id":"https:\/\/2024.fim-6days.com\/#\/schema\/logo\/image\/","url":"https:\/\/2024.fim-6days.com\/wp-content\/uploads\/sites\/9\/2019\/07\/LogoFIM-CMYK.png","contentUrl":"https:\/\/2024.fim-6days.com\/wp-content\/uploads\/sites\/9\/2019\/07\/LogoFIM-CMYK.png","width":2608,"height":1833,"caption":"FIM - F\u00e9d\u00e9ration Internationale de Motocyclisme"},"image":{"@id":"https:\/\/2024.fim-6days.com\/#\/schema\/logo\/image\/"},"sameAs":["https:\/\/www.facebook.com\/FIMISDE\/","https:\/\/x.com\/fimisde","https:\/\/www.instagram.com\/fim_isde\/"]},{"@type":"Person","@id":"https:\/\/2024.fim-6days.com\/#\/schema\/person\/fc80183700e96a22afb3f220ae03b32a","name":"isalen","image":{"@type":"ImageObject","inLanguage":"es","@id":"https:\/\/2024.fim-6days.com\/#\/schema\/person\/image\/","url":"https:\/\/secure.gravatar.com\/avatar\/b498bfa446460353cfcc6e023d9c28e3e84ef3798b7f90c38b5d03254eed1837?s=96&d=mm&r=g","contentUrl":"https:\/\/secure.gravatar.com\/avatar\/b498bfa446460353cfcc6e023d9c28e3e84ef3798b7f90c38b5d03254eed1837?s=96&d=mm&r=g","caption":"isalen"},"url":"https:\/\/2024.fim-6days.com\/es\/author\/isalen\/"}]}},"_links":{"self":[{"href":"https:\/\/2024.fim-6days.com\/es\/wp-json\/wp\/v2\/posts\/49646","targetHints":{"allow":["GET"]}}],"collection":[{"href":"https:\/\/2024.fim-6days.com\/es\/wp-json\/wp\/v2\/posts"}],"about":[{"href":"https:\/\/2024.fim-6days.com\/es\/wp-json\/wp\/v2\/types\/post"}],"author":[{"embeddable":true,"href":"https:\/\/2024.fim-6days.com\/es\/wp-json\/wp\/v2\/users\/14"}],"replies":[{"embeddable":true,"href":"https:\/\/2024.fim-6days.com\/es\/wp-json\/wp\/v2\/comments?post=49646"}],"version-history":[{"count":1,"href":"https:\/\/2024.fim-6days.com\/es\/wp-json\/wp\/v2\/posts\/49646\/revisions"}],"predecessor-version":[{"id":49647,"href":"https:\/\/2024.fim-6days.com\/es\/wp-json\/wp\/v2\/posts\/49646\/revisions\/49647"}],"wp:featuredmedia":[{"embeddable":true,"href":"https:\/\/2024.fim-6days.com\/es\/wp-json\/wp\/v2\/media\/49066"}],"wp:attachment":[{"href":"https:\/\/2024.fim-6days.com\/es\/wp-json\/wp\/v2\/media?parent=49646"}],"wp:term":[{"taxonomy":"category","embeddable":true,"href":"https:\/\/2024.fim-6days.com\/es\/wp-json\/wp\/v2\/categories?post=49646"},{"taxonomy":"post_tag","embeddable":true,"href":"https:\/\/2024.fim-6days.com\/es\/wp-json\/wp\/v2\/tags?post=49646"}],"curies":[{"name":"wp","href":"https:\/\/api.w.org\/{rel}","templated":true}]}}