{"id":49424,"date":"2024-04-05T09:43:39","date_gmt":"2024-04-05T07:43:39","guid":{"rendered":"https:\/\/2024.fim-6days.com\/touristics-attractions\/"},"modified":"2024-04-05T11:31:52","modified_gmt":"2024-04-05T09:31:52","slug":"touristics-attractions","status":"publish","type":"post","link":"https:\/\/2024.fim-6days.com\/es\/touristics-attractions\/","title":{"rendered":"Atracciones tur\u00edsticas"},"content":{"rendered":"<p><div class=\"fusion-fullwidth fullwidth-box fusion-builder-row-1 fusion-flex-container has-pattern-background has-mask-background nonhundred-percent-fullwidth non-hundred-percent-height-scrolling\" style=\"--awb-border-radius-top-left:0px;--awb-border-radius-top-right:0px;--awb-border-radius-bottom-right:0px;--awb-border-radius-bottom-left:0px;--awb-flex-wrap:wrap;\" ><div class=\"fusion-builder-row fusion-row fusion-flex-align-items-flex-start fusion-flex-content-wrap\" style=\"max-width:1248px;margin-left: calc(-4% \/ 2 );margin-right: calc(-4% \/ 2 );\"><div class=\"fusion-layout-column fusion_builder_column fusion-builder-column-0 fusion_builder_column_1_1 1_1 fusion-flex-column\" style=\"--awb-bg-size:cover;--awb-width-large:100%;--awb-margin-top-large:0px;--awb-spacing-right-large:1.92%;--awb-margin-bottom-large:20px;--awb-spacing-left-large:1.92%;--awb-width-medium:100%;--awb-order-medium:0;--awb-spacing-right-medium:1.92%;--awb-spacing-left-medium:1.92%;--awb-width-small:100%;--awb-order-small:0;--awb-spacing-right-small:1.92%;--awb-spacing-left-small:1.92%;\"><div class=\"fusion-column-wrapper fusion-column-has-shadow fusion-flex-justify-content-flex-start fusion-content-layout-column\"><div class=\"fusion-text fusion-text-1\"><h2><strong><em>Tierras de Compostela: Donde se encuentran los caminos<\/em><\/strong><\/h2>\n<\/div><div class=\"fusion-text fusion-text-2\"><p><em>La Catedral se erige como el epicentro de Santiago, una monumental edificaci\u00f3n cristiana que data del siglo XIII, situada en la Plaza del Obradoiro. Esta gran estructura, elaborada enteramente en granito, ejemplifica la arquitectura rom\u00e1nica con toques de influencias g\u00f3ticas y barrocas. Sirviendo como la piedra inaugural para la construcci\u00f3n de la monumental ciudad, Santiago de Compostela, surgi\u00f3 de un bosque sagrado en el borde del mundo con la aspiraci\u00f3n de convertirse en una Ciudad Santa y un Sitio del Patrimonio Mundial de la UNESCO.<\/em><\/p>\n<p><em><br \/>\nLa g\u00e9nesis de la Catedral, seg\u00fan la leyenda, se remonta a su identificaci\u00f3n como el lugar de descanso de los restos del Ap\u00f3stol Santiago. A partir de este descubrimiento crucial, comenz\u00f3 la construcci\u00f3n de la catedral, catalizando su transformaci\u00f3n en un punto focal de peregrinaci\u00f3n en la Europa medieval a lo largo del renombrado Camino de Santiago. Esta venerada ruta sirvi\u00f3 como un conducto sagrado que conectaba la Pen\u00ednsula Ib\u00e9rica con el continente, un legado que perdura hasta nuestros d\u00edas, convirti\u00e9ndola en uno de los principales lugares de peregrinaci\u00f3n cristiana a nivel mundial.<\/em><\/p>\n<p><em><br \/>\nLa Catedral trasciende la mera importancia arquitect\u00f3nica, presumiendo de \u00e1reas de inter\u00e9s distintas como el Portico de la Gloria, las fachadas ornamentadas que adornan su exterior y las numerosas capillas ubicadas dentro de sus paredes, culminando en el Santo Sepulcro del Ap\u00f3stol Santiago. Sin embargo, la joya de la corona sigue siendo el Botafumeiro, un incensario colosal utilizado durante siglos para impregnar la Catedral con el aroma del incienso, impulsado por un sistema de poleas durante servicios especiales.<\/em><\/p>\n<p>Esta catedral tambi\u00e9n alberga una celebraci\u00f3n crucial en Galicia: el Xacobeo. Que ocurre durante los a\u00f1os en que el 25 de julio, la festividad de Santiago Ap\u00f3stol, cae en domingo, el A\u00f1o Santo Jacobeo, tambi\u00e9n conocido como A\u00f1o Santo de Compostela o simplemente Xacobeo, es un jubileo cat\u00f3lico celebrado en Santiago de Compostela. El pr\u00f3ximo Xacobeo previsto ser\u00e1 en 2027, de acuerdo con la tradici\u00f3n.<\/p>\n<\/div><\/div><\/div><\/div><\/div><div class=\"fusion-fullwidth fullwidth-box fusion-builder-row-2 fusion-flex-container has-pattern-background has-mask-background nonhundred-percent-fullwidth non-hundred-percent-height-scrolling\" style=\"--awb-border-radius-top-left:0px;--awb-border-radius-top-right:0px;--awb-border-radius-bottom-right:0px;--awb-border-radius-bottom-left:0px;--awb-flex-wrap:wrap;\" ><div class=\"fusion-builder-row fusion-row fusion-flex-align-items-flex-start fusion-flex-content-wrap\" style=\"max-width:1248px;margin-left: calc(-4% \/ 2 );margin-right: calc(-4% \/ 2 );\"><div class=\"fusion-layout-column fusion_builder_column fusion-builder-column-1 fusion_builder_column_1_1 1_1 fusion-flex-column\" style=\"--awb-bg-size:cover;--awb-width-large:100%;--awb-margin-top-large:0px;--awb-spacing-right-large:1.92%;--awb-margin-bottom-large:20px;--awb-spacing-left-large:1.92%;--awb-width-medium:100%;--awb-order-medium:0;--awb-spacing-right-medium:1.92%;--awb-spacing-left-medium:1.92%;--awb-width-small:100%;--awb-order-small:0;--awb-spacing-right-small:1.92%;--awb-spacing-left-small:1.92%;\"><div class=\"fusion-column-wrapper fusion-column-has-shadow fusion-flex-justify-content-flex-start fusion-content-layout-column\"><div class=\"fusion-text fusion-text-3\"><h2><strong>Plaza del Obradoiro<\/strong><\/h2>\n<\/div><div class=\"fusion-text fusion-text-4\"><p><em>La Plaza del Obradoiro sirve como el bullicioso n\u00facleo de la ciudad, donde los peregrinos culminan su viaje a lo largo del Camino de Santiago. Tambi\u00e9n es el lugar para la inauguraci\u00f3n del NOCO ISDE Galicia 2024. Estructuras emblem\u00e1ticas como el Palacio de Rajoy, el Hotel de los Reyes Cat\u00f3licos, el Colegio de San Jer\u00f3nimo y la propia Catedral de Santiago de Compostela adornan esta plaza.<\/em><\/p>\n<\/div><\/div><\/div><\/div><\/div><div class=\"fusion-fullwidth fullwidth-box fusion-builder-row-3 fusion-flex-container has-pattern-background has-mask-background nonhundred-percent-fullwidth non-hundred-percent-height-scrolling\" style=\"--awb-border-radius-top-left:0px;--awb-border-radius-top-right:0px;--awb-border-radius-bottom-right:0px;--awb-border-radius-bottom-left:0px;--awb-flex-wrap:wrap;\" ><div class=\"fusion-builder-row fusion-row fusion-flex-align-items-flex-start fusion-flex-content-wrap\" style=\"max-width:1248px;margin-left: calc(-4% \/ 2 );margin-right: calc(-4% \/ 2 );\"><div class=\"fusion-layout-column fusion_builder_column fusion-builder-column-2 fusion_builder_column_1_1 1_1 fusion-flex-column\" style=\"--awb-bg-size:cover;--awb-width-large:100%;--awb-margin-top-large:0px;--awb-spacing-right-large:1.92%;--awb-margin-bottom-large:20px;--awb-spacing-left-large:1.92%;--awb-width-medium:100%;--awb-order-medium:0;--awb-spacing-right-medium:1.92%;--awb-spacing-left-medium:1.92%;--awb-width-small:100%;--awb-order-small:0;--awb-spacing-right-small:1.92%;--awb-spacing-left-small:1.92%;\"><div class=\"fusion-column-wrapper fusion-column-has-shadow fusion-flex-justify-content-flex-start fusion-content-layout-column\"><div class=\"fusion-text fusion-text-5\"><h2><strong><em>Parque de la Alameda<\/em><\/strong><\/h2>\n<\/div><div class=\"fusion-text fusion-text-6\"><p><em>El Parque de la Alameda se erige como el punto de encuentro principal para paseos y actividades recreativas para los habitantes de Santiago de Compostela. Consta de tres secciones distintas: el Paseo de la Alameda, el Robledal de Santa Susana y el Paseo de la Herradura. Renombrado por la diversidad y grandeza de sus \u00e1rboles y especies ornamentales, ha ganado su estatus como el jard\u00edn urbano principal.<\/em><\/p>\n<\/div><\/div><\/div><\/div><\/div><div class=\"fusion-fullwidth fullwidth-box fusion-builder-row-4 fusion-flex-container has-pattern-background has-mask-background nonhundred-percent-fullwidth non-hundred-percent-height-scrolling\" style=\"--awb-border-radius-top-left:0px;--awb-border-radius-top-right:0px;--awb-border-radius-bottom-right:0px;--awb-border-radius-bottom-left:0px;--awb-flex-wrap:wrap;\" ><div class=\"fusion-builder-row fusion-row fusion-flex-align-items-flex-start fusion-flex-content-wrap\" style=\"max-width:1248px;margin-left: calc(-4% \/ 2 );margin-right: calc(-4% \/ 2 );\"><div class=\"fusion-layout-column fusion_builder_column fusion-builder-column-3 fusion_builder_column_1_1 1_1 fusion-flex-column\" style=\"--awb-bg-size:cover;--awb-width-large:100%;--awb-margin-top-large:0px;--awb-spacing-right-large:1.92%;--awb-margin-bottom-large:20px;--awb-spacing-left-large:1.92%;--awb-width-medium:100%;--awb-order-medium:0;--awb-spacing-right-medium:1.92%;--awb-spacing-left-medium:1.92%;--awb-width-small:100%;--awb-order-small:0;--awb-spacing-right-small:1.92%;--awb-spacing-left-small:1.92%;\"><div class=\"fusion-column-wrapper fusion-column-has-shadow fusion-flex-justify-content-flex-start fusion-content-layout-column\"><div class=\"fusion-text fusion-text-7\"><h2><strong><em>Centro Hist\u00f3rico de la Ciudad<\/em><\/strong><\/h2>\n<\/div><div class=\"fusion-text fusion-text-8\"><p><em>El centro hist\u00f3rico de la ciudad se erige como un monumento vivo, con sus calles laber\u00ednticas invitando a la exploraci\u00f3n y celebraci\u00f3n tanto del esplendor arquitect\u00f3nico como de la gastronom\u00eda local. Sirve como el lugar quintesencial para comprender y saborear la cultura gallega. Las calles prominentes incluyen la R\u00faa de San Pedro, la puerta de entrada para los peregrinos que llegan a la ciudad a trav\u00e9s de las rutas francesa, primitiva o del norte del Camino de Santiago; la R\u00faa do Franco y la R\u00faa da Rai\u00f1a, hogar de algunos de los restaurantes m\u00e1s conocidos de la ciudad; y la R\u00faa do Preguntoiro y la R\u00faa Nova, distinguidas por sus teatros y boutiques. Adem\u00e1s, varias plazas, incluyendo la Plaza de la Quintana, la Plaza de Fonseca y la Plaza de Mazarelos, destacan por su belleza y vitalidad, agregando vitalidad al paisaje urbano.<\/em><\/p>\n<\/div><\/div><\/div><\/div><\/div><div class=\"fusion-fullwidth fullwidth-box fusion-builder-row-5 fusion-flex-container has-pattern-background has-mask-background nonhundred-percent-fullwidth non-hundred-percent-height-scrolling\" style=\"--awb-border-radius-top-left:0px;--awb-border-radius-top-right:0px;--awb-border-radius-bottom-right:0px;--awb-border-radius-bottom-left:0px;--awb-flex-wrap:wrap;\" ><div class=\"fusion-builder-row fusion-row fusion-flex-align-items-flex-start fusion-flex-content-wrap\" style=\"max-width:1248px;margin-left: calc(-4% \/ 2 );margin-right: calc(-4% \/ 2 );\"><div class=\"fusion-layout-column fusion_builder_column fusion-builder-column-4 fusion_builder_column_1_1 1_1 fusion-flex-column\" style=\"--awb-bg-size:cover;--awb-width-large:100%;--awb-margin-top-large:0px;--awb-spacing-right-large:1.92%;--awb-margin-bottom-large:20px;--awb-spacing-left-large:1.92%;--awb-width-medium:100%;--awb-order-medium:0;--awb-spacing-right-medium:1.92%;--awb-spacing-left-medium:1.92%;--awb-width-small:100%;--awb-order-small:0;--awb-spacing-right-small:1.92%;--awb-spacing-left-small:1.92%;\"><div class=\"fusion-column-wrapper fusion-column-has-shadow fusion-flex-justify-content-flex-start fusion-content-layout-column\"><div class=\"fusion-text fusion-text-9\"><h2><strong>Comarca de Deza<\/strong><\/h2>\n<\/div><div class=\"fusion-text fusion-text-10\"><p><em>Silleda, ubicada cerca de Santiago de Compostela en la regi\u00f3n de Deza, sirve como el epicentro del NOCO ISDE Galicia 2024, junto con las ciudades de A Estrada, O Irixo y Lal\u00edn, donde se llevar\u00e1n a cabo diversas pruebas de competici\u00f3n. Las afueras de la regi\u00f3n de Deza, delimitando Silleda, cuentan con atracciones cautivadoras como el \u00c1rea del Puente Medieval de Taboada, los alrededores del Monasterio de Carboeiro, la Cascada de Toxa y la confluencia del r\u00edo Deza y el r\u00edo Ulla en la parroquia de Cira. Adem\u00e1s, los alrededores del pueblo ofrecen una pl\u00e9tora de mansiones se\u00f1oriales y casas solariegas para explorar, otorgando a Silleda un atractivo distintivo. Cabe destacar que el pueblo es famoso por su gran recinto ferial que acoge exposiciones internacionales como el NOCO ISDE Galicia 2024 y la Semana Verde, poniendo de relieve las ferias agr\u00edcolas y ganaderas m\u00e1s importantes de la regi\u00f3n.<\/em><\/p>\n<p>Lal\u00edn, ubicada en el coraz\u00f3n de Galicia, atrae con su rica herencia arqueol\u00f3gica y etnogr\u00e1fica, enclavada en medio de exuberantes bosques y paisajes verdes. Con una deliciosa cocina tradicional encabezada por su famoso \u00abcocido\u00bb, Lal\u00edn tambi\u00e9n cuenta con una de las mayores concentraciones de castros celtas en Galicia, que comprende 107 asentamientos fortificados y 31 sitios catalogados. La regi\u00f3n de Deza tambi\u00e9n est\u00e1 repleta de bosques id\u00edlicos y diversas mansiones y monasterios, incluyendo el Santuario de Santa Mar\u00eda de Aguasantas, la Iglesia de San Xo\u00e1n de Cerdedo y la Cruz e Iglesia de Carballedo en Cotobade. Atracciones naturales destacadas incluyen la impresionante Fraga de Catas\u00f3s y el Sobreiral do Arnego, mientras que miradores modernos como el de San Xusto en la parroquia de San Xurxo de Sacos ofrecen vistas panor\u00e1micas del Valle del L\u00e9rez y la cascada del Rego da Barranqueira de Lix\u00f3.<\/p>\n<p>&nbsp;<\/p>\n<\/div><\/div><\/div><\/div><\/div><div class=\"fusion-fullwidth fullwidth-box fusion-builder-row-6 fusion-flex-container has-pattern-background has-mask-background nonhundred-percent-fullwidth non-hundred-percent-height-scrolling\" style=\"--awb-border-radius-top-left:0px;--awb-border-radius-top-right:0px;--awb-border-radius-bottom-right:0px;--awb-border-radius-bottom-left:0px;--awb-flex-wrap:wrap;\" ><div class=\"fusion-builder-row fusion-row fusion-flex-align-items-flex-start fusion-flex-content-wrap\" style=\"max-width:1248px;margin-left: calc(-4% \/ 2 );margin-right: calc(-4% \/ 2 );\"><div class=\"fusion-layout-column fusion_builder_column fusion-builder-column-5 fusion_builder_column_1_1 1_1 fusion-flex-column\" style=\"--awb-bg-size:cover;--awb-width-large:100%;--awb-margin-top-large:0px;--awb-spacing-right-large:1.92%;--awb-margin-bottom-large:20px;--awb-spacing-left-large:1.92%;--awb-width-medium:100%;--awb-order-medium:0;--awb-spacing-right-medium:1.92%;--awb-spacing-left-medium:1.92%;--awb-width-small:100%;--awb-order-small:0;--awb-spacing-right-small:1.92%;--awb-spacing-left-small:1.92%;\"><div class=\"fusion-column-wrapper fusion-column-has-shadow fusion-flex-justify-content-flex-start fusion-content-layout-column\"><div class=\"fusion-text fusion-text-11\"><h2><strong>Tabeir\u00f3s\u00a0&#8211; Terra de Montes<\/strong><\/h2>\n<\/div><div class=\"fusion-text fusion-text-12\"><p><em>M\u00e1s all\u00e1 de las maravillas ocultas de Silleda se encuentran numerosas atracciones en la regi\u00f3n de Tabeir\u00f3s-Terra de Montes. Elev\u00e1ndose a m\u00e1s de 1000 metros sobre el nivel del mar, la Serra do Cand\u00e1n, ubicada no muy lejos de Pontevedra y a\u00fan m\u00e1s cerca de Lal\u00edn y A Estrada, abarca vastas extensiones de matorral, prados y robledales. Un verdadero tesoro de esplendor natural, A Estrada cautiva con sus iglesias rom\u00e1nticas, mansiones expansivas y vibrantes festivales culturales como A Rapa das Bestas. El Pazo de Oca, un palacio del siglo XVII ubicado dentro de A Estrada, ofrece a los visitantes un vistazo a una era pasada con sus interiores opulentos, jardines ornamentados y pintorescos estanques.<\/em><\/p>\n<p>&nbsp;<\/p>\n<p><em>O Irixo, situado cerca de la Serra de Cand\u00e1n en Ourense, irradia encanto r\u00fastico, con sus valles verdes y densos bosques. <\/em><em>Hogar de restos medievales y un rico patrimonio religioso, O Irixo sirve como testamento de la rica tapicer\u00eda cultural de Galicia. Muros, Noia y Porto do Son, bordeando el tranquilo estuario, llevan a los visitantes a un reino de encanto medieval, con sus cascos hist\u00f3ricos repletos de arquitectura emblem\u00e1tica y patrimonio mar\u00edtimo.<\/em><\/p>\n<p>&nbsp;<\/p>\n<p>&nbsp;<\/p>\n<\/div><\/div><\/div><\/div><\/div><div class=\"fusion-fullwidth fullwidth-box fusion-builder-row-7 fusion-flex-container has-pattern-background has-mask-background nonhundred-percent-fullwidth non-hundred-percent-height-scrolling\" style=\"--awb-border-radius-top-left:0px;--awb-border-radius-top-right:0px;--awb-border-radius-bottom-right:0px;--awb-border-radius-bottom-left:0px;--awb-flex-wrap:wrap;\" ><div class=\"fusion-builder-row fusion-row fusion-flex-align-items-flex-start fusion-flex-content-wrap\" style=\"max-width:1248px;margin-left: calc(-4% \/ 2 );margin-right: calc(-4% \/ 2 );\"><div class=\"fusion-layout-column fusion_builder_column fusion-builder-column-6 fusion_builder_column_1_1 1_1 fusion-flex-column\" style=\"--awb-bg-size:cover;--awb-width-large:100%;--awb-margin-top-large:0px;--awb-spacing-right-large:1.92%;--awb-margin-bottom-large:20px;--awb-spacing-left-large:1.92%;--awb-width-medium:100%;--awb-order-medium:0;--awb-spacing-right-medium:1.92%;--awb-spacing-left-medium:1.92%;--awb-width-small:100%;--awb-order-small:0;--awb-spacing-right-small:1.92%;--awb-spacing-left-small:1.92%;\"><div class=\"fusion-column-wrapper fusion-column-has-shadow fusion-flex-justify-content-flex-start fusion-content-layout-column\"><div class=\"fusion-text fusion-text-13\"><h2><strong><em>Gastronom\u00eda<\/em><\/strong><\/h2>\n<\/div><div class=\"fusion-text fusion-text-14\"><p><em>La gastronom\u00eda gallega cuenta con una tradici\u00f3n de enorme relevancia y variedad, representando un pilar fundamental de la cultura y sociedad del noroeste de Espa\u00f1a. Caracterizada por la alta calidad de sus materias primas, que van desde mariscos y carnes hasta productos agr\u00edcolas, Galicia tambi\u00e9n es famosa por sus exquisitos vinos, que incluyen cinco Denominaciones de Origen distintas: R\u00edas Baixas, Valdeorras, Ribeiro, Ribeira Sacra y Monterrei. Platos emblem\u00e1ticos como la \u00abempanada\u00bb, el \u00abpulpo a la gallega\u00bb, el \u00abcocido\u00bb, la \u00abzorza\u00bb, el \u00abraxo\u00bb, el \u00abjam\u00f3n asado\u00bb, el \u00ablac\u00f3n con grelos\u00bb y el \u00abchurrasco\u00bb ejemplifican la destreza culinaria de la regi\u00f3n.<\/em><\/p>\n<\/div><\/div><\/div><\/div><\/div><div class=\"fusion-fullwidth fullwidth-box fusion-builder-row-8 fusion-flex-container has-pattern-background has-mask-background nonhundred-percent-fullwidth non-hundred-percent-height-scrolling\" style=\"--awb-border-radius-top-left:0px;--awb-border-radius-top-right:0px;--awb-border-radius-bottom-right:0px;--awb-border-radius-bottom-left:0px;--awb-flex-wrap:wrap;\" ><div class=\"fusion-builder-row fusion-row fusion-flex-align-items-flex-start fusion-flex-content-wrap\" style=\"max-width:1248px;margin-left: calc(-4% \/ 2 );margin-right: calc(-4% \/ 2 );\"><div class=\"fusion-layout-column fusion_builder_column fusion-builder-column-7 fusion_builder_column_1_1 1_1 fusion-flex-column\" style=\"--awb-bg-size:cover;--awb-width-large:100%;--awb-margin-top-large:0px;--awb-spacing-right-large:1.92%;--awb-margin-bottom-large:20px;--awb-spacing-left-large:1.92%;--awb-width-medium:100%;--awb-order-medium:0;--awb-spacing-right-medium:1.92%;--awb-spacing-left-medium:1.92%;--awb-width-small:100%;--awb-order-small:0;--awb-spacing-right-small:1.92%;--awb-spacing-left-small:1.92%;\"><div class=\"fusion-column-wrapper fusion-column-has-shadow fusion-flex-justify-content-flex-start fusion-content-layout-column\"><div class=\"fusion-text fusion-text-15\"><h2><strong><em>\u00a1Explora Santiago y M\u00e1s All\u00e1 con Programas Tur\u00edsticos Pre y Post-Evento!<\/em><\/strong><\/h2>\n<\/div><div class=\"fusion-text fusion-text-16\"><p><em>Mientras te preparas para una experiencia emocionante del evento, \u00bfpor qu\u00e9 no extender tu estad\u00eda y sumergirte en la rica cultura, historia y belleza natural de Santiago de Compostela y sus alrededores?<\/em><\/p>\n<p><em><br \/>\nCont\u00e1ctanos hoy mismo para obtener m\u00e1s informaci\u00f3n y personalizar tus aventuras pre y post-evento. \u00a1D\u00e9janos ayudarte a aprovechar al m\u00e1ximo tu tiempo en Santiago y crear una experiencia verdaderamente inolvidable!<\/em><\/p>\n<p><em>Esperamos darte la bienvenida y mostrarte las maravillas de Santiago y m\u00e1s all\u00e1.<\/em><\/p>\n<p><em>\u00a0<\/em><\/p>\n<p><strong><em>Contacto:<\/em><\/strong><\/p>\n<p><em>Altamarca Viajes y Eventos<\/em><\/p>\n<p><em>Sabrina CALAMARA<\/em><\/p>\n<p><em>sabrina@altamarca.eu<\/em><\/p>\n<\/div><\/div><\/div><\/div><\/div><\/p>\n","protected":false},"excerpt":{"rendered":"","protected":false},"author":15,"featured_media":0,"comment_status":"closed","ping_status":"closed","sticky":false,"template":"","format":"standard","meta":{"inline_featured_image":false,"footnotes":""},"categories":[113],"tags":[],"class_list":["post-49424","post","type-post","status-publish","format-standard","hentry","category-news-home-big-es"],"yoast_head":"<!-- This site is optimized with the Yoast SEO plugin v25.6 - https:\/\/yoast.com\/wordpress\/plugins\/seo\/ -->\n<title>Atracciones tur\u00edsticas - 2024 spain<\/title>\n<meta name=\"robots\" content=\"index, follow, max-snippet:-1, max-image-preview:large, max-video-preview:-1\" \/>\n<link rel=\"canonical\" href=\"https:\/\/2024.fim-6days.com\/es\/touristics-attractions\/\" \/>\n<meta property=\"og:locale\" content=\"es_ES\" \/>\n<meta property=\"og:type\" content=\"article\" \/>\n<meta property=\"og:title\" content=\"Atracciones tur\u00edsticas - 2024 spain\" \/>\n<meta property=\"og:url\" content=\"https:\/\/2024.fim-6days.com\/es\/touristics-attractions\/\" \/>\n<meta property=\"og:site_name\" content=\"2024 spain\" \/>\n<meta property=\"article:publisher\" content=\"https:\/\/www.facebook.com\/FIMISDE\/\" \/>\n<meta property=\"article:published_time\" content=\"2024-04-05T07:43:39+00:00\" \/>\n<meta property=\"article:modified_time\" content=\"2024-04-05T09:31:52+00:00\" \/>\n<meta name=\"author\" content=\"aymeric\" \/>\n<meta name=\"twitter:card\" content=\"summary_large_image\" \/>\n<meta name=\"twitter:creator\" content=\"@fimisde\" \/>\n<meta name=\"twitter:site\" content=\"@fimisde\" \/>\n<meta name=\"twitter:label1\" content=\"Escrito por\" \/>\n\t<meta name=\"twitter:data1\" content=\"aymeric\" \/>\n\t<meta name=\"twitter:label2\" content=\"Tiempo de lectura\" \/>\n\t<meta name=\"twitter:data2\" content=\"13 minutos\" \/>\n<script type=\"application\/ld+json\" class=\"yoast-schema-graph\">{\"@context\":\"https:\/\/schema.org\",\"@graph\":[{\"@type\":\"Article\",\"@id\":\"https:\/\/2024.fim-6days.com\/es\/touristics-attractions\/#article\",\"isPartOf\":{\"@id\":\"https:\/\/2024.fim-6days.com\/es\/touristics-attractions\/\"},\"author\":{\"name\":\"aymeric\",\"@id\":\"https:\/\/2024.fim-6days.com\/#\/schema\/person\/5fc7c767c2df2b6709c492adc4581939\"},\"headline\":\"Atracciones tur\u00edsticas\",\"datePublished\":\"2024-04-05T07:43:39+00:00\",\"dateModified\":\"2024-04-05T09:31:52+00:00\",\"mainEntityOfPage\":{\"@id\":\"https:\/\/2024.fim-6days.com\/es\/touristics-attractions\/\"},\"wordCount\":5954,\"publisher\":{\"@id\":\"https:\/\/2024.fim-6days.com\/#organization\"},\"articleSection\":[\"Noticias GRANDE\"],\"inLanguage\":\"es\"},{\"@type\":\"WebPage\",\"@id\":\"https:\/\/2024.fim-6days.com\/es\/touristics-attractions\/\",\"url\":\"https:\/\/2024.fim-6days.com\/es\/touristics-attractions\/\",\"name\":\"Atracciones tur\u00edsticas - 2024 spain\",\"isPartOf\":{\"@id\":\"https:\/\/2024.fim-6days.com\/#website\"},\"datePublished\":\"2024-04-05T07:43:39+00:00\",\"dateModified\":\"2024-04-05T09:31:52+00:00\",\"breadcrumb\":{\"@id\":\"https:\/\/2024.fim-6days.com\/es\/touristics-attractions\/#breadcrumb\"},\"inLanguage\":\"es\",\"potentialAction\":[{\"@type\":\"ReadAction\",\"target\":[\"https:\/\/2024.fim-6days.com\/es\/touristics-attractions\/\"]}]},{\"@type\":\"BreadcrumbList\",\"@id\":\"https:\/\/2024.fim-6days.com\/es\/touristics-attractions\/#breadcrumb\",\"itemListElement\":[{\"@type\":\"ListItem\",\"position\":1,\"name\":\"Home\",\"item\":\"https:\/\/2024.fim-6days.com\/es\/\"},{\"@type\":\"ListItem\",\"position\":2,\"name\":\"Atracciones tur\u00edsticas\"}]},{\"@type\":\"WebSite\",\"@id\":\"https:\/\/2024.fim-6days.com\/#website\",\"url\":\"https:\/\/2024.fim-6days.com\/\",\"name\":\"FIM ISDE 2021\",\"description\":\"FIM ISDE Official website\",\"publisher\":{\"@id\":\"https:\/\/2024.fim-6days.com\/#organization\"},\"potentialAction\":[{\"@type\":\"SearchAction\",\"target\":{\"@type\":\"EntryPoint\",\"urlTemplate\":\"https:\/\/2024.fim-6days.com\/?s={search_term_string}\"},\"query-input\":{\"@type\":\"PropertyValueSpecification\",\"valueRequired\":true,\"valueName\":\"search_term_string\"}}],\"inLanguage\":\"es\"},{\"@type\":\"Organization\",\"@id\":\"https:\/\/2024.fim-6days.com\/#organization\",\"name\":\"FIM - F\u00e9d\u00e9ration Internationale de Motocyclisme\",\"url\":\"https:\/\/2024.fim-6days.com\/\",\"logo\":{\"@type\":\"ImageObject\",\"inLanguage\":\"es\",\"@id\":\"https:\/\/2024.fim-6days.com\/#\/schema\/logo\/image\/\",\"url\":\"https:\/\/2024.fim-6days.com\/wp-content\/uploads\/sites\/9\/2019\/07\/LogoFIM-CMYK.png\",\"contentUrl\":\"https:\/\/2024.fim-6days.com\/wp-content\/uploads\/sites\/9\/2019\/07\/LogoFIM-CMYK.png\",\"width\":2608,\"height\":1833,\"caption\":\"FIM - F\u00e9d\u00e9ration Internationale de Motocyclisme\"},\"image\":{\"@id\":\"https:\/\/2024.fim-6days.com\/#\/schema\/logo\/image\/\"},\"sameAs\":[\"https:\/\/www.facebook.com\/FIMISDE\/\",\"https:\/\/x.com\/fimisde\",\"https:\/\/www.instagram.com\/fim_isde\/\"]},{\"@type\":\"Person\",\"@id\":\"https:\/\/2024.fim-6days.com\/#\/schema\/person\/5fc7c767c2df2b6709c492adc4581939\",\"name\":\"aymeric\",\"image\":{\"@type\":\"ImageObject\",\"inLanguage\":\"es\",\"@id\":\"https:\/\/2024.fim-6days.com\/#\/schema\/person\/image\/\",\"url\":\"https:\/\/secure.gravatar.com\/avatar\/1cf3f06a949a216676f58c4abf152a024ee22975beb4f4a286597c2559683150?s=96&d=mm&r=g\",\"contentUrl\":\"https:\/\/secure.gravatar.com\/avatar\/1cf3f06a949a216676f58c4abf152a024ee22975beb4f4a286597c2559683150?s=96&d=mm&r=g\",\"caption\":\"aymeric\"},\"url\":\"https:\/\/2024.fim-6days.com\/es\/author\/aymeric\/\"}]}<\/script>\n<!-- \/ Yoast SEO plugin. -->","yoast_head_json":{"title":"Atracciones tur\u00edsticas - 2024 spain","robots":{"index":"index","follow":"follow","max-snippet":"max-snippet:-1","max-image-preview":"max-image-preview:large","max-video-preview":"max-video-preview:-1"},"canonical":"https:\/\/2024.fim-6days.com\/es\/touristics-attractions\/","og_locale":"es_ES","og_type":"article","og_title":"Atracciones tur\u00edsticas - 2024 spain","og_url":"https:\/\/2024.fim-6days.com\/es\/touristics-attractions\/","og_site_name":"2024 spain","article_publisher":"https:\/\/www.facebook.com\/FIMISDE\/","article_published_time":"2024-04-05T07:43:39+00:00","article_modified_time":"2024-04-05T09:31:52+00:00","author":"aymeric","twitter_card":"summary_large_image","twitter_creator":"@fimisde","twitter_site":"@fimisde","twitter_misc":{"Escrito por":"aymeric","Tiempo de lectura":"13 minutos"},"schema":{"@context":"https:\/\/schema.org","@graph":[{"@type":"Article","@id":"https:\/\/2024.fim-6days.com\/es\/touristics-attractions\/#article","isPartOf":{"@id":"https:\/\/2024.fim-6days.com\/es\/touristics-attractions\/"},"author":{"name":"aymeric","@id":"https:\/\/2024.fim-6days.com\/#\/schema\/person\/5fc7c767c2df2b6709c492adc4581939"},"headline":"Atracciones tur\u00edsticas","datePublished":"2024-04-05T07:43:39+00:00","dateModified":"2024-04-05T09:31:52+00:00","mainEntityOfPage":{"@id":"https:\/\/2024.fim-6days.com\/es\/touristics-attractions\/"},"wordCount":5954,"publisher":{"@id":"https:\/\/2024.fim-6days.com\/#organization"},"articleSection":["Noticias GRANDE"],"inLanguage":"es"},{"@type":"WebPage","@id":"https:\/\/2024.fim-6days.com\/es\/touristics-attractions\/","url":"https:\/\/2024.fim-6days.com\/es\/touristics-attractions\/","name":"Atracciones tur\u00edsticas - 2024 spain","isPartOf":{"@id":"https:\/\/2024.fim-6days.com\/#website"},"datePublished":"2024-04-05T07:43:39+00:00","dateModified":"2024-04-05T09:31:52+00:00","breadcrumb":{"@id":"https:\/\/2024.fim-6days.com\/es\/touristics-attractions\/#breadcrumb"},"inLanguage":"es","potentialAction":[{"@type":"ReadAction","target":["https:\/\/2024.fim-6days.com\/es\/touristics-attractions\/"]}]},{"@type":"BreadcrumbList","@id":"https:\/\/2024.fim-6days.com\/es\/touristics-attractions\/#breadcrumb","itemListElement":[{"@type":"ListItem","position":1,"name":"Home","item":"https:\/\/2024.fim-6days.com\/es\/"},{"@type":"ListItem","position":2,"name":"Atracciones tur\u00edsticas"}]},{"@type":"WebSite","@id":"https:\/\/2024.fim-6days.com\/#website","url":"https:\/\/2024.fim-6days.com\/","name":"FIM ISDE 2021","description":"FIM ISDE Official website","publisher":{"@id":"https:\/\/2024.fim-6days.com\/#organization"},"potentialAction":[{"@type":"SearchAction","target":{"@type":"EntryPoint","urlTemplate":"https:\/\/2024.fim-6days.com\/?s={search_term_string}"},"query-input":{"@type":"PropertyValueSpecification","valueRequired":true,"valueName":"search_term_string"}}],"inLanguage":"es"},{"@type":"Organization","@id":"https:\/\/2024.fim-6days.com\/#organization","name":"FIM - F\u00e9d\u00e9ration Internationale de Motocyclisme","url":"https:\/\/2024.fim-6days.com\/","logo":{"@type":"ImageObject","inLanguage":"es","@id":"https:\/\/2024.fim-6days.com\/#\/schema\/logo\/image\/","url":"https:\/\/2024.fim-6days.com\/wp-content\/uploads\/sites\/9\/2019\/07\/LogoFIM-CMYK.png","contentUrl":"https:\/\/2024.fim-6days.com\/wp-content\/uploads\/sites\/9\/2019\/07\/LogoFIM-CMYK.png","width":2608,"height":1833,"caption":"FIM - F\u00e9d\u00e9ration Internationale de Motocyclisme"},"image":{"@id":"https:\/\/2024.fim-6days.com\/#\/schema\/logo\/image\/"},"sameAs":["https:\/\/www.facebook.com\/FIMISDE\/","https:\/\/x.com\/fimisde","https:\/\/www.instagram.com\/fim_isde\/"]},{"@type":"Person","@id":"https:\/\/2024.fim-6days.com\/#\/schema\/person\/5fc7c767c2df2b6709c492adc4581939","name":"aymeric","image":{"@type":"ImageObject","inLanguage":"es","@id":"https:\/\/2024.fim-6days.com\/#\/schema\/person\/image\/","url":"https:\/\/secure.gravatar.com\/avatar\/1cf3f06a949a216676f58c4abf152a024ee22975beb4f4a286597c2559683150?s=96&d=mm&r=g","contentUrl":"https:\/\/secure.gravatar.com\/avatar\/1cf3f06a949a216676f58c4abf152a024ee22975beb4f4a286597c2559683150?s=96&d=mm&r=g","caption":"aymeric"},"url":"https:\/\/2024.fim-6days.com\/es\/author\/aymeric\/"}]}},"_links":{"self":[{"href":"https:\/\/2024.fim-6days.com\/es\/wp-json\/wp\/v2\/posts\/49424","targetHints":{"allow":["GET"]}}],"collection":[{"href":"https:\/\/2024.fim-6days.com\/es\/wp-json\/wp\/v2\/posts"}],"about":[{"href":"https:\/\/2024.fim-6days.com\/es\/wp-json\/wp\/v2\/types\/post"}],"author":[{"embeddable":true,"href":"https:\/\/2024.fim-6days.com\/es\/wp-json\/wp\/v2\/users\/15"}],"replies":[{"embeddable":true,"href":"https:\/\/2024.fim-6days.com\/es\/wp-json\/wp\/v2\/comments?post=49424"}],"version-history":[{"count":3,"href":"https:\/\/2024.fim-6days.com\/es\/wp-json\/wp\/v2\/posts\/49424\/revisions"}],"predecessor-version":[{"id":49454,"href":"https:\/\/2024.fim-6days.com\/es\/wp-json\/wp\/v2\/posts\/49424\/revisions\/49454"}],"wp:attachment":[{"href":"https:\/\/2024.fim-6days.com\/es\/wp-json\/wp\/v2\/media?parent=49424"}],"wp:term":[{"taxonomy":"category","embeddable":true,"href":"https:\/\/2024.fim-6days.com\/es\/wp-json\/wp\/v2\/categories?post=49424"},{"taxonomy":"post_tag","embeddable":true,"href":"https:\/\/2024.fim-6days.com\/es\/wp-json\/wp\/v2\/tags?post=49424"}],"curies":[{"name":"wp","href":"https:\/\/api.w.org\/{rel}","templated":true}]}}