{"id":48911,"date":"2023-11-11T11:00:23","date_gmt":"2023-11-11T10:00:23","guid":{"rendered":"https:\/\/2024.fim-6days.com\/?p=48911"},"modified":"2023-11-11T11:00:23","modified_gmt":"2023-11-11T10:00:23","slug":"albin-norrbin-colaborando-para-volver-a-colocar-a-suecia-en-la-cima-de-los-6days","status":"publish","type":"post","link":"https:\/\/2024.fim-6days.com\/es\/albin-norrbin-colaborando-para-volver-a-colocar-a-suecia-en-la-cima-de-los-6days\/","title":{"rendered":"Albin Norrbin Colaborando para volver a colocar a Suecia en la cima de los 6DAYS\u00ae"},"content":{"rendered":"<p><div class=\"fusion-fullwidth fullwidth-box fusion-builder-row-1 fusion-flex-container nonhundred-percent-fullwidth non-hundred-percent-height-scrolling\" style=\"--awb-border-radius-top-left:0px;--awb-border-radius-top-right:0px;--awb-border-radius-bottom-right:0px;--awb-border-radius-bottom-left:0px;--awb-padding-top:0px;--awb-padding-bottom:0px;--awb-flex-wrap:wrap;\" ><div class=\"fusion-builder-row fusion-row fusion-flex-align-items-flex-start fusion-flex-content-wrap\" style=\"max-width:1248px;margin-left: calc(-4% \/ 2 );margin-right: calc(-4% \/ 2 );\"><div class=\"fusion-layout-column fusion_builder_column fusion-builder-column-0 fusion_builder_column_1_1 1_1 fusion-flex-column\" style=\"--awb-padding-top:0px;--awb-padding-bottom:0px;--awb-bg-size:cover;--awb-width-large:100%;--awb-margin-top-large:0px;--awb-spacing-right-large:1.92%;--awb-margin-bottom-large:0px;--awb-spacing-left-large:1.92%;--awb-width-medium:100%;--awb-order-medium:0;--awb-spacing-right-medium:1.92%;--awb-spacing-left-medium:1.92%;--awb-width-small:100%;--awb-order-small:0;--awb-spacing-right-small:1.92%;--awb-spacing-left-small:1.92%;\"><div class=\"fusion-column-wrapper fusion-column-has-shadow fusion-flex-justify-content-flex-start fusion-content-layout-column\"><div class=\"fusion-text fusion-text-1\" style=\"--awb-text-transform:none;\"><p><strong>Liderando la competici\u00f3n del Trofeo Mundial Junior de la FIM, Suecia est\u00e1 disfrutando actualmente de un incre\u00edble FIM International Six Day&#8217;s Enduro (ISDE).<\/strong><\/p>\n<p>A mitad de carrera, lideran la clasificaci\u00f3n con casi doce minutos de ventaja. El tr\u00edo formado por Albin Norrbin (Fantic), Max Ahlin (KTM) y Axel Semb (Husqvarna) lo est\u00e1 haciendo a lo grande, copando cada d\u00eda las tres primeras posiciones de la categor\u00eda Junior y terminando entre los quince primeros de la clasificaci\u00f3n general individual tambi\u00e9n.<\/p>\n<p>Como naci\u00f3n de gran tradici\u00f3n en el enduro, es incre\u00edblemente alentador ver a Suecia volver a la cima de los 6DAYS\u00ae de esta manera y es un buen augurio para el futuro. Como coment\u00f3 Norrbin tras otro duro d\u00eda sobre el sill\u00edn, Suecia ha vuelto al ruedo&#8230;<\/p>\n<p><em>\u00abLas cosas est\u00e1n yendo genial hasta ahora\u00bb, <\/em>dice Norrbin<em>. \u00abLos tres estamos andando muy bien, presionando al m\u00e1ximo, pero tambi\u00e9n conociendo los l\u00edmites. <\/em><em>Estar liderando en Juniors, al mismo tiempo que luchamos por la clasificaci\u00f3n general, es muy lindo\u201d.<\/em><\/p>\n<p><em>\u00abComo suecos, llev\u00e1bamos largo tiempo necesitando resultados como \u00e9ste en los ISDE, es genial que Suecia vuelva a estar en el juego\u00bb.<\/em><\/p>\n<p>En 2022, en los 6DAYS\u00ae de Francia, el potencial estaba ah\u00ed para una actuaci\u00f3n similar, aunque un problema t\u00e9cnico el primer d\u00eda dej\u00f3 a Norrbin fuera de carrera. Al llegar a San Juan un tanto bajo del radar, da la sensaci\u00f3n de que han tomado a todo el mundo por sorpresa con su ritmo.<\/p>\n<p>El terreno polvoriento y rocoso de Argentina dista mucho de los vastos bosques de Suecia, as\u00ed que \u00bfcu\u00e1l es su secreto?<\/p>\n<p><em>\u00abArgentina no se parece en nada a lo que tenemos en Suecia para correr. All\u00ed los bosques son m\u00e1s tradicionales, pero correr el Campeonato del Mundo de Enduro y entrenar en lugares como Italia y Espa\u00f1a nos ha ayudado mucho. Creo que hemos aprendido a adaptarnos bastante r\u00e1pido a las condiciones y eso nos est\u00e1 ayudando mucho aqu\u00ed en Argentina.\u00bb<\/em><\/p>\n<p>Sweden last won the FIM Junior World Trophy competition in Spain in 2016. Now, with a twelve-minute lead as they head into the second part of the week, are they thinking about standing on the top step of the podium once more?<\/p>\n<p><em>\u201cA\u00fan queda mucho camino por recorrer, pero ser\u00eda incre\u00edble. El enduro forma parte de Suecia y espero de verdad que ahora sea nuestro momento de luchar por las victorias\u201d.<\/em><\/p>\n<p><em>\u201cTodos los suecos que participan en los ISDE dedican mucho tiempo y energ\u00eda a que lleguemos aqu\u00ed y a darnos todo lo que necesitamos. Max, Axel y yo queremos hacerlo lo mejor posible para llevarnos a casa el trofeo por ellos\u201d.<\/em><\/p>\n<\/div><div ><a class=\"fusion-button button-flat fusion-button-default-size button-default fusion-button-default button-1 fusion-button-default-span fusion-button-default-type\" target=\"_self\" href=\"https:\/\/fim-moto.tv\/\"><span class=\"fusion-button-text awb-button__text awb-button__text--default\">WATCH 2023 6DAYS\u00ae LIVE STUDIO SHOW HERE!<\/span><\/a><\/div><\/div><\/div><\/div><\/div><div class=\"fusion-fullwidth fullwidth-box fusion-builder-row-2 fusion-flex-container has-pattern-background has-mask-background nonhundred-percent-fullwidth non-hundred-percent-height-scrolling\" style=\"--awb-border-radius-top-left:0px;--awb-border-radius-top-right:0px;--awb-border-radius-bottom-right:0px;--awb-border-radius-bottom-left:0px;--awb-flex-wrap:wrap;\" ><div class=\"fusion-builder-row fusion-row fusion-flex-align-items-flex-start fusion-flex-content-wrap\" style=\"max-width:1248px;margin-left: calc(-4% \/ 2 );margin-right: calc(-4% \/ 2 );\"><div class=\"fusion-layout-column fusion_builder_column fusion-builder-column-1 fusion_builder_column_1_1 1_1 fusion-flex-column\" style=\"--awb-bg-size:cover;--awb-width-large:100%;--awb-margin-top-large:0px;--awb-spacing-right-large:1.92%;--awb-margin-bottom-large:20px;--awb-spacing-left-large:1.92%;--awb-width-medium:100%;--awb-order-medium:0;--awb-spacing-right-medium:1.92%;--awb-spacing-left-medium:1.92%;--awb-width-small:100%;--awb-order-small:0;--awb-spacing-right-small:1.92%;--awb-spacing-left-small:1.92%;\"><div class=\"fusion-column-wrapper fusion-column-has-shadow fusion-flex-justify-content-flex-start fusion-content-layout-column\"><div class=\"fusion-separator fusion-full-width-sep\" style=\"align-self: center;margin-left: auto;margin-right: auto;margin-bottom:20px;width:100%;\"><\/div>\n<\/div><\/div><\/div><\/div><\/p>\n","protected":false},"excerpt":{"rendered":"","protected":false},"author":14,"featured_media":48913,"comment_status":"open","ping_status":"open","sticky":false,"template":"","format":"standard","meta":{"inline_featured_image":false,"footnotes":""},"categories":[121,108],"tags":[],"class_list":["post-48911","post","type-post","status-publish","format-standard","has-post-thumbnail","hentry","category-dia-4","category-news-es"],"yoast_head":"<!-- This site is optimized with the Yoast SEO plugin v25.6 - https:\/\/yoast.com\/wordpress\/plugins\/seo\/ -->\n<title>Albin Norrbin Colaborando para volver a colocar a Suecia en la cima de los 6DAYS\u00ae - 2024 spain<\/title>\n<meta name=\"description\" content=\"Leading the FIM Junior World Trophy competition, Sweden is currently enjoying an incredible FIM International Six Day\u2019s Enduro (ISDE).\" \/>\n<meta name=\"robots\" content=\"index, follow, max-snippet:-1, max-image-preview:large, max-video-preview:-1\" \/>\n<link rel=\"canonical\" href=\"https:\/\/2024.fim-6days.com\/es\/albin-norrbin-colaborando-para-volver-a-colocar-a-suecia-en-la-cima-de-los-6days\/\" \/>\n<meta property=\"og:locale\" content=\"es_ES\" \/>\n<meta property=\"og:type\" content=\"article\" \/>\n<meta property=\"og:title\" content=\"Albin Norrbin Colaborando para volver a colocar a Suecia en la cima de los 6DAYS\u00ae - 2024 spain\" \/>\n<meta property=\"og:description\" content=\"Leading the FIM Junior World Trophy competition, Sweden is currently enjoying an incredible FIM International Six Day\u2019s Enduro (ISDE).\" \/>\n<meta property=\"og:url\" content=\"https:\/\/2024.fim-6days.com\/es\/albin-norrbin-colaborando-para-volver-a-colocar-a-suecia-en-la-cima-de-los-6days\/\" \/>\n<meta property=\"og:site_name\" content=\"2024 spain\" \/>\n<meta property=\"article:publisher\" content=\"https:\/\/www.facebook.com\/FIMISDE\/\" \/>\n<meta property=\"article:published_time\" content=\"2023-11-11T10:00:23+00:00\" \/>\n<meta property=\"og:image\" content=\"https:\/\/2024.fim-6days.com\/wp-content\/uploads\/sites\/9\/2023\/11\/231107_ISDE_2023_Argentina_2007-3000x2000.jpg\" \/>\n\t<meta property=\"og:image:width\" content=\"3000\" \/>\n\t<meta property=\"og:image:height\" content=\"2000\" \/>\n\t<meta property=\"og:image:type\" content=\"image\/jpeg\" \/>\n<meta name=\"author\" content=\"isalen\" \/>\n<meta name=\"twitter:card\" content=\"summary_large_image\" \/>\n<meta name=\"twitter:creator\" content=\"@fimisde\" \/>\n<meta name=\"twitter:site\" content=\"@fimisde\" \/>\n<meta name=\"twitter:label1\" content=\"Escrito por\" \/>\n\t<meta name=\"twitter:data1\" content=\"isalen\" \/>\n\t<meta name=\"twitter:label2\" content=\"Tiempo de lectura\" \/>\n\t<meta name=\"twitter:data2\" content=\"5 minutos\" \/>\n<script type=\"application\/ld+json\" class=\"yoast-schema-graph\">{\"@context\":\"https:\/\/schema.org\",\"@graph\":[{\"@type\":\"Article\",\"@id\":\"https:\/\/2024.fim-6days.com\/es\/albin-norrbin-colaborando-para-volver-a-colocar-a-suecia-en-la-cima-de-los-6days\/#article\",\"isPartOf\":{\"@id\":\"https:\/\/2024.fim-6days.com\/es\/albin-norrbin-colaborando-para-volver-a-colocar-a-suecia-en-la-cima-de-los-6days\/\"},\"author\":{\"name\":\"isalen\",\"@id\":\"https:\/\/2024.fim-6days.com\/#\/schema\/person\/fc80183700e96a22afb3f220ae03b32a\"},\"headline\":\"Albin Norrbin Colaborando para volver a colocar a Suecia en la cima de los 6DAYS\u00ae\",\"datePublished\":\"2023-11-11T10:00:23+00:00\",\"mainEntityOfPage\":{\"@id\":\"https:\/\/2024.fim-6days.com\/es\/albin-norrbin-colaborando-para-volver-a-colocar-a-suecia-en-la-cima-de-los-6days\/\"},\"wordCount\":2007,\"commentCount\":0,\"publisher\":{\"@id\":\"https:\/\/2024.fim-6days.com\/#organization\"},\"image\":{\"@id\":\"https:\/\/2024.fim-6days.com\/es\/albin-norrbin-colaborando-para-volver-a-colocar-a-suecia-en-la-cima-de-los-6days\/#primaryimage\"},\"thumbnailUrl\":\"https:\/\/2024.fim-6days.com\/wp-content\/uploads\/sites\/9\/2023\/11\/231107_ISDE_2023_Argentina_2007.jpg\",\"articleSection\":[\"D\u00eda 4\",\"Noticias\"],\"inLanguage\":\"es\",\"potentialAction\":[{\"@type\":\"CommentAction\",\"name\":\"Comment\",\"target\":[\"https:\/\/2024.fim-6days.com\/es\/albin-norrbin-colaborando-para-volver-a-colocar-a-suecia-en-la-cima-de-los-6days\/#respond\"]}]},{\"@type\":\"WebPage\",\"@id\":\"https:\/\/2024.fim-6days.com\/es\/albin-norrbin-colaborando-para-volver-a-colocar-a-suecia-en-la-cima-de-los-6days\/\",\"url\":\"https:\/\/2024.fim-6days.com\/es\/albin-norrbin-colaborando-para-volver-a-colocar-a-suecia-en-la-cima-de-los-6days\/\",\"name\":\"Albin Norrbin Colaborando para volver a colocar a Suecia en la cima de los 6DAYS\u00ae - 2024 spain\",\"isPartOf\":{\"@id\":\"https:\/\/2024.fim-6days.com\/#website\"},\"primaryImageOfPage\":{\"@id\":\"https:\/\/2024.fim-6days.com\/es\/albin-norrbin-colaborando-para-volver-a-colocar-a-suecia-en-la-cima-de-los-6days\/#primaryimage\"},\"image\":{\"@id\":\"https:\/\/2024.fim-6days.com\/es\/albin-norrbin-colaborando-para-volver-a-colocar-a-suecia-en-la-cima-de-los-6days\/#primaryimage\"},\"thumbnailUrl\":\"https:\/\/2024.fim-6days.com\/wp-content\/uploads\/sites\/9\/2023\/11\/231107_ISDE_2023_Argentina_2007.jpg\",\"datePublished\":\"2023-11-11T10:00:23+00:00\",\"description\":\"Leading the FIM Junior World Trophy competition, Sweden is currently enjoying an incredible FIM International Six Day\u2019s Enduro (ISDE).\",\"breadcrumb\":{\"@id\":\"https:\/\/2024.fim-6days.com\/es\/albin-norrbin-colaborando-para-volver-a-colocar-a-suecia-en-la-cima-de-los-6days\/#breadcrumb\"},\"inLanguage\":\"es\",\"potentialAction\":[{\"@type\":\"ReadAction\",\"target\":[\"https:\/\/2024.fim-6days.com\/es\/albin-norrbin-colaborando-para-volver-a-colocar-a-suecia-en-la-cima-de-los-6days\/\"]}]},{\"@type\":\"ImageObject\",\"inLanguage\":\"es\",\"@id\":\"https:\/\/2024.fim-6days.com\/es\/albin-norrbin-colaborando-para-volver-a-colocar-a-suecia-en-la-cima-de-los-6days\/#primaryimage\",\"url\":\"https:\/\/2024.fim-6days.com\/wp-content\/uploads\/sites\/9\/2023\/11\/231107_ISDE_2023_Argentina_2007.jpg\",\"contentUrl\":\"https:\/\/2024.fim-6days.com\/wp-content\/uploads\/sites\/9\/2023\/11\/231107_ISDE_2023_Argentina_2007.jpg\",\"width\":5000,\"height\":3333},{\"@type\":\"BreadcrumbList\",\"@id\":\"https:\/\/2024.fim-6days.com\/es\/albin-norrbin-colaborando-para-volver-a-colocar-a-suecia-en-la-cima-de-los-6days\/#breadcrumb\",\"itemListElement\":[{\"@type\":\"ListItem\",\"position\":1,\"name\":\"Home\",\"item\":\"https:\/\/2024.fim-6days.com\/es\/\"},{\"@type\":\"ListItem\",\"position\":2,\"name\":\"Albin Norrbin Colaborando para volver a colocar a Suecia en la cima de los 6DAYS\u00ae\"}]},{\"@type\":\"WebSite\",\"@id\":\"https:\/\/2024.fim-6days.com\/#website\",\"url\":\"https:\/\/2024.fim-6days.com\/\",\"name\":\"FIM ISDE 2021\",\"description\":\"FIM ISDE Official website\",\"publisher\":{\"@id\":\"https:\/\/2024.fim-6days.com\/#organization\"},\"potentialAction\":[{\"@type\":\"SearchAction\",\"target\":{\"@type\":\"EntryPoint\",\"urlTemplate\":\"https:\/\/2024.fim-6days.com\/?s={search_term_string}\"},\"query-input\":{\"@type\":\"PropertyValueSpecification\",\"valueRequired\":true,\"valueName\":\"search_term_string\"}}],\"inLanguage\":\"es\"},{\"@type\":\"Organization\",\"@id\":\"https:\/\/2024.fim-6days.com\/#organization\",\"name\":\"FIM - F\u00e9d\u00e9ration Internationale de Motocyclisme\",\"url\":\"https:\/\/2024.fim-6days.com\/\",\"logo\":{\"@type\":\"ImageObject\",\"inLanguage\":\"es\",\"@id\":\"https:\/\/2024.fim-6days.com\/#\/schema\/logo\/image\/\",\"url\":\"https:\/\/2024.fim-6days.com\/wp-content\/uploads\/sites\/9\/2019\/07\/LogoFIM-CMYK.png\",\"contentUrl\":\"https:\/\/2024.fim-6days.com\/wp-content\/uploads\/sites\/9\/2019\/07\/LogoFIM-CMYK.png\",\"width\":2608,\"height\":1833,\"caption\":\"FIM - F\u00e9d\u00e9ration Internationale de Motocyclisme\"},\"image\":{\"@id\":\"https:\/\/2024.fim-6days.com\/#\/schema\/logo\/image\/\"},\"sameAs\":[\"https:\/\/www.facebook.com\/FIMISDE\/\",\"https:\/\/x.com\/fimisde\",\"https:\/\/www.instagram.com\/fim_isde\/\"]},{\"@type\":\"Person\",\"@id\":\"https:\/\/2024.fim-6days.com\/#\/schema\/person\/fc80183700e96a22afb3f220ae03b32a\",\"name\":\"isalen\",\"image\":{\"@type\":\"ImageObject\",\"inLanguage\":\"es\",\"@id\":\"https:\/\/2024.fim-6days.com\/#\/schema\/person\/image\/\",\"url\":\"https:\/\/secure.gravatar.com\/avatar\/b498bfa446460353cfcc6e023d9c28e3e84ef3798b7f90c38b5d03254eed1837?s=96&d=mm&r=g\",\"contentUrl\":\"https:\/\/secure.gravatar.com\/avatar\/b498bfa446460353cfcc6e023d9c28e3e84ef3798b7f90c38b5d03254eed1837?s=96&d=mm&r=g\",\"caption\":\"isalen\"},\"url\":\"https:\/\/2024.fim-6days.com\/es\/author\/isalen\/\"}]}<\/script>\n<!-- \/ Yoast SEO plugin. -->","yoast_head_json":{"title":"Albin Norrbin Colaborando para volver a colocar a Suecia en la cima de los 6DAYS\u00ae - 2024 spain","description":"Leading the FIM Junior World Trophy competition, Sweden is currently enjoying an incredible FIM International Six Day\u2019s Enduro (ISDE).","robots":{"index":"index","follow":"follow","max-snippet":"max-snippet:-1","max-image-preview":"max-image-preview:large","max-video-preview":"max-video-preview:-1"},"canonical":"https:\/\/2024.fim-6days.com\/es\/albin-norrbin-colaborando-para-volver-a-colocar-a-suecia-en-la-cima-de-los-6days\/","og_locale":"es_ES","og_type":"article","og_title":"Albin Norrbin Colaborando para volver a colocar a Suecia en la cima de los 6DAYS\u00ae - 2024 spain","og_description":"Leading the FIM Junior World Trophy competition, Sweden is currently enjoying an incredible FIM International Six Day\u2019s Enduro (ISDE).","og_url":"https:\/\/2024.fim-6days.com\/es\/albin-norrbin-colaborando-para-volver-a-colocar-a-suecia-en-la-cima-de-los-6days\/","og_site_name":"2024 spain","article_publisher":"https:\/\/www.facebook.com\/FIMISDE\/","article_published_time":"2023-11-11T10:00:23+00:00","og_image":[{"width":3000,"height":2000,"url":"https:\/\/2024.fim-6days.com\/wp-content\/uploads\/sites\/9\/2023\/11\/231107_ISDE_2023_Argentina_2007-3000x2000.jpg","type":"image\/jpeg"}],"author":"isalen","twitter_card":"summary_large_image","twitter_creator":"@fimisde","twitter_site":"@fimisde","twitter_misc":{"Escrito por":"isalen","Tiempo de lectura":"5 minutos"},"schema":{"@context":"https:\/\/schema.org","@graph":[{"@type":"Article","@id":"https:\/\/2024.fim-6days.com\/es\/albin-norrbin-colaborando-para-volver-a-colocar-a-suecia-en-la-cima-de-los-6days\/#article","isPartOf":{"@id":"https:\/\/2024.fim-6days.com\/es\/albin-norrbin-colaborando-para-volver-a-colocar-a-suecia-en-la-cima-de-los-6days\/"},"author":{"name":"isalen","@id":"https:\/\/2024.fim-6days.com\/#\/schema\/person\/fc80183700e96a22afb3f220ae03b32a"},"headline":"Albin Norrbin Colaborando para volver a colocar a Suecia en la cima de los 6DAYS\u00ae","datePublished":"2023-11-11T10:00:23+00:00","mainEntityOfPage":{"@id":"https:\/\/2024.fim-6days.com\/es\/albin-norrbin-colaborando-para-volver-a-colocar-a-suecia-en-la-cima-de-los-6days\/"},"wordCount":2007,"commentCount":0,"publisher":{"@id":"https:\/\/2024.fim-6days.com\/#organization"},"image":{"@id":"https:\/\/2024.fim-6days.com\/es\/albin-norrbin-colaborando-para-volver-a-colocar-a-suecia-en-la-cima-de-los-6days\/#primaryimage"},"thumbnailUrl":"https:\/\/2024.fim-6days.com\/wp-content\/uploads\/sites\/9\/2023\/11\/231107_ISDE_2023_Argentina_2007.jpg","articleSection":["D\u00eda 4","Noticias"],"inLanguage":"es","potentialAction":[{"@type":"CommentAction","name":"Comment","target":["https:\/\/2024.fim-6days.com\/es\/albin-norrbin-colaborando-para-volver-a-colocar-a-suecia-en-la-cima-de-los-6days\/#respond"]}]},{"@type":"WebPage","@id":"https:\/\/2024.fim-6days.com\/es\/albin-norrbin-colaborando-para-volver-a-colocar-a-suecia-en-la-cima-de-los-6days\/","url":"https:\/\/2024.fim-6days.com\/es\/albin-norrbin-colaborando-para-volver-a-colocar-a-suecia-en-la-cima-de-los-6days\/","name":"Albin Norrbin Colaborando para volver a colocar a Suecia en la cima de los 6DAYS\u00ae - 2024 spain","isPartOf":{"@id":"https:\/\/2024.fim-6days.com\/#website"},"primaryImageOfPage":{"@id":"https:\/\/2024.fim-6days.com\/es\/albin-norrbin-colaborando-para-volver-a-colocar-a-suecia-en-la-cima-de-los-6days\/#primaryimage"},"image":{"@id":"https:\/\/2024.fim-6days.com\/es\/albin-norrbin-colaborando-para-volver-a-colocar-a-suecia-en-la-cima-de-los-6days\/#primaryimage"},"thumbnailUrl":"https:\/\/2024.fim-6days.com\/wp-content\/uploads\/sites\/9\/2023\/11\/231107_ISDE_2023_Argentina_2007.jpg","datePublished":"2023-11-11T10:00:23+00:00","description":"Leading the FIM Junior World Trophy competition, Sweden is currently enjoying an incredible FIM International Six Day\u2019s Enduro (ISDE).","breadcrumb":{"@id":"https:\/\/2024.fim-6days.com\/es\/albin-norrbin-colaborando-para-volver-a-colocar-a-suecia-en-la-cima-de-los-6days\/#breadcrumb"},"inLanguage":"es","potentialAction":[{"@type":"ReadAction","target":["https:\/\/2024.fim-6days.com\/es\/albin-norrbin-colaborando-para-volver-a-colocar-a-suecia-en-la-cima-de-los-6days\/"]}]},{"@type":"ImageObject","inLanguage":"es","@id":"https:\/\/2024.fim-6days.com\/es\/albin-norrbin-colaborando-para-volver-a-colocar-a-suecia-en-la-cima-de-los-6days\/#primaryimage","url":"https:\/\/2024.fim-6days.com\/wp-content\/uploads\/sites\/9\/2023\/11\/231107_ISDE_2023_Argentina_2007.jpg","contentUrl":"https:\/\/2024.fim-6days.com\/wp-content\/uploads\/sites\/9\/2023\/11\/231107_ISDE_2023_Argentina_2007.jpg","width":5000,"height":3333},{"@type":"BreadcrumbList","@id":"https:\/\/2024.fim-6days.com\/es\/albin-norrbin-colaborando-para-volver-a-colocar-a-suecia-en-la-cima-de-los-6days\/#breadcrumb","itemListElement":[{"@type":"ListItem","position":1,"name":"Home","item":"https:\/\/2024.fim-6days.com\/es\/"},{"@type":"ListItem","position":2,"name":"Albin Norrbin Colaborando para volver a colocar a Suecia en la cima de los 6DAYS\u00ae"}]},{"@type":"WebSite","@id":"https:\/\/2024.fim-6days.com\/#website","url":"https:\/\/2024.fim-6days.com\/","name":"FIM ISDE 2021","description":"FIM ISDE Official website","publisher":{"@id":"https:\/\/2024.fim-6days.com\/#organization"},"potentialAction":[{"@type":"SearchAction","target":{"@type":"EntryPoint","urlTemplate":"https:\/\/2024.fim-6days.com\/?s={search_term_string}"},"query-input":{"@type":"PropertyValueSpecification","valueRequired":true,"valueName":"search_term_string"}}],"inLanguage":"es"},{"@type":"Organization","@id":"https:\/\/2024.fim-6days.com\/#organization","name":"FIM - F\u00e9d\u00e9ration Internationale de Motocyclisme","url":"https:\/\/2024.fim-6days.com\/","logo":{"@type":"ImageObject","inLanguage":"es","@id":"https:\/\/2024.fim-6days.com\/#\/schema\/logo\/image\/","url":"https:\/\/2024.fim-6days.com\/wp-content\/uploads\/sites\/9\/2019\/07\/LogoFIM-CMYK.png","contentUrl":"https:\/\/2024.fim-6days.com\/wp-content\/uploads\/sites\/9\/2019\/07\/LogoFIM-CMYK.png","width":2608,"height":1833,"caption":"FIM - F\u00e9d\u00e9ration Internationale de Motocyclisme"},"image":{"@id":"https:\/\/2024.fim-6days.com\/#\/schema\/logo\/image\/"},"sameAs":["https:\/\/www.facebook.com\/FIMISDE\/","https:\/\/x.com\/fimisde","https:\/\/www.instagram.com\/fim_isde\/"]},{"@type":"Person","@id":"https:\/\/2024.fim-6days.com\/#\/schema\/person\/fc80183700e96a22afb3f220ae03b32a","name":"isalen","image":{"@type":"ImageObject","inLanguage":"es","@id":"https:\/\/2024.fim-6days.com\/#\/schema\/person\/image\/","url":"https:\/\/secure.gravatar.com\/avatar\/b498bfa446460353cfcc6e023d9c28e3e84ef3798b7f90c38b5d03254eed1837?s=96&d=mm&r=g","contentUrl":"https:\/\/secure.gravatar.com\/avatar\/b498bfa446460353cfcc6e023d9c28e3e84ef3798b7f90c38b5d03254eed1837?s=96&d=mm&r=g","caption":"isalen"},"url":"https:\/\/2024.fim-6days.com\/es\/author\/isalen\/"}]}},"_links":{"self":[{"href":"https:\/\/2024.fim-6days.com\/es\/wp-json\/wp\/v2\/posts\/48911","targetHints":{"allow":["GET"]}}],"collection":[{"href":"https:\/\/2024.fim-6days.com\/es\/wp-json\/wp\/v2\/posts"}],"about":[{"href":"https:\/\/2024.fim-6days.com\/es\/wp-json\/wp\/v2\/types\/post"}],"author":[{"embeddable":true,"href":"https:\/\/2024.fim-6days.com\/es\/wp-json\/wp\/v2\/users\/14"}],"replies":[{"embeddable":true,"href":"https:\/\/2024.fim-6days.com\/es\/wp-json\/wp\/v2\/comments?post=48911"}],"version-history":[{"count":2,"href":"https:\/\/2024.fim-6days.com\/es\/wp-json\/wp\/v2\/posts\/48911\/revisions"}],"predecessor-version":[{"id":48978,"href":"https:\/\/2024.fim-6days.com\/es\/wp-json\/wp\/v2\/posts\/48911\/revisions\/48978"}],"wp:featuredmedia":[{"embeddable":true,"href":"https:\/\/2024.fim-6days.com\/es\/wp-json\/wp\/v2\/media\/48913"}],"wp:attachment":[{"href":"https:\/\/2024.fim-6days.com\/es\/wp-json\/wp\/v2\/media?parent=48911"}],"wp:term":[{"taxonomy":"category","embeddable":true,"href":"https:\/\/2024.fim-6days.com\/es\/wp-json\/wp\/v2\/categories?post=48911"},{"taxonomy":"post_tag","embeddable":true,"href":"https:\/\/2024.fim-6days.com\/es\/wp-json\/wp\/v2\/tags?post=48911"}],"curies":[{"name":"wp","href":"https:\/\/api.w.org\/{rel}","templated":true}]}}