{"id":48423,"date":"2023-10-18T09:13:41","date_gmt":"2023-10-18T07:13:41","guid":{"rendered":"https:\/\/2024.fim-6days.com\/big-week-of-racing-planned-for-2023-6days\/"},"modified":"2023-10-18T09:15:07","modified_gmt":"2023-10-18T07:15:07","slug":"gran-semana-de-carrera-planeada-para-6days-2023","status":"publish","type":"post","link":"https:\/\/2024.fim-6days.com\/es\/gran-semana-de-carrera-planeada-para-6days-2023\/","title":{"rendered":"Gran semana de carrera planeada para  6DAYS\u00ae 2023"},"content":{"rendered":"<p><div class=\"fusion-fullwidth fullwidth-box fusion-builder-row-1 fusion-flex-container nonhundred-percent-fullwidth non-hundred-percent-height-scrolling\" style=\"--awb-border-radius-top-left:0px;--awb-border-radius-top-right:0px;--awb-border-radius-bottom-right:0px;--awb-border-radius-bottom-left:0px;--awb-padding-top:0px;--awb-padding-bottom:0px;--awb-flex-wrap:wrap;\" ><div class=\"fusion-builder-row fusion-row fusion-flex-align-items-flex-start fusion-flex-content-wrap\" style=\"max-width:1248px;margin-left: calc(-4% \/ 2 );margin-right: calc(-4% \/ 2 );\"><div class=\"fusion-layout-column fusion_builder_column fusion-builder-column-0 fusion_builder_column_1_1 1_1 fusion-flex-column\" style=\"--awb-padding-top:0px;--awb-padding-bottom:0px;--awb-bg-size:cover;--awb-width-large:100%;--awb-margin-top-large:0px;--awb-spacing-right-large:1.92%;--awb-margin-bottom-large:0px;--awb-spacing-left-large:1.92%;--awb-width-medium:100%;--awb-order-medium:0;--awb-spacing-right-medium:1.92%;--awb-spacing-left-medium:1.92%;--awb-width-small:100%;--awb-order-small:0;--awb-spacing-right-small:1.92%;--awb-spacing-left-small:1.92%;\"><div class=\"fusion-column-wrapper fusion-column-has-shadow fusion-flex-justify-content-flex-start fusion-content-layout-column\"><div class=\"fusion-text fusion-text-1\" style=\"--awb-text-transform:none;\"><table class=\"templateContainer\" border=\"0\" width=\"100%\" cellspacing=\"0\" cellpadding=\"0\" align=\"center\">\n<tbody>\n<tr>\n<td class=\"bodyContainer\" valign=\"top\">\n<table class=\"mcnTextBlock\" border=\"0\" width=\"100%\" cellspacing=\"0\" cellpadding=\"0\">\n<tbody class=\"mcnTextBlockOuter\">\n<tr>\n<td class=\"mcnTextBlockInner\" valign=\"top\"><\/td>\n<\/tr>\n<\/tbody>\n<\/table>\n<\/td>\n<\/tr>\n<\/tbody>\n<\/table>\n<table class=\"templateContainer\" border=\"0\" width=\"100%\" cellspacing=\"0\" cellpadding=\"0\" align=\"center\">\n<tbody>\n<tr>\n<td class=\"bodyContainer\" valign=\"top\">\n<table class=\"mcnTextBlock\" border=\"0\" width=\"100%\" cellspacing=\"0\" cellpadding=\"0\">\n<tbody class=\"mcnTextBlockOuter\">\n<tr>\n<td class=\"mcnTextBlockInner\" valign=\"top\"><\/td>\n<\/tr>\n<\/tbody>\n<\/table>\n<\/td>\n<\/tr>\n<\/tbody>\n<\/table>\n<p>A medida que se acerca la 97\u00aa edici\u00f3n del FIM International Six Days of Enduro (ISDE), los organizadores del evento ultiman los preparativos en la ciudad de San Juan.<\/p>\n<p>Universalmente adorados, los 6DAYS\u00ae atraen cada a\u00f1o a cientos de competidores y miles de seguidores del enduro de todo el mundo. Para muchos pilotos sigue siendo una cita ineludible y una de las \u00faltimas competiciones de motociclismo abiertas tanto a pilotos profesionales como aficionados.<\/p>\n<p>San Juan no es ajena a los 6DAYS\u00ae, ya que alberg\u00f3 el evento en 2014. Desde entonces, la ciudad se ha beneficiado del desarrollo del Circuito Villicum, que actuar\u00e1 como paddock anfitri\u00f3n para todos los asistentes. La moderna instalaci\u00f3n de deportes de motor, que se inaugur\u00f3 en 2018, ha acogido el Campeonato Mundial FIM Superbike en cuatro ocasiones y es m\u00e1s que adecuado para facilitar las necesidades de servicio de todos los equipos. Actuando como el centro de la acci\u00f3n de los 6DAYS\u00ae, los pilotos comenzar\u00e1n y terminar\u00e1n cada d\u00eda de carrera en el Circuito Villicum.<\/p>\n<p>Durante los cinco primeros d\u00edas de los 6DAYS\u00ae, los pilotos disfrutar\u00e1n de tres recorridos \u00fanicos. El Blue Loop, que se utilizar\u00e1 los d\u00edas uno y dos, llevar\u00e1 a los corredores hacia el norte, hacia las monta\u00f1as. El Blue Loop tiene una extensi\u00f3n aproximada de 113 km e incluye una prueba de cross y dos de enduro. Recorrido en dos ocasiones, supondr\u00e1 una jornada de siete horas sobre la moto.<\/p>\n<p>Un poco m\u00e1s largo, con 115 kil\u00f3metros, para completar una jornada de 230 kil\u00f3metros, el Red Loop de los d\u00edas tres y cuatro ser\u00e1 un gran reto para los corredores a medida que avanzan hacia la mitad de la competici\u00f3n. Las espectaculares vistas desde el lado norte de los lagos Dique Ullum y Punta Negra ayudar\u00e1n a aliviar el cansancio de los competidores a medida que avanzan hacia el final de la cuarta jornada.<\/p>\n<p>Como es habitual en los 6DAYS\u00ae, el quinto d\u00eda ofrecer\u00e1 un nuevo recorrido. Con el final de la carrera ya en el horizonte, el Yellow Loop lleva a los competidores desde el Circuito Villicum a lo largo del lado sur del lago Dique Ullum y m\u00e1s all\u00e1 de los l\u00edmites de la ciudad de San Juan. Con seis tests m\u00e1s por completar y una duraci\u00f3n estimada de 7:30hs, el quinto d\u00eda ser\u00e1 el m\u00e1s largo de la semana, con 234km.<\/p>\n<p>Una vez de vuelta al Circuito Villicum en la tarde del quinto d\u00eda, a los competidores les quedar\u00e1 una \u00faltima jornada de competici\u00f3n: La tradicional prueba de motocross del sexto d\u00eda. El desaf\u00edo restante antes de la l\u00ednea de meta de la 97\u00ba edici\u00f3n de los 6DAYS\u00ae, una emocionante serie de carreras cortas en la pista de motocross, completar\u00e1 el evento a lo grande.<\/p>\n<p>Gane, pierda o empate, puede estar seguro de que las celebraciones en San Juan se prolongar\u00e1n hasta bien entrada la noche.<\/p>\n<\/div><\/div><\/div><\/div><\/div><div class=\"fusion-fullwidth fullwidth-box fusion-builder-row-2 fusion-flex-container has-pattern-background has-mask-background nonhundred-percent-fullwidth non-hundred-percent-height-scrolling\" style=\"--awb-border-radius-top-left:0px;--awb-border-radius-top-right:0px;--awb-border-radius-bottom-right:0px;--awb-border-radius-bottom-left:0px;--awb-flex-wrap:wrap;\" ><div class=\"fusion-builder-row fusion-row fusion-flex-align-items-flex-start fusion-flex-content-wrap\" style=\"max-width:1248px;margin-left: calc(-4% \/ 2 );margin-right: calc(-4% \/ 2 );\"><div class=\"fusion-layout-column fusion_builder_column fusion-builder-column-1 fusion_builder_column_1_1 1_1 fusion-flex-column\" style=\"--awb-bg-size:cover;--awb-width-large:100%;--awb-margin-top-large:0px;--awb-spacing-right-large:1.92%;--awb-margin-bottom-large:20px;--awb-spacing-left-large:1.92%;--awb-width-medium:100%;--awb-order-medium:0;--awb-spacing-right-medium:1.92%;--awb-spacing-left-medium:1.92%;--awb-width-small:100%;--awb-order-small:0;--awb-spacing-right-small:1.92%;--awb-spacing-left-small:1.92%;\"><div class=\"fusion-column-wrapper fusion-column-has-shadow fusion-flex-justify-content-flex-start fusion-content-layout-column\"><div class=\"fusion-separator fusion-full-width-sep\" style=\"align-self: center;margin-left: auto;margin-right: auto;margin-bottom:20px;width:100%;\"><\/div>\n<\/div><\/div><\/div><\/div><\/p>\n","protected":false},"excerpt":{"rendered":"","protected":false},"author":14,"featured_media":48403,"comment_status":"closed","ping_status":"closed","sticky":false,"template":"","format":"standard","meta":{"inline_featured_image":false,"footnotes":""},"categories":[112],"tags":[],"class_list":["post-48423","post","type-post","status-publish","format-standard","has-post-thumbnail","hentry","category-before-isde2023-es"],"yoast_head":"<!-- This site is optimized with the Yoast SEO plugin v25.6 - https:\/\/yoast.com\/wordpress\/plugins\/seo\/ -->\n<title>Gran semana de carrera planeada para 6DAYS\u00ae 2023 - 2024 spain<\/title>\n<meta name=\"description\" content=\"As the days count down towards the ninety-seventh FIM International Six Days of Enduro (ISDE), the event organisers are busily ramping up preparations in and around the host city of San Juan.\" \/>\n<meta name=\"robots\" content=\"index, follow, max-snippet:-1, max-image-preview:large, max-video-preview:-1\" \/>\n<link rel=\"canonical\" href=\"https:\/\/2024.fim-6days.com\/es\/gran-semana-de-carrera-planeada-para-6days-2023\/\" \/>\n<meta property=\"og:locale\" content=\"es_ES\" \/>\n<meta property=\"og:type\" content=\"article\" \/>\n<meta property=\"og:title\" content=\"Gran semana de carrera planeada para 6DAYS\u00ae 2023 - 2024 spain\" \/>\n<meta property=\"og:description\" content=\"As the days count down towards the ninety-seventh FIM International Six Days of Enduro (ISDE), the event organisers are busily ramping up preparations in and around the host city of San Juan.\" \/>\n<meta property=\"og:url\" content=\"https:\/\/2024.fim-6days.com\/es\/gran-semana-de-carrera-planeada-para-6days-2023\/\" \/>\n<meta property=\"og:site_name\" content=\"2024 spain\" \/>\n<meta property=\"article:publisher\" content=\"https:\/\/www.facebook.com\/FIMISDE\/\" \/>\n<meta property=\"article:published_time\" content=\"2023-10-18T07:13:41+00:00\" \/>\n<meta property=\"article:modified_time\" content=\"2023-10-18T07:15:07+00:00\" \/>\n<meta property=\"og:image\" content=\"https:\/\/2024.fim-6days.com\/wp-content\/uploads\/sites\/9\/2023\/10\/france_ISDE-2014_5522.jpg\" \/>\n\t<meta property=\"og:image:width\" content=\"4500\" \/>\n\t<meta property=\"og:image:height\" content=\"3000\" \/>\n\t<meta property=\"og:image:type\" content=\"image\/jpeg\" \/>\n<meta name=\"author\" content=\"isalen\" \/>\n<meta name=\"twitter:card\" content=\"summary_large_image\" \/>\n<meta name=\"twitter:creator\" content=\"@fimisde\" \/>\n<meta name=\"twitter:site\" content=\"@fimisde\" \/>\n<meta name=\"twitter:label1\" content=\"Escrito por\" \/>\n\t<meta name=\"twitter:data1\" content=\"isalen\" \/>\n\t<meta name=\"twitter:label2\" content=\"Tiempo de lectura\" \/>\n\t<meta name=\"twitter:data2\" content=\"5 minutos\" \/>\n<script type=\"application\/ld+json\" class=\"yoast-schema-graph\">{\"@context\":\"https:\/\/schema.org\",\"@graph\":[{\"@type\":\"Article\",\"@id\":\"https:\/\/2024.fim-6days.com\/es\/gran-semana-de-carrera-planeada-para-6days-2023\/#article\",\"isPartOf\":{\"@id\":\"https:\/\/2024.fim-6days.com\/es\/gran-semana-de-carrera-planeada-para-6days-2023\/\"},\"author\":{\"name\":\"isalen\",\"@id\":\"https:\/\/2024.fim-6days.com\/#\/schema\/person\/fc80183700e96a22afb3f220ae03b32a\"},\"headline\":\"Gran semana de carrera planeada para 6DAYS\u00ae 2023\",\"datePublished\":\"2023-10-18T07:13:41+00:00\",\"dateModified\":\"2023-10-18T07:15:07+00:00\",\"mainEntityOfPage\":{\"@id\":\"https:\/\/2024.fim-6days.com\/es\/gran-semana-de-carrera-planeada-para-6days-2023\/\"},\"wordCount\":1874,\"publisher\":{\"@id\":\"https:\/\/2024.fim-6days.com\/#organization\"},\"image\":{\"@id\":\"https:\/\/2024.fim-6days.com\/es\/gran-semana-de-carrera-planeada-para-6days-2023\/#primaryimage\"},\"thumbnailUrl\":\"https:\/\/2024.fim-6days.com\/wp-content\/uploads\/sites\/9\/2023\/10\/france_ISDE-2014_5522.jpg\",\"articleSection\":[\"Antes de ISDE2023\"],\"inLanguage\":\"es\"},{\"@type\":\"WebPage\",\"@id\":\"https:\/\/2024.fim-6days.com\/es\/gran-semana-de-carrera-planeada-para-6days-2023\/\",\"url\":\"https:\/\/2024.fim-6days.com\/es\/gran-semana-de-carrera-planeada-para-6days-2023\/\",\"name\":\"Gran semana de carrera planeada para 6DAYS\u00ae 2023 - 2024 spain\",\"isPartOf\":{\"@id\":\"https:\/\/2024.fim-6days.com\/#website\"},\"primaryImageOfPage\":{\"@id\":\"https:\/\/2024.fim-6days.com\/es\/gran-semana-de-carrera-planeada-para-6days-2023\/#primaryimage\"},\"image\":{\"@id\":\"https:\/\/2024.fim-6days.com\/es\/gran-semana-de-carrera-planeada-para-6days-2023\/#primaryimage\"},\"thumbnailUrl\":\"https:\/\/2024.fim-6days.com\/wp-content\/uploads\/sites\/9\/2023\/10\/france_ISDE-2014_5522.jpg\",\"datePublished\":\"2023-10-18T07:13:41+00:00\",\"dateModified\":\"2023-10-18T07:15:07+00:00\",\"description\":\"As the days count down towards the ninety-seventh FIM International Six Days of Enduro (ISDE), the event organisers are busily ramping up preparations in and around the host city of San Juan.\",\"breadcrumb\":{\"@id\":\"https:\/\/2024.fim-6days.com\/es\/gran-semana-de-carrera-planeada-para-6days-2023\/#breadcrumb\"},\"inLanguage\":\"es\",\"potentialAction\":[{\"@type\":\"ReadAction\",\"target\":[\"https:\/\/2024.fim-6days.com\/es\/gran-semana-de-carrera-planeada-para-6days-2023\/\"]}]},{\"@type\":\"ImageObject\",\"inLanguage\":\"es\",\"@id\":\"https:\/\/2024.fim-6days.com\/es\/gran-semana-de-carrera-planeada-para-6days-2023\/#primaryimage\",\"url\":\"https:\/\/2024.fim-6days.com\/wp-content\/uploads\/sites\/9\/2023\/10\/france_ISDE-2014_5522.jpg\",\"contentUrl\":\"https:\/\/2024.fim-6days.com\/wp-content\/uploads\/sites\/9\/2023\/10\/france_ISDE-2014_5522.jpg\",\"width\":4500,\"height\":3000},{\"@type\":\"BreadcrumbList\",\"@id\":\"https:\/\/2024.fim-6days.com\/es\/gran-semana-de-carrera-planeada-para-6days-2023\/#breadcrumb\",\"itemListElement\":[{\"@type\":\"ListItem\",\"position\":1,\"name\":\"Home\",\"item\":\"https:\/\/2024.fim-6days.com\/es\/\"},{\"@type\":\"ListItem\",\"position\":2,\"name\":\"Gran semana de carrera planeada para 6DAYS\u00ae 2023\"}]},{\"@type\":\"WebSite\",\"@id\":\"https:\/\/2024.fim-6days.com\/#website\",\"url\":\"https:\/\/2024.fim-6days.com\/\",\"name\":\"FIM ISDE 2021\",\"description\":\"FIM ISDE Official website\",\"publisher\":{\"@id\":\"https:\/\/2024.fim-6days.com\/#organization\"},\"potentialAction\":[{\"@type\":\"SearchAction\",\"target\":{\"@type\":\"EntryPoint\",\"urlTemplate\":\"https:\/\/2024.fim-6days.com\/?s={search_term_string}\"},\"query-input\":{\"@type\":\"PropertyValueSpecification\",\"valueRequired\":true,\"valueName\":\"search_term_string\"}}],\"inLanguage\":\"es\"},{\"@type\":\"Organization\",\"@id\":\"https:\/\/2024.fim-6days.com\/#organization\",\"name\":\"FIM - F\u00e9d\u00e9ration Internationale de Motocyclisme\",\"url\":\"https:\/\/2024.fim-6days.com\/\",\"logo\":{\"@type\":\"ImageObject\",\"inLanguage\":\"es\",\"@id\":\"https:\/\/2024.fim-6days.com\/#\/schema\/logo\/image\/\",\"url\":\"https:\/\/2024.fim-6days.com\/wp-content\/uploads\/sites\/9\/2019\/07\/LogoFIM-CMYK.png\",\"contentUrl\":\"https:\/\/2024.fim-6days.com\/wp-content\/uploads\/sites\/9\/2019\/07\/LogoFIM-CMYK.png\",\"width\":2608,\"height\":1833,\"caption\":\"FIM - F\u00e9d\u00e9ration Internationale de Motocyclisme\"},\"image\":{\"@id\":\"https:\/\/2024.fim-6days.com\/#\/schema\/logo\/image\/\"},\"sameAs\":[\"https:\/\/www.facebook.com\/FIMISDE\/\",\"https:\/\/x.com\/fimisde\",\"https:\/\/www.instagram.com\/fim_isde\/\"]},{\"@type\":\"Person\",\"@id\":\"https:\/\/2024.fim-6days.com\/#\/schema\/person\/fc80183700e96a22afb3f220ae03b32a\",\"name\":\"isalen\",\"image\":{\"@type\":\"ImageObject\",\"inLanguage\":\"es\",\"@id\":\"https:\/\/2024.fim-6days.com\/#\/schema\/person\/image\/\",\"url\":\"https:\/\/secure.gravatar.com\/avatar\/b498bfa446460353cfcc6e023d9c28e3e84ef3798b7f90c38b5d03254eed1837?s=96&d=mm&r=g\",\"contentUrl\":\"https:\/\/secure.gravatar.com\/avatar\/b498bfa446460353cfcc6e023d9c28e3e84ef3798b7f90c38b5d03254eed1837?s=96&d=mm&r=g\",\"caption\":\"isalen\"},\"url\":\"https:\/\/2024.fim-6days.com\/es\/author\/isalen\/\"}]}<\/script>\n<!-- \/ Yoast SEO plugin. -->","yoast_head_json":{"title":"Gran semana de carrera planeada para 6DAYS\u00ae 2023 - 2024 spain","description":"As the days count down towards the ninety-seventh FIM International Six Days of Enduro (ISDE), the event organisers are busily ramping up preparations in and around the host city of San Juan.","robots":{"index":"index","follow":"follow","max-snippet":"max-snippet:-1","max-image-preview":"max-image-preview:large","max-video-preview":"max-video-preview:-1"},"canonical":"https:\/\/2024.fim-6days.com\/es\/gran-semana-de-carrera-planeada-para-6days-2023\/","og_locale":"es_ES","og_type":"article","og_title":"Gran semana de carrera planeada para 6DAYS\u00ae 2023 - 2024 spain","og_description":"As the days count down towards the ninety-seventh FIM International Six Days of Enduro (ISDE), the event organisers are busily ramping up preparations in and around the host city of San Juan.","og_url":"https:\/\/2024.fim-6days.com\/es\/gran-semana-de-carrera-planeada-para-6days-2023\/","og_site_name":"2024 spain","article_publisher":"https:\/\/www.facebook.com\/FIMISDE\/","article_published_time":"2023-10-18T07:13:41+00:00","article_modified_time":"2023-10-18T07:15:07+00:00","og_image":[{"width":4500,"height":3000,"url":"https:\/\/2024.fim-6days.com\/wp-content\/uploads\/sites\/9\/2023\/10\/france_ISDE-2014_5522.jpg","type":"image\/jpeg"}],"author":"isalen","twitter_card":"summary_large_image","twitter_creator":"@fimisde","twitter_site":"@fimisde","twitter_misc":{"Escrito por":"isalen","Tiempo de lectura":"5 minutos"},"schema":{"@context":"https:\/\/schema.org","@graph":[{"@type":"Article","@id":"https:\/\/2024.fim-6days.com\/es\/gran-semana-de-carrera-planeada-para-6days-2023\/#article","isPartOf":{"@id":"https:\/\/2024.fim-6days.com\/es\/gran-semana-de-carrera-planeada-para-6days-2023\/"},"author":{"name":"isalen","@id":"https:\/\/2024.fim-6days.com\/#\/schema\/person\/fc80183700e96a22afb3f220ae03b32a"},"headline":"Gran semana de carrera planeada para 6DAYS\u00ae 2023","datePublished":"2023-10-18T07:13:41+00:00","dateModified":"2023-10-18T07:15:07+00:00","mainEntityOfPage":{"@id":"https:\/\/2024.fim-6days.com\/es\/gran-semana-de-carrera-planeada-para-6days-2023\/"},"wordCount":1874,"publisher":{"@id":"https:\/\/2024.fim-6days.com\/#organization"},"image":{"@id":"https:\/\/2024.fim-6days.com\/es\/gran-semana-de-carrera-planeada-para-6days-2023\/#primaryimage"},"thumbnailUrl":"https:\/\/2024.fim-6days.com\/wp-content\/uploads\/sites\/9\/2023\/10\/france_ISDE-2014_5522.jpg","articleSection":["Antes de ISDE2023"],"inLanguage":"es"},{"@type":"WebPage","@id":"https:\/\/2024.fim-6days.com\/es\/gran-semana-de-carrera-planeada-para-6days-2023\/","url":"https:\/\/2024.fim-6days.com\/es\/gran-semana-de-carrera-planeada-para-6days-2023\/","name":"Gran semana de carrera planeada para 6DAYS\u00ae 2023 - 2024 spain","isPartOf":{"@id":"https:\/\/2024.fim-6days.com\/#website"},"primaryImageOfPage":{"@id":"https:\/\/2024.fim-6days.com\/es\/gran-semana-de-carrera-planeada-para-6days-2023\/#primaryimage"},"image":{"@id":"https:\/\/2024.fim-6days.com\/es\/gran-semana-de-carrera-planeada-para-6days-2023\/#primaryimage"},"thumbnailUrl":"https:\/\/2024.fim-6days.com\/wp-content\/uploads\/sites\/9\/2023\/10\/france_ISDE-2014_5522.jpg","datePublished":"2023-10-18T07:13:41+00:00","dateModified":"2023-10-18T07:15:07+00:00","description":"As the days count down towards the ninety-seventh FIM International Six Days of Enduro (ISDE), the event organisers are busily ramping up preparations in and around the host city of San Juan.","breadcrumb":{"@id":"https:\/\/2024.fim-6days.com\/es\/gran-semana-de-carrera-planeada-para-6days-2023\/#breadcrumb"},"inLanguage":"es","potentialAction":[{"@type":"ReadAction","target":["https:\/\/2024.fim-6days.com\/es\/gran-semana-de-carrera-planeada-para-6days-2023\/"]}]},{"@type":"ImageObject","inLanguage":"es","@id":"https:\/\/2024.fim-6days.com\/es\/gran-semana-de-carrera-planeada-para-6days-2023\/#primaryimage","url":"https:\/\/2024.fim-6days.com\/wp-content\/uploads\/sites\/9\/2023\/10\/france_ISDE-2014_5522.jpg","contentUrl":"https:\/\/2024.fim-6days.com\/wp-content\/uploads\/sites\/9\/2023\/10\/france_ISDE-2014_5522.jpg","width":4500,"height":3000},{"@type":"BreadcrumbList","@id":"https:\/\/2024.fim-6days.com\/es\/gran-semana-de-carrera-planeada-para-6days-2023\/#breadcrumb","itemListElement":[{"@type":"ListItem","position":1,"name":"Home","item":"https:\/\/2024.fim-6days.com\/es\/"},{"@type":"ListItem","position":2,"name":"Gran semana de carrera planeada para 6DAYS\u00ae 2023"}]},{"@type":"WebSite","@id":"https:\/\/2024.fim-6days.com\/#website","url":"https:\/\/2024.fim-6days.com\/","name":"FIM ISDE 2021","description":"FIM ISDE Official website","publisher":{"@id":"https:\/\/2024.fim-6days.com\/#organization"},"potentialAction":[{"@type":"SearchAction","target":{"@type":"EntryPoint","urlTemplate":"https:\/\/2024.fim-6days.com\/?s={search_term_string}"},"query-input":{"@type":"PropertyValueSpecification","valueRequired":true,"valueName":"search_term_string"}}],"inLanguage":"es"},{"@type":"Organization","@id":"https:\/\/2024.fim-6days.com\/#organization","name":"FIM - F\u00e9d\u00e9ration Internationale de Motocyclisme","url":"https:\/\/2024.fim-6days.com\/","logo":{"@type":"ImageObject","inLanguage":"es","@id":"https:\/\/2024.fim-6days.com\/#\/schema\/logo\/image\/","url":"https:\/\/2024.fim-6days.com\/wp-content\/uploads\/sites\/9\/2019\/07\/LogoFIM-CMYK.png","contentUrl":"https:\/\/2024.fim-6days.com\/wp-content\/uploads\/sites\/9\/2019\/07\/LogoFIM-CMYK.png","width":2608,"height":1833,"caption":"FIM - F\u00e9d\u00e9ration Internationale de Motocyclisme"},"image":{"@id":"https:\/\/2024.fim-6days.com\/#\/schema\/logo\/image\/"},"sameAs":["https:\/\/www.facebook.com\/FIMISDE\/","https:\/\/x.com\/fimisde","https:\/\/www.instagram.com\/fim_isde\/"]},{"@type":"Person","@id":"https:\/\/2024.fim-6days.com\/#\/schema\/person\/fc80183700e96a22afb3f220ae03b32a","name":"isalen","image":{"@type":"ImageObject","inLanguage":"es","@id":"https:\/\/2024.fim-6days.com\/#\/schema\/person\/image\/","url":"https:\/\/secure.gravatar.com\/avatar\/b498bfa446460353cfcc6e023d9c28e3e84ef3798b7f90c38b5d03254eed1837?s=96&d=mm&r=g","contentUrl":"https:\/\/secure.gravatar.com\/avatar\/b498bfa446460353cfcc6e023d9c28e3e84ef3798b7f90c38b5d03254eed1837?s=96&d=mm&r=g","caption":"isalen"},"url":"https:\/\/2024.fim-6days.com\/es\/author\/isalen\/"}]}},"_links":{"self":[{"href":"https:\/\/2024.fim-6days.com\/es\/wp-json\/wp\/v2\/posts\/48423","targetHints":{"allow":["GET"]}}],"collection":[{"href":"https:\/\/2024.fim-6days.com\/es\/wp-json\/wp\/v2\/posts"}],"about":[{"href":"https:\/\/2024.fim-6days.com\/es\/wp-json\/wp\/v2\/types\/post"}],"author":[{"embeddable":true,"href":"https:\/\/2024.fim-6days.com\/es\/wp-json\/wp\/v2\/users\/14"}],"replies":[{"embeddable":true,"href":"https:\/\/2024.fim-6days.com\/es\/wp-json\/wp\/v2\/comments?post=48423"}],"version-history":[{"count":2,"href":"https:\/\/2024.fim-6days.com\/es\/wp-json\/wp\/v2\/posts\/48423\/revisions"}],"predecessor-version":[{"id":48425,"href":"https:\/\/2024.fim-6days.com\/es\/wp-json\/wp\/v2\/posts\/48423\/revisions\/48425"}],"wp:featuredmedia":[{"embeddable":true,"href":"https:\/\/2024.fim-6days.com\/es\/wp-json\/wp\/v2\/media\/48403"}],"wp:attachment":[{"href":"https:\/\/2024.fim-6days.com\/es\/wp-json\/wp\/v2\/media?parent=48423"}],"wp:term":[{"taxonomy":"category","embeddable":true,"href":"https:\/\/2024.fim-6days.com\/es\/wp-json\/wp\/v2\/categories?post=48423"},{"taxonomy":"post_tag","embeddable":true,"href":"https:\/\/2024.fim-6days.com\/es\/wp-json\/wp\/v2\/tags?post=48423"}],"curies":[{"name":"wp","href":"https:\/\/api.w.org\/{rel}","templated":true}]}}