{"id":48419,"date":"2023-10-18T09:09:40","date_gmt":"2023-10-18T07:09:40","guid":{"rendered":"https:\/\/2024.fim-6days.com\/get-ready-for-the-2023-fim-isde\/"},"modified":"2023-10-18T09:12:45","modified_gmt":"2023-10-18T07:12:45","slug":"cuenta-regresiva-para-el-isde-argentina-2023","status":"publish","type":"post","link":"https:\/\/2024.fim-6days.com\/es\/cuenta-regresiva-para-el-isde-argentina-2023\/","title":{"rendered":"Cuenta regresiva para el ISDE Argentina 2023"},"content":{"rendered":"<p><div class=\"fusion-fullwidth fullwidth-box fusion-builder-row-1 fusion-flex-container nonhundred-percent-fullwidth non-hundred-percent-height-scrolling\" style=\"--awb-border-radius-top-left:0px;--awb-border-radius-top-right:0px;--awb-border-radius-bottom-right:0px;--awb-border-radius-bottom-left:0px;--awb-padding-top:0px;--awb-padding-bottom:0px;--awb-flex-wrap:wrap;\" ><div class=\"fusion-builder-row fusion-row fusion-flex-align-items-flex-start fusion-flex-content-wrap\" style=\"max-width:1248px;margin-left: calc(-4% \/ 2 );margin-right: calc(-4% \/ 2 );\"><div class=\"fusion-layout-column fusion_builder_column fusion-builder-column-0 fusion_builder_column_1_1 1_1 fusion-flex-column\" style=\"--awb-padding-top:0px;--awb-padding-bottom:0px;--awb-bg-size:cover;--awb-width-large:100%;--awb-margin-top-large:0px;--awb-spacing-right-large:1.92%;--awb-margin-bottom-large:0px;--awb-spacing-left-large:1.92%;--awb-width-medium:100%;--awb-order-medium:0;--awb-spacing-right-medium:1.92%;--awb-spacing-left-medium:1.92%;--awb-width-small:100%;--awb-order-small:0;--awb-spacing-right-small:1.92%;--awb-spacing-left-small:1.92%;\"><div class=\"fusion-column-wrapper fusion-column-has-shadow fusion-flex-justify-content-flex-start fusion-content-layout-column\"><div class=\"fusion-text fusion-text-1\" style=\"--awb-text-transform:none;\"><p><strong>\u00a0<\/strong><\/p>\n<p><strong>Cuenta regresiva para el ISDE Argentina 2023<\/strong><\/p>\n<p><strong>\u00a0<\/strong><\/p>\n<p>Dentro de unas semanas, se celebrar\u00e1n en San Juan el FIM International Six Days of Enduro (ISDE). Del 6 al 11 de noviembre, se vivir\u00e1 una competencia especial en donde los pilotos profesionales y amateurs se unir\u00e1n y correr\u00e1n por sus naciones.<\/p>\n<p>Tanto si es la primera vez que conoces los FIM ISDE como si eres un fan incondicional del enduro, aqu\u00ed una gu\u00eda r\u00e1pida para refrescar la memoria sobre el evento.<\/p>\n<p>El Six Days es la carrera de motos off-road m\u00e1s longeva del calendario de la Federaci\u00f3n Internacional de Motociclismo (FIM). De hecho, lleva celebr\u00e1ndose 110 a\u00f1os. El primer evento tuvo lugar en el Reino Unido en 1913. La carrera se celebra anualmente, con las \u00fanicas excepciones de las interrupciones por guerras mundiales y, m\u00e1s recientemente, la pandemia de COVID en 2020. En noviembre, cuando los corredores salgan de la rampa de largada en Argentina, se dar\u00e1 comienzo la 97\u00b0 edici\u00f3n de este emblem\u00e1tico evento.<\/p>\n<p>Aunque la carrera suele cambiar de pa\u00eds y de ubicaci\u00f3n cada a\u00f1o, San Juan ya fue sede de los ISDE en 2014. En esta edici\u00f3n 2023, Gran Breta\u00f1a llegar\u00e1 como vigente campe\u00f3n en la categor\u00eda World Trophy. Su victoria en Francia, el a\u00f1o pasado, marc\u00f3 la primera vez que se quedaron con la carrera en cincuenta a\u00f1os. Tambi\u00e9n hicieron lo propio en el FIM Women&#8217;s World Trophy. Por su parte, Italia gan\u00f3 el FIM Junior World Trophy.<\/p>\n<p>Como su nombre indica, esta competencia se disputar\u00e1 a lo largo de seis d\u00edas. Se trata de una aut\u00e9ntica prueba de fiabilidad mec\u00e1nica y de habilidad de los pilotos en un formato que se ha mantenido pr\u00e1cticamente inalterado durante los \u00faltimos cien a\u00f1os.<\/p>\n<p>Cada d\u00eda, los competidores se enfrentar\u00e1n a un recorrido de m\u00e1s de cien kil\u00f3metros de extensi\u00f3n que se completar\u00e1 dos veces. Los pilotos deber\u00e1n respetar un estricto horario para completar cada jornada sin penalizaciones de tiempo. A lo largo del bucle, hay tres test cronometrados de distinta extensi\u00f3n. Los tiempos de estos test se suman, junto con las posibles penalizaciones, para determinar los resultados generales. La prueba final del sexto d\u00eda ser\u00e1 una carrera de motocross con la cl\u00e1sica salida masiva.<\/p>\n<p>Otra de las particularidades del evento es que no se permite ning\u00fan tipo de asistencia externa. Una vez que el piloto y la moto inician la prueba, es responsabilidad del corredor llegar a la l\u00ednea de meta sin ayuda. Al final de cada jornada, los pilotos disponen de 15 minutos para realizar las tareas necesarias, como el cambio de neum\u00e1ticos, cambio de aceite y mantenimiento. A continuaci\u00f3n, sus motos pasan la noche en Parque Cerrado (que tiene acceso restringido). Cada ma\u00f1ana, antes de la largada, los competidores disponen de otros 10 minutos para realizar trabajos adicionales. Los equipos de asistencia pueden ayudar a repostar o a limpiar los dorsales, pero eso es todo. Esto garantiza que tanto los pilotos amateurs como los profesionales est\u00e9n en igualdad de condiciones.<\/p>\n<p>En el Six Days se disputan varios trofeos dentro de la misma competencia: World Trophy, Junior World Trophy, Women&#8217;s World Trophy y los Club Team Award. La uni\u00f3n de competidores profesionales y amateurs es uno de los condimentos adicionales que convierte a esta competencia en una carrera tan especial.<\/p>\n<p>Mientras que algunos corredores amateurs ser\u00e1n seleccionados para su respectivo equipo nacional del World Trophy, muchos optar\u00e1n por competir en los Club Team Award. Los equipos de cada club est\u00e1n formados por tres pilotos y constituyen la mayor parte de los participantes del ISDE. En total, m\u00e1s de trescientos cincuenta competidores de treinta naciones estar\u00e1n presentes en San Juan.<\/p>\n<p>La emoci\u00f3n del ISDE Argentina 2023 comenzar\u00e1 con la ceremonia de apertura que se disputar\u00e1 el s\u00e1bado 4 de noviembre. Mientras que las carreras tendr\u00e1n lugar del 6 al 11 de noviembre.<\/p>\n<\/div><\/div><\/div><\/div><\/div><div class=\"fusion-fullwidth fullwidth-box fusion-builder-row-2 fusion-flex-container has-pattern-background has-mask-background nonhundred-percent-fullwidth non-hundred-percent-height-scrolling\" style=\"--awb-border-radius-top-left:0px;--awb-border-radius-top-right:0px;--awb-border-radius-bottom-right:0px;--awb-border-radius-bottom-left:0px;--awb-flex-wrap:wrap;\" ><div class=\"fusion-builder-row fusion-row fusion-flex-align-items-flex-start fusion-flex-content-wrap\" style=\"max-width:1248px;margin-left: calc(-4% \/ 2 );margin-right: calc(-4% \/ 2 );\"><div class=\"fusion-layout-column fusion_builder_column fusion-builder-column-1 fusion_builder_column_1_1 1_1 fusion-flex-column\" style=\"--awb-bg-size:cover;--awb-width-large:100%;--awb-margin-top-large:0px;--awb-spacing-right-large:1.92%;--awb-margin-bottom-large:20px;--awb-spacing-left-large:1.92%;--awb-width-medium:100%;--awb-order-medium:0;--awb-spacing-right-medium:1.92%;--awb-spacing-left-medium:1.92%;--awb-width-small:100%;--awb-order-small:0;--awb-spacing-right-small:1.92%;--awb-spacing-left-small:1.92%;\"><div class=\"fusion-column-wrapper fusion-column-has-shadow fusion-flex-justify-content-flex-start fusion-content-layout-column\"><div class=\"fusion-separator fusion-full-width-sep\" style=\"align-self: center;margin-left: auto;margin-right: auto;margin-bottom:20px;width:100%;\"><\/div>\n<\/div><\/div><\/div><\/div><\/p>\n","protected":false},"excerpt":{"rendered":"","protected":false},"author":14,"featured_media":48379,"comment_status":"closed","ping_status":"closed","sticky":false,"template":"","format":"standard","meta":{"inline_featured_image":false,"footnotes":""},"categories":[112],"tags":[],"class_list":["post-48419","post","type-post","status-publish","format-standard","has-post-thumbnail","hentry","category-before-isde2023-es"],"yoast_head":"<!-- This site is optimized with the Yoast SEO plugin v25.6 - https:\/\/yoast.com\/wordpress\/plugins\/seo\/ -->\n<title>Cuenta regresiva para el ISDE Argentina 2023 - 2024 spain<\/title>\n<meta name=\"description\" content=\"It is almost that time of year. In just a few weeks the FIM International Six Days of Enduro (ISDE) will take place in San Juan, Argentina. An event much-loved by all, it\u2019s a chance for both amateur and professional riders to unite and race for the pride of their nation.\" \/>\n<meta name=\"robots\" content=\"index, follow, max-snippet:-1, max-image-preview:large, max-video-preview:-1\" \/>\n<link rel=\"canonical\" href=\"https:\/\/2024.fim-6days.com\/es\/cuenta-regresiva-para-el-isde-argentina-2023\/\" \/>\n<meta property=\"og:locale\" content=\"es_ES\" \/>\n<meta property=\"og:type\" content=\"article\" \/>\n<meta property=\"og:title\" content=\"Cuenta regresiva para el ISDE Argentina 2023 - 2024 spain\" \/>\n<meta property=\"og:description\" content=\"It is almost that time of year. In just a few weeks the FIM International Six Days of Enduro (ISDE) will take place in San Juan, Argentina. An event much-loved by all, it\u2019s a chance for both amateur and professional riders to unite and race for the pride of their nation.\" \/>\n<meta property=\"og:url\" content=\"https:\/\/2024.fim-6days.com\/es\/cuenta-regresiva-para-el-isde-argentina-2023\/\" \/>\n<meta property=\"og:site_name\" content=\"2024 spain\" \/>\n<meta property=\"article:publisher\" content=\"https:\/\/www.facebook.com\/FIMISDE\/\" \/>\n<meta property=\"article:published_time\" content=\"2023-10-18T07:09:40+00:00\" \/>\n<meta property=\"article:modified_time\" content=\"2023-10-18T07:12:45+00:00\" \/>\n<meta property=\"og:image\" content=\"https:\/\/2024.fim-6days.com\/wp-content\/uploads\/sites\/9\/2023\/10\/DE81215.jpg\" \/>\n\t<meta property=\"og:image:width\" content=\"1600\" \/>\n\t<meta property=\"og:image:height\" content=\"1067\" \/>\n\t<meta property=\"og:image:type\" content=\"image\/jpeg\" \/>\n<meta name=\"author\" content=\"isalen\" \/>\n<meta name=\"twitter:card\" content=\"summary_large_image\" \/>\n<meta name=\"twitter:creator\" content=\"@fimisde\" \/>\n<meta name=\"twitter:site\" content=\"@fimisde\" \/>\n<meta name=\"twitter:label1\" content=\"Escrito por\" \/>\n\t<meta name=\"twitter:data1\" content=\"isalen\" \/>\n\t<meta name=\"twitter:label2\" content=\"Tiempo de lectura\" \/>\n\t<meta name=\"twitter:data2\" content=\"5 minutos\" \/>\n<script type=\"application\/ld+json\" class=\"yoast-schema-graph\">{\"@context\":\"https:\/\/schema.org\",\"@graph\":[{\"@type\":\"Article\",\"@id\":\"https:\/\/2024.fim-6days.com\/es\/cuenta-regresiva-para-el-isde-argentina-2023\/#article\",\"isPartOf\":{\"@id\":\"https:\/\/2024.fim-6days.com\/es\/cuenta-regresiva-para-el-isde-argentina-2023\/\"},\"author\":{\"name\":\"isalen\",\"@id\":\"https:\/\/2024.fim-6days.com\/#\/schema\/person\/fc80183700e96a22afb3f220ae03b32a\"},\"headline\":\"Cuenta regresiva para el ISDE Argentina 2023\",\"datePublished\":\"2023-10-18T07:09:40+00:00\",\"dateModified\":\"2023-10-18T07:12:45+00:00\",\"mainEntityOfPage\":{\"@id\":\"https:\/\/2024.fim-6days.com\/es\/cuenta-regresiva-para-el-isde-argentina-2023\/\"},\"wordCount\":2037,\"publisher\":{\"@id\":\"https:\/\/2024.fim-6days.com\/#organization\"},\"image\":{\"@id\":\"https:\/\/2024.fim-6days.com\/es\/cuenta-regresiva-para-el-isde-argentina-2023\/#primaryimage\"},\"thumbnailUrl\":\"https:\/\/2024.fim-6days.com\/wp-content\/uploads\/sites\/9\/2023\/10\/DE81215.jpg\",\"articleSection\":[\"Antes de ISDE2023\"],\"inLanguage\":\"es\"},{\"@type\":\"WebPage\",\"@id\":\"https:\/\/2024.fim-6days.com\/es\/cuenta-regresiva-para-el-isde-argentina-2023\/\",\"url\":\"https:\/\/2024.fim-6days.com\/es\/cuenta-regresiva-para-el-isde-argentina-2023\/\",\"name\":\"Cuenta regresiva para el ISDE Argentina 2023 - 2024 spain\",\"isPartOf\":{\"@id\":\"https:\/\/2024.fim-6days.com\/#website\"},\"primaryImageOfPage\":{\"@id\":\"https:\/\/2024.fim-6days.com\/es\/cuenta-regresiva-para-el-isde-argentina-2023\/#primaryimage\"},\"image\":{\"@id\":\"https:\/\/2024.fim-6days.com\/es\/cuenta-regresiva-para-el-isde-argentina-2023\/#primaryimage\"},\"thumbnailUrl\":\"https:\/\/2024.fim-6days.com\/wp-content\/uploads\/sites\/9\/2023\/10\/DE81215.jpg\",\"datePublished\":\"2023-10-18T07:09:40+00:00\",\"dateModified\":\"2023-10-18T07:12:45+00:00\",\"description\":\"It is almost that time of year. In just a few weeks the FIM International Six Days of Enduro (ISDE) will take place in San Juan, Argentina. An event much-loved by all, it\u2019s a chance for both amateur and professional riders to unite and race for the pride of their nation.\",\"breadcrumb\":{\"@id\":\"https:\/\/2024.fim-6days.com\/es\/cuenta-regresiva-para-el-isde-argentina-2023\/#breadcrumb\"},\"inLanguage\":\"es\",\"potentialAction\":[{\"@type\":\"ReadAction\",\"target\":[\"https:\/\/2024.fim-6days.com\/es\/cuenta-regresiva-para-el-isde-argentina-2023\/\"]}]},{\"@type\":\"ImageObject\",\"inLanguage\":\"es\",\"@id\":\"https:\/\/2024.fim-6days.com\/es\/cuenta-regresiva-para-el-isde-argentina-2023\/#primaryimage\",\"url\":\"https:\/\/2024.fim-6days.com\/wp-content\/uploads\/sites\/9\/2023\/10\/DE81215.jpg\",\"contentUrl\":\"https:\/\/2024.fim-6days.com\/wp-content\/uploads\/sites\/9\/2023\/10\/DE81215.jpg\",\"width\":1600,\"height\":1067,\"caption\":\"The FIM ISDE 96th Edition, Le Puy en Velay (FRA), 29 August - 3 September 2022\"},{\"@type\":\"BreadcrumbList\",\"@id\":\"https:\/\/2024.fim-6days.com\/es\/cuenta-regresiva-para-el-isde-argentina-2023\/#breadcrumb\",\"itemListElement\":[{\"@type\":\"ListItem\",\"position\":1,\"name\":\"Home\",\"item\":\"https:\/\/2024.fim-6days.com\/es\/\"},{\"@type\":\"ListItem\",\"position\":2,\"name\":\"Cuenta regresiva para el ISDE Argentina 2023\"}]},{\"@type\":\"WebSite\",\"@id\":\"https:\/\/2024.fim-6days.com\/#website\",\"url\":\"https:\/\/2024.fim-6days.com\/\",\"name\":\"FIM ISDE 2021\",\"description\":\"FIM ISDE Official website\",\"publisher\":{\"@id\":\"https:\/\/2024.fim-6days.com\/#organization\"},\"potentialAction\":[{\"@type\":\"SearchAction\",\"target\":{\"@type\":\"EntryPoint\",\"urlTemplate\":\"https:\/\/2024.fim-6days.com\/?s={search_term_string}\"},\"query-input\":{\"@type\":\"PropertyValueSpecification\",\"valueRequired\":true,\"valueName\":\"search_term_string\"}}],\"inLanguage\":\"es\"},{\"@type\":\"Organization\",\"@id\":\"https:\/\/2024.fim-6days.com\/#organization\",\"name\":\"FIM - F\u00e9d\u00e9ration Internationale de Motocyclisme\",\"url\":\"https:\/\/2024.fim-6days.com\/\",\"logo\":{\"@type\":\"ImageObject\",\"inLanguage\":\"es\",\"@id\":\"https:\/\/2024.fim-6days.com\/#\/schema\/logo\/image\/\",\"url\":\"https:\/\/2024.fim-6days.com\/wp-content\/uploads\/sites\/9\/2019\/07\/LogoFIM-CMYK.png\",\"contentUrl\":\"https:\/\/2024.fim-6days.com\/wp-content\/uploads\/sites\/9\/2019\/07\/LogoFIM-CMYK.png\",\"width\":2608,\"height\":1833,\"caption\":\"FIM - F\u00e9d\u00e9ration Internationale de Motocyclisme\"},\"image\":{\"@id\":\"https:\/\/2024.fim-6days.com\/#\/schema\/logo\/image\/\"},\"sameAs\":[\"https:\/\/www.facebook.com\/FIMISDE\/\",\"https:\/\/x.com\/fimisde\",\"https:\/\/www.instagram.com\/fim_isde\/\"]},{\"@type\":\"Person\",\"@id\":\"https:\/\/2024.fim-6days.com\/#\/schema\/person\/fc80183700e96a22afb3f220ae03b32a\",\"name\":\"isalen\",\"image\":{\"@type\":\"ImageObject\",\"inLanguage\":\"es\",\"@id\":\"https:\/\/2024.fim-6days.com\/#\/schema\/person\/image\/\",\"url\":\"https:\/\/secure.gravatar.com\/avatar\/b498bfa446460353cfcc6e023d9c28e3e84ef3798b7f90c38b5d03254eed1837?s=96&d=mm&r=g\",\"contentUrl\":\"https:\/\/secure.gravatar.com\/avatar\/b498bfa446460353cfcc6e023d9c28e3e84ef3798b7f90c38b5d03254eed1837?s=96&d=mm&r=g\",\"caption\":\"isalen\"},\"url\":\"https:\/\/2024.fim-6days.com\/es\/author\/isalen\/\"}]}<\/script>\n<!-- \/ Yoast SEO plugin. -->","yoast_head_json":{"title":"Cuenta regresiva para el ISDE Argentina 2023 - 2024 spain","description":"It is almost that time of year. In just a few weeks the FIM International Six Days of Enduro (ISDE) will take place in San Juan, Argentina. An event much-loved by all, it\u2019s a chance for both amateur and professional riders to unite and race for the pride of their nation.","robots":{"index":"index","follow":"follow","max-snippet":"max-snippet:-1","max-image-preview":"max-image-preview:large","max-video-preview":"max-video-preview:-1"},"canonical":"https:\/\/2024.fim-6days.com\/es\/cuenta-regresiva-para-el-isde-argentina-2023\/","og_locale":"es_ES","og_type":"article","og_title":"Cuenta regresiva para el ISDE Argentina 2023 - 2024 spain","og_description":"It is almost that time of year. In just a few weeks the FIM International Six Days of Enduro (ISDE) will take place in San Juan, Argentina. An event much-loved by all, it\u2019s a chance for both amateur and professional riders to unite and race for the pride of their nation.","og_url":"https:\/\/2024.fim-6days.com\/es\/cuenta-regresiva-para-el-isde-argentina-2023\/","og_site_name":"2024 spain","article_publisher":"https:\/\/www.facebook.com\/FIMISDE\/","article_published_time":"2023-10-18T07:09:40+00:00","article_modified_time":"2023-10-18T07:12:45+00:00","og_image":[{"width":1600,"height":1067,"url":"https:\/\/2024.fim-6days.com\/wp-content\/uploads\/sites\/9\/2023\/10\/DE81215.jpg","type":"image\/jpeg"}],"author":"isalen","twitter_card":"summary_large_image","twitter_creator":"@fimisde","twitter_site":"@fimisde","twitter_misc":{"Escrito por":"isalen","Tiempo de lectura":"5 minutos"},"schema":{"@context":"https:\/\/schema.org","@graph":[{"@type":"Article","@id":"https:\/\/2024.fim-6days.com\/es\/cuenta-regresiva-para-el-isde-argentina-2023\/#article","isPartOf":{"@id":"https:\/\/2024.fim-6days.com\/es\/cuenta-regresiva-para-el-isde-argentina-2023\/"},"author":{"name":"isalen","@id":"https:\/\/2024.fim-6days.com\/#\/schema\/person\/fc80183700e96a22afb3f220ae03b32a"},"headline":"Cuenta regresiva para el ISDE Argentina 2023","datePublished":"2023-10-18T07:09:40+00:00","dateModified":"2023-10-18T07:12:45+00:00","mainEntityOfPage":{"@id":"https:\/\/2024.fim-6days.com\/es\/cuenta-regresiva-para-el-isde-argentina-2023\/"},"wordCount":2037,"publisher":{"@id":"https:\/\/2024.fim-6days.com\/#organization"},"image":{"@id":"https:\/\/2024.fim-6days.com\/es\/cuenta-regresiva-para-el-isde-argentina-2023\/#primaryimage"},"thumbnailUrl":"https:\/\/2024.fim-6days.com\/wp-content\/uploads\/sites\/9\/2023\/10\/DE81215.jpg","articleSection":["Antes de ISDE2023"],"inLanguage":"es"},{"@type":"WebPage","@id":"https:\/\/2024.fim-6days.com\/es\/cuenta-regresiva-para-el-isde-argentina-2023\/","url":"https:\/\/2024.fim-6days.com\/es\/cuenta-regresiva-para-el-isde-argentina-2023\/","name":"Cuenta regresiva para el ISDE Argentina 2023 - 2024 spain","isPartOf":{"@id":"https:\/\/2024.fim-6days.com\/#website"},"primaryImageOfPage":{"@id":"https:\/\/2024.fim-6days.com\/es\/cuenta-regresiva-para-el-isde-argentina-2023\/#primaryimage"},"image":{"@id":"https:\/\/2024.fim-6days.com\/es\/cuenta-regresiva-para-el-isde-argentina-2023\/#primaryimage"},"thumbnailUrl":"https:\/\/2024.fim-6days.com\/wp-content\/uploads\/sites\/9\/2023\/10\/DE81215.jpg","datePublished":"2023-10-18T07:09:40+00:00","dateModified":"2023-10-18T07:12:45+00:00","description":"It is almost that time of year. In just a few weeks the FIM International Six Days of Enduro (ISDE) will take place in San Juan, Argentina. An event much-loved by all, it\u2019s a chance for both amateur and professional riders to unite and race for the pride of their nation.","breadcrumb":{"@id":"https:\/\/2024.fim-6days.com\/es\/cuenta-regresiva-para-el-isde-argentina-2023\/#breadcrumb"},"inLanguage":"es","potentialAction":[{"@type":"ReadAction","target":["https:\/\/2024.fim-6days.com\/es\/cuenta-regresiva-para-el-isde-argentina-2023\/"]}]},{"@type":"ImageObject","inLanguage":"es","@id":"https:\/\/2024.fim-6days.com\/es\/cuenta-regresiva-para-el-isde-argentina-2023\/#primaryimage","url":"https:\/\/2024.fim-6days.com\/wp-content\/uploads\/sites\/9\/2023\/10\/DE81215.jpg","contentUrl":"https:\/\/2024.fim-6days.com\/wp-content\/uploads\/sites\/9\/2023\/10\/DE81215.jpg","width":1600,"height":1067,"caption":"The FIM ISDE 96th Edition, Le Puy en Velay (FRA), 29 August - 3 September 2022"},{"@type":"BreadcrumbList","@id":"https:\/\/2024.fim-6days.com\/es\/cuenta-regresiva-para-el-isde-argentina-2023\/#breadcrumb","itemListElement":[{"@type":"ListItem","position":1,"name":"Home","item":"https:\/\/2024.fim-6days.com\/es\/"},{"@type":"ListItem","position":2,"name":"Cuenta regresiva para el ISDE Argentina 2023"}]},{"@type":"WebSite","@id":"https:\/\/2024.fim-6days.com\/#website","url":"https:\/\/2024.fim-6days.com\/","name":"FIM ISDE 2021","description":"FIM ISDE Official website","publisher":{"@id":"https:\/\/2024.fim-6days.com\/#organization"},"potentialAction":[{"@type":"SearchAction","target":{"@type":"EntryPoint","urlTemplate":"https:\/\/2024.fim-6days.com\/?s={search_term_string}"},"query-input":{"@type":"PropertyValueSpecification","valueRequired":true,"valueName":"search_term_string"}}],"inLanguage":"es"},{"@type":"Organization","@id":"https:\/\/2024.fim-6days.com\/#organization","name":"FIM - F\u00e9d\u00e9ration Internationale de Motocyclisme","url":"https:\/\/2024.fim-6days.com\/","logo":{"@type":"ImageObject","inLanguage":"es","@id":"https:\/\/2024.fim-6days.com\/#\/schema\/logo\/image\/","url":"https:\/\/2024.fim-6days.com\/wp-content\/uploads\/sites\/9\/2019\/07\/LogoFIM-CMYK.png","contentUrl":"https:\/\/2024.fim-6days.com\/wp-content\/uploads\/sites\/9\/2019\/07\/LogoFIM-CMYK.png","width":2608,"height":1833,"caption":"FIM - F\u00e9d\u00e9ration Internationale de Motocyclisme"},"image":{"@id":"https:\/\/2024.fim-6days.com\/#\/schema\/logo\/image\/"},"sameAs":["https:\/\/www.facebook.com\/FIMISDE\/","https:\/\/x.com\/fimisde","https:\/\/www.instagram.com\/fim_isde\/"]},{"@type":"Person","@id":"https:\/\/2024.fim-6days.com\/#\/schema\/person\/fc80183700e96a22afb3f220ae03b32a","name":"isalen","image":{"@type":"ImageObject","inLanguage":"es","@id":"https:\/\/2024.fim-6days.com\/#\/schema\/person\/image\/","url":"https:\/\/secure.gravatar.com\/avatar\/b498bfa446460353cfcc6e023d9c28e3e84ef3798b7f90c38b5d03254eed1837?s=96&d=mm&r=g","contentUrl":"https:\/\/secure.gravatar.com\/avatar\/b498bfa446460353cfcc6e023d9c28e3e84ef3798b7f90c38b5d03254eed1837?s=96&d=mm&r=g","caption":"isalen"},"url":"https:\/\/2024.fim-6days.com\/es\/author\/isalen\/"}]}},"_links":{"self":[{"href":"https:\/\/2024.fim-6days.com\/es\/wp-json\/wp\/v2\/posts\/48419","targetHints":{"allow":["GET"]}}],"collection":[{"href":"https:\/\/2024.fim-6days.com\/es\/wp-json\/wp\/v2\/posts"}],"about":[{"href":"https:\/\/2024.fim-6days.com\/es\/wp-json\/wp\/v2\/types\/post"}],"author":[{"embeddable":true,"href":"https:\/\/2024.fim-6days.com\/es\/wp-json\/wp\/v2\/users\/14"}],"replies":[{"embeddable":true,"href":"https:\/\/2024.fim-6days.com\/es\/wp-json\/wp\/v2\/comments?post=48419"}],"version-history":[{"count":3,"href":"https:\/\/2024.fim-6days.com\/es\/wp-json\/wp\/v2\/posts\/48419\/revisions"}],"predecessor-version":[{"id":48422,"href":"https:\/\/2024.fim-6days.com\/es\/wp-json\/wp\/v2\/posts\/48419\/revisions\/48422"}],"wp:featuredmedia":[{"embeddable":true,"href":"https:\/\/2024.fim-6days.com\/es\/wp-json\/wp\/v2\/media\/48379"}],"wp:attachment":[{"href":"https:\/\/2024.fim-6days.com\/es\/wp-json\/wp\/v2\/media?parent=48419"}],"wp:term":[{"taxonomy":"category","embeddable":true,"href":"https:\/\/2024.fim-6days.com\/es\/wp-json\/wp\/v2\/categories?post=48419"},{"taxonomy":"post_tag","embeddable":true,"href":"https:\/\/2024.fim-6days.com\/es\/wp-json\/wp\/v2\/tags?post=48419"}],"curies":[{"name":"wp","href":"https:\/\/api.w.org\/{rel}","templated":true}]}}