{"id":48266,"date":"2023-09-29T13:27:32","date_gmt":"2023-09-29T11:27:32","guid":{"rendered":"https:\/\/2024.fim-6days.com\/noco-named-as-title-partner-of-fim-international-six-days-of-enduro\/"},"modified":"2023-09-29T16:03:51","modified_gmt":"2023-09-29T14:03:51","slug":"noco-designado-sponsor-principal-del-campeonato-fim-seis-dias-internacionales-de-enduro","status":"publish","type":"post","link":"https:\/\/2024.fim-6days.com\/es\/noco-designado-sponsor-principal-del-campeonato-fim-seis-dias-internacionales-de-enduro\/","title":{"rendered":"NOCO designado Sponsor Principal del Campeonato FIM Seis D\u00edas Internacionales de Enduro"},"content":{"rendered":"<p><div class=\"fusion-fullwidth fullwidth-box fusion-builder-row-1 fusion-flex-container nonhundred-percent-fullwidth non-hundred-percent-height-scrolling\" style=\"--awb-border-radius-top-left:0px;--awb-border-radius-top-right:0px;--awb-border-radius-bottom-right:0px;--awb-border-radius-bottom-left:0px;--awb-padding-top:0px;--awb-padding-bottom:0px;--awb-flex-wrap:wrap;\" ><div class=\"fusion-builder-row fusion-row fusion-flex-align-items-flex-start fusion-flex-content-wrap\" style=\"max-width:1248px;margin-left: calc(-4% \/ 2 );margin-right: calc(-4% \/ 2 );\"><div class=\"fusion-layout-column fusion_builder_column fusion-builder-column-0 fusion_builder_column_1_1 1_1 fusion-flex-column\" style=\"--awb-padding-top:0px;--awb-padding-bottom:0px;--awb-bg-size:cover;--awb-width-large:100%;--awb-margin-top-large:0px;--awb-spacing-right-large:1.92%;--awb-margin-bottom-large:0px;--awb-spacing-left-large:1.92%;--awb-width-medium:100%;--awb-order-medium:0;--awb-spacing-right-medium:1.92%;--awb-spacing-left-medium:1.92%;--awb-width-small:100%;--awb-order-small:0;--awb-spacing-right-small:1.92%;--awb-spacing-left-small:1.92%;\"><div class=\"fusion-column-wrapper fusion-column-has-shadow fusion-flex-justify-content-flex-start fusion-content-layout-column\"><div class=\"fusion-text fusion-text-1\" style=\"--awb-text-transform:none;\"><p><strong>El dise\u00f1ador y fabricante de bater\u00edas NOCO se ha convertido en el nuevo sponsor de los Seis D\u00edas Internacionales de Enduro (ISDE) de la FIM en un acuerdo de dos a\u00f1os que abarca las ediciones de 2023 y 2024 del mundialmente famoso evento.<\/strong><\/p>\n<p>La empresa estadounidense -fundada en 1914 en Cleveland (Ohio), donde sigue manteniendo su sede mundial y su planta de fabricaci\u00f3n- dise\u00f1a y crea cargadores de bater\u00edas, arrancadores y bater\u00edas de primera calidad, junto con una amplia gama de accesorios. La innovaci\u00f3n constante de NOCO ha marcado nuevos est\u00e1ndares mundiales en dise\u00f1o, rendimiento y seguridad generando productos totalmente nuevos.<\/p>\n<p>NOCO ha mantenido su posici\u00f3n aplicando tecnolog\u00eda de vanguardia en un campo incre\u00edblemente especializado;\u00a0 cuenta con una planta de investigaci\u00f3n y desarrollo en Phoenix (Arizona), mientras que su presencia mundial est\u00e1 garantizada con bases en los Pa\u00edses Bajos y Hong Kong.<\/p>\n<p><strong>Un portavoz de la FIM expres\u00f3<\/strong><strong>:<\/strong><em> \u00abEn nombre de la FIM me gustar\u00eda dar la bienvenida a NOCO como sponsor principal de los Seis D\u00edas Internacionales de Enduro de la FIM para los pr\u00f3<\/em><em>ximos dos a<\/em><em>\u00f1os. NOCO es una marca mundialmente reconocida y respetada, con un largo historial de innovaci\u00f3n y, como tal, es un socio perfecto para un evento tan emblem\u00e1tico y de larga duraci\u00f3n como los ISDE. Como se ha demostrado en el pasado, la naturaleza desafiante y \u00fanica de los ISDE ofrece una gran oportunidad de desarrollo para la innovaci\u00f3<\/em><em>n t<\/em><em>\u00e9<\/em><em>cnica.\u00bb<\/em><\/p>\n<p><strong>Un portavoz de la empresa NOCO a\u00f1<\/strong><strong>adi<\/strong><strong>\u00f3<\/strong><strong>:<\/strong> <em>\u00abEn NOCO, nos esforzamos constantemente por superar los l\u00edmites de lo alcanzable, con la innovaci\u00f3n firmemente arraigada como aspecto central de nuestros valores. Gracias a nuestra colaboraci\u00f3n con los ISDE y la FIM, confiamos en que esta alianza nos permita acceder a las perspectivas m\u00e1s vanguardistas de nuestros clientes. Esta asociaci\u00f3<\/em><em>n nos permitir<\/em><em>\u00e1 desarrollar en colaboraci\u00f3n productos revolucionarios que no s\u00f3lo satisfagan las necesidades actuales de nuestros clientes, sino que tambi\u00e9n prevean tendencias y obst\u00e1culos futuros. Estamos muy motivados con las posibilidades que ofrece esta asociaci\u00f3<\/em><em>n\u00bb.<\/em><\/p>\n<p><strong>La nonag<\/strong><strong>\u00e9<\/strong><strong>sima s<\/strong><strong>\u00e9<\/strong><strong>ptima edici<\/strong><strong>\u00f3n de los Seis D\u00edas Internacionales de Enduro de la FIM se celebrar\u00e1n este a\u00f1o del 6 al 11 de noviembre en Argentina.<\/strong><\/p>\n<\/div><div class=\"fusion-video fusion-youtube\" style=\"--awb-max-width:600px;--awb-max-height:360px;\"><div class=\"video-shortcode\"><div class=\"fluid-width-video-wrapper\" style=\"padding-top:60%;\" ><iframe title=\"YouTube video player 1\" src=\"https:\/\/www.youtube.com\/embed\/OI0XzYlpIF0?wmode=transparent&autoplay=0&oida=1\" width=\"600\" height=\"360\" allowfullscreen allow=\"autoplay; clipboard-write; encrypted-media; gyroscope; picture-in-picture;\"><\/iframe><\/div><\/div><\/div><\/div><\/div><\/div><\/div><div class=\"fusion-fullwidth fullwidth-box fusion-builder-row-2 fusion-flex-container has-pattern-background has-mask-background nonhundred-percent-fullwidth non-hundred-percent-height-scrolling\" style=\"--awb-border-radius-top-left:0px;--awb-border-radius-top-right:0px;--awb-border-radius-bottom-right:0px;--awb-border-radius-bottom-left:0px;--awb-flex-wrap:wrap;\" ><div class=\"fusion-builder-row fusion-row fusion-flex-align-items-flex-start fusion-flex-content-wrap\" style=\"max-width:1248px;margin-left: calc(-4% \/ 2 );margin-right: calc(-4% \/ 2 );\"><div class=\"fusion-layout-column fusion_builder_column fusion-builder-column-1 fusion_builder_column_1_1 1_1 fusion-flex-column\" style=\"--awb-bg-size:cover;--awb-width-large:100%;--awb-margin-top-large:0px;--awb-spacing-right-large:1.92%;--awb-margin-bottom-large:20px;--awb-spacing-left-large:1.92%;--awb-width-medium:100%;--awb-order-medium:0;--awb-spacing-right-medium:1.92%;--awb-spacing-left-medium:1.92%;--awb-width-small:100%;--awb-order-small:0;--awb-spacing-right-small:1.92%;--awb-spacing-left-small:1.92%;\"><div class=\"fusion-column-wrapper fusion-column-has-shadow fusion-flex-justify-content-flex-start fusion-content-layout-column\"><div class=\"fusion-separator fusion-full-width-sep\" style=\"align-self: center;margin-left: auto;margin-right: auto;margin-bottom:20px;width:100%;\"><\/div>\n<\/div><\/div><\/div><\/div><\/p>\n","protected":false},"excerpt":{"rendered":"","protected":false},"author":14,"featured_media":48254,"comment_status":"closed","ping_status":"closed","sticky":false,"template":"","format":"standard","meta":{"inline_featured_image":false,"footnotes":""},"categories":[112,113],"tags":[],"class_list":["post-48266","post","type-post","status-publish","format-standard","has-post-thumbnail","hentry","category-before-isde2023-es","category-news-home-big-es"],"yoast_head":"<!-- This site is optimized with the Yoast SEO plugin v25.6 - https:\/\/yoast.com\/wordpress\/plugins\/seo\/ -->\n<title>NOCO designado Sponsor Principal del Campeonato FIM Seis D\u00edas Internacionales de Enduro - 2024 spain<\/title>\n<meta name=\"description\" content=\"The 97th edition of the FIM International Six Days of Enduro (ISDE) continues its set-up and will take place as scheduled from 6 to 11November in the province of San Juan, Argentina.\" \/>\n<meta name=\"robots\" content=\"index, follow, max-snippet:-1, max-image-preview:large, max-video-preview:-1\" \/>\n<link rel=\"canonical\" href=\"https:\/\/2024.fim-6days.com\/es\/noco-designado-sponsor-principal-del-campeonato-fim-seis-dias-internacionales-de-enduro\/\" \/>\n<meta property=\"og:locale\" content=\"es_ES\" \/>\n<meta property=\"og:type\" content=\"article\" \/>\n<meta property=\"og:title\" content=\"NOCO designado Sponsor Principal del Campeonato FIM Seis D\u00edas Internacionales de Enduro - 2024 spain\" \/>\n<meta property=\"og:description\" content=\"The 97th edition of the FIM International Six Days of Enduro (ISDE) continues its set-up and will take place as scheduled from 6 to 11November in the province of San Juan, Argentina.\" \/>\n<meta property=\"og:url\" content=\"https:\/\/2024.fim-6days.com\/es\/noco-designado-sponsor-principal-del-campeonato-fim-seis-dias-internacionales-de-enduro\/\" \/>\n<meta property=\"og:site_name\" content=\"2024 spain\" \/>\n<meta property=\"article:publisher\" content=\"https:\/\/www.facebook.com\/FIMISDE\/\" \/>\n<meta property=\"article:published_time\" content=\"2023-09-29T11:27:32+00:00\" \/>\n<meta property=\"article:modified_time\" content=\"2023-09-29T14:03:51+00:00\" \/>\n<meta property=\"og:image\" content=\"https:\/\/2024.fim-6days.com\/wp-content\/uploads\/sites\/9\/2023\/09\/2023.8.18_NLP14_KTMDirtbike_10-1-2998x2000.jpg\" \/>\n\t<meta property=\"og:image:width\" content=\"2998\" \/>\n\t<meta property=\"og:image:height\" content=\"2000\" \/>\n\t<meta property=\"og:image:type\" content=\"image\/jpeg\" \/>\n<meta name=\"author\" content=\"isalen\" \/>\n<meta name=\"twitter:card\" content=\"summary_large_image\" \/>\n<meta name=\"twitter:creator\" content=\"@fimisde\" \/>\n<meta name=\"twitter:site\" content=\"@fimisde\" \/>\n<meta name=\"twitter:label1\" content=\"Escrito por\" \/>\n\t<meta name=\"twitter:data1\" content=\"isalen\" \/>\n\t<meta name=\"twitter:label2\" content=\"Tiempo de lectura\" \/>\n\t<meta name=\"twitter:data2\" content=\"4 minutos\" \/>\n<script type=\"application\/ld+json\" class=\"yoast-schema-graph\">{\"@context\":\"https:\/\/schema.org\",\"@graph\":[{\"@type\":\"Article\",\"@id\":\"https:\/\/2024.fim-6days.com\/es\/noco-designado-sponsor-principal-del-campeonato-fim-seis-dias-internacionales-de-enduro\/#article\",\"isPartOf\":{\"@id\":\"https:\/\/2024.fim-6days.com\/es\/noco-designado-sponsor-principal-del-campeonato-fim-seis-dias-internacionales-de-enduro\/\"},\"author\":{\"name\":\"isalen\",\"@id\":\"https:\/\/2024.fim-6days.com\/#\/schema\/person\/fc80183700e96a22afb3f220ae03b32a\"},\"headline\":\"NOCO designado Sponsor Principal del Campeonato FIM Seis D\u00edas Internacionales de Enduro\",\"datePublished\":\"2023-09-29T11:27:32+00:00\",\"dateModified\":\"2023-09-29T14:03:51+00:00\",\"mainEntityOfPage\":{\"@id\":\"https:\/\/2024.fim-6days.com\/es\/noco-designado-sponsor-principal-del-campeonato-fim-seis-dias-internacionales-de-enduro\/\"},\"wordCount\":1815,\"publisher\":{\"@id\":\"https:\/\/2024.fim-6days.com\/#organization\"},\"image\":{\"@id\":\"https:\/\/2024.fim-6days.com\/es\/noco-designado-sponsor-principal-del-campeonato-fim-seis-dias-internacionales-de-enduro\/#primaryimage\"},\"thumbnailUrl\":\"https:\/\/2024.fim-6days.com\/wp-content\/uploads\/sites\/9\/2023\/09\/2023.8.18_NLP14_KTMDirtbike_10-1.jpg\",\"articleSection\":[\"Antes de ISDE2023\",\"Noticias GRANDE\"],\"inLanguage\":\"es\"},{\"@type\":\"WebPage\",\"@id\":\"https:\/\/2024.fim-6days.com\/es\/noco-designado-sponsor-principal-del-campeonato-fim-seis-dias-internacionales-de-enduro\/\",\"url\":\"https:\/\/2024.fim-6days.com\/es\/noco-designado-sponsor-principal-del-campeonato-fim-seis-dias-internacionales-de-enduro\/\",\"name\":\"NOCO designado Sponsor Principal del Campeonato FIM Seis D\u00edas Internacionales de Enduro - 2024 spain\",\"isPartOf\":{\"@id\":\"https:\/\/2024.fim-6days.com\/#website\"},\"primaryImageOfPage\":{\"@id\":\"https:\/\/2024.fim-6days.com\/es\/noco-designado-sponsor-principal-del-campeonato-fim-seis-dias-internacionales-de-enduro\/#primaryimage\"},\"image\":{\"@id\":\"https:\/\/2024.fim-6days.com\/es\/noco-designado-sponsor-principal-del-campeonato-fim-seis-dias-internacionales-de-enduro\/#primaryimage\"},\"thumbnailUrl\":\"https:\/\/2024.fim-6days.com\/wp-content\/uploads\/sites\/9\/2023\/09\/2023.8.18_NLP14_KTMDirtbike_10-1.jpg\",\"datePublished\":\"2023-09-29T11:27:32+00:00\",\"dateModified\":\"2023-09-29T14:03:51+00:00\",\"description\":\"The 97th edition of the FIM International Six Days of Enduro (ISDE) continues its set-up and will take place as scheduled from 6 to 11November in the province of San Juan, Argentina.\",\"breadcrumb\":{\"@id\":\"https:\/\/2024.fim-6days.com\/es\/noco-designado-sponsor-principal-del-campeonato-fim-seis-dias-internacionales-de-enduro\/#breadcrumb\"},\"inLanguage\":\"es\",\"potentialAction\":[{\"@type\":\"ReadAction\",\"target\":[\"https:\/\/2024.fim-6days.com\/es\/noco-designado-sponsor-principal-del-campeonato-fim-seis-dias-internacionales-de-enduro\/\"]}]},{\"@type\":\"ImageObject\",\"inLanguage\":\"es\",\"@id\":\"https:\/\/2024.fim-6days.com\/es\/noco-designado-sponsor-principal-del-campeonato-fim-seis-dias-internacionales-de-enduro\/#primaryimage\",\"url\":\"https:\/\/2024.fim-6days.com\/wp-content\/uploads\/sites\/9\/2023\/09\/2023.8.18_NLP14_KTMDirtbike_10-1.jpg\",\"contentUrl\":\"https:\/\/2024.fim-6days.com\/wp-content\/uploads\/sites\/9\/2023\/09\/2023.8.18_NLP14_KTMDirtbike_10-1.jpg\",\"width\":7847,\"height\":5234},{\"@type\":\"BreadcrumbList\",\"@id\":\"https:\/\/2024.fim-6days.com\/es\/noco-designado-sponsor-principal-del-campeonato-fim-seis-dias-internacionales-de-enduro\/#breadcrumb\",\"itemListElement\":[{\"@type\":\"ListItem\",\"position\":1,\"name\":\"Home\",\"item\":\"https:\/\/2024.fim-6days.com\/es\/\"},{\"@type\":\"ListItem\",\"position\":2,\"name\":\"NOCO designado Sponsor Principal del Campeonato FIM Seis D\u00edas Internacionales de Enduro\"}]},{\"@type\":\"WebSite\",\"@id\":\"https:\/\/2024.fim-6days.com\/#website\",\"url\":\"https:\/\/2024.fim-6days.com\/\",\"name\":\"FIM ISDE 2021\",\"description\":\"FIM ISDE Official website\",\"publisher\":{\"@id\":\"https:\/\/2024.fim-6days.com\/#organization\"},\"potentialAction\":[{\"@type\":\"SearchAction\",\"target\":{\"@type\":\"EntryPoint\",\"urlTemplate\":\"https:\/\/2024.fim-6days.com\/?s={search_term_string}\"},\"query-input\":{\"@type\":\"PropertyValueSpecification\",\"valueRequired\":true,\"valueName\":\"search_term_string\"}}],\"inLanguage\":\"es\"},{\"@type\":\"Organization\",\"@id\":\"https:\/\/2024.fim-6days.com\/#organization\",\"name\":\"FIM - F\u00e9d\u00e9ration Internationale de Motocyclisme\",\"url\":\"https:\/\/2024.fim-6days.com\/\",\"logo\":{\"@type\":\"ImageObject\",\"inLanguage\":\"es\",\"@id\":\"https:\/\/2024.fim-6days.com\/#\/schema\/logo\/image\/\",\"url\":\"https:\/\/2024.fim-6days.com\/wp-content\/uploads\/sites\/9\/2019\/07\/LogoFIM-CMYK.png\",\"contentUrl\":\"https:\/\/2024.fim-6days.com\/wp-content\/uploads\/sites\/9\/2019\/07\/LogoFIM-CMYK.png\",\"width\":2608,\"height\":1833,\"caption\":\"FIM - F\u00e9d\u00e9ration Internationale de Motocyclisme\"},\"image\":{\"@id\":\"https:\/\/2024.fim-6days.com\/#\/schema\/logo\/image\/\"},\"sameAs\":[\"https:\/\/www.facebook.com\/FIMISDE\/\",\"https:\/\/x.com\/fimisde\",\"https:\/\/www.instagram.com\/fim_isde\/\"]},{\"@type\":\"Person\",\"@id\":\"https:\/\/2024.fim-6days.com\/#\/schema\/person\/fc80183700e96a22afb3f220ae03b32a\",\"name\":\"isalen\",\"image\":{\"@type\":\"ImageObject\",\"inLanguage\":\"es\",\"@id\":\"https:\/\/2024.fim-6days.com\/#\/schema\/person\/image\/\",\"url\":\"https:\/\/secure.gravatar.com\/avatar\/b498bfa446460353cfcc6e023d9c28e3e84ef3798b7f90c38b5d03254eed1837?s=96&d=mm&r=g\",\"contentUrl\":\"https:\/\/secure.gravatar.com\/avatar\/b498bfa446460353cfcc6e023d9c28e3e84ef3798b7f90c38b5d03254eed1837?s=96&d=mm&r=g\",\"caption\":\"isalen\"},\"url\":\"https:\/\/2024.fim-6days.com\/es\/author\/isalen\/\"}]}<\/script>\n<!-- \/ Yoast SEO plugin. -->","yoast_head_json":{"title":"NOCO designado Sponsor Principal del Campeonato FIM Seis D\u00edas Internacionales de Enduro - 2024 spain","description":"The 97th edition of the FIM International Six Days of Enduro (ISDE) continues its set-up and will take place as scheduled from 6 to 11November in the province of San Juan, Argentina.","robots":{"index":"index","follow":"follow","max-snippet":"max-snippet:-1","max-image-preview":"max-image-preview:large","max-video-preview":"max-video-preview:-1"},"canonical":"https:\/\/2024.fim-6days.com\/es\/noco-designado-sponsor-principal-del-campeonato-fim-seis-dias-internacionales-de-enduro\/","og_locale":"es_ES","og_type":"article","og_title":"NOCO designado Sponsor Principal del Campeonato FIM Seis D\u00edas Internacionales de Enduro - 2024 spain","og_description":"The 97th edition of the FIM International Six Days of Enduro (ISDE) continues its set-up and will take place as scheduled from 6 to 11November in the province of San Juan, Argentina.","og_url":"https:\/\/2024.fim-6days.com\/es\/noco-designado-sponsor-principal-del-campeonato-fim-seis-dias-internacionales-de-enduro\/","og_site_name":"2024 spain","article_publisher":"https:\/\/www.facebook.com\/FIMISDE\/","article_published_time":"2023-09-29T11:27:32+00:00","article_modified_time":"2023-09-29T14:03:51+00:00","og_image":[{"width":2998,"height":2000,"url":"https:\/\/2024.fim-6days.com\/wp-content\/uploads\/sites\/9\/2023\/09\/2023.8.18_NLP14_KTMDirtbike_10-1-2998x2000.jpg","type":"image\/jpeg"}],"author":"isalen","twitter_card":"summary_large_image","twitter_creator":"@fimisde","twitter_site":"@fimisde","twitter_misc":{"Escrito por":"isalen","Tiempo de lectura":"4 minutos"},"schema":{"@context":"https:\/\/schema.org","@graph":[{"@type":"Article","@id":"https:\/\/2024.fim-6days.com\/es\/noco-designado-sponsor-principal-del-campeonato-fim-seis-dias-internacionales-de-enduro\/#article","isPartOf":{"@id":"https:\/\/2024.fim-6days.com\/es\/noco-designado-sponsor-principal-del-campeonato-fim-seis-dias-internacionales-de-enduro\/"},"author":{"name":"isalen","@id":"https:\/\/2024.fim-6days.com\/#\/schema\/person\/fc80183700e96a22afb3f220ae03b32a"},"headline":"NOCO designado Sponsor Principal del Campeonato FIM Seis D\u00edas Internacionales de Enduro","datePublished":"2023-09-29T11:27:32+00:00","dateModified":"2023-09-29T14:03:51+00:00","mainEntityOfPage":{"@id":"https:\/\/2024.fim-6days.com\/es\/noco-designado-sponsor-principal-del-campeonato-fim-seis-dias-internacionales-de-enduro\/"},"wordCount":1815,"publisher":{"@id":"https:\/\/2024.fim-6days.com\/#organization"},"image":{"@id":"https:\/\/2024.fim-6days.com\/es\/noco-designado-sponsor-principal-del-campeonato-fim-seis-dias-internacionales-de-enduro\/#primaryimage"},"thumbnailUrl":"https:\/\/2024.fim-6days.com\/wp-content\/uploads\/sites\/9\/2023\/09\/2023.8.18_NLP14_KTMDirtbike_10-1.jpg","articleSection":["Antes de ISDE2023","Noticias GRANDE"],"inLanguage":"es"},{"@type":"WebPage","@id":"https:\/\/2024.fim-6days.com\/es\/noco-designado-sponsor-principal-del-campeonato-fim-seis-dias-internacionales-de-enduro\/","url":"https:\/\/2024.fim-6days.com\/es\/noco-designado-sponsor-principal-del-campeonato-fim-seis-dias-internacionales-de-enduro\/","name":"NOCO designado Sponsor Principal del Campeonato FIM Seis D\u00edas Internacionales de Enduro - 2024 spain","isPartOf":{"@id":"https:\/\/2024.fim-6days.com\/#website"},"primaryImageOfPage":{"@id":"https:\/\/2024.fim-6days.com\/es\/noco-designado-sponsor-principal-del-campeonato-fim-seis-dias-internacionales-de-enduro\/#primaryimage"},"image":{"@id":"https:\/\/2024.fim-6days.com\/es\/noco-designado-sponsor-principal-del-campeonato-fim-seis-dias-internacionales-de-enduro\/#primaryimage"},"thumbnailUrl":"https:\/\/2024.fim-6days.com\/wp-content\/uploads\/sites\/9\/2023\/09\/2023.8.18_NLP14_KTMDirtbike_10-1.jpg","datePublished":"2023-09-29T11:27:32+00:00","dateModified":"2023-09-29T14:03:51+00:00","description":"The 97th edition of the FIM International Six Days of Enduro (ISDE) continues its set-up and will take place as scheduled from 6 to 11November in the province of San Juan, Argentina.","breadcrumb":{"@id":"https:\/\/2024.fim-6days.com\/es\/noco-designado-sponsor-principal-del-campeonato-fim-seis-dias-internacionales-de-enduro\/#breadcrumb"},"inLanguage":"es","potentialAction":[{"@type":"ReadAction","target":["https:\/\/2024.fim-6days.com\/es\/noco-designado-sponsor-principal-del-campeonato-fim-seis-dias-internacionales-de-enduro\/"]}]},{"@type":"ImageObject","inLanguage":"es","@id":"https:\/\/2024.fim-6days.com\/es\/noco-designado-sponsor-principal-del-campeonato-fim-seis-dias-internacionales-de-enduro\/#primaryimage","url":"https:\/\/2024.fim-6days.com\/wp-content\/uploads\/sites\/9\/2023\/09\/2023.8.18_NLP14_KTMDirtbike_10-1.jpg","contentUrl":"https:\/\/2024.fim-6days.com\/wp-content\/uploads\/sites\/9\/2023\/09\/2023.8.18_NLP14_KTMDirtbike_10-1.jpg","width":7847,"height":5234},{"@type":"BreadcrumbList","@id":"https:\/\/2024.fim-6days.com\/es\/noco-designado-sponsor-principal-del-campeonato-fim-seis-dias-internacionales-de-enduro\/#breadcrumb","itemListElement":[{"@type":"ListItem","position":1,"name":"Home","item":"https:\/\/2024.fim-6days.com\/es\/"},{"@type":"ListItem","position":2,"name":"NOCO designado Sponsor Principal del Campeonato FIM Seis D\u00edas Internacionales de Enduro"}]},{"@type":"WebSite","@id":"https:\/\/2024.fim-6days.com\/#website","url":"https:\/\/2024.fim-6days.com\/","name":"FIM ISDE 2021","description":"FIM ISDE Official website","publisher":{"@id":"https:\/\/2024.fim-6days.com\/#organization"},"potentialAction":[{"@type":"SearchAction","target":{"@type":"EntryPoint","urlTemplate":"https:\/\/2024.fim-6days.com\/?s={search_term_string}"},"query-input":{"@type":"PropertyValueSpecification","valueRequired":true,"valueName":"search_term_string"}}],"inLanguage":"es"},{"@type":"Organization","@id":"https:\/\/2024.fim-6days.com\/#organization","name":"FIM - F\u00e9d\u00e9ration Internationale de Motocyclisme","url":"https:\/\/2024.fim-6days.com\/","logo":{"@type":"ImageObject","inLanguage":"es","@id":"https:\/\/2024.fim-6days.com\/#\/schema\/logo\/image\/","url":"https:\/\/2024.fim-6days.com\/wp-content\/uploads\/sites\/9\/2019\/07\/LogoFIM-CMYK.png","contentUrl":"https:\/\/2024.fim-6days.com\/wp-content\/uploads\/sites\/9\/2019\/07\/LogoFIM-CMYK.png","width":2608,"height":1833,"caption":"FIM - F\u00e9d\u00e9ration Internationale de Motocyclisme"},"image":{"@id":"https:\/\/2024.fim-6days.com\/#\/schema\/logo\/image\/"},"sameAs":["https:\/\/www.facebook.com\/FIMISDE\/","https:\/\/x.com\/fimisde","https:\/\/www.instagram.com\/fim_isde\/"]},{"@type":"Person","@id":"https:\/\/2024.fim-6days.com\/#\/schema\/person\/fc80183700e96a22afb3f220ae03b32a","name":"isalen","image":{"@type":"ImageObject","inLanguage":"es","@id":"https:\/\/2024.fim-6days.com\/#\/schema\/person\/image\/","url":"https:\/\/secure.gravatar.com\/avatar\/b498bfa446460353cfcc6e023d9c28e3e84ef3798b7f90c38b5d03254eed1837?s=96&d=mm&r=g","contentUrl":"https:\/\/secure.gravatar.com\/avatar\/b498bfa446460353cfcc6e023d9c28e3e84ef3798b7f90c38b5d03254eed1837?s=96&d=mm&r=g","caption":"isalen"},"url":"https:\/\/2024.fim-6days.com\/es\/author\/isalen\/"}]}},"_links":{"self":[{"href":"https:\/\/2024.fim-6days.com\/es\/wp-json\/wp\/v2\/posts\/48266","targetHints":{"allow":["GET"]}}],"collection":[{"href":"https:\/\/2024.fim-6days.com\/es\/wp-json\/wp\/v2\/posts"}],"about":[{"href":"https:\/\/2024.fim-6days.com\/es\/wp-json\/wp\/v2\/types\/post"}],"author":[{"embeddable":true,"href":"https:\/\/2024.fim-6days.com\/es\/wp-json\/wp\/v2\/users\/14"}],"replies":[{"embeddable":true,"href":"https:\/\/2024.fim-6days.com\/es\/wp-json\/wp\/v2\/comments?post=48266"}],"version-history":[{"count":2,"href":"https:\/\/2024.fim-6days.com\/es\/wp-json\/wp\/v2\/posts\/48266\/revisions"}],"predecessor-version":[{"id":48268,"href":"https:\/\/2024.fim-6days.com\/es\/wp-json\/wp\/v2\/posts\/48266\/revisions\/48268"}],"wp:featuredmedia":[{"embeddable":true,"href":"https:\/\/2024.fim-6days.com\/es\/wp-json\/wp\/v2\/media\/48254"}],"wp:attachment":[{"href":"https:\/\/2024.fim-6days.com\/es\/wp-json\/wp\/v2\/media?parent=48266"}],"wp:term":[{"taxonomy":"category","embeddable":true,"href":"https:\/\/2024.fim-6days.com\/es\/wp-json\/wp\/v2\/categories?post=48266"},{"taxonomy":"post_tag","embeddable":true,"href":"https:\/\/2024.fim-6days.com\/es\/wp-json\/wp\/v2\/tags?post=48266"}],"curies":[{"name":"wp","href":"https:\/\/api.w.org\/{rel}","templated":true}]}}