{"id":48173,"date":"2023-09-11T14:36:09","date_gmt":"2023-09-11T12:36:09","guid":{"rendered":"https:\/\/2024.fim-6days.com\/airoh-unveils-limited-edition-aviator-3-6days-argentina-helmet\/"},"modified":"2023-09-29T16:03:31","modified_gmt":"2023-09-29T14:03:31","slug":"airoh-presenta-la-edicion-limitada-del-casco-aviator-3-6days-argentina","status":"publish","type":"post","link":"https:\/\/2024.fim-6days.com\/es\/airoh-presenta-la-edicion-limitada-del-casco-aviator-3-6days-argentina\/","title":{"rendered":"Airoh presenta la edici\u00f3n limitada del casco Aviator 3 6DAYS\u00ae Argentina"},"content":{"rendered":"<p><div class=\"fusion-fullwidth fullwidth-box fusion-builder-row-1 fusion-flex-container nonhundred-percent-fullwidth non-hundred-percent-height-scrolling\" style=\"--awb-border-radius-top-left:0px;--awb-border-radius-top-right:0px;--awb-border-radius-bottom-right:0px;--awb-border-radius-bottom-left:0px;--awb-padding-top:0px;--awb-padding-bottom:0px;--awb-flex-wrap:wrap;\" ><div class=\"fusion-builder-row fusion-row fusion-flex-align-items-flex-start fusion-flex-content-wrap\" style=\"max-width:1248px;margin-left: calc(-4% \/ 2 );margin-right: calc(-4% \/ 2 );\"><div class=\"fusion-layout-column fusion_builder_column fusion-builder-column-0 fusion_builder_column_1_1 1_1 fusion-flex-column\" style=\"--awb-padding-top:0px;--awb-padding-bottom:0px;--awb-bg-size:cover;--awb-width-large:100%;--awb-margin-top-large:0px;--awb-spacing-right-large:1.92%;--awb-margin-bottom-large:0px;--awb-spacing-left-large:1.92%;--awb-width-medium:100%;--awb-order-medium:0;--awb-spacing-right-medium:1.92%;--awb-spacing-left-medium:1.92%;--awb-width-small:100%;--awb-order-small:0;--awb-spacing-right-small:1.92%;--awb-spacing-left-small:1.92%;\"><div class=\"fusion-column-wrapper fusion-column-has-shadow fusion-flex-justify-content-flex-start fusion-content-layout-column\"><div class=\"fusion-text fusion-text-1\" style=\"--awb-text-transform:none;\"><p>Airoh, uno de los principales sponsors del FIM International Six Days of Enduro (ISDE), celebra la 97 edici\u00f3n del mundialmente famoso evento con el lanzamiento de su casco de edici\u00f3n limitada, Aviator 3 6DAYS\u00ae Argentina.<\/p>\n<p>Del 6 al 11 de noviembre, el ISDE 2023 se celebrar\u00e1 en torno al Circuito San Juan Villicum en la ciudad de San Juan, al norte del pa\u00eds, por lo que es natural que el Aviator 3 6DAYS\u00ae Argentina luzca un llamativo y exclusivo esquema de colores y gr\u00e1ficas inspirado en la famosa bandera de la naci\u00f3n anfitriona.<\/p>\n<p>El modelo Aviator del fabricante italiano ha sido el casco oficial del ISDE desde 2015, con detalles renovados peri\u00f3dicamente y sus gr\u00e1ficas personalizadas para el evento que garantizan una gran demanda en todo el mundo. Aviator 3 6DAYS\u00ae Argentina continuar\u00e1 esta tendencia y, con solo 150 unidades producidas con todas las especificaciones innovadoras del casco todoterreno de alta gama de Airoh, es una aut\u00e9ntica pieza de colecci\u00f3n.<\/p>\n<p>Adem\u00e1s de su exclusividad y atractivo, cada casco lleva un n\u00famero de serie impreso con l\u00e1ser y se entrega en una caja exclusiva numerada individualmente, junto con un pasaporte firmado y numerado a mano que garantiza la exclusividad de cada pieza.<\/p>\n<p>El casco Aviator 3 6DAYS\u00ae Argentina tambi\u00e9n se entrega con una bolsa para el casco, un protector lateral, una visera extendida, una cubierta nasal corta, un juego de tornillos y filtros, cubiertas de ventilaci\u00f3n superior, cubiertas frontales, una insignia y una llave.<\/p>\n<p>Esta gr\u00e1fica dedicada tambi\u00e9n estar\u00e1 disponible para un p\u00fablico m\u00e1s amplio en el modelo WRAAAP de Airoh.<\/p>\n<p><strong>CASCO AIROH AVIATOR 3 6DAYS\u00ae <\/strong><strong>ARGENTINA &#8211; FICHA T<\/strong><strong>\u00c9<\/strong><strong>CNICA:<\/strong><\/p>\n<p>&#8211; Material: Carbono HPC<\/p>\n<p>&#8211; Homologaci\u00f3n: ECE 22 06<\/p>\n<p>&#8211; Ventilaci\u00f3n: 8 tomas de aire y spoilers<\/p>\n<p>&#8211; Tecnolog\u00edas: AMS\u00b2 Plus &#8211; Airoh Multiaction Safety System Plus, AMLS &#8211; Airoh Magnetic Lining System, AEFR &#8211; Airoh Emergency Fast Release y Hydra System.<\/p>\n<p>&#8211; Sistema de retenci\u00f3n: Anillo DD<\/p>\n<p>&#8211; Forro interior: lavable e hipoalerg\u00e9nico<\/p>\n<p>&#8211; Peso: desde 1330g + &#8211; 50g<\/p>\n<ul>\n<li>Talles: XS-S, M, L, XL-XXL<\/li>\n<\/ul>\n<p><strong>Fabio Muner, Director de Marketing y Digital de FIM, declar\u00f3:<\/strong> \u00abLa continua asociaci\u00f3n con Airoh ha dado como resultado, una vez m\u00e1s, un casco fant\u00e1stico que combina un dise\u00f1o sorprendentemente \u00fanico con una tecnolog\u00eda de vanguardia. Tanto si se lleva de forma cotidiana como si se guarda como un recuerdo inmaculado de este emblem\u00e1tico evento, se trata de un casco excepcional y una aut\u00e9ntica pieza de colecci\u00f3n. En nombre de FIM, me gustar\u00eda agradecer de nuevo a Airoh su continuo compromiso con el ISDE\u201d.<\/p>\n<p><strong>Sr. Locatelli, Fundador y CEO de AIROH, declar\u00f3: <\/strong>\u00abLos FIM International Six Days of Enduro no son s\u00f3lo una vidriera para nosotros y nuestros cascos, sino tambi\u00e9n una aut\u00e9ntica fiesta del enduro. Un momento muy importante para volver a encontrarnos y estar junto a los pilotos y compartir nuestra pasi\u00f3n por su seguridad, que es un factor esencial y fundamental para nosotros\u201d.<\/p>\n<\/div><div ><a class=\"fusion-button button-flat fusion-button-default-size button-default fusion-button-default button-1 fusion-button-default-span fusion-button-default-type\" target=\"_self\" href=\"https:\/\/2024.fim-6days.com\/airoh-unveils-limited-edition-aviator-3-6days-argentina-helmet\/\"><span class=\"fusion-button-text awb-button__text awb-button__text--default\">\u00a1COMPRAR AQU\u00cd!<\/span><\/a><\/div><\/div><\/div><\/div><\/div><div class=\"fusion-fullwidth fullwidth-box fusion-builder-row-2 fusion-flex-container has-pattern-background has-mask-background nonhundred-percent-fullwidth non-hundred-percent-height-scrolling\" style=\"--awb-border-radius-top-left:0px;--awb-border-radius-top-right:0px;--awb-border-radius-bottom-right:0px;--awb-border-radius-bottom-left:0px;--awb-flex-wrap:wrap;\" ><div class=\"fusion-builder-row fusion-row fusion-flex-align-items-flex-start fusion-flex-content-wrap\" style=\"max-width:1248px;margin-left: calc(-4% \/ 2 );margin-right: calc(-4% \/ 2 );\"><div class=\"fusion-layout-column fusion_builder_column fusion-builder-column-1 fusion_builder_column_1_1 1_1 fusion-flex-column\" style=\"--awb-bg-size:cover;--awb-width-large:100%;--awb-margin-top-large:0px;--awb-spacing-right-large:1.92%;--awb-margin-bottom-large:20px;--awb-spacing-left-large:1.92%;--awb-width-medium:100%;--awb-order-medium:0;--awb-spacing-right-medium:1.92%;--awb-spacing-left-medium:1.92%;--awb-width-small:100%;--awb-order-small:0;--awb-spacing-right-small:1.92%;--awb-spacing-left-small:1.92%;\"><div class=\"fusion-column-wrapper fusion-column-has-shadow fusion-flex-justify-content-flex-start fusion-content-layout-column\"><div class=\"fusion-separator fusion-full-width-sep\" style=\"align-self: center;margin-left: auto;margin-right: auto;margin-bottom:20px;width:100%;\"><\/div>\n\n<\/div><\/div><\/div><\/div><\/p>\n","protected":false},"excerpt":{"rendered":"","protected":false},"author":14,"featured_media":48077,"comment_status":"closed","ping_status":"closed","sticky":false,"template":"","format":"standard","meta":{"inline_featured_image":false,"footnotes":""},"categories":[112],"tags":[],"class_list":["post-48173","post","type-post","status-publish","format-standard","has-post-thumbnail","hentry","category-before-isde2023-es"],"yoast_head":"<!-- This site is optimized with the Yoast SEO plugin v25.6 - https:\/\/yoast.com\/wordpress\/plugins\/seo\/ -->\n<title>Airoh presenta la edici\u00f3n limitada del casco Aviator 3 6DAYS\u00ae Argentina - 2024 spain<\/title>\n<meta name=\"description\" content=\"With the 2023 FIM International Six Days of Enduro (ISDE) now just over three months away, support for the event \u2013 that has been confirmed that it will run as always planned from 6-11 November in Argentina \u2013 is growing dailyAiroh, a Main Partner of the FIM International Six Days of Enduro (ISDE), are marking the ninety-seventh edition of the world-famous event with the launch of their limited-edition helmet - Aviator 3 6DAYS\u00ae Argentina.\" \/>\n<meta name=\"robots\" content=\"index, follow, max-snippet:-1, max-image-preview:large, max-video-preview:-1\" \/>\n<link rel=\"canonical\" href=\"https:\/\/2024.fim-6days.com\/es\/airoh-presenta-la-edicion-limitada-del-casco-aviator-3-6days-argentina\/\" \/>\n<meta property=\"og:locale\" content=\"es_ES\" \/>\n<meta property=\"og:type\" content=\"article\" \/>\n<meta property=\"og:title\" content=\"Airoh presenta la edici\u00f3n limitada del casco Aviator 3 6DAYS\u00ae Argentina - 2024 spain\" \/>\n<meta property=\"og:description\" content=\"With the 2023 FIM International Six Days of Enduro (ISDE) now just over three months away, support for the event \u2013 that has been confirmed that it will run as always planned from 6-11 November in Argentina \u2013 is growing dailyAiroh, a Main Partner of the FIM International Six Days of Enduro (ISDE), are marking the ninety-seventh edition of the world-famous event with the launch of their limited-edition helmet - Aviator 3 6DAYS\u00ae Argentina.\" \/>\n<meta property=\"og:url\" content=\"https:\/\/2024.fim-6days.com\/es\/airoh-presenta-la-edicion-limitada-del-casco-aviator-3-6days-argentina\/\" \/>\n<meta property=\"og:site_name\" content=\"2024 spain\" \/>\n<meta property=\"article:publisher\" content=\"https:\/\/www.facebook.com\/FIMISDE\/\" \/>\n<meta property=\"article:published_time\" content=\"2023-09-11T12:36:09+00:00\" \/>\n<meta property=\"article:modified_time\" content=\"2023-09-29T14:03:31+00:00\" \/>\n<meta property=\"og:image\" content=\"https:\/\/2024.fim-6days.com\/wp-content\/uploads\/sites\/9\/2023\/08\/AIROH-AVIATOR-3-SIX-DAYS-ARGENTINA-37-3000x2000.jpg\" \/>\n\t<meta property=\"og:image:width\" content=\"3000\" \/>\n\t<meta property=\"og:image:height\" content=\"2000\" \/>\n\t<meta property=\"og:image:type\" content=\"image\/jpeg\" \/>\n<meta name=\"author\" content=\"isalen\" \/>\n<meta name=\"twitter:card\" content=\"summary_large_image\" \/>\n<meta name=\"twitter:creator\" content=\"@fimisde\" \/>\n<meta name=\"twitter:site\" content=\"@fimisde\" \/>\n<meta name=\"twitter:label1\" content=\"Escrito por\" \/>\n\t<meta name=\"twitter:data1\" content=\"isalen\" \/>\n\t<meta name=\"twitter:label2\" content=\"Tiempo de lectura\" \/>\n\t<meta name=\"twitter:data2\" content=\"5 minutos\" \/>\n<script type=\"application\/ld+json\" class=\"yoast-schema-graph\">{\"@context\":\"https:\/\/schema.org\",\"@graph\":[{\"@type\":\"Article\",\"@id\":\"https:\/\/2024.fim-6days.com\/es\/airoh-presenta-la-edicion-limitada-del-casco-aviator-3-6days-argentina\/#article\",\"isPartOf\":{\"@id\":\"https:\/\/2024.fim-6days.com\/es\/airoh-presenta-la-edicion-limitada-del-casco-aviator-3-6days-argentina\/\"},\"author\":{\"name\":\"isalen\",\"@id\":\"https:\/\/2024.fim-6days.com\/#\/schema\/person\/fc80183700e96a22afb3f220ae03b32a\"},\"headline\":\"Airoh presenta la edici\u00f3n limitada del casco Aviator 3 6DAYS\u00ae Argentina\",\"datePublished\":\"2023-09-11T12:36:09+00:00\",\"dateModified\":\"2023-09-29T14:03:31+00:00\",\"mainEntityOfPage\":{\"@id\":\"https:\/\/2024.fim-6days.com\/es\/airoh-presenta-la-edicion-limitada-del-casco-aviator-3-6days-argentina\/\"},\"wordCount\":2043,\"publisher\":{\"@id\":\"https:\/\/2024.fim-6days.com\/#organization\"},\"image\":{\"@id\":\"https:\/\/2024.fim-6days.com\/es\/airoh-presenta-la-edicion-limitada-del-casco-aviator-3-6days-argentina\/#primaryimage\"},\"thumbnailUrl\":\"https:\/\/2024.fim-6days.com\/wp-content\/uploads\/sites\/9\/2023\/08\/AIROH-AVIATOR-3-SIX-DAYS-ARGENTINA-37.jpg\",\"articleSection\":[\"Antes de ISDE2023\"],\"inLanguage\":\"es\"},{\"@type\":\"WebPage\",\"@id\":\"https:\/\/2024.fim-6days.com\/es\/airoh-presenta-la-edicion-limitada-del-casco-aviator-3-6days-argentina\/\",\"url\":\"https:\/\/2024.fim-6days.com\/es\/airoh-presenta-la-edicion-limitada-del-casco-aviator-3-6days-argentina\/\",\"name\":\"Airoh presenta la edici\u00f3n limitada del casco Aviator 3 6DAYS\u00ae Argentina - 2024 spain\",\"isPartOf\":{\"@id\":\"https:\/\/2024.fim-6days.com\/#website\"},\"primaryImageOfPage\":{\"@id\":\"https:\/\/2024.fim-6days.com\/es\/airoh-presenta-la-edicion-limitada-del-casco-aviator-3-6days-argentina\/#primaryimage\"},\"image\":{\"@id\":\"https:\/\/2024.fim-6days.com\/es\/airoh-presenta-la-edicion-limitada-del-casco-aviator-3-6days-argentina\/#primaryimage\"},\"thumbnailUrl\":\"https:\/\/2024.fim-6days.com\/wp-content\/uploads\/sites\/9\/2023\/08\/AIROH-AVIATOR-3-SIX-DAYS-ARGENTINA-37.jpg\",\"datePublished\":\"2023-09-11T12:36:09+00:00\",\"dateModified\":\"2023-09-29T14:03:31+00:00\",\"description\":\"With the 2023 FIM International Six Days of Enduro (ISDE) now just over three months away, support for the event \u2013 that has been confirmed that it will run as always planned from 6-11 November in Argentina \u2013 is growing dailyAiroh, a Main Partner of the FIM International Six Days of Enduro (ISDE), are marking the ninety-seventh edition of the world-famous event with the launch of their limited-edition helmet - Aviator 3 6DAYS\u00ae Argentina.\",\"breadcrumb\":{\"@id\":\"https:\/\/2024.fim-6days.com\/es\/airoh-presenta-la-edicion-limitada-del-casco-aviator-3-6days-argentina\/#breadcrumb\"},\"inLanguage\":\"es\",\"potentialAction\":[{\"@type\":\"ReadAction\",\"target\":[\"https:\/\/2024.fim-6days.com\/es\/airoh-presenta-la-edicion-limitada-del-casco-aviator-3-6days-argentina\/\"]}]},{\"@type\":\"ImageObject\",\"inLanguage\":\"es\",\"@id\":\"https:\/\/2024.fim-6days.com\/es\/airoh-presenta-la-edicion-limitada-del-casco-aviator-3-6days-argentina\/#primaryimage\",\"url\":\"https:\/\/2024.fim-6days.com\/wp-content\/uploads\/sites\/9\/2023\/08\/AIROH-AVIATOR-3-SIX-DAYS-ARGENTINA-37.jpg\",\"contentUrl\":\"https:\/\/2024.fim-6days.com\/wp-content\/uploads\/sites\/9\/2023\/08\/AIROH-AVIATOR-3-SIX-DAYS-ARGENTINA-37.jpg\",\"width\":6000,\"height\":4000},{\"@type\":\"BreadcrumbList\",\"@id\":\"https:\/\/2024.fim-6days.com\/es\/airoh-presenta-la-edicion-limitada-del-casco-aviator-3-6days-argentina\/#breadcrumb\",\"itemListElement\":[{\"@type\":\"ListItem\",\"position\":1,\"name\":\"Home\",\"item\":\"https:\/\/2024.fim-6days.com\/es\/\"},{\"@type\":\"ListItem\",\"position\":2,\"name\":\"Airoh presenta la edici\u00f3n limitada del casco Aviator 3 6DAYS\u00ae Argentina\"}]},{\"@type\":\"WebSite\",\"@id\":\"https:\/\/2024.fim-6days.com\/#website\",\"url\":\"https:\/\/2024.fim-6days.com\/\",\"name\":\"FIM ISDE 2021\",\"description\":\"FIM ISDE Official website\",\"publisher\":{\"@id\":\"https:\/\/2024.fim-6days.com\/#organization\"},\"potentialAction\":[{\"@type\":\"SearchAction\",\"target\":{\"@type\":\"EntryPoint\",\"urlTemplate\":\"https:\/\/2024.fim-6days.com\/?s={search_term_string}\"},\"query-input\":{\"@type\":\"PropertyValueSpecification\",\"valueRequired\":true,\"valueName\":\"search_term_string\"}}],\"inLanguage\":\"es\"},{\"@type\":\"Organization\",\"@id\":\"https:\/\/2024.fim-6days.com\/#organization\",\"name\":\"FIM - F\u00e9d\u00e9ration Internationale de Motocyclisme\",\"url\":\"https:\/\/2024.fim-6days.com\/\",\"logo\":{\"@type\":\"ImageObject\",\"inLanguage\":\"es\",\"@id\":\"https:\/\/2024.fim-6days.com\/#\/schema\/logo\/image\/\",\"url\":\"https:\/\/2024.fim-6days.com\/wp-content\/uploads\/sites\/9\/2019\/07\/LogoFIM-CMYK.png\",\"contentUrl\":\"https:\/\/2024.fim-6days.com\/wp-content\/uploads\/sites\/9\/2019\/07\/LogoFIM-CMYK.png\",\"width\":2608,\"height\":1833,\"caption\":\"FIM - F\u00e9d\u00e9ration Internationale de Motocyclisme\"},\"image\":{\"@id\":\"https:\/\/2024.fim-6days.com\/#\/schema\/logo\/image\/\"},\"sameAs\":[\"https:\/\/www.facebook.com\/FIMISDE\/\",\"https:\/\/x.com\/fimisde\",\"https:\/\/www.instagram.com\/fim_isde\/\"]},{\"@type\":\"Person\",\"@id\":\"https:\/\/2024.fim-6days.com\/#\/schema\/person\/fc80183700e96a22afb3f220ae03b32a\",\"name\":\"isalen\",\"image\":{\"@type\":\"ImageObject\",\"inLanguage\":\"es\",\"@id\":\"https:\/\/2024.fim-6days.com\/#\/schema\/person\/image\/\",\"url\":\"https:\/\/secure.gravatar.com\/avatar\/b498bfa446460353cfcc6e023d9c28e3e84ef3798b7f90c38b5d03254eed1837?s=96&d=mm&r=g\",\"contentUrl\":\"https:\/\/secure.gravatar.com\/avatar\/b498bfa446460353cfcc6e023d9c28e3e84ef3798b7f90c38b5d03254eed1837?s=96&d=mm&r=g\",\"caption\":\"isalen\"},\"url\":\"https:\/\/2024.fim-6days.com\/es\/author\/isalen\/\"}]}<\/script>\n<!-- \/ Yoast SEO plugin. -->","yoast_head_json":{"title":"Airoh presenta la edici\u00f3n limitada del casco Aviator 3 6DAYS\u00ae Argentina - 2024 spain","description":"With the 2023 FIM International Six Days of Enduro (ISDE) now just over three months away, support for the event \u2013 that has been confirmed that it will run as always planned from 6-11 November in Argentina \u2013 is growing dailyAiroh, a Main Partner of the FIM International Six Days of Enduro (ISDE), are marking the ninety-seventh edition of the world-famous event with the launch of their limited-edition helmet - Aviator 3 6DAYS\u00ae Argentina.","robots":{"index":"index","follow":"follow","max-snippet":"max-snippet:-1","max-image-preview":"max-image-preview:large","max-video-preview":"max-video-preview:-1"},"canonical":"https:\/\/2024.fim-6days.com\/es\/airoh-presenta-la-edicion-limitada-del-casco-aviator-3-6days-argentina\/","og_locale":"es_ES","og_type":"article","og_title":"Airoh presenta la edici\u00f3n limitada del casco Aviator 3 6DAYS\u00ae Argentina - 2024 spain","og_description":"With the 2023 FIM International Six Days of Enduro (ISDE) now just over three months away, support for the event \u2013 that has been confirmed that it will run as always planned from 6-11 November in Argentina \u2013 is growing dailyAiroh, a Main Partner of the FIM International Six Days of Enduro (ISDE), are marking the ninety-seventh edition of the world-famous event with the launch of their limited-edition helmet - Aviator 3 6DAYS\u00ae Argentina.","og_url":"https:\/\/2024.fim-6days.com\/es\/airoh-presenta-la-edicion-limitada-del-casco-aviator-3-6days-argentina\/","og_site_name":"2024 spain","article_publisher":"https:\/\/www.facebook.com\/FIMISDE\/","article_published_time":"2023-09-11T12:36:09+00:00","article_modified_time":"2023-09-29T14:03:31+00:00","og_image":[{"width":3000,"height":2000,"url":"https:\/\/2024.fim-6days.com\/wp-content\/uploads\/sites\/9\/2023\/08\/AIROH-AVIATOR-3-SIX-DAYS-ARGENTINA-37-3000x2000.jpg","type":"image\/jpeg"}],"author":"isalen","twitter_card":"summary_large_image","twitter_creator":"@fimisde","twitter_site":"@fimisde","twitter_misc":{"Escrito por":"isalen","Tiempo de lectura":"5 minutos"},"schema":{"@context":"https:\/\/schema.org","@graph":[{"@type":"Article","@id":"https:\/\/2024.fim-6days.com\/es\/airoh-presenta-la-edicion-limitada-del-casco-aviator-3-6days-argentina\/#article","isPartOf":{"@id":"https:\/\/2024.fim-6days.com\/es\/airoh-presenta-la-edicion-limitada-del-casco-aviator-3-6days-argentina\/"},"author":{"name":"isalen","@id":"https:\/\/2024.fim-6days.com\/#\/schema\/person\/fc80183700e96a22afb3f220ae03b32a"},"headline":"Airoh presenta la edici\u00f3n limitada del casco Aviator 3 6DAYS\u00ae Argentina","datePublished":"2023-09-11T12:36:09+00:00","dateModified":"2023-09-29T14:03:31+00:00","mainEntityOfPage":{"@id":"https:\/\/2024.fim-6days.com\/es\/airoh-presenta-la-edicion-limitada-del-casco-aviator-3-6days-argentina\/"},"wordCount":2043,"publisher":{"@id":"https:\/\/2024.fim-6days.com\/#organization"},"image":{"@id":"https:\/\/2024.fim-6days.com\/es\/airoh-presenta-la-edicion-limitada-del-casco-aviator-3-6days-argentina\/#primaryimage"},"thumbnailUrl":"https:\/\/2024.fim-6days.com\/wp-content\/uploads\/sites\/9\/2023\/08\/AIROH-AVIATOR-3-SIX-DAYS-ARGENTINA-37.jpg","articleSection":["Antes de ISDE2023"],"inLanguage":"es"},{"@type":"WebPage","@id":"https:\/\/2024.fim-6days.com\/es\/airoh-presenta-la-edicion-limitada-del-casco-aviator-3-6days-argentina\/","url":"https:\/\/2024.fim-6days.com\/es\/airoh-presenta-la-edicion-limitada-del-casco-aviator-3-6days-argentina\/","name":"Airoh presenta la edici\u00f3n limitada del casco Aviator 3 6DAYS\u00ae Argentina - 2024 spain","isPartOf":{"@id":"https:\/\/2024.fim-6days.com\/#website"},"primaryImageOfPage":{"@id":"https:\/\/2024.fim-6days.com\/es\/airoh-presenta-la-edicion-limitada-del-casco-aviator-3-6days-argentina\/#primaryimage"},"image":{"@id":"https:\/\/2024.fim-6days.com\/es\/airoh-presenta-la-edicion-limitada-del-casco-aviator-3-6days-argentina\/#primaryimage"},"thumbnailUrl":"https:\/\/2024.fim-6days.com\/wp-content\/uploads\/sites\/9\/2023\/08\/AIROH-AVIATOR-3-SIX-DAYS-ARGENTINA-37.jpg","datePublished":"2023-09-11T12:36:09+00:00","dateModified":"2023-09-29T14:03:31+00:00","description":"With the 2023 FIM International Six Days of Enduro (ISDE) now just over three months away, support for the event \u2013 that has been confirmed that it will run as always planned from 6-11 November in Argentina \u2013 is growing dailyAiroh, a Main Partner of the FIM International Six Days of Enduro (ISDE), are marking the ninety-seventh edition of the world-famous event with the launch of their limited-edition helmet - Aviator 3 6DAYS\u00ae Argentina.","breadcrumb":{"@id":"https:\/\/2024.fim-6days.com\/es\/airoh-presenta-la-edicion-limitada-del-casco-aviator-3-6days-argentina\/#breadcrumb"},"inLanguage":"es","potentialAction":[{"@type":"ReadAction","target":["https:\/\/2024.fim-6days.com\/es\/airoh-presenta-la-edicion-limitada-del-casco-aviator-3-6days-argentina\/"]}]},{"@type":"ImageObject","inLanguage":"es","@id":"https:\/\/2024.fim-6days.com\/es\/airoh-presenta-la-edicion-limitada-del-casco-aviator-3-6days-argentina\/#primaryimage","url":"https:\/\/2024.fim-6days.com\/wp-content\/uploads\/sites\/9\/2023\/08\/AIROH-AVIATOR-3-SIX-DAYS-ARGENTINA-37.jpg","contentUrl":"https:\/\/2024.fim-6days.com\/wp-content\/uploads\/sites\/9\/2023\/08\/AIROH-AVIATOR-3-SIX-DAYS-ARGENTINA-37.jpg","width":6000,"height":4000},{"@type":"BreadcrumbList","@id":"https:\/\/2024.fim-6days.com\/es\/airoh-presenta-la-edicion-limitada-del-casco-aviator-3-6days-argentina\/#breadcrumb","itemListElement":[{"@type":"ListItem","position":1,"name":"Home","item":"https:\/\/2024.fim-6days.com\/es\/"},{"@type":"ListItem","position":2,"name":"Airoh presenta la edici\u00f3n limitada del casco Aviator 3 6DAYS\u00ae Argentina"}]},{"@type":"WebSite","@id":"https:\/\/2024.fim-6days.com\/#website","url":"https:\/\/2024.fim-6days.com\/","name":"FIM ISDE 2021","description":"FIM ISDE Official website","publisher":{"@id":"https:\/\/2024.fim-6days.com\/#organization"},"potentialAction":[{"@type":"SearchAction","target":{"@type":"EntryPoint","urlTemplate":"https:\/\/2024.fim-6days.com\/?s={search_term_string}"},"query-input":{"@type":"PropertyValueSpecification","valueRequired":true,"valueName":"search_term_string"}}],"inLanguage":"es"},{"@type":"Organization","@id":"https:\/\/2024.fim-6days.com\/#organization","name":"FIM - F\u00e9d\u00e9ration Internationale de Motocyclisme","url":"https:\/\/2024.fim-6days.com\/","logo":{"@type":"ImageObject","inLanguage":"es","@id":"https:\/\/2024.fim-6days.com\/#\/schema\/logo\/image\/","url":"https:\/\/2024.fim-6days.com\/wp-content\/uploads\/sites\/9\/2019\/07\/LogoFIM-CMYK.png","contentUrl":"https:\/\/2024.fim-6days.com\/wp-content\/uploads\/sites\/9\/2019\/07\/LogoFIM-CMYK.png","width":2608,"height":1833,"caption":"FIM - F\u00e9d\u00e9ration Internationale de Motocyclisme"},"image":{"@id":"https:\/\/2024.fim-6days.com\/#\/schema\/logo\/image\/"},"sameAs":["https:\/\/www.facebook.com\/FIMISDE\/","https:\/\/x.com\/fimisde","https:\/\/www.instagram.com\/fim_isde\/"]},{"@type":"Person","@id":"https:\/\/2024.fim-6days.com\/#\/schema\/person\/fc80183700e96a22afb3f220ae03b32a","name":"isalen","image":{"@type":"ImageObject","inLanguage":"es","@id":"https:\/\/2024.fim-6days.com\/#\/schema\/person\/image\/","url":"https:\/\/secure.gravatar.com\/avatar\/b498bfa446460353cfcc6e023d9c28e3e84ef3798b7f90c38b5d03254eed1837?s=96&d=mm&r=g","contentUrl":"https:\/\/secure.gravatar.com\/avatar\/b498bfa446460353cfcc6e023d9c28e3e84ef3798b7f90c38b5d03254eed1837?s=96&d=mm&r=g","caption":"isalen"},"url":"https:\/\/2024.fim-6days.com\/es\/author\/isalen\/"}]}},"_links":{"self":[{"href":"https:\/\/2024.fim-6days.com\/es\/wp-json\/wp\/v2\/posts\/48173","targetHints":{"allow":["GET"]}}],"collection":[{"href":"https:\/\/2024.fim-6days.com\/es\/wp-json\/wp\/v2\/posts"}],"about":[{"href":"https:\/\/2024.fim-6days.com\/es\/wp-json\/wp\/v2\/types\/post"}],"author":[{"embeddable":true,"href":"https:\/\/2024.fim-6days.com\/es\/wp-json\/wp\/v2\/users\/14"}],"replies":[{"embeddable":true,"href":"https:\/\/2024.fim-6days.com\/es\/wp-json\/wp\/v2\/comments?post=48173"}],"version-history":[{"count":3,"href":"https:\/\/2024.fim-6days.com\/es\/wp-json\/wp\/v2\/posts\/48173\/revisions"}],"predecessor-version":[{"id":48272,"href":"https:\/\/2024.fim-6days.com\/es\/wp-json\/wp\/v2\/posts\/48173\/revisions\/48272"}],"wp:featuredmedia":[{"embeddable":true,"href":"https:\/\/2024.fim-6days.com\/es\/wp-json\/wp\/v2\/media\/48077"}],"wp:attachment":[{"href":"https:\/\/2024.fim-6days.com\/es\/wp-json\/wp\/v2\/media?parent=48173"}],"wp:term":[{"taxonomy":"category","embeddable":true,"href":"https:\/\/2024.fim-6days.com\/es\/wp-json\/wp\/v2\/categories?post=48173"},{"taxonomy":"post_tag","embeddable":true,"href":"https:\/\/2024.fim-6days.com\/es\/wp-json\/wp\/v2\/tags?post=48173"}],"curies":[{"name":"wp","href":"https:\/\/api.w.org\/{rel}","templated":true}]}}