{"id":47965,"date":"2023-08-02T11:07:03","date_gmt":"2023-08-02T09:07:03","guid":{"rendered":"https:\/\/2024.fim-6days.com\/take-advantage-of-comprehensive-isde-racing-services-and-rental-packages\/"},"modified":"2023-08-02T14:01:13","modified_gmt":"2023-08-02T12:01:13","slug":"beneficiese-de-los-completos-servicios-de-carreras-y-paquetes-de-alquiler-de-los-isde","status":"publish","type":"post","link":"https:\/\/2024.fim-6days.com\/es\/beneficiese-de-los-completos-servicios-de-carreras-y-paquetes-de-alquiler-de-los-isde\/","title":{"rendered":"Benef\u00edciese de los completos servicios de carreras y paquetes de alquiler de los ISDE"},"content":{"rendered":"<p><div class=\"fusion-fullwidth fullwidth-box fusion-builder-row-1 fusion-flex-container nonhundred-percent-fullwidth non-hundred-percent-height-scrolling\" style=\"--awb-border-radius-top-left:0px;--awb-border-radius-top-right:0px;--awb-border-radius-bottom-right:0px;--awb-border-radius-bottom-left:0px;--awb-padding-top:0px;--awb-padding-bottom:0px;--awb-flex-wrap:wrap;\" ><div class=\"fusion-builder-row fusion-row fusion-flex-align-items-flex-start fusion-flex-content-wrap\" style=\"max-width:1248px;margin-left: calc(-4% \/ 2 );margin-right: calc(-4% \/ 2 );\"><div class=\"fusion-layout-column fusion_builder_column fusion-builder-column-0 fusion_builder_column_1_1 1_1 fusion-flex-column\" style=\"--awb-padding-top:0px;--awb-padding-bottom:0px;--awb-bg-size:cover;--awb-width-large:100%;--awb-margin-top-large:0px;--awb-spacing-right-large:1.92%;--awb-margin-bottom-large:0px;--awb-spacing-left-large:1.92%;--awb-width-medium:100%;--awb-order-medium:0;--awb-spacing-right-medium:1.92%;--awb-spacing-left-medium:1.92%;--awb-width-small:100%;--awb-order-small:0;--awb-spacing-right-small:1.92%;--awb-spacing-left-small:1.92%;\"><div class=\"fusion-column-wrapper fusion-column-has-shadow fusion-flex-justify-content-flex-start fusion-content-layout-column\"><div class=\"fusion-text fusion-text-1\" style=\"--awb-text-transform:none;\"><p><strong>Benef\u00ed<\/strong><strong>ciese de los completos servicios de carreras y paquetes de alquiler del ISDE<\/strong><\/p>\n<p><strong>\u00a0<\/strong><\/p>\n<p>Se recuerda a los competidores de la nonag\u00e9simo s\u00e9ptima edici\u00f3n de la FIM International Six Days of Enduro (ISDE), que tendr\u00e1 lugar en Argentina del 6 al 11 de noviembre, la amplia gama de paquetes de servicios de asistencia a la carrera que est\u00e1n disponibles y que est\u00e1n dise\u00f1ados para aliviar las preocupaciones log\u00edsticas para que los pilotos puedan concentrarse plenamente en la carrera, disfrutar de toda la experiencia y mejorar sus posibilidades de llegar a la l\u00ednea de meta.<\/p>\n<p>Cualquier evento de varios d\u00edas requiere una planificaci\u00f3n precisa, y la combinaci\u00f3n de seis d\u00edas ininterrumpidos de competici\u00f3n en lo que para muchos pilotos ser\u00e1 un pa\u00eds muy lejos de casa hace que la preparaci\u00f3n y el apoyo adecuados sean a\u00fan m\u00e1s vitales.<\/p>\n<p>Teniendo esto en cuenta, varios fabricantes est\u00e1n ofreciendo asistencia que va desde el alquiler de m\u00e1quinas hasta el apoyo integral durante el evento, y los pilotos tambi\u00e9n pueden aprovechar los servicios de carreras multimarca adaptados a sus necesidades individuales. Las ventajas son evidentes, con acceso a la maquinaria y las piezas m\u00e1s modernas, e incluso el alquiler de equipos de competici\u00f3n, junto con el apoyo diario de expertos.<\/p>\n<p>Los pilotos que a\u00fan deseen competir, pero que todav\u00eda no se hayan hecho la inscripci\u00f3n, les rogamos que se pongan en contacto con su delegado nacional lo antes posible.<\/p>\n<\/div><\/div><\/div><\/div><\/div><div class=\"fusion-fullwidth fullwidth-box fusion-builder-row-2 fusion-flex-container has-pattern-background has-mask-background nonhundred-percent-fullwidth non-hundred-percent-height-scrolling\" style=\"--awb-border-radius-top-left:0px;--awb-border-radius-top-right:0px;--awb-border-radius-bottom-right:0px;--awb-border-radius-bottom-left:0px;--awb-flex-wrap:wrap;\" ><div class=\"fusion-builder-row fusion-row fusion-flex-align-items-flex-start fusion-flex-content-wrap\" style=\"max-width:1248px;margin-left: calc(-4% \/ 2 );margin-right: calc(-4% \/ 2 );\"><div class=\"fusion-layout-column fusion_builder_column fusion-builder-column-1 fusion_builder_column_1_3 1_3 fusion-flex-column\" style=\"--awb-bg-size:cover;--awb-width-large:33.333333333333%;--awb-margin-top-large:0px;--awb-spacing-right-large:5.76%;--awb-margin-bottom-large:20px;--awb-spacing-left-large:5.76%;--awb-width-medium:100%;--awb-order-medium:0;--awb-spacing-right-medium:1.92%;--awb-spacing-left-medium:1.92%;--awb-width-small:100%;--awb-order-small:0;--awb-spacing-right-small:1.92%;--awb-spacing-left-small:1.92%;\"><div class=\"fusion-column-wrapper fusion-column-has-shadow fusion-flex-justify-content-flex-start fusion-content-layout-column\"><div class=\"fusion-image-element \" style=\"--awb-caption-title-font-family:var(--h2_typography-font-family);--awb-caption-title-font-weight:var(--h2_typography-font-weight);--awb-caption-title-font-style:var(--h2_typography-font-style);--awb-caption-title-size:var(--h2_typography-font-size);--awb-caption-title-transform:var(--h2_typography-text-transform);--awb-caption-title-line-height:var(--h2_typography-line-height);--awb-caption-title-letter-spacing:var(--h2_typography-letter-spacing);\"><span class=\" fusion-imageframe imageframe-none imageframe-1 hover-type-none\"><a class=\"fusion-no-lightbox\" href=\"https:\/\/events.ktm.com\/isde2023\" target=\"_blank\" aria-label=\"ISDE2023-Racing Service-KTM-400px\" rel=\"noopener noreferrer\"><img decoding=\"async\" width=\"400\" height=\"143\" src=\"https:\/\/2024.fim-6days.com\/wp-content\/uploads\/sites\/9\/2023\/06\/ISDE2023-Racing-Service-KTM-400px.png\" alt class=\"img-responsive wp-image-47733\" srcset=\"https:\/\/2024.fim-6days.com\/wp-content\/uploads\/sites\/9\/2023\/06\/ISDE2023-Racing-Service-KTM-400px-200x72.png 200w, https:\/\/2024.fim-6days.com\/wp-content\/uploads\/sites\/9\/2023\/06\/ISDE2023-Racing-Service-KTM-400px.png 400w\" sizes=\"(max-width: 1024px) 100vw, (max-width: 640px) 100vw, 400px\" \/><\/a><\/span><\/div><div class=\"fusion-separator fusion-full-width-sep\" style=\"align-self: center;margin-left: auto;margin-right: auto;margin-bottom:20px;width:100%;\"><\/div>\n<div style=\"text-align:center;\"><a class=\"fusion-button button-flat fusion-button-default-size button-default fusion-button-default button-1 fusion-button-default-span fusion-button-default-type\" target=\"_blank\" rel=\"noopener noreferrer\" href=\"https:\/\/events.ktm.com\/isde2023\"><span class=\"fusion-button-text awb-button__text awb-button__text--default\">BOOK NOW<\/span><\/a><\/div><div class=\"fusion-separator fusion-full-width-sep\" style=\"align-self: center;margin-left: auto;margin-right: auto;margin-bottom:20px;width:100%;\"><\/div>\n<div class=\"fusion-text fusion-text-2\" style=\"--awb-text-color:var(--awb-color4);\"><p>*Rental service for KTM motorcycles is exclusively managed by KTM Group<\/p>\n<\/div><\/div><\/div><div class=\"fusion-layout-column fusion_builder_column fusion-builder-column-2 fusion_builder_column_1_3 1_3 fusion-flex-column\" style=\"--awb-bg-size:cover;--awb-width-large:33.333333333333%;--awb-margin-top-large:0px;--awb-spacing-right-large:5.76%;--awb-margin-bottom-large:20px;--awb-spacing-left-large:5.76%;--awb-width-medium:100%;--awb-order-medium:0;--awb-spacing-right-medium:1.92%;--awb-spacing-left-medium:1.92%;--awb-width-small:100%;--awb-order-small:0;--awb-spacing-right-small:1.92%;--awb-spacing-left-small:1.92%;\"><div class=\"fusion-column-wrapper fusion-column-has-shadow fusion-flex-justify-content-flex-start fusion-content-layout-column\"><div class=\"fusion-image-element \" style=\"--awb-caption-title-font-family:var(--h2_typography-font-family);--awb-caption-title-font-weight:var(--h2_typography-font-weight);--awb-caption-title-font-style:var(--h2_typography-font-style);--awb-caption-title-size:var(--h2_typography-font-size);--awb-caption-title-transform:var(--h2_typography-text-transform);--awb-caption-title-line-height:var(--h2_typography-line-height);--awb-caption-title-letter-spacing:var(--h2_typography-letter-spacing);\"><span class=\" fusion-imageframe imageframe-none imageframe-2 hover-type-none\"><a class=\"fusion-no-lightbox\" href=\"https:\/\/events.husqvarna-motorcycles.com\/isde-2023\" target=\"_blank\" aria-label=\"ISDE2023-Racing Service-HUSQVARNA-400px\" rel=\"noopener noreferrer\"><img decoding=\"async\" width=\"400\" height=\"143\" src=\"https:\/\/2024.fim-6days.com\/wp-content\/uploads\/sites\/9\/2023\/06\/ISDE2023-Racing-Service-HUSQVARNA-400px.png\" alt class=\"img-responsive wp-image-47735\" srcset=\"https:\/\/2024.fim-6days.com\/wp-content\/uploads\/sites\/9\/2023\/06\/ISDE2023-Racing-Service-HUSQVARNA-400px-200x72.png 200w, https:\/\/2024.fim-6days.com\/wp-content\/uploads\/sites\/9\/2023\/06\/ISDE2023-Racing-Service-HUSQVARNA-400px.png 400w\" sizes=\"(max-width: 1024px) 100vw, (max-width: 640px) 100vw, 400px\" \/><\/a><\/span><\/div><div class=\"fusion-separator fusion-full-width-sep\" style=\"align-self: center;margin-left: auto;margin-right: auto;margin-bottom:20px;width:100%;\"><\/div>\n<div style=\"text-align:center;\"><a class=\"fusion-button button-flat fusion-button-default-size button-default fusion-button-default button-2 fusion-button-default-span fusion-button-default-type\" target=\"_blank\" rel=\"noopener noreferrer\" href=\"https:\/\/events.husqvarna-motorcycles.com\/isde-2023\"><span class=\"fusion-button-text awb-button__text awb-button__text--default\">BOOK NOW<\/span><\/a><\/div><div class=\"fusion-separator fusion-full-width-sep\" style=\"align-self: center;margin-left: auto;margin-right: auto;margin-bottom:20px;width:100%;\"><\/div>\n<div class=\"fusion-text fusion-text-3\" style=\"--awb-text-color:var(--awb-color4);\"><p>*Rental service for Husqvarna motorcycles is exclusively managed by KTM Group<\/p>\n<\/div><\/div><\/div><div class=\"fusion-layout-column fusion_builder_column fusion-builder-column-3 fusion_builder_column_1_3 1_3 fusion-flex-column\" style=\"--awb-bg-size:cover;--awb-width-large:33.333333333333%;--awb-margin-top-large:0px;--awb-spacing-right-large:5.76%;--awb-margin-bottom-large:20px;--awb-spacing-left-large:5.76%;--awb-width-medium:100%;--awb-order-medium:0;--awb-spacing-right-medium:1.92%;--awb-spacing-left-medium:1.92%;--awb-width-small:100%;--awb-order-small:0;--awb-spacing-right-small:1.92%;--awb-spacing-left-small:1.92%;\"><div class=\"fusion-column-wrapper fusion-column-has-shadow fusion-flex-justify-content-flex-start fusion-content-layout-column\"><div class=\"fusion-image-element \" style=\"--awb-caption-title-font-family:var(--h2_typography-font-family);--awb-caption-title-font-weight:var(--h2_typography-font-weight);--awb-caption-title-font-style:var(--h2_typography-font-style);--awb-caption-title-size:var(--h2_typography-font-size);--awb-caption-title-transform:var(--h2_typography-text-transform);--awb-caption-title-line-height:var(--h2_typography-line-height);--awb-caption-title-letter-spacing:var(--h2_typography-letter-spacing);\"><span class=\" fusion-imageframe imageframe-none imageframe-3 hover-type-none\"><a class=\"fusion-no-lightbox\" href=\"https:\/\/events.gasgas.com\/isde--2023\/pages\/GASGAS-services\" target=\"_blank\" aria-label=\"ISDE2023-Racing Service-GASGAS-400px\" rel=\"noopener noreferrer\"><img decoding=\"async\" width=\"400\" height=\"143\" src=\"https:\/\/2024.fim-6days.com\/wp-content\/uploads\/sites\/9\/2023\/06\/ISDE2023-Racing-Service-GASGAS-400px.png\" alt class=\"img-responsive wp-image-47739\" srcset=\"https:\/\/2024.fim-6days.com\/wp-content\/uploads\/sites\/9\/2023\/06\/ISDE2023-Racing-Service-GASGAS-400px-200x72.png 200w, https:\/\/2024.fim-6days.com\/wp-content\/uploads\/sites\/9\/2023\/06\/ISDE2023-Racing-Service-GASGAS-400px.png 400w\" sizes=\"(max-width: 1024px) 100vw, (max-width: 640px) 100vw, 400px\" \/><\/a><\/span><\/div><div class=\"fusion-separator fusion-full-width-sep\" style=\"align-self: center;margin-left: auto;margin-right: auto;margin-bottom:20px;width:100%;\"><\/div>\n<div style=\"text-align:center;\"><a class=\"fusion-button button-flat fusion-button-default-size button-default fusion-button-default button-3 fusion-button-default-span fusion-button-default-type\" target=\"_blank\" rel=\"noopener noreferrer\" href=\"https:\/\/events.gasgas.com\/isde--2023\/pages\/GASGAS-services\"><span class=\"fusion-button-text awb-button__text awb-button__text--default\">BOOK NOW<\/span><\/a><\/div><div class=\"fusion-separator fusion-full-width-sep\" style=\"align-self: center;margin-left: auto;margin-right: auto;margin-bottom:20px;width:100%;\"><\/div>\n<div class=\"fusion-text fusion-text-4\" style=\"--awb-text-color:var(--awb-color4);\"><p>*Rental service for KTM motorcycles is exclusively managed by KTM Group<\/p>\n<\/div><\/div><\/div><div class=\"fusion-layout-column fusion_builder_column fusion-builder-column-4 fusion_builder_column_1_1 1_1 fusion-flex-column\" style=\"--awb-bg-size:cover;--awb-width-large:100%;--awb-margin-top-large:0px;--awb-spacing-right-large:1.92%;--awb-margin-bottom-large:20px;--awb-spacing-left-large:1.92%;--awb-width-medium:100%;--awb-order-medium:0;--awb-spacing-right-medium:1.92%;--awb-spacing-left-medium:1.92%;--awb-width-small:100%;--awb-order-small:0;--awb-spacing-right-small:1.92%;--awb-spacing-left-small:1.92%;\"><div class=\"fusion-column-wrapper fusion-column-has-shadow fusion-flex-justify-content-flex-start fusion-content-layout-column\"><div class=\"fusion-separator fusion-full-width-sep\" style=\"align-self: center;margin-left: auto;margin-right: auto;margin-bottom:20px;width:100%;\"><\/div>\n<\/div><\/div><div class=\"fusion-layout-column fusion_builder_column fusion-builder-column-5 fusion_builder_column_1_3 1_3 fusion-flex-column\" style=\"--awb-bg-size:cover;--awb-width-large:33.333333333333%;--awb-margin-top-large:0px;--awb-spacing-right-large:5.76%;--awb-margin-bottom-large:20px;--awb-spacing-left-large:5.76%;--awb-width-medium:100%;--awb-order-medium:0;--awb-spacing-right-medium:1.92%;--awb-spacing-left-medium:1.92%;--awb-width-small:100%;--awb-order-small:0;--awb-spacing-right-small:1.92%;--awb-spacing-left-small:1.92%;\"><div class=\"fusion-column-wrapper fusion-column-has-shadow fusion-flex-justify-content-flex-start fusion-content-layout-column\"><div class=\"fusion-image-element \" style=\"--awb-caption-title-font-family:var(--h2_typography-font-family);--awb-caption-title-font-weight:var(--h2_typography-font-weight);--awb-caption-title-font-style:var(--h2_typography-font-style);--awb-caption-title-size:var(--h2_typography-font-size);--awb-caption-title-transform:var(--h2_typography-text-transform);--awb-caption-title-line-height:var(--h2_typography-line-height);--awb-caption-title-letter-spacing:var(--h2_typography-letter-spacing);\"><span class=\" fusion-imageframe imageframe-none imageframe-4 hover-type-none\"><a class=\"fusion-no-lightbox\" href=\"https:\/\/www.sherco.com\/en\/racing-en\/enduro-en\/join-the-2023-isde-with-sherco-factory-support-motorcycle-rental-and-factory-assistance-and-support-package\" target=\"_blank\" aria-label=\"ISDE2023-Racing Service-SHERCO-400px\" rel=\"noopener noreferrer\"><img decoding=\"async\" width=\"400\" height=\"143\" src=\"https:\/\/2024.fim-6days.com\/wp-content\/uploads\/sites\/9\/2023\/06\/ISDE2023-Racing-Service-SHERCO-400px.png\" alt class=\"img-responsive wp-image-47737\" srcset=\"https:\/\/2024.fim-6days.com\/wp-content\/uploads\/sites\/9\/2023\/06\/ISDE2023-Racing-Service-SHERCO-400px-200x72.png 200w, https:\/\/2024.fim-6days.com\/wp-content\/uploads\/sites\/9\/2023\/06\/ISDE2023-Racing-Service-SHERCO-400px.png 400w\" sizes=\"(max-width: 1024px) 100vw, (max-width: 640px) 100vw, 400px\" \/><\/a><\/span><\/div><div class=\"fusion-separator fusion-full-width-sep\" style=\"align-self: center;margin-left: auto;margin-right: auto;margin-bottom:20px;width:100%;\"><\/div>\n<div style=\"text-align:center;\"><a class=\"fusion-button button-flat fusion-button-default-size button-default fusion-button-default button-4 fusion-button-default-span fusion-button-default-type\" target=\"_blank\" rel=\"noopener noreferrer\" href=\"https:\/\/www.sherco.com\/en\/racing-en\/enduro-en\/join-the-2023-isde-with-sherco-factory-support-motorcycle-rental-and-factory-assistance-and-support-package\"><span class=\"fusion-button-text awb-button__text awb-button__text--default\">BOOK NOW<\/span><\/a><\/div><div class=\"fusion-separator fusion-full-width-sep\" style=\"align-self: center;margin-left: auto;margin-right: auto;margin-bottom:20px;width:100%;\"><\/div>\n<div class=\"fusion-text fusion-text-5\" style=\"--awb-text-color:var(--awb-color4);\"><p>*Rental service for Sherco motorcycles is exclusively managed by Sherco<\/p>\n<\/div><\/div><\/div><div class=\"fusion-layout-column fusion_builder_column fusion-builder-column-6 fusion_builder_column_1_3 1_3 fusion-flex-column\" style=\"--awb-bg-size:cover;--awb-width-large:33.333333333333%;--awb-margin-top-large:0px;--awb-spacing-right-large:5.76%;--awb-margin-bottom-large:20px;--awb-spacing-left-large:5.76%;--awb-width-medium:100%;--awb-order-medium:0;--awb-spacing-right-medium:1.92%;--awb-spacing-left-medium:1.92%;--awb-width-small:100%;--awb-order-small:0;--awb-spacing-right-small:1.92%;--awb-spacing-left-small:1.92%;\"><div class=\"fusion-column-wrapper fusion-column-has-shadow fusion-flex-justify-content-flex-start fusion-content-layout-column\"><div class=\"fusion-image-element \" style=\"--awb-caption-title-font-family:var(--h2_typography-font-family);--awb-caption-title-font-weight:var(--h2_typography-font-weight);--awb-caption-title-font-style:var(--h2_typography-font-style);--awb-caption-title-size:var(--h2_typography-font-size);--awb-caption-title-transform:var(--h2_typography-text-transform);--awb-caption-title-line-height:var(--h2_typography-line-height);--awb-caption-title-letter-spacing:var(--h2_typography-letter-spacing);\"><span class=\" fusion-imageframe imageframe-none imageframe-5 hover-type-none\"><a class=\"fusion-no-lightbox\" href=\"https:\/\/2024.fim-6days.com\/rieju-continue-their-fim-isde-support-programme\/\" target=\"_blank\" aria-label=\"ISDE2023-Racing Service-RIEJU-400px\" rel=\"noopener noreferrer\"><img decoding=\"async\" width=\"400\" height=\"143\" src=\"https:\/\/2024.fim-6days.com\/wp-content\/uploads\/sites\/9\/2023\/06\/ISDE2023-Racing-Service-RIEJU-400px.png\" alt class=\"img-responsive wp-image-47743\" srcset=\"https:\/\/2024.fim-6days.com\/wp-content\/uploads\/sites\/9\/2023\/06\/ISDE2023-Racing-Service-RIEJU-400px-200x72.png 200w, https:\/\/2024.fim-6days.com\/wp-content\/uploads\/sites\/9\/2023\/06\/ISDE2023-Racing-Service-RIEJU-400px.png 400w\" sizes=\"(max-width: 1024px) 100vw, (max-width: 640px) 100vw, 400px\" \/><\/a><\/span><\/div><div class=\"fusion-separator fusion-full-width-sep\" style=\"align-self: center;margin-left: auto;margin-right: auto;margin-bottom:20px;width:100%;\"><\/div>\n<div style=\"text-align:center;\"><a class=\"fusion-button button-flat fusion-button-default-size button-default fusion-button-default button-5 fusion-button-default-span fusion-button-default-type\" target=\"_blank\" rel=\"noopener noreferrer\" href=\"https:\/\/2024.fim-6days.com\/rieju-continue-their-fim-isde-support-programme\/\"><span class=\"fusion-button-text awb-button__text awb-button__text--default\">BOOK NOW<\/span><\/a><\/div><div class=\"fusion-separator fusion-full-width-sep\" style=\"align-self: center;margin-left: auto;margin-right: auto;margin-bottom:20px;width:100%;\"><\/div>\n<div class=\"fusion-text fusion-text-6\" style=\"--awb-text-color:var(--awb-color4);\"><p>*Rental service for Rieju motorcycles is exclusively managed by Rieju<\/p>\n<\/div><\/div><\/div><div class=\"fusion-layout-column fusion_builder_column fusion-builder-column-7 fusion_builder_column_1_3 1_3 fusion-flex-column\" style=\"--awb-bg-size:cover;--awb-width-large:33.333333333333%;--awb-margin-top-large:0px;--awb-spacing-right-large:5.76%;--awb-margin-bottom-large:20px;--awb-spacing-left-large:5.76%;--awb-width-medium:100%;--awb-order-medium:0;--awb-spacing-right-medium:1.92%;--awb-spacing-left-medium:1.92%;--awb-width-small:100%;--awb-order-small:0;--awb-spacing-right-small:1.92%;--awb-spacing-left-small:1.92%;\"><div class=\"fusion-column-wrapper fusion-column-has-shadow fusion-flex-justify-content-flex-start fusion-content-layout-column\"><div class=\"fusion-image-element \" style=\"--awb-caption-title-font-family:var(--h2_typography-font-family);--awb-caption-title-font-weight:var(--h2_typography-font-weight);--awb-caption-title-font-style:var(--h2_typography-font-style);--awb-caption-title-size:var(--h2_typography-font-size);--awb-caption-title-transform:var(--h2_typography-text-transform);--awb-caption-title-line-height:var(--h2_typography-line-height);--awb-caption-title-letter-spacing:var(--h2_typography-letter-spacing);\"><span class=\" fusion-imageframe imageframe-none imageframe-6 hover-type-none\"><a class=\"fusion-no-lightbox\" href=\"https:\/\/www.jollyracing.com\/isde-2023\" target=\"_blank\" aria-label=\"ISDE2023-Racing Service-JOLLY-400px\" rel=\"noopener noreferrer\"><img decoding=\"async\" width=\"400\" height=\"143\" src=\"https:\/\/2024.fim-6days.com\/wp-content\/uploads\/sites\/9\/2023\/06\/ISDE2023-Racing-Service-JOLLY-400px.png\" alt class=\"img-responsive wp-image-47748\" srcset=\"https:\/\/2024.fim-6days.com\/wp-content\/uploads\/sites\/9\/2023\/06\/ISDE2023-Racing-Service-JOLLY-400px-200x72.png 200w, https:\/\/2024.fim-6days.com\/wp-content\/uploads\/sites\/9\/2023\/06\/ISDE2023-Racing-Service-JOLLY-400px.png 400w\" sizes=\"(max-width: 1024px) 100vw, (max-width: 640px) 100vw, 400px\" \/><\/a><\/span><\/div><div class=\"fusion-separator fusion-full-width-sep\" style=\"align-self: center;margin-left: auto;margin-right: auto;margin-bottom:20px;width:100%;\"><\/div>\n<div style=\"text-align:center;\"><a class=\"fusion-button button-flat fusion-button-default-size button-default fusion-button-default button-6 fusion-button-default-span fusion-button-default-type\" target=\"_blank\" rel=\"noopener noreferrer\" href=\"https:\/\/www.jollyracing.com\/isde-2023\"><span class=\"fusion-button-text awb-button__text awb-button__text--default\">BOOK NOW<\/span><\/a><\/div><div class=\"fusion-separator fusion-full-width-sep\" style=\"align-self: center;margin-left: auto;margin-right: auto;margin-bottom:20px;width:100%;\"><\/div>\n<div class=\"fusion-text fusion-text-7\" style=\"--awb-text-color:var(--awb-color4);\"><p>*JOLLY Racing multi-brand service restrictions:<br \/>\nRental offer excludes BETA, GASGAS, Husqvarna, KTM, Rieju and Sherco enduro motorcycles.<br \/>\nAssistance service offer excludes riders equipped with BETA, Rieju, Sherco enduro motorcycles.<\/p>\n<\/div><\/div><\/div><\/div><\/div><\/p>\n","protected":false},"excerpt":{"rendered":"","protected":false},"author":5,"featured_media":47891,"comment_status":"closed","ping_status":"closed","sticky":false,"template":"","format":"standard","meta":{"inline_featured_image":false,"footnotes":""},"categories":[112,108],"tags":[],"class_list":["post-47965","post","type-post","status-publish","format-standard","has-post-thumbnail","hentry","category-before-isde2023-es","category-news-es"],"yoast_head":"<!-- This site is optimized with the Yoast SEO plugin v25.6 - https:\/\/yoast.com\/wordpress\/plugins\/seo\/ -->\n<title>Benef\u00edciese de los completos servicios de carreras y paquetes de alquiler de los ISDE - 2024 spain<\/title>\n<meta name=\"description\" content=\"Competitors in this year\u2019s ninety-seventh edition of the FIM International Six Days of Enduro (ISDE), which takes place in Argentina from 6-11 November, are reminded of the wide range of racing service support packages that are available and that are designed to ease logistical worries so riders can fully concentrate on racing, enjoy the whole experience and improve their chances of making it to the finish line.\" \/>\n<meta name=\"robots\" content=\"index, follow, max-snippet:-1, max-image-preview:large, max-video-preview:-1\" \/>\n<link rel=\"canonical\" href=\"https:\/\/2024.fim-6days.com\/es\/beneficiese-de-los-completos-servicios-de-carreras-y-paquetes-de-alquiler-de-los-isde\/\" \/>\n<meta property=\"og:locale\" content=\"es_ES\" \/>\n<meta property=\"og:type\" content=\"article\" \/>\n<meta property=\"og:title\" content=\"Benef\u00edciese de los completos servicios de carreras y paquetes de alquiler de los ISDE - 2024 spain\" \/>\n<meta property=\"og:description\" content=\"Competitors in this year\u2019s ninety-seventh edition of the FIM International Six Days of Enduro (ISDE), which takes place in Argentina from 6-11 November, are reminded of the wide range of racing service support packages that are available and that are designed to ease logistical worries so riders can fully concentrate on racing, enjoy the whole experience and improve their chances of making it to the finish line.\" \/>\n<meta property=\"og:url\" content=\"https:\/\/2024.fim-6days.com\/es\/beneficiese-de-los-completos-servicios-de-carreras-y-paquetes-de-alquiler-de-los-isde\/\" \/>\n<meta property=\"og:site_name\" content=\"2024 spain\" \/>\n<meta property=\"article:publisher\" content=\"https:\/\/www.facebook.com\/FIMISDE\/\" \/>\n<meta property=\"article:published_time\" content=\"2023-08-02T09:07:03+00:00\" \/>\n<meta property=\"article:modified_time\" content=\"2023-08-02T12:01:13+00:00\" \/>\n<meta property=\"og:image\" content=\"https:\/\/2024.fim-6days.com\/wp-content\/uploads\/sites\/9\/2023\/07\/JOLLY-2-3000x2000.jpg\" \/>\n\t<meta property=\"og:image:width\" content=\"3000\" \/>\n\t<meta property=\"og:image:height\" content=\"2000\" \/>\n\t<meta property=\"og:image:type\" content=\"image\/jpeg\" \/>\n<meta name=\"author\" content=\"adrienl\" \/>\n<meta name=\"twitter:card\" content=\"summary_large_image\" \/>\n<meta name=\"twitter:creator\" content=\"@fimisde\" \/>\n<meta name=\"twitter:site\" content=\"@fimisde\" \/>\n<meta name=\"twitter:label1\" content=\"Escrito por\" \/>\n\t<meta name=\"twitter:data1\" content=\"adrienl\" \/>\n\t<meta name=\"twitter:label2\" content=\"Tiempo de lectura\" \/>\n\t<meta name=\"twitter:data2\" content=\"12 minutos\" \/>\n<script type=\"application\/ld+json\" class=\"yoast-schema-graph\">{\"@context\":\"https:\/\/schema.org\",\"@graph\":[{\"@type\":\"Article\",\"@id\":\"https:\/\/2024.fim-6days.com\/es\/beneficiese-de-los-completos-servicios-de-carreras-y-paquetes-de-alquiler-de-los-isde\/#article\",\"isPartOf\":{\"@id\":\"https:\/\/2024.fim-6days.com\/es\/beneficiese-de-los-completos-servicios-de-carreras-y-paquetes-de-alquiler-de-los-isde\/\"},\"author\":{\"name\":\"adrienl\",\"@id\":\"https:\/\/2024.fim-6days.com\/#\/schema\/person\/b768593eefad52cbe5520ff1c35ba2f5\"},\"headline\":\"Benef\u00edciese de los completos servicios de carreras y paquetes de alquiler de los ISDE\",\"datePublished\":\"2023-08-02T09:07:03+00:00\",\"dateModified\":\"2023-08-02T12:01:13+00:00\",\"mainEntityOfPage\":{\"@id\":\"https:\/\/2024.fim-6days.com\/es\/beneficiese-de-los-completos-servicios-de-carreras-y-paquetes-de-alquiler-de-los-isde\/\"},\"wordCount\":6468,\"publisher\":{\"@id\":\"https:\/\/2024.fim-6days.com\/#organization\"},\"image\":{\"@id\":\"https:\/\/2024.fim-6days.com\/es\/beneficiese-de-los-completos-servicios-de-carreras-y-paquetes-de-alquiler-de-los-isde\/#primaryimage\"},\"thumbnailUrl\":\"https:\/\/2024.fim-6days.com\/wp-content\/uploads\/sites\/9\/2023\/07\/JOLLY-2.jpg\",\"articleSection\":[\"Antes de ISDE2023\",\"Noticias\"],\"inLanguage\":\"es\"},{\"@type\":\"WebPage\",\"@id\":\"https:\/\/2024.fim-6days.com\/es\/beneficiese-de-los-completos-servicios-de-carreras-y-paquetes-de-alquiler-de-los-isde\/\",\"url\":\"https:\/\/2024.fim-6days.com\/es\/beneficiese-de-los-completos-servicios-de-carreras-y-paquetes-de-alquiler-de-los-isde\/\",\"name\":\"Benef\u00edciese de los completos servicios de carreras y paquetes de alquiler de los ISDE - 2024 spain\",\"isPartOf\":{\"@id\":\"https:\/\/2024.fim-6days.com\/#website\"},\"primaryImageOfPage\":{\"@id\":\"https:\/\/2024.fim-6days.com\/es\/beneficiese-de-los-completos-servicios-de-carreras-y-paquetes-de-alquiler-de-los-isde\/#primaryimage\"},\"image\":{\"@id\":\"https:\/\/2024.fim-6days.com\/es\/beneficiese-de-los-completos-servicios-de-carreras-y-paquetes-de-alquiler-de-los-isde\/#primaryimage\"},\"thumbnailUrl\":\"https:\/\/2024.fim-6days.com\/wp-content\/uploads\/sites\/9\/2023\/07\/JOLLY-2.jpg\",\"datePublished\":\"2023-08-02T09:07:03+00:00\",\"dateModified\":\"2023-08-02T12:01:13+00:00\",\"description\":\"Competitors in this year\u2019s ninety-seventh edition of the FIM International Six Days of Enduro (ISDE), which takes place in Argentina from 6-11 November, are reminded of the wide range of racing service support packages that are available and that are designed to ease logistical worries so riders can fully concentrate on racing, enjoy the whole experience and improve their chances of making it to the finish line.\",\"breadcrumb\":{\"@id\":\"https:\/\/2024.fim-6days.com\/es\/beneficiese-de-los-completos-servicios-de-carreras-y-paquetes-de-alquiler-de-los-isde\/#breadcrumb\"},\"inLanguage\":\"es\",\"potentialAction\":[{\"@type\":\"ReadAction\",\"target\":[\"https:\/\/2024.fim-6days.com\/es\/beneficiese-de-los-completos-servicios-de-carreras-y-paquetes-de-alquiler-de-los-isde\/\"]}]},{\"@type\":\"ImageObject\",\"inLanguage\":\"es\",\"@id\":\"https:\/\/2024.fim-6days.com\/es\/beneficiese-de-los-completos-servicios-de-carreras-y-paquetes-de-alquiler-de-los-isde\/#primaryimage\",\"url\":\"https:\/\/2024.fim-6days.com\/wp-content\/uploads\/sites\/9\/2023\/07\/JOLLY-2.jpg\",\"contentUrl\":\"https:\/\/2024.fim-6days.com\/wp-content\/uploads\/sites\/9\/2023\/07\/JOLLY-2.jpg\",\"width\":4252,\"height\":2835,\"caption\":\"Ambience - FIM ISDE 2016 Navarra\"},{\"@type\":\"BreadcrumbList\",\"@id\":\"https:\/\/2024.fim-6days.com\/es\/beneficiese-de-los-completos-servicios-de-carreras-y-paquetes-de-alquiler-de-los-isde\/#breadcrumb\",\"itemListElement\":[{\"@type\":\"ListItem\",\"position\":1,\"name\":\"Home\",\"item\":\"https:\/\/2024.fim-6days.com\/es\/\"},{\"@type\":\"ListItem\",\"position\":2,\"name\":\"Benef\u00edciese de los completos servicios de carreras y paquetes de alquiler de los ISDE\"}]},{\"@type\":\"WebSite\",\"@id\":\"https:\/\/2024.fim-6days.com\/#website\",\"url\":\"https:\/\/2024.fim-6days.com\/\",\"name\":\"FIM ISDE 2021\",\"description\":\"FIM ISDE Official website\",\"publisher\":{\"@id\":\"https:\/\/2024.fim-6days.com\/#organization\"},\"potentialAction\":[{\"@type\":\"SearchAction\",\"target\":{\"@type\":\"EntryPoint\",\"urlTemplate\":\"https:\/\/2024.fim-6days.com\/?s={search_term_string}\"},\"query-input\":{\"@type\":\"PropertyValueSpecification\",\"valueRequired\":true,\"valueName\":\"search_term_string\"}}],\"inLanguage\":\"es\"},{\"@type\":\"Organization\",\"@id\":\"https:\/\/2024.fim-6days.com\/#organization\",\"name\":\"FIM - F\u00e9d\u00e9ration Internationale de Motocyclisme\",\"url\":\"https:\/\/2024.fim-6days.com\/\",\"logo\":{\"@type\":\"ImageObject\",\"inLanguage\":\"es\",\"@id\":\"https:\/\/2024.fim-6days.com\/#\/schema\/logo\/image\/\",\"url\":\"https:\/\/2024.fim-6days.com\/wp-content\/uploads\/sites\/9\/2019\/07\/LogoFIM-CMYK.png\",\"contentUrl\":\"https:\/\/2024.fim-6days.com\/wp-content\/uploads\/sites\/9\/2019\/07\/LogoFIM-CMYK.png\",\"width\":2608,\"height\":1833,\"caption\":\"FIM - F\u00e9d\u00e9ration Internationale de Motocyclisme\"},\"image\":{\"@id\":\"https:\/\/2024.fim-6days.com\/#\/schema\/logo\/image\/\"},\"sameAs\":[\"https:\/\/www.facebook.com\/FIMISDE\/\",\"https:\/\/x.com\/fimisde\",\"https:\/\/www.instagram.com\/fim_isde\/\"]},{\"@type\":\"Person\",\"@id\":\"https:\/\/2024.fim-6days.com\/#\/schema\/person\/b768593eefad52cbe5520ff1c35ba2f5\",\"name\":\"adrienl\",\"image\":{\"@type\":\"ImageObject\",\"inLanguage\":\"es\",\"@id\":\"https:\/\/2024.fim-6days.com\/#\/schema\/person\/image\/\",\"url\":\"https:\/\/secure.gravatar.com\/avatar\/e771ef29e1334370187be9d045c63ba9afdb5565bd0da2d089bb69909a828994?s=96&d=mm&r=g\",\"contentUrl\":\"https:\/\/secure.gravatar.com\/avatar\/e771ef29e1334370187be9d045c63ba9afdb5565bd0da2d089bb69909a828994?s=96&d=mm&r=g\",\"caption\":\"adrienl\"},\"url\":\"https:\/\/2024.fim-6days.com\/es\/author\/adrienl\/\"}]}<\/script>\n<!-- \/ Yoast SEO plugin. -->","yoast_head_json":{"title":"Benef\u00edciese de los completos servicios de carreras y paquetes de alquiler de los ISDE - 2024 spain","description":"Competitors in this year\u2019s ninety-seventh edition of the FIM International Six Days of Enduro (ISDE), which takes place in Argentina from 6-11 November, are reminded of the wide range of racing service support packages that are available and that are designed to ease logistical worries so riders can fully concentrate on racing, enjoy the whole experience and improve their chances of making it to the finish line.","robots":{"index":"index","follow":"follow","max-snippet":"max-snippet:-1","max-image-preview":"max-image-preview:large","max-video-preview":"max-video-preview:-1"},"canonical":"https:\/\/2024.fim-6days.com\/es\/beneficiese-de-los-completos-servicios-de-carreras-y-paquetes-de-alquiler-de-los-isde\/","og_locale":"es_ES","og_type":"article","og_title":"Benef\u00edciese de los completos servicios de carreras y paquetes de alquiler de los ISDE - 2024 spain","og_description":"Competitors in this year\u2019s ninety-seventh edition of the FIM International Six Days of Enduro (ISDE), which takes place in Argentina from 6-11 November, are reminded of the wide range of racing service support packages that are available and that are designed to ease logistical worries so riders can fully concentrate on racing, enjoy the whole experience and improve their chances of making it to the finish line.","og_url":"https:\/\/2024.fim-6days.com\/es\/beneficiese-de-los-completos-servicios-de-carreras-y-paquetes-de-alquiler-de-los-isde\/","og_site_name":"2024 spain","article_publisher":"https:\/\/www.facebook.com\/FIMISDE\/","article_published_time":"2023-08-02T09:07:03+00:00","article_modified_time":"2023-08-02T12:01:13+00:00","og_image":[{"width":3000,"height":2000,"url":"https:\/\/2024.fim-6days.com\/wp-content\/uploads\/sites\/9\/2023\/07\/JOLLY-2-3000x2000.jpg","type":"image\/jpeg"}],"author":"adrienl","twitter_card":"summary_large_image","twitter_creator":"@fimisde","twitter_site":"@fimisde","twitter_misc":{"Escrito por":"adrienl","Tiempo de lectura":"12 minutos"},"schema":{"@context":"https:\/\/schema.org","@graph":[{"@type":"Article","@id":"https:\/\/2024.fim-6days.com\/es\/beneficiese-de-los-completos-servicios-de-carreras-y-paquetes-de-alquiler-de-los-isde\/#article","isPartOf":{"@id":"https:\/\/2024.fim-6days.com\/es\/beneficiese-de-los-completos-servicios-de-carreras-y-paquetes-de-alquiler-de-los-isde\/"},"author":{"name":"adrienl","@id":"https:\/\/2024.fim-6days.com\/#\/schema\/person\/b768593eefad52cbe5520ff1c35ba2f5"},"headline":"Benef\u00edciese de los completos servicios de carreras y paquetes de alquiler de los ISDE","datePublished":"2023-08-02T09:07:03+00:00","dateModified":"2023-08-02T12:01:13+00:00","mainEntityOfPage":{"@id":"https:\/\/2024.fim-6days.com\/es\/beneficiese-de-los-completos-servicios-de-carreras-y-paquetes-de-alquiler-de-los-isde\/"},"wordCount":6468,"publisher":{"@id":"https:\/\/2024.fim-6days.com\/#organization"},"image":{"@id":"https:\/\/2024.fim-6days.com\/es\/beneficiese-de-los-completos-servicios-de-carreras-y-paquetes-de-alquiler-de-los-isde\/#primaryimage"},"thumbnailUrl":"https:\/\/2024.fim-6days.com\/wp-content\/uploads\/sites\/9\/2023\/07\/JOLLY-2.jpg","articleSection":["Antes de ISDE2023","Noticias"],"inLanguage":"es"},{"@type":"WebPage","@id":"https:\/\/2024.fim-6days.com\/es\/beneficiese-de-los-completos-servicios-de-carreras-y-paquetes-de-alquiler-de-los-isde\/","url":"https:\/\/2024.fim-6days.com\/es\/beneficiese-de-los-completos-servicios-de-carreras-y-paquetes-de-alquiler-de-los-isde\/","name":"Benef\u00edciese de los completos servicios de carreras y paquetes de alquiler de los ISDE - 2024 spain","isPartOf":{"@id":"https:\/\/2024.fim-6days.com\/#website"},"primaryImageOfPage":{"@id":"https:\/\/2024.fim-6days.com\/es\/beneficiese-de-los-completos-servicios-de-carreras-y-paquetes-de-alquiler-de-los-isde\/#primaryimage"},"image":{"@id":"https:\/\/2024.fim-6days.com\/es\/beneficiese-de-los-completos-servicios-de-carreras-y-paquetes-de-alquiler-de-los-isde\/#primaryimage"},"thumbnailUrl":"https:\/\/2024.fim-6days.com\/wp-content\/uploads\/sites\/9\/2023\/07\/JOLLY-2.jpg","datePublished":"2023-08-02T09:07:03+00:00","dateModified":"2023-08-02T12:01:13+00:00","description":"Competitors in this year\u2019s ninety-seventh edition of the FIM International Six Days of Enduro (ISDE), which takes place in Argentina from 6-11 November, are reminded of the wide range of racing service support packages that are available and that are designed to ease logistical worries so riders can fully concentrate on racing, enjoy the whole experience and improve their chances of making it to the finish line.","breadcrumb":{"@id":"https:\/\/2024.fim-6days.com\/es\/beneficiese-de-los-completos-servicios-de-carreras-y-paquetes-de-alquiler-de-los-isde\/#breadcrumb"},"inLanguage":"es","potentialAction":[{"@type":"ReadAction","target":["https:\/\/2024.fim-6days.com\/es\/beneficiese-de-los-completos-servicios-de-carreras-y-paquetes-de-alquiler-de-los-isde\/"]}]},{"@type":"ImageObject","inLanguage":"es","@id":"https:\/\/2024.fim-6days.com\/es\/beneficiese-de-los-completos-servicios-de-carreras-y-paquetes-de-alquiler-de-los-isde\/#primaryimage","url":"https:\/\/2024.fim-6days.com\/wp-content\/uploads\/sites\/9\/2023\/07\/JOLLY-2.jpg","contentUrl":"https:\/\/2024.fim-6days.com\/wp-content\/uploads\/sites\/9\/2023\/07\/JOLLY-2.jpg","width":4252,"height":2835,"caption":"Ambience - FIM ISDE 2016 Navarra"},{"@type":"BreadcrumbList","@id":"https:\/\/2024.fim-6days.com\/es\/beneficiese-de-los-completos-servicios-de-carreras-y-paquetes-de-alquiler-de-los-isde\/#breadcrumb","itemListElement":[{"@type":"ListItem","position":1,"name":"Home","item":"https:\/\/2024.fim-6days.com\/es\/"},{"@type":"ListItem","position":2,"name":"Benef\u00edciese de los completos servicios de carreras y paquetes de alquiler de los ISDE"}]},{"@type":"WebSite","@id":"https:\/\/2024.fim-6days.com\/#website","url":"https:\/\/2024.fim-6days.com\/","name":"FIM ISDE 2021","description":"FIM ISDE Official website","publisher":{"@id":"https:\/\/2024.fim-6days.com\/#organization"},"potentialAction":[{"@type":"SearchAction","target":{"@type":"EntryPoint","urlTemplate":"https:\/\/2024.fim-6days.com\/?s={search_term_string}"},"query-input":{"@type":"PropertyValueSpecification","valueRequired":true,"valueName":"search_term_string"}}],"inLanguage":"es"},{"@type":"Organization","@id":"https:\/\/2024.fim-6days.com\/#organization","name":"FIM - F\u00e9d\u00e9ration Internationale de Motocyclisme","url":"https:\/\/2024.fim-6days.com\/","logo":{"@type":"ImageObject","inLanguage":"es","@id":"https:\/\/2024.fim-6days.com\/#\/schema\/logo\/image\/","url":"https:\/\/2024.fim-6days.com\/wp-content\/uploads\/sites\/9\/2019\/07\/LogoFIM-CMYK.png","contentUrl":"https:\/\/2024.fim-6days.com\/wp-content\/uploads\/sites\/9\/2019\/07\/LogoFIM-CMYK.png","width":2608,"height":1833,"caption":"FIM - F\u00e9d\u00e9ration Internationale de Motocyclisme"},"image":{"@id":"https:\/\/2024.fim-6days.com\/#\/schema\/logo\/image\/"},"sameAs":["https:\/\/www.facebook.com\/FIMISDE\/","https:\/\/x.com\/fimisde","https:\/\/www.instagram.com\/fim_isde\/"]},{"@type":"Person","@id":"https:\/\/2024.fim-6days.com\/#\/schema\/person\/b768593eefad52cbe5520ff1c35ba2f5","name":"adrienl","image":{"@type":"ImageObject","inLanguage":"es","@id":"https:\/\/2024.fim-6days.com\/#\/schema\/person\/image\/","url":"https:\/\/secure.gravatar.com\/avatar\/e771ef29e1334370187be9d045c63ba9afdb5565bd0da2d089bb69909a828994?s=96&d=mm&r=g","contentUrl":"https:\/\/secure.gravatar.com\/avatar\/e771ef29e1334370187be9d045c63ba9afdb5565bd0da2d089bb69909a828994?s=96&d=mm&r=g","caption":"adrienl"},"url":"https:\/\/2024.fim-6days.com\/es\/author\/adrienl\/"}]}},"_links":{"self":[{"href":"https:\/\/2024.fim-6days.com\/es\/wp-json\/wp\/v2\/posts\/47965","targetHints":{"allow":["GET"]}}],"collection":[{"href":"https:\/\/2024.fim-6days.com\/es\/wp-json\/wp\/v2\/posts"}],"about":[{"href":"https:\/\/2024.fim-6days.com\/es\/wp-json\/wp\/v2\/types\/post"}],"author":[{"embeddable":true,"href":"https:\/\/2024.fim-6days.com\/es\/wp-json\/wp\/v2\/users\/5"}],"replies":[{"embeddable":true,"href":"https:\/\/2024.fim-6days.com\/es\/wp-json\/wp\/v2\/comments?post=47965"}],"version-history":[{"count":2,"href":"https:\/\/2024.fim-6days.com\/es\/wp-json\/wp\/v2\/posts\/47965\/revisions"}],"predecessor-version":[{"id":47997,"href":"https:\/\/2024.fim-6days.com\/es\/wp-json\/wp\/v2\/posts\/47965\/revisions\/47997"}],"wp:featuredmedia":[{"embeddable":true,"href":"https:\/\/2024.fim-6days.com\/es\/wp-json\/wp\/v2\/media\/47891"}],"wp:attachment":[{"href":"https:\/\/2024.fim-6days.com\/es\/wp-json\/wp\/v2\/media?parent=47965"}],"wp:term":[{"taxonomy":"category","embeddable":true,"href":"https:\/\/2024.fim-6days.com\/es\/wp-json\/wp\/v2\/categories?post=47965"},{"taxonomy":"post_tag","embeddable":true,"href":"https:\/\/2024.fim-6days.com\/es\/wp-json\/wp\/v2\/tags?post=47965"}],"curies":[{"name":"wp","href":"https:\/\/api.w.org\/{rel}","templated":true}]}}