{"id":47956,"date":"2023-08-02T10:59:42","date_gmt":"2023-08-02T08:59:42","guid":{"rendered":"https:\/\/2024.fim-6days.com\/fim-isde-argentina-2023-continues-its-preparations\/"},"modified":"2023-08-02T11:01:59","modified_gmt":"2023-08-02T09:01:59","slug":"fim-isde-argentina-2023-continua-sus-preparativos","status":"publish","type":"post","link":"https:\/\/2024.fim-6days.com\/es\/fim-isde-argentina-2023-continua-sus-preparativos\/","title":{"rendered":"FIM ISDE Argentina 2023 contin\u00faa sus preparativos"},"content":{"rendered":"<p><div class=\"fusion-fullwidth fullwidth-box fusion-builder-row-1 fusion-flex-container nonhundred-percent-fullwidth non-hundred-percent-height-scrolling\" style=\"--awb-border-radius-top-left:0px;--awb-border-radius-top-right:0px;--awb-border-radius-bottom-right:0px;--awb-border-radius-bottom-left:0px;--awb-padding-top:0px;--awb-padding-bottom:0px;--awb-flex-wrap:wrap;\" ><div class=\"fusion-builder-row fusion-row fusion-flex-align-items-flex-start fusion-flex-content-wrap\" style=\"max-width:1248px;margin-left: calc(-4% \/ 2 );margin-right: calc(-4% \/ 2 );\"><div class=\"fusion-layout-column fusion_builder_column fusion-builder-column-0 fusion_builder_column_1_1 1_1 fusion-flex-column\" style=\"--awb-padding-top:0px;--awb-padding-bottom:0px;--awb-bg-size:cover;--awb-width-large:100%;--awb-margin-top-large:0px;--awb-spacing-right-large:1.92%;--awb-margin-bottom-large:0px;--awb-spacing-left-large:1.92%;--awb-width-medium:100%;--awb-order-medium:0;--awb-spacing-right-medium:1.92%;--awb-spacing-left-medium:1.92%;--awb-width-small:100%;--awb-order-small:0;--awb-spacing-right-small:1.92%;--awb-spacing-left-small:1.92%;\"><div class=\"fusion-column-wrapper fusion-column-has-shadow fusion-flex-justify-content-flex-start fusion-content-layout-column\"><div class=\"fusion-text fusion-text-1\" style=\"--awb-text-transform:none;\"><p><strong>FIM ISDE Argentina 2023 contin\u00faa con su preparaci\u00f3n<\/strong><\/p>\n<p><strong>La 97\u00b0 edici\u00f3n del FIM International Six Days of Enduro (ISDE) contin\u00faa su preparaci\u00f3n y se llevar\u00e1 a cabo seg\u00fan lo programado del 6 al 11 de noviembre en la provincia de San Juan, en Argentina.<\/strong><\/p>\n<p>Con ya m\u00e1s de 300 inscriptos en clubes con una fuerte participaci\u00f3n de pilotos sudamericanos, y esperando tambi\u00e9n un gran n\u00famero de naciones, esta legendaria competencia anual por equipos, visitar\u00e1 el pa\u00eds por segunda vez en la historia, luego de su primera y exitosa participaci\u00f3n en 2014.<\/p>\n<p>El FIM ISDE Argentina 2023 promete ser una experiencia inolvidable tanto para los pilotos como para los fan\u00e1ticos del enduro. El comit\u00e9 organizador contin\u00faa trabajando arduamente para ultimar detalles. A tan solo 4 meses de la competencia, David Eli, Director de +Eventos y organizador local del FIM ISDE 2023, coment\u00f3 sobre esta gran competencia que se avecina: \u201cEstamos muy entusiasmados con organizar nuevamente el Six Days en nuestro pa\u00eds. San Juan posee una gran variedad de terrenos que permitir\u00e1n una competencia formidable. Y si bien es cierto que en las ultimas horas el Secretario de Deportes de San Juan, Jorge Chica, me inform\u00f3 que el apoyo gubernamental de la provincia ser\u00e1 restringido, igualmente podemos llevar a cabo al evento gracias al apoyo de nuestros sponsors y de nuestra estructura empresarial que nos permite dar garant\u00edas al respecto. As\u00ed que espero con ansias darle la bienvenida pr\u00f3ximamente a todos los equipos que vengan a nuestro pa\u00eds\u201d.<\/p>\n<p>La cuenta regresiva para el regreso del FIM International Six Days of Enduro 2023 a Sudam\u00e9rica luego de cinco a\u00f1os, ya ha comenzado. Con la planificaci\u00f3n en marcha, el organizador local est\u00e1 deseando recibir a los pilotos y equipos de todo el mundo con la apertura del paddock en el Circuito Villicum en San Juan prevista para el 31 de octubre y el desfile inaugural de las naciones que se celebrar\u00e1 el s\u00e1bado 4 de noviembre del corriente a\u00f1o.<\/p>\n<\/div><\/div><\/div><\/div><\/div><div class=\"fusion-fullwidth fullwidth-box fusion-builder-row-2 fusion-flex-container has-pattern-background has-mask-background nonhundred-percent-fullwidth non-hundred-percent-height-scrolling\" style=\"--awb-border-radius-top-left:0px;--awb-border-radius-top-right:0px;--awb-border-radius-bottom-right:0px;--awb-border-radius-bottom-left:0px;--awb-flex-wrap:wrap;\" ><div class=\"fusion-builder-row fusion-row fusion-flex-align-items-flex-start fusion-flex-content-wrap\" style=\"max-width:1248px;margin-left: calc(-4% \/ 2 );margin-right: calc(-4% \/ 2 );\"><div class=\"fusion-layout-column fusion_builder_column fusion-builder-column-1 fusion_builder_column_1_1 1_1 fusion-flex-column\" style=\"--awb-bg-size:cover;--awb-width-large:100%;--awb-margin-top-large:0px;--awb-spacing-right-large:1.92%;--awb-margin-bottom-large:20px;--awb-spacing-left-large:1.92%;--awb-width-medium:100%;--awb-order-medium:0;--awb-spacing-right-medium:1.92%;--awb-spacing-left-medium:1.92%;--awb-width-small:100%;--awb-order-small:0;--awb-spacing-right-small:1.92%;--awb-spacing-left-small:1.92%;\"><div class=\"fusion-column-wrapper fusion-column-has-shadow fusion-flex-justify-content-flex-start fusion-content-layout-column\"><div class=\"fusion-separator fusion-full-width-sep\" style=\"align-self: center;margin-left: auto;margin-right: auto;margin-bottom:20px;width:100%;\"><\/div>\n<\/div><\/div><\/div><\/div><\/p>\n","protected":false},"excerpt":{"rendered":"","protected":false},"author":14,"featured_media":47885,"comment_status":"closed","ping_status":"closed","sticky":false,"template":"","format":"standard","meta":{"inline_featured_image":false,"footnotes":""},"categories":[112,108],"tags":[],"class_list":["post-47956","post","type-post","status-publish","format-standard","has-post-thumbnail","hentry","category-before-isde2023-es","category-news-es"],"yoast_head":"<!-- This site is optimized with the Yoast SEO plugin v25.6 - https:\/\/yoast.com\/wordpress\/plugins\/seo\/ -->\n<title>FIM ISDE Argentina 2023 contin\u00faa sus preparativos - 2024 spain<\/title>\n<meta name=\"description\" content=\"The 97th edition of the FIM International Six Days of Enduro (ISDE) continues its set-up and will take place as scheduled from 6 to 11November in the province of San Juan, Argentina.\" \/>\n<meta name=\"robots\" content=\"index, follow, max-snippet:-1, max-image-preview:large, max-video-preview:-1\" \/>\n<link rel=\"canonical\" href=\"https:\/\/2024.fim-6days.com\/es\/fim-isde-argentina-2023-continua-sus-preparativos\/\" \/>\n<meta property=\"og:locale\" content=\"es_ES\" \/>\n<meta property=\"og:type\" content=\"article\" \/>\n<meta property=\"og:title\" content=\"FIM ISDE Argentina 2023 contin\u00faa sus preparativos - 2024 spain\" \/>\n<meta property=\"og:description\" content=\"The 97th edition of the FIM International Six Days of Enduro (ISDE) continues its set-up and will take place as scheduled from 6 to 11November in the province of San Juan, Argentina.\" \/>\n<meta property=\"og:url\" content=\"https:\/\/2024.fim-6days.com\/es\/fim-isde-argentina-2023-continua-sus-preparativos\/\" \/>\n<meta property=\"og:site_name\" content=\"2024 spain\" \/>\n<meta property=\"article:publisher\" content=\"https:\/\/www.facebook.com\/FIMISDE\/\" \/>\n<meta property=\"article:published_time\" content=\"2023-08-02T08:59:42+00:00\" \/>\n<meta property=\"article:modified_time\" content=\"2023-08-02T09:01:59+00:00\" \/>\n<meta property=\"og:image\" content=\"https:\/\/2024.fim-6days.com\/wp-content\/uploads\/sites\/9\/2023\/07\/ISDE-TROPHIES.jpg\" \/>\n\t<meta property=\"og:image:width\" content=\"1920\" \/>\n\t<meta property=\"og:image:height\" content=\"1280\" \/>\n\t<meta property=\"og:image:type\" content=\"image\/jpeg\" \/>\n<meta name=\"author\" content=\"isalen\" \/>\n<meta name=\"twitter:card\" content=\"summary_large_image\" \/>\n<meta name=\"twitter:creator\" content=\"@fimisde\" \/>\n<meta name=\"twitter:site\" content=\"@fimisde\" \/>\n<meta name=\"twitter:label1\" content=\"Escrito por\" \/>\n\t<meta name=\"twitter:data1\" content=\"isalen\" \/>\n\t<meta name=\"twitter:label2\" content=\"Tiempo de lectura\" \/>\n\t<meta name=\"twitter:data2\" content=\"4 minutos\" \/>\n<script type=\"application\/ld+json\" class=\"yoast-schema-graph\">{\"@context\":\"https:\/\/schema.org\",\"@graph\":[{\"@type\":\"Article\",\"@id\":\"https:\/\/2024.fim-6days.com\/es\/fim-isde-argentina-2023-continua-sus-preparativos\/#article\",\"isPartOf\":{\"@id\":\"https:\/\/2024.fim-6days.com\/es\/fim-isde-argentina-2023-continua-sus-preparativos\/\"},\"author\":{\"name\":\"isalen\",\"@id\":\"https:\/\/2024.fim-6days.com\/#\/schema\/person\/fc80183700e96a22afb3f220ae03b32a\"},\"headline\":\"FIM ISDE Argentina 2023 contin\u00faa sus preparativos\",\"datePublished\":\"2023-08-02T08:59:42+00:00\",\"dateModified\":\"2023-08-02T09:01:59+00:00\",\"mainEntityOfPage\":{\"@id\":\"https:\/\/2024.fim-6days.com\/es\/fim-isde-argentina-2023-continua-sus-preparativos\/\"},\"wordCount\":1707,\"publisher\":{\"@id\":\"https:\/\/2024.fim-6days.com\/#organization\"},\"image\":{\"@id\":\"https:\/\/2024.fim-6days.com\/es\/fim-isde-argentina-2023-continua-sus-preparativos\/#primaryimage\"},\"thumbnailUrl\":\"https:\/\/2024.fim-6days.com\/wp-content\/uploads\/sites\/9\/2023\/07\/ISDE-TROPHIES.jpg\",\"articleSection\":[\"Antes de ISDE2023\",\"Noticias\"],\"inLanguage\":\"es\"},{\"@type\":\"WebPage\",\"@id\":\"https:\/\/2024.fim-6days.com\/es\/fim-isde-argentina-2023-continua-sus-preparativos\/\",\"url\":\"https:\/\/2024.fim-6days.com\/es\/fim-isde-argentina-2023-continua-sus-preparativos\/\",\"name\":\"FIM ISDE Argentina 2023 contin\u00faa sus preparativos - 2024 spain\",\"isPartOf\":{\"@id\":\"https:\/\/2024.fim-6days.com\/#website\"},\"primaryImageOfPage\":{\"@id\":\"https:\/\/2024.fim-6days.com\/es\/fim-isde-argentina-2023-continua-sus-preparativos\/#primaryimage\"},\"image\":{\"@id\":\"https:\/\/2024.fim-6days.com\/es\/fim-isde-argentina-2023-continua-sus-preparativos\/#primaryimage\"},\"thumbnailUrl\":\"https:\/\/2024.fim-6days.com\/wp-content\/uploads\/sites\/9\/2023\/07\/ISDE-TROPHIES.jpg\",\"datePublished\":\"2023-08-02T08:59:42+00:00\",\"dateModified\":\"2023-08-02T09:01:59+00:00\",\"description\":\"The 97th edition of the FIM International Six Days of Enduro (ISDE) continues its set-up and will take place as scheduled from 6 to 11November in the province of San Juan, Argentina.\",\"breadcrumb\":{\"@id\":\"https:\/\/2024.fim-6days.com\/es\/fim-isde-argentina-2023-continua-sus-preparativos\/#breadcrumb\"},\"inLanguage\":\"es\",\"potentialAction\":[{\"@type\":\"ReadAction\",\"target\":[\"https:\/\/2024.fim-6days.com\/es\/fim-isde-argentina-2023-continua-sus-preparativos\/\"]}]},{\"@type\":\"ImageObject\",\"inLanguage\":\"es\",\"@id\":\"https:\/\/2024.fim-6days.com\/es\/fim-isde-argentina-2023-continua-sus-preparativos\/#primaryimage\",\"url\":\"https:\/\/2024.fim-6days.com\/wp-content\/uploads\/sites\/9\/2023\/07\/ISDE-TROPHIES.jpg\",\"contentUrl\":\"https:\/\/2024.fim-6days.com\/wp-content\/uploads\/sites\/9\/2023\/07\/ISDE-TROPHIES.jpg\",\"width\":1920,\"height\":1280,\"caption\":\"ISDE Trophies \u00a9 Future7Media\"},{\"@type\":\"BreadcrumbList\",\"@id\":\"https:\/\/2024.fim-6days.com\/es\/fim-isde-argentina-2023-continua-sus-preparativos\/#breadcrumb\",\"itemListElement\":[{\"@type\":\"ListItem\",\"position\":1,\"name\":\"Home\",\"item\":\"https:\/\/2024.fim-6days.com\/es\/\"},{\"@type\":\"ListItem\",\"position\":2,\"name\":\"FIM ISDE Argentina 2023 contin\u00faa sus preparativos\"}]},{\"@type\":\"WebSite\",\"@id\":\"https:\/\/2024.fim-6days.com\/#website\",\"url\":\"https:\/\/2024.fim-6days.com\/\",\"name\":\"FIM ISDE 2021\",\"description\":\"FIM ISDE Official website\",\"publisher\":{\"@id\":\"https:\/\/2024.fim-6days.com\/#organization\"},\"potentialAction\":[{\"@type\":\"SearchAction\",\"target\":{\"@type\":\"EntryPoint\",\"urlTemplate\":\"https:\/\/2024.fim-6days.com\/?s={search_term_string}\"},\"query-input\":{\"@type\":\"PropertyValueSpecification\",\"valueRequired\":true,\"valueName\":\"search_term_string\"}}],\"inLanguage\":\"es\"},{\"@type\":\"Organization\",\"@id\":\"https:\/\/2024.fim-6days.com\/#organization\",\"name\":\"FIM - F\u00e9d\u00e9ration Internationale de Motocyclisme\",\"url\":\"https:\/\/2024.fim-6days.com\/\",\"logo\":{\"@type\":\"ImageObject\",\"inLanguage\":\"es\",\"@id\":\"https:\/\/2024.fim-6days.com\/#\/schema\/logo\/image\/\",\"url\":\"https:\/\/2024.fim-6days.com\/wp-content\/uploads\/sites\/9\/2019\/07\/LogoFIM-CMYK.png\",\"contentUrl\":\"https:\/\/2024.fim-6days.com\/wp-content\/uploads\/sites\/9\/2019\/07\/LogoFIM-CMYK.png\",\"width\":2608,\"height\":1833,\"caption\":\"FIM - F\u00e9d\u00e9ration Internationale de Motocyclisme\"},\"image\":{\"@id\":\"https:\/\/2024.fim-6days.com\/#\/schema\/logo\/image\/\"},\"sameAs\":[\"https:\/\/www.facebook.com\/FIMISDE\/\",\"https:\/\/x.com\/fimisde\",\"https:\/\/www.instagram.com\/fim_isde\/\"]},{\"@type\":\"Person\",\"@id\":\"https:\/\/2024.fim-6days.com\/#\/schema\/person\/fc80183700e96a22afb3f220ae03b32a\",\"name\":\"isalen\",\"image\":{\"@type\":\"ImageObject\",\"inLanguage\":\"es\",\"@id\":\"https:\/\/2024.fim-6days.com\/#\/schema\/person\/image\/\",\"url\":\"https:\/\/secure.gravatar.com\/avatar\/b498bfa446460353cfcc6e023d9c28e3e84ef3798b7f90c38b5d03254eed1837?s=96&d=mm&r=g\",\"contentUrl\":\"https:\/\/secure.gravatar.com\/avatar\/b498bfa446460353cfcc6e023d9c28e3e84ef3798b7f90c38b5d03254eed1837?s=96&d=mm&r=g\",\"caption\":\"isalen\"},\"url\":\"https:\/\/2024.fim-6days.com\/es\/author\/isalen\/\"}]}<\/script>\n<!-- \/ Yoast SEO plugin. -->","yoast_head_json":{"title":"FIM ISDE Argentina 2023 contin\u00faa sus preparativos - 2024 spain","description":"The 97th edition of the FIM International Six Days of Enduro (ISDE) continues its set-up and will take place as scheduled from 6 to 11November in the province of San Juan, Argentina.","robots":{"index":"index","follow":"follow","max-snippet":"max-snippet:-1","max-image-preview":"max-image-preview:large","max-video-preview":"max-video-preview:-1"},"canonical":"https:\/\/2024.fim-6days.com\/es\/fim-isde-argentina-2023-continua-sus-preparativos\/","og_locale":"es_ES","og_type":"article","og_title":"FIM ISDE Argentina 2023 contin\u00faa sus preparativos - 2024 spain","og_description":"The 97th edition of the FIM International Six Days of Enduro (ISDE) continues its set-up and will take place as scheduled from 6 to 11November in the province of San Juan, Argentina.","og_url":"https:\/\/2024.fim-6days.com\/es\/fim-isde-argentina-2023-continua-sus-preparativos\/","og_site_name":"2024 spain","article_publisher":"https:\/\/www.facebook.com\/FIMISDE\/","article_published_time":"2023-08-02T08:59:42+00:00","article_modified_time":"2023-08-02T09:01:59+00:00","og_image":[{"width":1920,"height":1280,"url":"https:\/\/2024.fim-6days.com\/wp-content\/uploads\/sites\/9\/2023\/07\/ISDE-TROPHIES.jpg","type":"image\/jpeg"}],"author":"isalen","twitter_card":"summary_large_image","twitter_creator":"@fimisde","twitter_site":"@fimisde","twitter_misc":{"Escrito por":"isalen","Tiempo de lectura":"4 minutos"},"schema":{"@context":"https:\/\/schema.org","@graph":[{"@type":"Article","@id":"https:\/\/2024.fim-6days.com\/es\/fim-isde-argentina-2023-continua-sus-preparativos\/#article","isPartOf":{"@id":"https:\/\/2024.fim-6days.com\/es\/fim-isde-argentina-2023-continua-sus-preparativos\/"},"author":{"name":"isalen","@id":"https:\/\/2024.fim-6days.com\/#\/schema\/person\/fc80183700e96a22afb3f220ae03b32a"},"headline":"FIM ISDE Argentina 2023 contin\u00faa sus preparativos","datePublished":"2023-08-02T08:59:42+00:00","dateModified":"2023-08-02T09:01:59+00:00","mainEntityOfPage":{"@id":"https:\/\/2024.fim-6days.com\/es\/fim-isde-argentina-2023-continua-sus-preparativos\/"},"wordCount":1707,"publisher":{"@id":"https:\/\/2024.fim-6days.com\/#organization"},"image":{"@id":"https:\/\/2024.fim-6days.com\/es\/fim-isde-argentina-2023-continua-sus-preparativos\/#primaryimage"},"thumbnailUrl":"https:\/\/2024.fim-6days.com\/wp-content\/uploads\/sites\/9\/2023\/07\/ISDE-TROPHIES.jpg","articleSection":["Antes de ISDE2023","Noticias"],"inLanguage":"es"},{"@type":"WebPage","@id":"https:\/\/2024.fim-6days.com\/es\/fim-isde-argentina-2023-continua-sus-preparativos\/","url":"https:\/\/2024.fim-6days.com\/es\/fim-isde-argentina-2023-continua-sus-preparativos\/","name":"FIM ISDE Argentina 2023 contin\u00faa sus preparativos - 2024 spain","isPartOf":{"@id":"https:\/\/2024.fim-6days.com\/#website"},"primaryImageOfPage":{"@id":"https:\/\/2024.fim-6days.com\/es\/fim-isde-argentina-2023-continua-sus-preparativos\/#primaryimage"},"image":{"@id":"https:\/\/2024.fim-6days.com\/es\/fim-isde-argentina-2023-continua-sus-preparativos\/#primaryimage"},"thumbnailUrl":"https:\/\/2024.fim-6days.com\/wp-content\/uploads\/sites\/9\/2023\/07\/ISDE-TROPHIES.jpg","datePublished":"2023-08-02T08:59:42+00:00","dateModified":"2023-08-02T09:01:59+00:00","description":"The 97th edition of the FIM International Six Days of Enduro (ISDE) continues its set-up and will take place as scheduled from 6 to 11November in the province of San Juan, Argentina.","breadcrumb":{"@id":"https:\/\/2024.fim-6days.com\/es\/fim-isde-argentina-2023-continua-sus-preparativos\/#breadcrumb"},"inLanguage":"es","potentialAction":[{"@type":"ReadAction","target":["https:\/\/2024.fim-6days.com\/es\/fim-isde-argentina-2023-continua-sus-preparativos\/"]}]},{"@type":"ImageObject","inLanguage":"es","@id":"https:\/\/2024.fim-6days.com\/es\/fim-isde-argentina-2023-continua-sus-preparativos\/#primaryimage","url":"https:\/\/2024.fim-6days.com\/wp-content\/uploads\/sites\/9\/2023\/07\/ISDE-TROPHIES.jpg","contentUrl":"https:\/\/2024.fim-6days.com\/wp-content\/uploads\/sites\/9\/2023\/07\/ISDE-TROPHIES.jpg","width":1920,"height":1280,"caption":"ISDE Trophies \u00a9 Future7Media"},{"@type":"BreadcrumbList","@id":"https:\/\/2024.fim-6days.com\/es\/fim-isde-argentina-2023-continua-sus-preparativos\/#breadcrumb","itemListElement":[{"@type":"ListItem","position":1,"name":"Home","item":"https:\/\/2024.fim-6days.com\/es\/"},{"@type":"ListItem","position":2,"name":"FIM ISDE Argentina 2023 contin\u00faa sus preparativos"}]},{"@type":"WebSite","@id":"https:\/\/2024.fim-6days.com\/#website","url":"https:\/\/2024.fim-6days.com\/","name":"FIM ISDE 2021","description":"FIM ISDE Official website","publisher":{"@id":"https:\/\/2024.fim-6days.com\/#organization"},"potentialAction":[{"@type":"SearchAction","target":{"@type":"EntryPoint","urlTemplate":"https:\/\/2024.fim-6days.com\/?s={search_term_string}"},"query-input":{"@type":"PropertyValueSpecification","valueRequired":true,"valueName":"search_term_string"}}],"inLanguage":"es"},{"@type":"Organization","@id":"https:\/\/2024.fim-6days.com\/#organization","name":"FIM - F\u00e9d\u00e9ration Internationale de Motocyclisme","url":"https:\/\/2024.fim-6days.com\/","logo":{"@type":"ImageObject","inLanguage":"es","@id":"https:\/\/2024.fim-6days.com\/#\/schema\/logo\/image\/","url":"https:\/\/2024.fim-6days.com\/wp-content\/uploads\/sites\/9\/2019\/07\/LogoFIM-CMYK.png","contentUrl":"https:\/\/2024.fim-6days.com\/wp-content\/uploads\/sites\/9\/2019\/07\/LogoFIM-CMYK.png","width":2608,"height":1833,"caption":"FIM - F\u00e9d\u00e9ration Internationale de Motocyclisme"},"image":{"@id":"https:\/\/2024.fim-6days.com\/#\/schema\/logo\/image\/"},"sameAs":["https:\/\/www.facebook.com\/FIMISDE\/","https:\/\/x.com\/fimisde","https:\/\/www.instagram.com\/fim_isde\/"]},{"@type":"Person","@id":"https:\/\/2024.fim-6days.com\/#\/schema\/person\/fc80183700e96a22afb3f220ae03b32a","name":"isalen","image":{"@type":"ImageObject","inLanguage":"es","@id":"https:\/\/2024.fim-6days.com\/#\/schema\/person\/image\/","url":"https:\/\/secure.gravatar.com\/avatar\/b498bfa446460353cfcc6e023d9c28e3e84ef3798b7f90c38b5d03254eed1837?s=96&d=mm&r=g","contentUrl":"https:\/\/secure.gravatar.com\/avatar\/b498bfa446460353cfcc6e023d9c28e3e84ef3798b7f90c38b5d03254eed1837?s=96&d=mm&r=g","caption":"isalen"},"url":"https:\/\/2024.fim-6days.com\/es\/author\/isalen\/"}]}},"_links":{"self":[{"href":"https:\/\/2024.fim-6days.com\/es\/wp-json\/wp\/v2\/posts\/47956","targetHints":{"allow":["GET"]}}],"collection":[{"href":"https:\/\/2024.fim-6days.com\/es\/wp-json\/wp\/v2\/posts"}],"about":[{"href":"https:\/\/2024.fim-6days.com\/es\/wp-json\/wp\/v2\/types\/post"}],"author":[{"embeddable":true,"href":"https:\/\/2024.fim-6days.com\/es\/wp-json\/wp\/v2\/users\/14"}],"replies":[{"embeddable":true,"href":"https:\/\/2024.fim-6days.com\/es\/wp-json\/wp\/v2\/comments?post=47956"}],"version-history":[{"count":2,"href":"https:\/\/2024.fim-6days.com\/es\/wp-json\/wp\/v2\/posts\/47956\/revisions"}],"predecessor-version":[{"id":47960,"href":"https:\/\/2024.fim-6days.com\/es\/wp-json\/wp\/v2\/posts\/47956\/revisions\/47960"}],"wp:featuredmedia":[{"embeddable":true,"href":"https:\/\/2024.fim-6days.com\/es\/wp-json\/wp\/v2\/media\/47885"}],"wp:attachment":[{"href":"https:\/\/2024.fim-6days.com\/es\/wp-json\/wp\/v2\/media?parent=47956"}],"wp:term":[{"taxonomy":"category","embeddable":true,"href":"https:\/\/2024.fim-6days.com\/es\/wp-json\/wp\/v2\/categories?post=47956"},{"taxonomy":"post_tag","embeddable":true,"href":"https:\/\/2024.fim-6days.com\/es\/wp-json\/wp\/v2\/tags?post=47956"}],"curies":[{"name":"wp","href":"https:\/\/api.w.org\/{rel}","templated":true}]}}