{"id":47389,"date":"2023-05-31T09:05:30","date_gmt":"2023-05-31T07:05:30","guid":{"rendered":"https:\/\/2024.fim-6days.com\/?p=47389"},"modified":"2023-05-31T09:05:30","modified_gmt":"2023-05-31T07:05:30","slug":"el-sistema-de-inscripcion-para-el-fim-isde-pasa-a-la-tercera-etapa","status":"publish","type":"post","link":"https:\/\/2024.fim-6days.com\/es\/el-sistema-de-inscripcion-para-el-fim-isde-pasa-a-la-tercera-etapa\/","title":{"rendered":"El sistema de inscripci\u00f3n para el FIM ISDE pasa a la tercera etapa"},"content":{"rendered":"<div class=\"fusion-fullwidth fullwidth-box fusion-builder-row-1 fusion-flex-container nonhundred-percent-fullwidth non-hundred-percent-height-scrolling\" style=\"--awb-border-radius-top-left:0px;--awb-border-radius-top-right:0px;--awb-border-radius-bottom-right:0px;--awb-border-radius-bottom-left:0px;--awb-padding-top:0px;--awb-padding-bottom:0px;--awb-flex-wrap:wrap;\" ><div class=\"fusion-builder-row fusion-row fusion-flex-align-items-flex-start fusion-flex-content-wrap\" style=\"max-width:1248px;margin-left: calc(-4% \/ 2 );margin-right: calc(-4% \/ 2 );\"><div class=\"fusion-layout-column fusion_builder_column fusion-builder-column-0 fusion_builder_column_1_1 1_1 fusion-flex-column\" style=\"--awb-padding-top:0px;--awb-padding-bottom:0px;--awb-bg-size:cover;--awb-width-large:100%;--awb-margin-top-large:0px;--awb-spacing-right-large:1.92%;--awb-margin-bottom-large:0px;--awb-spacing-left-large:1.92%;--awb-width-medium:100%;--awb-order-medium:0;--awb-spacing-right-medium:1.92%;--awb-spacing-left-medium:1.92%;--awb-width-small:100%;--awb-order-small:0;--awb-spacing-right-small:1.92%;--awb-spacing-left-small:1.92%;\"><div class=\"fusion-column-wrapper fusion-column-has-shadow fusion-flex-justify-content-flex-start fusion-content-layout-column\"><div class=\"fusion-text fusion-text-1\" style=\"--awb-text-transform:none;\"><p><strong>\u00a0<\/strong><strong>El nuevo proceso de preinscripci\u00f3n para los FIM International Six Days of Enduro (ISDE) 2023 ha avanzado a la tercera fase.<\/strong><\/p>\n<p>Hasta el 6 de junio, esta es la etapa en la que los Moto Clubes deber\u00e1n finalizar el proceso de preinscripci\u00f3n aprobando o descartando las solicitudes de inscripci\u00f3n de los pilotos. Los <em>riders<\/em> y clubes que no se hayan inscrito en las dos primeras fases todav\u00eda tienen la oportunidad de hacerlo, pero esta es la \u00faltima instancia para evitar la lista de espera.<\/p>\n<p>En estos momentos ya se han inscrito m\u00e1s de 300 pilotos, siendo 500 el n\u00famero m\u00e1ximo de participantes en esta edici\u00f3n del ISDE.<\/p>\n<p>Un gran contingente de pilotos Sudamericanos est\u00e1 garantizado ya que el 68% de los competidores inscriptos en los Club Team Awards (CTA) son del continente anfitri\u00f3n, con Argentina a la cabeza, Chile, Uruguay y Brasil. Am\u00e9rica del Norte tambi\u00e9n est\u00e1 bien representada, al igual que las naciones europeas.<\/p>\n<p>A partir del 7 de junio, el proceso de preinscripci\u00f3n -dise\u00f1ado para simplificar el procedimiento de registro en el ISDE- pasar\u00e1 a la cuarta fase, en la que las Federaciones Nacionales (FMN) revisar\u00e1n la composici\u00f3n de los equipos de los Moto Clubs y comenzar\u00e1n a inscribir a sus Trophy Teams.<\/p>\n<p>La 97\u00aa edici\u00f3n del International Six Days of Enduro de FIM se celebrar\u00e1 del 6 al 11 de noviembre en la ciudad de San Juan, situada al este de la cordillera de los Andes. El centro de operaciones del evento estar\u00e1 situado en el Circuito San Juan Villicum, que tambi\u00e9n es sede de la prueba sudamericana del Campeonato del Mundo FIM de Superbike.<\/p>\n<p>Se recuerda a los corredores que la mayor\u00eda de los fabricantes ofrecen servicios de carrera para ayudarles con la log\u00edstica, el alquiler de motos y la asistencia en carrera. Para m\u00e1s informaci\u00f3n, haga clic en los logotipos correspondientes:<\/p>\n<\/div><div class=\"awb-gallery-wrapper awb-gallery-wrapper-1 button-span-no\" style=\"--more-btn-alignment:center;\"><div style=\"margin:-5px;--awb-bordersize:0px;\" class=\"fusion-gallery fusion-gallery-container fusion-grid-3 fusion-columns-total-6 fusion-gallery-layout-grid fusion-gallery-1\"><div style=\"padding:5px;\" class=\"fusion-grid-column fusion-gallery-column fusion-gallery-column-3 hover-type-none\"><div class=\"fusion-gallery-image\"><a href=\"https:\/\/events.ktm.com\/isde2023\" rel=\"noreferrer\" data-rel=\"iLightbox[gallery_image_1]\" class=\"fusion-lightbox\" target=\"_self\"><img decoding=\"async\" src=\"https:\/\/2024.fim-6days.com\/wp-content\/uploads\/sites\/9\/2023\/05\/1-ISDE2023-Racing-Service-KTM.png\" width=\"3509\" height=\"1253\" alt=\"\" title=\"1-ISDE2023-Racing Service-KTM\" aria-label=\"1-ISDE2023-Racing Service-KTM\" class=\"img-responsive wp-image-47390\" srcset=\"https:\/\/2024.fim-6days.com\/wp-content\/uploads\/sites\/9\/2023\/05\/1-ISDE2023-Racing-Service-KTM-200x71.png 200w, https:\/\/2024.fim-6days.com\/wp-content\/uploads\/sites\/9\/2023\/05\/1-ISDE2023-Racing-Service-KTM-400x143.png 400w, https:\/\/2024.fim-6days.com\/wp-content\/uploads\/sites\/9\/2023\/05\/1-ISDE2023-Racing-Service-KTM-600x214.png 600w, https:\/\/2024.fim-6days.com\/wp-content\/uploads\/sites\/9\/2023\/05\/1-ISDE2023-Racing-Service-KTM-800x286.png 800w, https:\/\/2024.fim-6days.com\/wp-content\/uploads\/sites\/9\/2023\/05\/1-ISDE2023-Racing-Service-KTM-1200x428.png 1200w, https:\/\/2024.fim-6days.com\/wp-content\/uploads\/sites\/9\/2023\/05\/1-ISDE2023-Racing-Service-KTM.png 3509w\" sizes=\"(min-width: 2200px) 100vw, (min-width: 744px) 397px, (min-width: 692px) 595px, (min-width: 640px) 692px, \" \/><\/a><\/div><\/div><div style=\"padding:5px;\" class=\"fusion-grid-column fusion-gallery-column fusion-gallery-column-3 hover-type-none\"><div class=\"fusion-gallery-image\"><a href=\"https:\/\/events.husqvarna-motorcycles.com\/isde-2023\" rel=\"noreferrer\" data-rel=\"iLightbox[gallery_image_1]\" class=\"fusion-lightbox\" target=\"_self\"><img decoding=\"async\" src=\"https:\/\/2024.fim-6days.com\/wp-content\/uploads\/sites\/9\/2023\/05\/2-ISDE2023-Racing-Service-HUSQVARNA.png\" width=\"3509\" height=\"1253\" alt=\"\" title=\"2-ISDE2023-Racing Service-HUSQVARNA\" aria-label=\"2-ISDE2023-Racing Service-HUSQVARNA\" class=\"img-responsive wp-image-47392\" srcset=\"https:\/\/2024.fim-6days.com\/wp-content\/uploads\/sites\/9\/2023\/05\/2-ISDE2023-Racing-Service-HUSQVARNA-200x71.png 200w, https:\/\/2024.fim-6days.com\/wp-content\/uploads\/sites\/9\/2023\/05\/2-ISDE2023-Racing-Service-HUSQVARNA-400x143.png 400w, https:\/\/2024.fim-6days.com\/wp-content\/uploads\/sites\/9\/2023\/05\/2-ISDE2023-Racing-Service-HUSQVARNA-600x214.png 600w, https:\/\/2024.fim-6days.com\/wp-content\/uploads\/sites\/9\/2023\/05\/2-ISDE2023-Racing-Service-HUSQVARNA-800x286.png 800w, https:\/\/2024.fim-6days.com\/wp-content\/uploads\/sites\/9\/2023\/05\/2-ISDE2023-Racing-Service-HUSQVARNA-1200x428.png 1200w, https:\/\/2024.fim-6days.com\/wp-content\/uploads\/sites\/9\/2023\/05\/2-ISDE2023-Racing-Service-HUSQVARNA.png 3509w\" sizes=\"(min-width: 2200px) 100vw, (min-width: 744px) 397px, (min-width: 692px) 595px, (min-width: 640px) 692px, \" \/><\/a><\/div><\/div><div style=\"padding:5px;\" class=\"fusion-grid-column fusion-gallery-column fusion-gallery-column-3 hover-type-none\"><div class=\"fusion-gallery-image\"><a href=\"https:\/\/events.husqvarna-motorcycles.com\/isde-2023\" rel=\"noreferrer\" data-rel=\"iLightbox[gallery_image_1]\" class=\"fusion-lightbox\" target=\"_self\"><img decoding=\"async\" src=\"https:\/\/2024.fim-6days.com\/wp-content\/uploads\/sites\/9\/2023\/05\/3-ISDE2023-Racing-Service-GASGAS.png\" width=\"3509\" height=\"1253\" alt=\"\" title=\"3-ISDE2023-Racing Service-GASGAS\" aria-label=\"3-ISDE2023-Racing Service-GASGAS\" class=\"img-responsive wp-image-47394\" srcset=\"https:\/\/2024.fim-6days.com\/wp-content\/uploads\/sites\/9\/2023\/05\/3-ISDE2023-Racing-Service-GASGAS-200x71.png 200w, https:\/\/2024.fim-6days.com\/wp-content\/uploads\/sites\/9\/2023\/05\/3-ISDE2023-Racing-Service-GASGAS-400x143.png 400w, https:\/\/2024.fim-6days.com\/wp-content\/uploads\/sites\/9\/2023\/05\/3-ISDE2023-Racing-Service-GASGAS-600x214.png 600w, https:\/\/2024.fim-6days.com\/wp-content\/uploads\/sites\/9\/2023\/05\/3-ISDE2023-Racing-Service-GASGAS-800x286.png 800w, https:\/\/2024.fim-6days.com\/wp-content\/uploads\/sites\/9\/2023\/05\/3-ISDE2023-Racing-Service-GASGAS-1200x428.png 1200w, https:\/\/2024.fim-6days.com\/wp-content\/uploads\/sites\/9\/2023\/05\/3-ISDE2023-Racing-Service-GASGAS.png 3509w\" sizes=\"(min-width: 2200px) 100vw, (min-width: 744px) 397px, (min-width: 692px) 595px, (min-width: 640px) 692px, \" \/><\/a><\/div><\/div><div class=\"clearfix\"><\/div><div style=\"padding:5px;\" class=\"fusion-grid-column fusion-gallery-column fusion-gallery-column-3 hover-type-none\"><div class=\"fusion-gallery-image\"><a href=\"https:\/\/www.sherco.com\/en\/racing-en\/enduro-en\/join-the-2023-isde-with-sherco-factory-support-motorcycle-rental-and-factory-assistance-and-support-package\" rel=\"noreferrer\" data-rel=\"iLightbox[gallery_image_1]\" class=\"fusion-lightbox\" target=\"_self\"><img decoding=\"async\" src=\"https:\/\/2024.fim-6days.com\/wp-content\/uploads\/sites\/9\/2023\/05\/4-ISDE2023-Racing-Service-SHERCO.png\" width=\"3509\" height=\"1253\" alt=\"\" title=\"4-ISDE2023-Racing Service-SHERCO\" aria-label=\"4-ISDE2023-Racing Service-SHERCO\" class=\"img-responsive wp-image-47396\" srcset=\"https:\/\/2024.fim-6days.com\/wp-content\/uploads\/sites\/9\/2023\/05\/4-ISDE2023-Racing-Service-SHERCO-200x71.png 200w, https:\/\/2024.fim-6days.com\/wp-content\/uploads\/sites\/9\/2023\/05\/4-ISDE2023-Racing-Service-SHERCO-400x143.png 400w, https:\/\/2024.fim-6days.com\/wp-content\/uploads\/sites\/9\/2023\/05\/4-ISDE2023-Racing-Service-SHERCO-600x214.png 600w, https:\/\/2024.fim-6days.com\/wp-content\/uploads\/sites\/9\/2023\/05\/4-ISDE2023-Racing-Service-SHERCO-800x286.png 800w, https:\/\/2024.fim-6days.com\/wp-content\/uploads\/sites\/9\/2023\/05\/4-ISDE2023-Racing-Service-SHERCO-1200x428.png 1200w, https:\/\/2024.fim-6days.com\/wp-content\/uploads\/sites\/9\/2023\/05\/4-ISDE2023-Racing-Service-SHERCO.png 3509w\" sizes=\"(min-width: 2200px) 100vw, (min-width: 744px) 397px, (min-width: 692px) 595px, (min-width: 640px) 692px, \" \/><\/a><\/div><\/div><div style=\"padding:5px;\" class=\"fusion-grid-column fusion-gallery-column fusion-gallery-column-3 hover-type-none\"><div class=\"fusion-gallery-image\"><a href=\"https:\/\/rieju.com\/gb\" rel=\"noreferrer\" data-rel=\"iLightbox[gallery_image_1]\" class=\"fusion-lightbox\" target=\"_self\"><img decoding=\"async\" src=\"https:\/\/2024.fim-6days.com\/wp-content\/uploads\/sites\/9\/2023\/05\/5-ISDE2023-Racing-Service-RIEJU.png\" width=\"3509\" height=\"1253\" alt=\"\" title=\"5-ISDE2023-Racing Service-RIEJU\" aria-label=\"5-ISDE2023-Racing Service-RIEJU\" class=\"img-responsive wp-image-47398\" srcset=\"https:\/\/2024.fim-6days.com\/wp-content\/uploads\/sites\/9\/2023\/05\/5-ISDE2023-Racing-Service-RIEJU-200x71.png 200w, https:\/\/2024.fim-6days.com\/wp-content\/uploads\/sites\/9\/2023\/05\/5-ISDE2023-Racing-Service-RIEJU-400x143.png 400w, https:\/\/2024.fim-6days.com\/wp-content\/uploads\/sites\/9\/2023\/05\/5-ISDE2023-Racing-Service-RIEJU-600x214.png 600w, https:\/\/2024.fim-6days.com\/wp-content\/uploads\/sites\/9\/2023\/05\/5-ISDE2023-Racing-Service-RIEJU-800x286.png 800w, https:\/\/2024.fim-6days.com\/wp-content\/uploads\/sites\/9\/2023\/05\/5-ISDE2023-Racing-Service-RIEJU-1200x428.png 1200w, https:\/\/2024.fim-6days.com\/wp-content\/uploads\/sites\/9\/2023\/05\/5-ISDE2023-Racing-Service-RIEJU.png 3509w\" sizes=\"(min-width: 2200px) 100vw, (min-width: 744px) 397px, (min-width: 692px) 595px, (min-width: 640px) 692px, \" \/><\/a><\/div><\/div><div style=\"padding:5px;\" class=\"fusion-grid-column fusion-gallery-column fusion-gallery-column-3 hover-type-none\"><div class=\"fusion-gallery-image\"><a href=\"https:\/\/www.jollyracing.com\/isde-2023\" rel=\"noreferrer\" data-rel=\"iLightbox[gallery_image_1]\" class=\"fusion-lightbox\" target=\"_self\"><img decoding=\"async\" src=\"https:\/\/2024.fim-6days.com\/wp-content\/uploads\/sites\/9\/2023\/05\/6-ISDE2023-Racing-Service-JOLLY-RACING.png\" width=\"3509\" height=\"1253\" alt=\"\" title=\"6-ISDE2023-Racing Service-JOLLY RACING\" aria-label=\"6-ISDE2023-Racing Service-JOLLY RACING\" class=\"img-responsive wp-image-47400\" srcset=\"https:\/\/2024.fim-6days.com\/wp-content\/uploads\/sites\/9\/2023\/05\/6-ISDE2023-Racing-Service-JOLLY-RACING-200x71.png 200w, https:\/\/2024.fim-6days.com\/wp-content\/uploads\/sites\/9\/2023\/05\/6-ISDE2023-Racing-Service-JOLLY-RACING-400x143.png 400w, https:\/\/2024.fim-6days.com\/wp-content\/uploads\/sites\/9\/2023\/05\/6-ISDE2023-Racing-Service-JOLLY-RACING-600x214.png 600w, https:\/\/2024.fim-6days.com\/wp-content\/uploads\/sites\/9\/2023\/05\/6-ISDE2023-Racing-Service-JOLLY-RACING-800x286.png 800w, https:\/\/2024.fim-6days.com\/wp-content\/uploads\/sites\/9\/2023\/05\/6-ISDE2023-Racing-Service-JOLLY-RACING-1200x428.png 1200w, https:\/\/2024.fim-6days.com\/wp-content\/uploads\/sites\/9\/2023\/05\/6-ISDE2023-Racing-Service-JOLLY-RACING.png 3509w\" sizes=\"(min-width: 2200px) 100vw, (min-width: 744px) 397px, (min-width: 692px) 595px, (min-width: 640px) 692px, \" \/><\/a><\/div><\/div><div class=\"clearfix\"><\/div><\/div><\/div><\/div><\/div><\/div><\/div>\n","protected":false},"excerpt":{"rendered":"","protected":false},"author":14,"featured_media":47404,"comment_status":"closed","ping_status":"closed","sticky":false,"template":"","format":"standard","meta":{"inline_featured_image":false,"footnotes":""},"categories":[112,108],"tags":[],"class_list":["post-47389","post","type-post","status-publish","format-standard","has-post-thumbnail","hentry","category-before-isde2023-es","category-news-es"],"yoast_head":"<!-- This site is optimized with the Yoast SEO plugin v25.6 - https:\/\/yoast.com\/wordpress\/plugins\/seo\/ -->\n<title>El sistema de inscripci\u00f3n para el FIM ISDE pasa a la tercera etapa - 2024 spain<\/title>\n<meta name=\"description\" content=\"El nuevo proceso de preinscripci\u00f3n para los FIM International Six Days of Enduro (ISDE) 2023 ha avanzado a la tercera fase.\" \/>\n<meta name=\"robots\" content=\"index, follow, max-snippet:-1, max-image-preview:large, max-video-preview:-1\" \/>\n<link rel=\"canonical\" href=\"https:\/\/2024.fim-6days.com\/es\/el-sistema-de-inscripcion-para-el-fim-isde-pasa-a-la-tercera-etapa\/\" \/>\n<meta property=\"og:locale\" content=\"es_ES\" \/>\n<meta property=\"og:type\" content=\"article\" \/>\n<meta property=\"og:title\" content=\"El sistema de inscripci\u00f3n para el FIM ISDE pasa a la tercera etapa - 2024 spain\" \/>\n<meta property=\"og:description\" content=\"El nuevo proceso de preinscripci\u00f3n para los FIM International Six Days of Enduro (ISDE) 2023 ha avanzado a la tercera fase.\" \/>\n<meta property=\"og:url\" content=\"https:\/\/2024.fim-6days.com\/es\/el-sistema-de-inscripcion-para-el-fim-isde-pasa-a-la-tercera-etapa\/\" \/>\n<meta property=\"og:site_name\" content=\"2024 spain\" \/>\n<meta property=\"article:publisher\" content=\"https:\/\/www.facebook.com\/FIMISDE\/\" \/>\n<meta property=\"article:published_time\" content=\"2023-05-31T07:05:30+00:00\" \/>\n<meta property=\"og:image\" content=\"https:\/\/2024.fim-6days.com\/wp-content\/uploads\/sites\/9\/2023\/05\/winner_ISDE_2022_France_25758-e1685451544711.jpg\" \/>\n\t<meta property=\"og:image:width\" content=\"1920\" \/>\n\t<meta property=\"og:image:height\" content=\"1125\" \/>\n\t<meta property=\"og:image:type\" content=\"image\/jpeg\" \/>\n<meta name=\"author\" content=\"isalen\" \/>\n<meta name=\"twitter:card\" content=\"summary_large_image\" \/>\n<meta name=\"twitter:creator\" content=\"@fimisde\" \/>\n<meta name=\"twitter:site\" content=\"@fimisde\" \/>\n<meta name=\"twitter:label1\" content=\"Escrito por\" \/>\n\t<meta name=\"twitter:data1\" content=\"isalen\" \/>\n\t<meta name=\"twitter:label2\" content=\"Tiempo de lectura\" \/>\n\t<meta name=\"twitter:data2\" content=\"3 minutos\" \/>\n<script type=\"application\/ld+json\" class=\"yoast-schema-graph\">{\"@context\":\"https:\/\/schema.org\",\"@graph\":[{\"@type\":\"Article\",\"@id\":\"https:\/\/2024.fim-6days.com\/es\/el-sistema-de-inscripcion-para-el-fim-isde-pasa-a-la-tercera-etapa\/#article\",\"isPartOf\":{\"@id\":\"https:\/\/2024.fim-6days.com\/es\/el-sistema-de-inscripcion-para-el-fim-isde-pasa-a-la-tercera-etapa\/\"},\"author\":{\"name\":\"isalen\",\"@id\":\"https:\/\/2024.fim-6days.com\/#\/schema\/person\/fc80183700e96a22afb3f220ae03b32a\"},\"headline\":\"El sistema de inscripci\u00f3n para el FIM ISDE pasa a la tercera etapa\",\"datePublished\":\"2023-05-31T07:05:30+00:00\",\"mainEntityOfPage\":{\"@id\":\"https:\/\/2024.fim-6days.com\/es\/el-sistema-de-inscripcion-para-el-fim-isde-pasa-a-la-tercera-etapa\/\"},\"wordCount\":1426,\"publisher\":{\"@id\":\"https:\/\/2024.fim-6days.com\/#organization\"},\"image\":{\"@id\":\"https:\/\/2024.fim-6days.com\/es\/el-sistema-de-inscripcion-para-el-fim-isde-pasa-a-la-tercera-etapa\/#primaryimage\"},\"thumbnailUrl\":\"https:\/\/2024.fim-6days.com\/wp-content\/uploads\/sites\/9\/2023\/05\/winner_ISDE_2022_France_25758-e1685451544711.jpg\",\"articleSection\":[\"Antes de ISDE2023\",\"Noticias\"],\"inLanguage\":\"es\"},{\"@type\":\"WebPage\",\"@id\":\"https:\/\/2024.fim-6days.com\/es\/el-sistema-de-inscripcion-para-el-fim-isde-pasa-a-la-tercera-etapa\/\",\"url\":\"https:\/\/2024.fim-6days.com\/es\/el-sistema-de-inscripcion-para-el-fim-isde-pasa-a-la-tercera-etapa\/\",\"name\":\"El sistema de inscripci\u00f3n para el FIM ISDE pasa a la tercera etapa - 2024 spain\",\"isPartOf\":{\"@id\":\"https:\/\/2024.fim-6days.com\/#website\"},\"primaryImageOfPage\":{\"@id\":\"https:\/\/2024.fim-6days.com\/es\/el-sistema-de-inscripcion-para-el-fim-isde-pasa-a-la-tercera-etapa\/#primaryimage\"},\"image\":{\"@id\":\"https:\/\/2024.fim-6days.com\/es\/el-sistema-de-inscripcion-para-el-fim-isde-pasa-a-la-tercera-etapa\/#primaryimage\"},\"thumbnailUrl\":\"https:\/\/2024.fim-6days.com\/wp-content\/uploads\/sites\/9\/2023\/05\/winner_ISDE_2022_France_25758-e1685451544711.jpg\",\"datePublished\":\"2023-05-31T07:05:30+00:00\",\"description\":\"El nuevo proceso de preinscripci\u00f3n para los FIM International Six Days of Enduro (ISDE) 2023 ha avanzado a la tercera fase.\",\"breadcrumb\":{\"@id\":\"https:\/\/2024.fim-6days.com\/es\/el-sistema-de-inscripcion-para-el-fim-isde-pasa-a-la-tercera-etapa\/#breadcrumb\"},\"inLanguage\":\"es\",\"potentialAction\":[{\"@type\":\"ReadAction\",\"target\":[\"https:\/\/2024.fim-6days.com\/es\/el-sistema-de-inscripcion-para-el-fim-isde-pasa-a-la-tercera-etapa\/\"]}]},{\"@type\":\"ImageObject\",\"inLanguage\":\"es\",\"@id\":\"https:\/\/2024.fim-6days.com\/es\/el-sistema-de-inscripcion-para-el-fim-isde-pasa-a-la-tercera-etapa\/#primaryimage\",\"url\":\"https:\/\/2024.fim-6days.com\/wp-content\/uploads\/sites\/9\/2023\/05\/winner_ISDE_2022_France_25758-e1685451544711.jpg\",\"contentUrl\":\"https:\/\/2024.fim-6days.com\/wp-content\/uploads\/sites\/9\/2023\/05\/winner_ISDE_2022_France_25758-e1685451544711.jpg\",\"width\":1920,\"height\":1125},{\"@type\":\"BreadcrumbList\",\"@id\":\"https:\/\/2024.fim-6days.com\/es\/el-sistema-de-inscripcion-para-el-fim-isde-pasa-a-la-tercera-etapa\/#breadcrumb\",\"itemListElement\":[{\"@type\":\"ListItem\",\"position\":1,\"name\":\"Home\",\"item\":\"https:\/\/2024.fim-6days.com\/es\/\"},{\"@type\":\"ListItem\",\"position\":2,\"name\":\"El sistema de inscripci\u00f3n para el FIM ISDE pasa a la tercera etapa\"}]},{\"@type\":\"WebSite\",\"@id\":\"https:\/\/2024.fim-6days.com\/#website\",\"url\":\"https:\/\/2024.fim-6days.com\/\",\"name\":\"FIM ISDE 2021\",\"description\":\"FIM ISDE Official website\",\"publisher\":{\"@id\":\"https:\/\/2024.fim-6days.com\/#organization\"},\"potentialAction\":[{\"@type\":\"SearchAction\",\"target\":{\"@type\":\"EntryPoint\",\"urlTemplate\":\"https:\/\/2024.fim-6days.com\/?s={search_term_string}\"},\"query-input\":{\"@type\":\"PropertyValueSpecification\",\"valueRequired\":true,\"valueName\":\"search_term_string\"}}],\"inLanguage\":\"es\"},{\"@type\":\"Organization\",\"@id\":\"https:\/\/2024.fim-6days.com\/#organization\",\"name\":\"FIM - F\u00e9d\u00e9ration Internationale de Motocyclisme\",\"url\":\"https:\/\/2024.fim-6days.com\/\",\"logo\":{\"@type\":\"ImageObject\",\"inLanguage\":\"es\",\"@id\":\"https:\/\/2024.fim-6days.com\/#\/schema\/logo\/image\/\",\"url\":\"https:\/\/2024.fim-6days.com\/wp-content\/uploads\/sites\/9\/2019\/07\/LogoFIM-CMYK.png\",\"contentUrl\":\"https:\/\/2024.fim-6days.com\/wp-content\/uploads\/sites\/9\/2019\/07\/LogoFIM-CMYK.png\",\"width\":2608,\"height\":1833,\"caption\":\"FIM - F\u00e9d\u00e9ration Internationale de Motocyclisme\"},\"image\":{\"@id\":\"https:\/\/2024.fim-6days.com\/#\/schema\/logo\/image\/\"},\"sameAs\":[\"https:\/\/www.facebook.com\/FIMISDE\/\",\"https:\/\/x.com\/fimisde\",\"https:\/\/www.instagram.com\/fim_isde\/\"]},{\"@type\":\"Person\",\"@id\":\"https:\/\/2024.fim-6days.com\/#\/schema\/person\/fc80183700e96a22afb3f220ae03b32a\",\"name\":\"isalen\",\"image\":{\"@type\":\"ImageObject\",\"inLanguage\":\"es\",\"@id\":\"https:\/\/2024.fim-6days.com\/#\/schema\/person\/image\/\",\"url\":\"https:\/\/secure.gravatar.com\/avatar\/b498bfa446460353cfcc6e023d9c28e3e84ef3798b7f90c38b5d03254eed1837?s=96&d=mm&r=g\",\"contentUrl\":\"https:\/\/secure.gravatar.com\/avatar\/b498bfa446460353cfcc6e023d9c28e3e84ef3798b7f90c38b5d03254eed1837?s=96&d=mm&r=g\",\"caption\":\"isalen\"},\"url\":\"https:\/\/2024.fim-6days.com\/es\/author\/isalen\/\"}]}<\/script>\n<!-- \/ Yoast SEO plugin. -->","yoast_head_json":{"title":"El sistema de inscripci\u00f3n para el FIM ISDE pasa a la tercera etapa - 2024 spain","description":"El nuevo proceso de preinscripci\u00f3n para los FIM International Six Days of Enduro (ISDE) 2023 ha avanzado a la tercera fase.","robots":{"index":"index","follow":"follow","max-snippet":"max-snippet:-1","max-image-preview":"max-image-preview:large","max-video-preview":"max-video-preview:-1"},"canonical":"https:\/\/2024.fim-6days.com\/es\/el-sistema-de-inscripcion-para-el-fim-isde-pasa-a-la-tercera-etapa\/","og_locale":"es_ES","og_type":"article","og_title":"El sistema de inscripci\u00f3n para el FIM ISDE pasa a la tercera etapa - 2024 spain","og_description":"El nuevo proceso de preinscripci\u00f3n para los FIM International Six Days of Enduro (ISDE) 2023 ha avanzado a la tercera fase.","og_url":"https:\/\/2024.fim-6days.com\/es\/el-sistema-de-inscripcion-para-el-fim-isde-pasa-a-la-tercera-etapa\/","og_site_name":"2024 spain","article_publisher":"https:\/\/www.facebook.com\/FIMISDE\/","article_published_time":"2023-05-31T07:05:30+00:00","og_image":[{"width":1920,"height":1125,"url":"https:\/\/2024.fim-6days.com\/wp-content\/uploads\/sites\/9\/2023\/05\/winner_ISDE_2022_France_25758-e1685451544711.jpg","type":"image\/jpeg"}],"author":"isalen","twitter_card":"summary_large_image","twitter_creator":"@fimisde","twitter_site":"@fimisde","twitter_misc":{"Escrito por":"isalen","Tiempo de lectura":"3 minutos"},"schema":{"@context":"https:\/\/schema.org","@graph":[{"@type":"Article","@id":"https:\/\/2024.fim-6days.com\/es\/el-sistema-de-inscripcion-para-el-fim-isde-pasa-a-la-tercera-etapa\/#article","isPartOf":{"@id":"https:\/\/2024.fim-6days.com\/es\/el-sistema-de-inscripcion-para-el-fim-isde-pasa-a-la-tercera-etapa\/"},"author":{"name":"isalen","@id":"https:\/\/2024.fim-6days.com\/#\/schema\/person\/fc80183700e96a22afb3f220ae03b32a"},"headline":"El sistema de inscripci\u00f3n para el FIM ISDE pasa a la tercera etapa","datePublished":"2023-05-31T07:05:30+00:00","mainEntityOfPage":{"@id":"https:\/\/2024.fim-6days.com\/es\/el-sistema-de-inscripcion-para-el-fim-isde-pasa-a-la-tercera-etapa\/"},"wordCount":1426,"publisher":{"@id":"https:\/\/2024.fim-6days.com\/#organization"},"image":{"@id":"https:\/\/2024.fim-6days.com\/es\/el-sistema-de-inscripcion-para-el-fim-isde-pasa-a-la-tercera-etapa\/#primaryimage"},"thumbnailUrl":"https:\/\/2024.fim-6days.com\/wp-content\/uploads\/sites\/9\/2023\/05\/winner_ISDE_2022_France_25758-e1685451544711.jpg","articleSection":["Antes de ISDE2023","Noticias"],"inLanguage":"es"},{"@type":"WebPage","@id":"https:\/\/2024.fim-6days.com\/es\/el-sistema-de-inscripcion-para-el-fim-isde-pasa-a-la-tercera-etapa\/","url":"https:\/\/2024.fim-6days.com\/es\/el-sistema-de-inscripcion-para-el-fim-isde-pasa-a-la-tercera-etapa\/","name":"El sistema de inscripci\u00f3n para el FIM ISDE pasa a la tercera etapa - 2024 spain","isPartOf":{"@id":"https:\/\/2024.fim-6days.com\/#website"},"primaryImageOfPage":{"@id":"https:\/\/2024.fim-6days.com\/es\/el-sistema-de-inscripcion-para-el-fim-isde-pasa-a-la-tercera-etapa\/#primaryimage"},"image":{"@id":"https:\/\/2024.fim-6days.com\/es\/el-sistema-de-inscripcion-para-el-fim-isde-pasa-a-la-tercera-etapa\/#primaryimage"},"thumbnailUrl":"https:\/\/2024.fim-6days.com\/wp-content\/uploads\/sites\/9\/2023\/05\/winner_ISDE_2022_France_25758-e1685451544711.jpg","datePublished":"2023-05-31T07:05:30+00:00","description":"El nuevo proceso de preinscripci\u00f3n para los FIM International Six Days of Enduro (ISDE) 2023 ha avanzado a la tercera fase.","breadcrumb":{"@id":"https:\/\/2024.fim-6days.com\/es\/el-sistema-de-inscripcion-para-el-fim-isde-pasa-a-la-tercera-etapa\/#breadcrumb"},"inLanguage":"es","potentialAction":[{"@type":"ReadAction","target":["https:\/\/2024.fim-6days.com\/es\/el-sistema-de-inscripcion-para-el-fim-isde-pasa-a-la-tercera-etapa\/"]}]},{"@type":"ImageObject","inLanguage":"es","@id":"https:\/\/2024.fim-6days.com\/es\/el-sistema-de-inscripcion-para-el-fim-isde-pasa-a-la-tercera-etapa\/#primaryimage","url":"https:\/\/2024.fim-6days.com\/wp-content\/uploads\/sites\/9\/2023\/05\/winner_ISDE_2022_France_25758-e1685451544711.jpg","contentUrl":"https:\/\/2024.fim-6days.com\/wp-content\/uploads\/sites\/9\/2023\/05\/winner_ISDE_2022_France_25758-e1685451544711.jpg","width":1920,"height":1125},{"@type":"BreadcrumbList","@id":"https:\/\/2024.fim-6days.com\/es\/el-sistema-de-inscripcion-para-el-fim-isde-pasa-a-la-tercera-etapa\/#breadcrumb","itemListElement":[{"@type":"ListItem","position":1,"name":"Home","item":"https:\/\/2024.fim-6days.com\/es\/"},{"@type":"ListItem","position":2,"name":"El sistema de inscripci\u00f3n para el FIM ISDE pasa a la tercera etapa"}]},{"@type":"WebSite","@id":"https:\/\/2024.fim-6days.com\/#website","url":"https:\/\/2024.fim-6days.com\/","name":"FIM ISDE 2021","description":"FIM ISDE Official website","publisher":{"@id":"https:\/\/2024.fim-6days.com\/#organization"},"potentialAction":[{"@type":"SearchAction","target":{"@type":"EntryPoint","urlTemplate":"https:\/\/2024.fim-6days.com\/?s={search_term_string}"},"query-input":{"@type":"PropertyValueSpecification","valueRequired":true,"valueName":"search_term_string"}}],"inLanguage":"es"},{"@type":"Organization","@id":"https:\/\/2024.fim-6days.com\/#organization","name":"FIM - F\u00e9d\u00e9ration Internationale de Motocyclisme","url":"https:\/\/2024.fim-6days.com\/","logo":{"@type":"ImageObject","inLanguage":"es","@id":"https:\/\/2024.fim-6days.com\/#\/schema\/logo\/image\/","url":"https:\/\/2024.fim-6days.com\/wp-content\/uploads\/sites\/9\/2019\/07\/LogoFIM-CMYK.png","contentUrl":"https:\/\/2024.fim-6days.com\/wp-content\/uploads\/sites\/9\/2019\/07\/LogoFIM-CMYK.png","width":2608,"height":1833,"caption":"FIM - F\u00e9d\u00e9ration Internationale de Motocyclisme"},"image":{"@id":"https:\/\/2024.fim-6days.com\/#\/schema\/logo\/image\/"},"sameAs":["https:\/\/www.facebook.com\/FIMISDE\/","https:\/\/x.com\/fimisde","https:\/\/www.instagram.com\/fim_isde\/"]},{"@type":"Person","@id":"https:\/\/2024.fim-6days.com\/#\/schema\/person\/fc80183700e96a22afb3f220ae03b32a","name":"isalen","image":{"@type":"ImageObject","inLanguage":"es","@id":"https:\/\/2024.fim-6days.com\/#\/schema\/person\/image\/","url":"https:\/\/secure.gravatar.com\/avatar\/b498bfa446460353cfcc6e023d9c28e3e84ef3798b7f90c38b5d03254eed1837?s=96&d=mm&r=g","contentUrl":"https:\/\/secure.gravatar.com\/avatar\/b498bfa446460353cfcc6e023d9c28e3e84ef3798b7f90c38b5d03254eed1837?s=96&d=mm&r=g","caption":"isalen"},"url":"https:\/\/2024.fim-6days.com\/es\/author\/isalen\/"}]}},"_links":{"self":[{"href":"https:\/\/2024.fim-6days.com\/es\/wp-json\/wp\/v2\/posts\/47389","targetHints":{"allow":["GET"]}}],"collection":[{"href":"https:\/\/2024.fim-6days.com\/es\/wp-json\/wp\/v2\/posts"}],"about":[{"href":"https:\/\/2024.fim-6days.com\/es\/wp-json\/wp\/v2\/types\/post"}],"author":[{"embeddable":true,"href":"https:\/\/2024.fim-6days.com\/es\/wp-json\/wp\/v2\/users\/14"}],"replies":[{"embeddable":true,"href":"https:\/\/2024.fim-6days.com\/es\/wp-json\/wp\/v2\/comments?post=47389"}],"version-history":[{"count":3,"href":"https:\/\/2024.fim-6days.com\/es\/wp-json\/wp\/v2\/posts\/47389\/revisions"}],"predecessor-version":[{"id":47409,"href":"https:\/\/2024.fim-6days.com\/es\/wp-json\/wp\/v2\/posts\/47389\/revisions\/47409"}],"wp:featuredmedia":[{"embeddable":true,"href":"https:\/\/2024.fim-6days.com\/es\/wp-json\/wp\/v2\/media\/47404"}],"wp:attachment":[{"href":"https:\/\/2024.fim-6days.com\/es\/wp-json\/wp\/v2\/media?parent=47389"}],"wp:term":[{"taxonomy":"category","embeddable":true,"href":"https:\/\/2024.fim-6days.com\/es\/wp-json\/wp\/v2\/categories?post=47389"},{"taxonomy":"post_tag","embeddable":true,"href":"https:\/\/2024.fim-6days.com\/es\/wp-json\/wp\/v2\/tags?post=47389"}],"curies":[{"name":"wp","href":"https:\/\/api.w.org\/{rel}","templated":true}]}}