{"id":47283,"date":"2023-05-11T09:05:29","date_gmt":"2023-05-11T07:05:29","guid":{"rendered":"https:\/\/2024.fim-6days.com\/?p=47283"},"modified":"2023-05-11T09:09:01","modified_gmt":"2023-05-11T07:09:01","slug":"el-nuevo-sistema-de-registro-avanza-hacia-el-segundo-paso-para-los-pilotos","status":"publish","type":"post","link":"https:\/\/2024.fim-6days.com\/es\/el-nuevo-sistema-de-registro-avanza-hacia-el-segundo-paso-para-los-pilotos\/","title":{"rendered":"El nuevo sistema de registro avanza hacia el segundo paso para los pilotos"},"content":{"rendered":"<div class=\"fusion-fullwidth fullwidth-box fusion-builder-row-1 fusion-flex-container nonhundred-percent-fullwidth non-hundred-percent-height-scrolling\" style=\"--awb-border-radius-top-left:0px;--awb-border-radius-top-right:0px;--awb-border-radius-bottom-right:0px;--awb-border-radius-bottom-left:0px;--awb-padding-top:0px;--awb-padding-bottom:0px;--awb-flex-wrap:wrap;\" ><div class=\"fusion-builder-row fusion-row fusion-flex-align-items-flex-start fusion-flex-content-wrap\" style=\"max-width:1248px;margin-left: calc(-4% \/ 2 );margin-right: calc(-4% \/ 2 );\"><div class=\"fusion-layout-column fusion_builder_column fusion-builder-column-0 fusion_builder_column_1_1 1_1 fusion-flex-column\" style=\"--awb-padding-top:0px;--awb-padding-bottom:0px;--awb-bg-size:cover;--awb-width-large:100%;--awb-margin-top-large:0px;--awb-spacing-right-large:1.92%;--awb-margin-bottom-large:0px;--awb-spacing-left-large:1.92%;--awb-width-medium:100%;--awb-order-medium:0;--awb-spacing-right-medium:1.92%;--awb-spacing-left-medium:1.92%;--awb-width-small:100%;--awb-order-small:0;--awb-spacing-right-small:1.92%;--awb-spacing-left-small:1.92%;\"><div class=\"fusion-column-wrapper fusion-column-has-shadow fusion-flex-justify-content-flex-start fusion-content-layout-column\"><div class=\"fusion-text fusion-text-1\" style=\"--awb-text-transform:none;\"><p><strong>El nuevo proceso de preinscripci\u00f3n para el FIM International Six Days of Enduro (ISDE) 2023 ha llegado al segundo paso.<\/strong><\/p>\n<p>El primer paso consisti\u00f3 en que todos los representantes de los Moto Clubes crearan un perfil en la Plataforma de Inscripci\u00f3n para el evento que se celebrar\u00e1 en Argentina del 6 al 11 de noviembre y ahora es el turno de que se registren los pilotos que competir\u00e1n en los Club Team Awards (CTA).<\/p>\n<p>En este segundo paso, los pilotos deben indicar su Federaci\u00f3n Nacional (FMN), su Moto Club y la CTA a la que desean optar.<\/p>\n<p>Los competidores tienen tiempo hasta el 22 de mayo para completar el proceso, pero los representantes de los Moto Clubs deben asegurarse de que todos sus pilotos CTA invitados hayan completado los perfiles.<\/p>\n<p>El nuevo sistema simplifica el proceso de inscripci\u00f3n para el ISDE, pero todos los representantes de los Moto Clubes deben seguir bien de cerca el cronograma para que no se les pasen estos plazos.<\/p>\n<\/div><div ><a class=\"fusion-button button-flat fusion-button-default-size button-default fusion-button-default button-1 fusion-button-default-span fusion-button-default-type\" target=\"_blank\" rel=\"noopener noreferrer\" href=\"https:\/\/registration.fim-isde.com\/2024-spain\/\"><span class=\"fusion-button-text awb-button__text awb-button__text--default\">\u00a1INSCR\u00cdBETE YA!<\/span><\/a><\/div><\/div><\/div><\/div><\/div>\n","protected":false},"excerpt":{"rendered":"","protected":false},"author":5,"featured_media":47290,"comment_status":"closed","ping_status":"closed","sticky":false,"template":"","format":"standard","meta":{"inline_featured_image":false,"footnotes":""},"categories":[112,108,113],"tags":[],"class_list":["post-47283","post","type-post","status-publish","format-standard","has-post-thumbnail","hentry","category-before-isde2023-es","category-news-es","category-news-home-big-es"],"yoast_head":"<!-- This site is optimized with the Yoast SEO plugin v25.6 - https:\/\/yoast.com\/wordpress\/plugins\/seo\/ -->\n<title>El nuevo sistema de registro avanza hacia el segundo paso para los pilotos - 2024 spain<\/title>\n<meta name=\"description\" content=\"El nuevo proceso de preinscripci\u00f3n para el FIM International Six Days of Enduro (ISDE) 2023 ha llegado al segundo paso.\" \/>\n<meta name=\"robots\" content=\"index, follow, max-snippet:-1, max-image-preview:large, max-video-preview:-1\" \/>\n<link rel=\"canonical\" href=\"https:\/\/2024.fim-6days.com\/es\/el-nuevo-sistema-de-registro-avanza-hacia-el-segundo-paso-para-los-pilotos\/\" \/>\n<meta property=\"og:locale\" content=\"es_ES\" \/>\n<meta property=\"og:type\" content=\"article\" \/>\n<meta property=\"og:title\" content=\"El nuevo sistema de registro avanza hacia el segundo paso para los pilotos - 2024 spain\" \/>\n<meta property=\"og:description\" content=\"El nuevo proceso de preinscripci\u00f3n para el FIM International Six Days of Enduro (ISDE) 2023 ha llegado al segundo paso.\" \/>\n<meta property=\"og:url\" content=\"https:\/\/2024.fim-6days.com\/es\/el-nuevo-sistema-de-registro-avanza-hacia-el-segundo-paso-para-los-pilotos\/\" \/>\n<meta property=\"og:site_name\" content=\"2024 spain\" \/>\n<meta property=\"article:publisher\" content=\"https:\/\/www.facebook.com\/FIMISDE\/\" \/>\n<meta property=\"article:published_time\" content=\"2023-05-11T07:05:29+00:00\" \/>\n<meta property=\"article:modified_time\" content=\"2023-05-11T07:09:01+00:00\" \/>\n<meta property=\"og:image\" content=\"https:\/\/2024.fim-6days.com\/wp-content\/uploads\/sites\/9\/2023\/05\/kevin-cristino_220901_ISDE_France_1015.jpg\" \/>\n\t<meta property=\"og:image:width\" content=\"1920\" \/>\n\t<meta property=\"og:image:height\" content=\"1280\" \/>\n\t<meta property=\"og:image:type\" content=\"image\/jpeg\" \/>\n<meta name=\"author\" content=\"adrienl\" \/>\n<meta name=\"twitter:card\" content=\"summary_large_image\" \/>\n<meta name=\"twitter:creator\" content=\"@fimisde\" \/>\n<meta name=\"twitter:site\" content=\"@fimisde\" \/>\n<meta name=\"twitter:label1\" content=\"Escrito por\" \/>\n\t<meta name=\"twitter:data1\" content=\"adrienl\" \/>\n\t<meta name=\"twitter:label2\" content=\"Tiempo de lectura\" \/>\n\t<meta name=\"twitter:data2\" content=\"3 minutos\" \/>\n<script type=\"application\/ld+json\" class=\"yoast-schema-graph\">{\"@context\":\"https:\/\/schema.org\",\"@graph\":[{\"@type\":\"Article\",\"@id\":\"https:\/\/2024.fim-6days.com\/es\/el-nuevo-sistema-de-registro-avanza-hacia-el-segundo-paso-para-los-pilotos\/#article\",\"isPartOf\":{\"@id\":\"https:\/\/2024.fim-6days.com\/es\/el-nuevo-sistema-de-registro-avanza-hacia-el-segundo-paso-para-los-pilotos\/\"},\"author\":{\"name\":\"adrienl\",\"@id\":\"https:\/\/2024.fim-6days.com\/#\/schema\/person\/b768593eefad52cbe5520ff1c35ba2f5\"},\"headline\":\"El nuevo sistema de registro avanza hacia el segundo paso para los pilotos\",\"datePublished\":\"2023-05-11T07:05:29+00:00\",\"dateModified\":\"2023-05-11T07:09:01+00:00\",\"mainEntityOfPage\":{\"@id\":\"https:\/\/2024.fim-6days.com\/es\/el-nuevo-sistema-de-registro-avanza-hacia-el-segundo-paso-para-los-pilotos\/\"},\"wordCount\":1026,\"publisher\":{\"@id\":\"https:\/\/2024.fim-6days.com\/#organization\"},\"image\":{\"@id\":\"https:\/\/2024.fim-6days.com\/es\/el-nuevo-sistema-de-registro-avanza-hacia-el-segundo-paso-para-los-pilotos\/#primaryimage\"},\"thumbnailUrl\":\"https:\/\/2024.fim-6days.com\/wp-content\/uploads\/sites\/9\/2023\/05\/kevin-cristino_220901_ISDE_France_1015.jpg\",\"articleSection\":[\"Antes de ISDE2023\",\"Noticias\",\"Noticias GRANDE\"],\"inLanguage\":\"es\"},{\"@type\":\"WebPage\",\"@id\":\"https:\/\/2024.fim-6days.com\/es\/el-nuevo-sistema-de-registro-avanza-hacia-el-segundo-paso-para-los-pilotos\/\",\"url\":\"https:\/\/2024.fim-6days.com\/es\/el-nuevo-sistema-de-registro-avanza-hacia-el-segundo-paso-para-los-pilotos\/\",\"name\":\"El nuevo sistema de registro avanza hacia el segundo paso para los pilotos - 2024 spain\",\"isPartOf\":{\"@id\":\"https:\/\/2024.fim-6days.com\/#website\"},\"primaryImageOfPage\":{\"@id\":\"https:\/\/2024.fim-6days.com\/es\/el-nuevo-sistema-de-registro-avanza-hacia-el-segundo-paso-para-los-pilotos\/#primaryimage\"},\"image\":{\"@id\":\"https:\/\/2024.fim-6days.com\/es\/el-nuevo-sistema-de-registro-avanza-hacia-el-segundo-paso-para-los-pilotos\/#primaryimage\"},\"thumbnailUrl\":\"https:\/\/2024.fim-6days.com\/wp-content\/uploads\/sites\/9\/2023\/05\/kevin-cristino_220901_ISDE_France_1015.jpg\",\"datePublished\":\"2023-05-11T07:05:29+00:00\",\"dateModified\":\"2023-05-11T07:09:01+00:00\",\"description\":\"El nuevo proceso de preinscripci\u00f3n para el FIM International Six Days of Enduro (ISDE) 2023 ha llegado al segundo paso.\",\"breadcrumb\":{\"@id\":\"https:\/\/2024.fim-6days.com\/es\/el-nuevo-sistema-de-registro-avanza-hacia-el-segundo-paso-para-los-pilotos\/#breadcrumb\"},\"inLanguage\":\"es\",\"potentialAction\":[{\"@type\":\"ReadAction\",\"target\":[\"https:\/\/2024.fim-6days.com\/es\/el-nuevo-sistema-de-registro-avanza-hacia-el-segundo-paso-para-los-pilotos\/\"]}]},{\"@type\":\"ImageObject\",\"inLanguage\":\"es\",\"@id\":\"https:\/\/2024.fim-6days.com\/es\/el-nuevo-sistema-de-registro-avanza-hacia-el-segundo-paso-para-los-pilotos\/#primaryimage\",\"url\":\"https:\/\/2024.fim-6days.com\/wp-content\/uploads\/sites\/9\/2023\/05\/kevin-cristino_220901_ISDE_France_1015.jpg\",\"contentUrl\":\"https:\/\/2024.fim-6days.com\/wp-content\/uploads\/sites\/9\/2023\/05\/kevin-cristino_220901_ISDE_France_1015.jpg\",\"width\":1920,\"height\":1280},{\"@type\":\"BreadcrumbList\",\"@id\":\"https:\/\/2024.fim-6days.com\/es\/el-nuevo-sistema-de-registro-avanza-hacia-el-segundo-paso-para-los-pilotos\/#breadcrumb\",\"itemListElement\":[{\"@type\":\"ListItem\",\"position\":1,\"name\":\"Home\",\"item\":\"https:\/\/2024.fim-6days.com\/es\/\"},{\"@type\":\"ListItem\",\"position\":2,\"name\":\"El nuevo sistema de registro avanza hacia el segundo paso para los pilotos\"}]},{\"@type\":\"WebSite\",\"@id\":\"https:\/\/2024.fim-6days.com\/#website\",\"url\":\"https:\/\/2024.fim-6days.com\/\",\"name\":\"FIM ISDE 2021\",\"description\":\"FIM ISDE Official website\",\"publisher\":{\"@id\":\"https:\/\/2024.fim-6days.com\/#organization\"},\"potentialAction\":[{\"@type\":\"SearchAction\",\"target\":{\"@type\":\"EntryPoint\",\"urlTemplate\":\"https:\/\/2024.fim-6days.com\/?s={search_term_string}\"},\"query-input\":{\"@type\":\"PropertyValueSpecification\",\"valueRequired\":true,\"valueName\":\"search_term_string\"}}],\"inLanguage\":\"es\"},{\"@type\":\"Organization\",\"@id\":\"https:\/\/2024.fim-6days.com\/#organization\",\"name\":\"FIM - F\u00e9d\u00e9ration Internationale de Motocyclisme\",\"url\":\"https:\/\/2024.fim-6days.com\/\",\"logo\":{\"@type\":\"ImageObject\",\"inLanguage\":\"es\",\"@id\":\"https:\/\/2024.fim-6days.com\/#\/schema\/logo\/image\/\",\"url\":\"https:\/\/2024.fim-6days.com\/wp-content\/uploads\/sites\/9\/2019\/07\/LogoFIM-CMYK.png\",\"contentUrl\":\"https:\/\/2024.fim-6days.com\/wp-content\/uploads\/sites\/9\/2019\/07\/LogoFIM-CMYK.png\",\"width\":2608,\"height\":1833,\"caption\":\"FIM - F\u00e9d\u00e9ration Internationale de Motocyclisme\"},\"image\":{\"@id\":\"https:\/\/2024.fim-6days.com\/#\/schema\/logo\/image\/\"},\"sameAs\":[\"https:\/\/www.facebook.com\/FIMISDE\/\",\"https:\/\/x.com\/fimisde\",\"https:\/\/www.instagram.com\/fim_isde\/\"]},{\"@type\":\"Person\",\"@id\":\"https:\/\/2024.fim-6days.com\/#\/schema\/person\/b768593eefad52cbe5520ff1c35ba2f5\",\"name\":\"adrienl\",\"image\":{\"@type\":\"ImageObject\",\"inLanguage\":\"es\",\"@id\":\"https:\/\/2024.fim-6days.com\/#\/schema\/person\/image\/\",\"url\":\"https:\/\/secure.gravatar.com\/avatar\/e771ef29e1334370187be9d045c63ba9afdb5565bd0da2d089bb69909a828994?s=96&d=mm&r=g\",\"contentUrl\":\"https:\/\/secure.gravatar.com\/avatar\/e771ef29e1334370187be9d045c63ba9afdb5565bd0da2d089bb69909a828994?s=96&d=mm&r=g\",\"caption\":\"adrienl\"},\"url\":\"https:\/\/2024.fim-6days.com\/es\/author\/adrienl\/\"}]}<\/script>\n<!-- \/ Yoast SEO plugin. -->","yoast_head_json":{"title":"El nuevo sistema de registro avanza hacia el segundo paso para los pilotos - 2024 spain","description":"El nuevo proceso de preinscripci\u00f3n para el FIM International Six Days of Enduro (ISDE) 2023 ha llegado al segundo paso.","robots":{"index":"index","follow":"follow","max-snippet":"max-snippet:-1","max-image-preview":"max-image-preview:large","max-video-preview":"max-video-preview:-1"},"canonical":"https:\/\/2024.fim-6days.com\/es\/el-nuevo-sistema-de-registro-avanza-hacia-el-segundo-paso-para-los-pilotos\/","og_locale":"es_ES","og_type":"article","og_title":"El nuevo sistema de registro avanza hacia el segundo paso para los pilotos - 2024 spain","og_description":"El nuevo proceso de preinscripci\u00f3n para el FIM International Six Days of Enduro (ISDE) 2023 ha llegado al segundo paso.","og_url":"https:\/\/2024.fim-6days.com\/es\/el-nuevo-sistema-de-registro-avanza-hacia-el-segundo-paso-para-los-pilotos\/","og_site_name":"2024 spain","article_publisher":"https:\/\/www.facebook.com\/FIMISDE\/","article_published_time":"2023-05-11T07:05:29+00:00","article_modified_time":"2023-05-11T07:09:01+00:00","og_image":[{"width":1920,"height":1280,"url":"https:\/\/2024.fim-6days.com\/wp-content\/uploads\/sites\/9\/2023\/05\/kevin-cristino_220901_ISDE_France_1015.jpg","type":"image\/jpeg"}],"author":"adrienl","twitter_card":"summary_large_image","twitter_creator":"@fimisde","twitter_site":"@fimisde","twitter_misc":{"Escrito por":"adrienl","Tiempo de lectura":"3 minutos"},"schema":{"@context":"https:\/\/schema.org","@graph":[{"@type":"Article","@id":"https:\/\/2024.fim-6days.com\/es\/el-nuevo-sistema-de-registro-avanza-hacia-el-segundo-paso-para-los-pilotos\/#article","isPartOf":{"@id":"https:\/\/2024.fim-6days.com\/es\/el-nuevo-sistema-de-registro-avanza-hacia-el-segundo-paso-para-los-pilotos\/"},"author":{"name":"adrienl","@id":"https:\/\/2024.fim-6days.com\/#\/schema\/person\/b768593eefad52cbe5520ff1c35ba2f5"},"headline":"El nuevo sistema de registro avanza hacia el segundo paso para los pilotos","datePublished":"2023-05-11T07:05:29+00:00","dateModified":"2023-05-11T07:09:01+00:00","mainEntityOfPage":{"@id":"https:\/\/2024.fim-6days.com\/es\/el-nuevo-sistema-de-registro-avanza-hacia-el-segundo-paso-para-los-pilotos\/"},"wordCount":1026,"publisher":{"@id":"https:\/\/2024.fim-6days.com\/#organization"},"image":{"@id":"https:\/\/2024.fim-6days.com\/es\/el-nuevo-sistema-de-registro-avanza-hacia-el-segundo-paso-para-los-pilotos\/#primaryimage"},"thumbnailUrl":"https:\/\/2024.fim-6days.com\/wp-content\/uploads\/sites\/9\/2023\/05\/kevin-cristino_220901_ISDE_France_1015.jpg","articleSection":["Antes de ISDE2023","Noticias","Noticias GRANDE"],"inLanguage":"es"},{"@type":"WebPage","@id":"https:\/\/2024.fim-6days.com\/es\/el-nuevo-sistema-de-registro-avanza-hacia-el-segundo-paso-para-los-pilotos\/","url":"https:\/\/2024.fim-6days.com\/es\/el-nuevo-sistema-de-registro-avanza-hacia-el-segundo-paso-para-los-pilotos\/","name":"El nuevo sistema de registro avanza hacia el segundo paso para los pilotos - 2024 spain","isPartOf":{"@id":"https:\/\/2024.fim-6days.com\/#website"},"primaryImageOfPage":{"@id":"https:\/\/2024.fim-6days.com\/es\/el-nuevo-sistema-de-registro-avanza-hacia-el-segundo-paso-para-los-pilotos\/#primaryimage"},"image":{"@id":"https:\/\/2024.fim-6days.com\/es\/el-nuevo-sistema-de-registro-avanza-hacia-el-segundo-paso-para-los-pilotos\/#primaryimage"},"thumbnailUrl":"https:\/\/2024.fim-6days.com\/wp-content\/uploads\/sites\/9\/2023\/05\/kevin-cristino_220901_ISDE_France_1015.jpg","datePublished":"2023-05-11T07:05:29+00:00","dateModified":"2023-05-11T07:09:01+00:00","description":"El nuevo proceso de preinscripci\u00f3n para el FIM International Six Days of Enduro (ISDE) 2023 ha llegado al segundo paso.","breadcrumb":{"@id":"https:\/\/2024.fim-6days.com\/es\/el-nuevo-sistema-de-registro-avanza-hacia-el-segundo-paso-para-los-pilotos\/#breadcrumb"},"inLanguage":"es","potentialAction":[{"@type":"ReadAction","target":["https:\/\/2024.fim-6days.com\/es\/el-nuevo-sistema-de-registro-avanza-hacia-el-segundo-paso-para-los-pilotos\/"]}]},{"@type":"ImageObject","inLanguage":"es","@id":"https:\/\/2024.fim-6days.com\/es\/el-nuevo-sistema-de-registro-avanza-hacia-el-segundo-paso-para-los-pilotos\/#primaryimage","url":"https:\/\/2024.fim-6days.com\/wp-content\/uploads\/sites\/9\/2023\/05\/kevin-cristino_220901_ISDE_France_1015.jpg","contentUrl":"https:\/\/2024.fim-6days.com\/wp-content\/uploads\/sites\/9\/2023\/05\/kevin-cristino_220901_ISDE_France_1015.jpg","width":1920,"height":1280},{"@type":"BreadcrumbList","@id":"https:\/\/2024.fim-6days.com\/es\/el-nuevo-sistema-de-registro-avanza-hacia-el-segundo-paso-para-los-pilotos\/#breadcrumb","itemListElement":[{"@type":"ListItem","position":1,"name":"Home","item":"https:\/\/2024.fim-6days.com\/es\/"},{"@type":"ListItem","position":2,"name":"El nuevo sistema de registro avanza hacia el segundo paso para los pilotos"}]},{"@type":"WebSite","@id":"https:\/\/2024.fim-6days.com\/#website","url":"https:\/\/2024.fim-6days.com\/","name":"FIM ISDE 2021","description":"FIM ISDE Official website","publisher":{"@id":"https:\/\/2024.fim-6days.com\/#organization"},"potentialAction":[{"@type":"SearchAction","target":{"@type":"EntryPoint","urlTemplate":"https:\/\/2024.fim-6days.com\/?s={search_term_string}"},"query-input":{"@type":"PropertyValueSpecification","valueRequired":true,"valueName":"search_term_string"}}],"inLanguage":"es"},{"@type":"Organization","@id":"https:\/\/2024.fim-6days.com\/#organization","name":"FIM - F\u00e9d\u00e9ration Internationale de Motocyclisme","url":"https:\/\/2024.fim-6days.com\/","logo":{"@type":"ImageObject","inLanguage":"es","@id":"https:\/\/2024.fim-6days.com\/#\/schema\/logo\/image\/","url":"https:\/\/2024.fim-6days.com\/wp-content\/uploads\/sites\/9\/2019\/07\/LogoFIM-CMYK.png","contentUrl":"https:\/\/2024.fim-6days.com\/wp-content\/uploads\/sites\/9\/2019\/07\/LogoFIM-CMYK.png","width":2608,"height":1833,"caption":"FIM - F\u00e9d\u00e9ration Internationale de Motocyclisme"},"image":{"@id":"https:\/\/2024.fim-6days.com\/#\/schema\/logo\/image\/"},"sameAs":["https:\/\/www.facebook.com\/FIMISDE\/","https:\/\/x.com\/fimisde","https:\/\/www.instagram.com\/fim_isde\/"]},{"@type":"Person","@id":"https:\/\/2024.fim-6days.com\/#\/schema\/person\/b768593eefad52cbe5520ff1c35ba2f5","name":"adrienl","image":{"@type":"ImageObject","inLanguage":"es","@id":"https:\/\/2024.fim-6days.com\/#\/schema\/person\/image\/","url":"https:\/\/secure.gravatar.com\/avatar\/e771ef29e1334370187be9d045c63ba9afdb5565bd0da2d089bb69909a828994?s=96&d=mm&r=g","contentUrl":"https:\/\/secure.gravatar.com\/avatar\/e771ef29e1334370187be9d045c63ba9afdb5565bd0da2d089bb69909a828994?s=96&d=mm&r=g","caption":"adrienl"},"url":"https:\/\/2024.fim-6days.com\/es\/author\/adrienl\/"}]}},"_links":{"self":[{"href":"https:\/\/2024.fim-6days.com\/es\/wp-json\/wp\/v2\/posts\/47283","targetHints":{"allow":["GET"]}}],"collection":[{"href":"https:\/\/2024.fim-6days.com\/es\/wp-json\/wp\/v2\/posts"}],"about":[{"href":"https:\/\/2024.fim-6days.com\/es\/wp-json\/wp\/v2\/types\/post"}],"author":[{"embeddable":true,"href":"https:\/\/2024.fim-6days.com\/es\/wp-json\/wp\/v2\/users\/5"}],"replies":[{"embeddable":true,"href":"https:\/\/2024.fim-6days.com\/es\/wp-json\/wp\/v2\/comments?post=47283"}],"version-history":[{"count":2,"href":"https:\/\/2024.fim-6days.com\/es\/wp-json\/wp\/v2\/posts\/47283\/revisions"}],"predecessor-version":[{"id":47297,"href":"https:\/\/2024.fim-6days.com\/es\/wp-json\/wp\/v2\/posts\/47283\/revisions\/47297"}],"wp:featuredmedia":[{"embeddable":true,"href":"https:\/\/2024.fim-6days.com\/es\/wp-json\/wp\/v2\/media\/47290"}],"wp:attachment":[{"href":"https:\/\/2024.fim-6days.com\/es\/wp-json\/wp\/v2\/media?parent=47283"}],"wp:term":[{"taxonomy":"category","embeddable":true,"href":"https:\/\/2024.fim-6days.com\/es\/wp-json\/wp\/v2\/categories?post=47283"},{"taxonomy":"post_tag","embeddable":true,"href":"https:\/\/2024.fim-6days.com\/es\/wp-json\/wp\/v2\/tags?post=47283"}],"curies":[{"name":"wp","href":"https:\/\/api.w.org\/{rel}","templated":true}]}}