{"id":47091,"date":"2023-04-05T09:06:26","date_gmt":"2023-04-05T07:06:26","guid":{"rendered":"https:\/\/2024.fim-6days.com\/corre-el-isde-2023-en-una-gasgas-ec-250f-completamente-nueva\/"},"modified":"2023-04-05T09:10:06","modified_gmt":"2023-04-05T07:10:06","slug":"corre-el-isde-2023-en-una-gasgas-ec-250f-completamente-nueva","status":"publish","type":"post","link":"https:\/\/2024.fim-6days.com\/es\/corre-el-isde-2023-en-una-gasgas-ec-250f-completamente-nueva\/","title":{"rendered":"\u00a1CORRE EL ISDE 2023 EN UNA GASGAS EC 250F COMPLETAMENTE NUEVA!"},"content":{"rendered":"<div class=\"fusion-fullwidth fullwidth-box fusion-builder-row-1 fusion-flex-container nonhundred-percent-fullwidth non-hundred-percent-height-scrolling\" style=\"--awb-border-radius-top-left:0px;--awb-border-radius-top-right:0px;--awb-border-radius-bottom-right:0px;--awb-border-radius-bottom-left:0px;--awb-padding-top:0px;--awb-padding-bottom:0px;--awb-flex-wrap:wrap;\" ><div class=\"fusion-builder-row fusion-row fusion-flex-align-items-flex-start fusion-flex-content-wrap\" style=\"max-width:1248px;margin-left: calc(-4% \/ 2 );margin-right: calc(-4% \/ 2 );\"><div class=\"fusion-layout-column fusion_builder_column fusion-builder-column-0 fusion_builder_column_1_1 1_1 fusion-flex-column\" style=\"--awb-padding-top:0px;--awb-padding-bottom:0px;--awb-bg-size:cover;--awb-width-large:100%;--awb-margin-top-large:0px;--awb-spacing-right-large:1.92%;--awb-margin-bottom-large:0px;--awb-spacing-left-large:1.92%;--awb-width-medium:100%;--awb-order-medium:0;--awb-spacing-right-medium:1.92%;--awb-spacing-left-medium:1.92%;--awb-width-small:100%;--awb-order-small:0;--awb-spacing-right-small:1.92%;--awb-spacing-left-small:1.92%;\"><div class=\"fusion-column-wrapper fusion-column-has-shadow fusion-flex-justify-content-flex-start fusion-content-layout-column\"><div class=\"fusion-text fusion-text-1\" style=\"--awb-text-transform:none;\"><p><strong>ALQUILA UNA MOTO Y GOZA DE LOS BENEFICIOS DE NUESTRO PAQUETE\u00a0 DE SERVICIOS EXCLUSIVOS EN LA 97\u00b0 <\/strong><strong>EDICI<\/strong><strong>\u00d3N DE LOS SEIS D\u00cd<\/strong><strong>AS INTERNACIONALES DE ENDURO 2023 EN ARGENTINA<\/strong><\/p>\n<p>\u00a1El ISDE puede estar un poco lejos, pero GASGAS ya ha dado forma a sus planes para el ISDE 2023 en San Juan, Argentina! \u00a1Para este prestigioso evento anual estamos muy contentos de ofrecer nuestros exclusivos paquetes de alquiler de motos y asistencia en carrera una vez m\u00e1s!<\/p>\n<ul>\n<li>Alquiler de motos y paquetes de servicios de GASGAS anunciados para el ISDE 2023<\/li>\n<li>\u00a1Vuela y corre el evento en una GASGAS EC 250F completamente nueva!<\/li>\n<li>La Asistencia en carrera ofrece soporte t\u00e9cnico y acceso a repuestos<\/li>\n<\/ul>\n<p>Tal como hicimos en 2022, GASGAS tiene dos opciones incre\u00edbles disponibles para cualquier piloto que vaya a competir en la edici\u00f3n 2023 del ISDE en Noviembre. La <strong>primera opci\u00f3n<\/strong> es alquilar una de nuestras motos, que ser\u00e1 armada y preparade por nuestros expertos t\u00e9cnicos, lo que te asegurar\u00e1 que simplemente debas volar hacia la carrera\u00a0 y correr sin el gasto de env\u00edo de tu propia moto hacia Argentina.<\/p>\n<p>Hemos decidido racionalizar nuestro servicio de alquiler de motos para 2023. Ofreceremos \u00fanicamente la \u00faltima EC 250F, lo que simplificar\u00e1 las cosas para todos los implicados. Cuando llegues al paddock, lo \u00fanico que tendr\u00e1s que hacer es venir a buscarnos (dir\u00edgete a la multitud de banderas de GASGAS que ondean en lo alto de nuestro pit-up), firmar unos papeles y llevar tu moto. El precio para alquilar una EC 250F durante la semana es de 3.900,00 euros (IVA incluido) y la fecha l\u00edmite para solicitarla es el 30 de junio de 2023. Con un n\u00famero limitado de unidades disponibles, \u00a1ser\u00e1 mejor que te apures!<\/p>\n<p>Entonces, \u00bfqu\u00e9 incluye el alquiler de motos GASGAS en los ISDE 2023? Bueno, una GASGAS EC 250F para principiantes, que estar\u00e1 totalmente preparada y revisada a fondo antes de la carrera que comienza el 6 de noviembre. Tambi\u00e9n nos encargaremos de todos los tr\u00e1mites necesarios para inscribir y asegurar tu moto durante todo el evento.<\/p>\n<p>La <strong>segunda opci\u00f3n<\/strong> que tenemos es para aquellos pilotos que planean correr con su propia GASGAS en Argentina. Nuestro exclusivo paquete de asistencia en carrera est\u00e1 disponible para cualquier piloto que compita con una de nuestras incre\u00edbles motos de enduro, incluidos los que decidan alquilarnos una.<\/p>\n<p>Con el paquete de Asistencia en carrera, tendr\u00e1 acceso directo a las estaciones de servicio GASGAS al principio y al final de cada d\u00eda y dispondr\u00e1 de todo lo que pueda necesitar para mantener su moto en perfecto estado de funcionamiento durante todo el evento. Adem\u00e1s, nuestro equipo de t\u00e9cnicos experimentados estar\u00e1 a su disposici\u00f3n para ofrecerle recomendaciones de instalaci\u00f3n y asesoramiento t\u00e9cnico siempre que lo necesite.<\/p>\n<p>El costo total para la Asistencia en carrera de GASGAS es de\u00a0 \u20ac1,700.00 (IVA incluido). Lo sentimos, pero el combustible no utilizado no se reembolsar\u00e1. Como puedes ver, \u00a1hay muchas razones por las que puedes beneficiarte de esta oferta.!<\/p>\n<p>Qu\u00e9 incluye el paquete de Asistencia en carrera de GASGAS:<\/p>\n<ul>\n<li>Acceso a las estaciones de servicio GASGAS<\/li>\n<li>Asesoramiento t\u00e9cnico de nuestros t\u00e9cnicos especializados<\/li>\n<li>Asistencia t\u00e9cnica durante todo el evento seg\u00fan lo permitido por las normas de la FIM<\/li>\n<li>Todas las herramientas necesarias para prestar servicio a tu GASGAS<\/li>\n<li>Lubricantes MOTOREX y toda su gama de productos para mantenimiento<\/li>\n<li>Combustible para la moto para todos los d\u00edas de carrera<\/li>\n<li>Actualizaci\u00f3n diaria con la m\u00e1s reciente informaci\u00f3n de carrera y recomendaciones para puesta a punto<\/li>\n<li>Soporte de suspensi\u00f3n WP para asegurar manejo perfecto y confiabilidad<\/li>\n<li>Lugar de guardado para elementos esenciales de carrera<\/li>\n<li>Puntos asistencia de emergencia (repuestos, herramientas, fluidos, combustible, bebidas, snacks, fruta)<\/li>\n<li>Servicio de piezas de repuesto (costo de los repuestos no incluidos)<\/li>\n<li>Catering (bebidas, snacks, fruta, etc.)<\/li>\n<li>Un filtro de aire reci\u00e9n preparado y listo para usar cada d\u00eda de carrera<\/li>\n<li>Primera revisi\u00f3n de la moto despu\u00e9s del pre-ride antes del control t\u00e9cnico<\/li>\n<li>Quita de los l\u00edmites de la moto en caso de ser necesario<\/li>\n<\/ul>\n<p>El servicio de Asistencia en Carrera de GASGAS para los Seis D\u00edas est\u00e1 disponible para cualquier piloto con una GASGAS y el mismo debe ser confirmado antes de 30 de junio de 2023.<\/p>\n<p>Finalmente, \u00a1hay una tercera opci\u00f3n, a la que llamamos \u00abla opci\u00f3n todo incluido\u00bb! Para asegurarte pasarla de la mejor manera en el ISDE, opta por alquilar una GASGAS EC 250F y contratar el paquete de asistencia en carrera. Con todas las necesidades de tu moto y su mantenimiento cubiertas, \u00a1te cuidar\u00e1n como a un rey!<\/p>\n<p>Reserva tu paquete ahora:\u00a0<a href=\"https:\/\/events.gasgas.com\/isde--2023\/pages\/GASGAS-services\">ISDE 2023 \u2013 GASGAS Motorcycles GmbH<\/a><\/p>\n<\/div><div class=\"fusion-separator fusion-full-width-sep\" style=\"align-self: center;margin-left: auto;margin-right: auto;width:100%;\"><div class=\"fusion-separator-border sep-double sep-solid\" style=\"--awb-height:20px;--awb-amount:20px;border-color:#dddbdb;border-top-width:1px;border-bottom-width:1px;\"><\/div><\/div><div class=\"fusion-image-carousel fusion-image-carousel-auto fusion-image-carousel-1 fusion-carousel-border\"><div class=\"awb-carousel awb-swiper awb-swiper-carousel awb-swiper-dots-position-bottom awb-carousel--carousel\" data-layout=\"carousel\" data-autoplay=\"no\" data-autoplayspeed=\"4500\" data-autoplaypause=\"no\" data-columns=\"2\" data-itemmargin=\"0\" data-itemwidth=\"180\" data-touchscroll=\"no\" data-freemode=\"no\" data-imagesize=\"auto\" data-scrollitems=\"0\" data-centeredslides=\"no\" data-rotationangle=\"50\" data-depth=\"100\" data-speed=\"500\" data-shadow=\"no\" style=\"--awb-columns:2;--awb-column-spacing:0px;--awb-border-width:1px;--awb-border-color:#e9eaee;\"><div class=\"swiper-wrapper awb-image-carousel-wrapper fusion-flex-align-items-center\"><div class=\"swiper-slide\"><div class=\"fusion-carousel-item-wrapper\"><div class=\"fusion-image-wrapper hover-type-none\"><img decoding=\"async\" width=\"3509\" height=\"1253\" src=\"https:\/\/2024.fim-6days.com\/wp-content\/uploads\/sites\/9\/2023\/03\/ISDE2023-Racing-Service-GASGAS.png\" class=\"attachment-full size-full\" alt=\"\" srcset=\"https:\/\/2024.fim-6days.com\/wp-content\/uploads\/sites\/9\/2023\/03\/ISDE2023-Racing-Service-GASGAS-200x71.png 200w, https:\/\/2024.fim-6days.com\/wp-content\/uploads\/sites\/9\/2023\/03\/ISDE2023-Racing-Service-GASGAS-300x107.png 300w, https:\/\/2024.fim-6days.com\/wp-content\/uploads\/sites\/9\/2023\/03\/ISDE2023-Racing-Service-GASGAS-400x143.png 400w, https:\/\/2024.fim-6days.com\/wp-content\/uploads\/sites\/9\/2023\/03\/ISDE2023-Racing-Service-GASGAS-600x214.png 600w, https:\/\/2024.fim-6days.com\/wp-content\/uploads\/sites\/9\/2023\/03\/ISDE2023-Racing-Service-GASGAS-768x274.png 768w, https:\/\/2024.fim-6days.com\/wp-content\/uploads\/sites\/9\/2023\/03\/ISDE2023-Racing-Service-GASGAS-800x286.png 800w, https:\/\/2024.fim-6days.com\/wp-content\/uploads\/sites\/9\/2023\/03\/ISDE2023-Racing-Service-GASGAS-1200x428.png 1200w, https:\/\/2024.fim-6days.com\/wp-content\/uploads\/sites\/9\/2023\/03\/ISDE2023-Racing-Service-GASGAS-1536x548.png 1536w, https:\/\/2024.fim-6days.com\/wp-content\/uploads\/sites\/9\/2023\/03\/ISDE2023-Racing-Service-GASGAS.png 3509w\" sizes=\"(max-width: 3509px) 100vw, 3509px\" \/><\/div><\/div><\/div><\/div><div class=\"awb-swiper-button awb-swiper-button-prev\"><i class=\"awb-icon-angle-left\" aria-hidden=\"true\"><\/i><\/div><div class=\"awb-swiper-button awb-swiper-button-next\"><i class=\"awb-icon-angle-right\" aria-hidden=\"true\"><\/i><\/div><\/div><\/div><\/div><\/div><\/div><\/div>\n","protected":false},"excerpt":{"rendered":"","protected":false},"author":14,"featured_media":47069,"comment_status":"closed","ping_status":"closed","sticky":false,"template":"","format":"standard","meta":{"inline_featured_image":false,"footnotes":""},"categories":[112,108],"tags":[],"class_list":["post-47091","post","type-post","status-publish","format-standard","has-post-thumbnail","hentry","category-before-isde2023-es","category-news-es"],"yoast_head":"<!-- This site is optimized with the Yoast SEO plugin v25.6 - https:\/\/yoast.com\/wordpress\/plugins\/seo\/ -->\n<title>\u00a1CORRE EL ISDE 2023 EN UNA GASGAS EC 250F COMPLETAMENTE NUEVA! - 2024 spain<\/title>\n<meta name=\"description\" content=\"Alquila una moto y goza de los beneficios de nuestro paquete de servicios exclusivos en la 97\u00b0 edici\u00f3n de los Seis Di\u00e1s Internacionales de Enduro 2023 en Argentina\" \/>\n<meta name=\"robots\" content=\"index, follow, max-snippet:-1, max-image-preview:large, max-video-preview:-1\" \/>\n<link rel=\"canonical\" href=\"https:\/\/2024.fim-6days.com\/es\/corre-el-isde-2023-en-una-gasgas-ec-250f-completamente-nueva\/\" \/>\n<meta property=\"og:locale\" content=\"es_ES\" \/>\n<meta property=\"og:type\" content=\"article\" \/>\n<meta property=\"og:title\" content=\"\u00a1CORRE EL ISDE 2023 EN UNA GASGAS EC 250F COMPLETAMENTE NUEVA! - 2024 spain\" \/>\n<meta property=\"og:description\" content=\"Alquila una moto y goza de los beneficios de nuestro paquete de servicios exclusivos en la 97\u00b0 edici\u00f3n de los Seis Di\u00e1s Internacionales de Enduro 2023 en Argentina\" \/>\n<meta property=\"og:url\" content=\"https:\/\/2024.fim-6days.com\/es\/corre-el-isde-2023-en-una-gasgas-ec-250f-completamente-nueva\/\" \/>\n<meta property=\"og:site_name\" content=\"2024 spain\" \/>\n<meta property=\"article:publisher\" content=\"https:\/\/www.facebook.com\/FIMISDE\/\" \/>\n<meta property=\"article:published_time\" content=\"2023-04-05T07:06:26+00:00\" \/>\n<meta property=\"article:modified_time\" content=\"2023-04-05T07:10:06+00:00\" \/>\n<meta property=\"og:image\" content=\"https:\/\/2024.fim-6days.com\/wp-content\/uploads\/sites\/9\/2023\/03\/rsz__isde_2022_france_04485.jpg\" \/>\n\t<meta property=\"og:image:width\" content=\"1200\" \/>\n\t<meta property=\"og:image:height\" content=\"800\" \/>\n\t<meta property=\"og:image:type\" content=\"image\/jpeg\" \/>\n<meta name=\"author\" content=\"isalen\" \/>\n<meta name=\"twitter:card\" content=\"summary_large_image\" \/>\n<meta name=\"twitter:creator\" content=\"@fimisde\" \/>\n<meta name=\"twitter:site\" content=\"@fimisde\" \/>\n<meta name=\"twitter:label1\" content=\"Escrito por\" \/>\n\t<meta name=\"twitter:data1\" content=\"isalen\" \/>\n\t<meta name=\"twitter:label2\" content=\"Tiempo de lectura\" \/>\n\t<meta name=\"twitter:data2\" content=\"5 minutos\" \/>\n<script type=\"application\/ld+json\" class=\"yoast-schema-graph\">{\"@context\":\"https:\/\/schema.org\",\"@graph\":[{\"@type\":\"Article\",\"@id\":\"https:\/\/2024.fim-6days.com\/es\/corre-el-isde-2023-en-una-gasgas-ec-250f-completamente-nueva\/#article\",\"isPartOf\":{\"@id\":\"https:\/\/2024.fim-6days.com\/es\/corre-el-isde-2023-en-una-gasgas-ec-250f-completamente-nueva\/\"},\"author\":{\"name\":\"isalen\",\"@id\":\"https:\/\/2024.fim-6days.com\/#\/schema\/person\/fc80183700e96a22afb3f220ae03b32a\"},\"headline\":\"\u00a1CORRE EL ISDE 2023 EN UNA GASGAS EC 250F COMPLETAMENTE NUEVA!\",\"datePublished\":\"2023-04-05T07:06:26+00:00\",\"dateModified\":\"2023-04-05T07:10:06+00:00\",\"mainEntityOfPage\":{\"@id\":\"https:\/\/2024.fim-6days.com\/es\/corre-el-isde-2023-en-una-gasgas-ec-250f-completamente-nueva\/\"},\"wordCount\":1687,\"publisher\":{\"@id\":\"https:\/\/2024.fim-6days.com\/#organization\"},\"image\":{\"@id\":\"https:\/\/2024.fim-6days.com\/es\/corre-el-isde-2023-en-una-gasgas-ec-250f-completamente-nueva\/#primaryimage\"},\"thumbnailUrl\":\"https:\/\/2024.fim-6days.com\/wp-content\/uploads\/sites\/9\/2023\/03\/rsz__isde_2022_france_04485.jpg\",\"articleSection\":[\"Antes de ISDE2023\",\"Noticias\"],\"inLanguage\":\"es\"},{\"@type\":\"WebPage\",\"@id\":\"https:\/\/2024.fim-6days.com\/es\/corre-el-isde-2023-en-una-gasgas-ec-250f-completamente-nueva\/\",\"url\":\"https:\/\/2024.fim-6days.com\/es\/corre-el-isde-2023-en-una-gasgas-ec-250f-completamente-nueva\/\",\"name\":\"\u00a1CORRE EL ISDE 2023 EN UNA GASGAS EC 250F COMPLETAMENTE NUEVA! - 2024 spain\",\"isPartOf\":{\"@id\":\"https:\/\/2024.fim-6days.com\/#website\"},\"primaryImageOfPage\":{\"@id\":\"https:\/\/2024.fim-6days.com\/es\/corre-el-isde-2023-en-una-gasgas-ec-250f-completamente-nueva\/#primaryimage\"},\"image\":{\"@id\":\"https:\/\/2024.fim-6days.com\/es\/corre-el-isde-2023-en-una-gasgas-ec-250f-completamente-nueva\/#primaryimage\"},\"thumbnailUrl\":\"https:\/\/2024.fim-6days.com\/wp-content\/uploads\/sites\/9\/2023\/03\/rsz__isde_2022_france_04485.jpg\",\"datePublished\":\"2023-04-05T07:06:26+00:00\",\"dateModified\":\"2023-04-05T07:10:06+00:00\",\"description\":\"Alquila una moto y goza de los beneficios de nuestro paquete de servicios exclusivos en la 97\u00b0 edici\u00f3n de los Seis Di\u00e1s Internacionales de Enduro 2023 en Argentina\",\"breadcrumb\":{\"@id\":\"https:\/\/2024.fim-6days.com\/es\/corre-el-isde-2023-en-una-gasgas-ec-250f-completamente-nueva\/#breadcrumb\"},\"inLanguage\":\"es\",\"potentialAction\":[{\"@type\":\"ReadAction\",\"target\":[\"https:\/\/2024.fim-6days.com\/es\/corre-el-isde-2023-en-una-gasgas-ec-250f-completamente-nueva\/\"]}]},{\"@type\":\"ImageObject\",\"inLanguage\":\"es\",\"@id\":\"https:\/\/2024.fim-6days.com\/es\/corre-el-isde-2023-en-una-gasgas-ec-250f-completamente-nueva\/#primaryimage\",\"url\":\"https:\/\/2024.fim-6days.com\/wp-content\/uploads\/sites\/9\/2023\/03\/rsz__isde_2022_france_04485.jpg\",\"contentUrl\":\"https:\/\/2024.fim-6days.com\/wp-content\/uploads\/sites\/9\/2023\/03\/rsz__isde_2022_france_04485.jpg\",\"width\":1200,\"height\":800},{\"@type\":\"BreadcrumbList\",\"@id\":\"https:\/\/2024.fim-6days.com\/es\/corre-el-isde-2023-en-una-gasgas-ec-250f-completamente-nueva\/#breadcrumb\",\"itemListElement\":[{\"@type\":\"ListItem\",\"position\":1,\"name\":\"Home\",\"item\":\"https:\/\/2024.fim-6days.com\/es\/\"},{\"@type\":\"ListItem\",\"position\":2,\"name\":\"\u00a1CORRE EL ISDE 2023 EN UNA GASGAS EC 250F COMPLETAMENTE NUEVA!\"}]},{\"@type\":\"WebSite\",\"@id\":\"https:\/\/2024.fim-6days.com\/#website\",\"url\":\"https:\/\/2024.fim-6days.com\/\",\"name\":\"FIM ISDE 2021\",\"description\":\"FIM ISDE Official website\",\"publisher\":{\"@id\":\"https:\/\/2024.fim-6days.com\/#organization\"},\"potentialAction\":[{\"@type\":\"SearchAction\",\"target\":{\"@type\":\"EntryPoint\",\"urlTemplate\":\"https:\/\/2024.fim-6days.com\/?s={search_term_string}\"},\"query-input\":{\"@type\":\"PropertyValueSpecification\",\"valueRequired\":true,\"valueName\":\"search_term_string\"}}],\"inLanguage\":\"es\"},{\"@type\":\"Organization\",\"@id\":\"https:\/\/2024.fim-6days.com\/#organization\",\"name\":\"FIM - F\u00e9d\u00e9ration Internationale de Motocyclisme\",\"url\":\"https:\/\/2024.fim-6days.com\/\",\"logo\":{\"@type\":\"ImageObject\",\"inLanguage\":\"es\",\"@id\":\"https:\/\/2024.fim-6days.com\/#\/schema\/logo\/image\/\",\"url\":\"https:\/\/2024.fim-6days.com\/wp-content\/uploads\/sites\/9\/2019\/07\/LogoFIM-CMYK.png\",\"contentUrl\":\"https:\/\/2024.fim-6days.com\/wp-content\/uploads\/sites\/9\/2019\/07\/LogoFIM-CMYK.png\",\"width\":2608,\"height\":1833,\"caption\":\"FIM - F\u00e9d\u00e9ration Internationale de Motocyclisme\"},\"image\":{\"@id\":\"https:\/\/2024.fim-6days.com\/#\/schema\/logo\/image\/\"},\"sameAs\":[\"https:\/\/www.facebook.com\/FIMISDE\/\",\"https:\/\/x.com\/fimisde\",\"https:\/\/www.instagram.com\/fim_isde\/\"]},{\"@type\":\"Person\",\"@id\":\"https:\/\/2024.fim-6days.com\/#\/schema\/person\/fc80183700e96a22afb3f220ae03b32a\",\"name\":\"isalen\",\"image\":{\"@type\":\"ImageObject\",\"inLanguage\":\"es\",\"@id\":\"https:\/\/2024.fim-6days.com\/#\/schema\/person\/image\/\",\"url\":\"https:\/\/secure.gravatar.com\/avatar\/b498bfa446460353cfcc6e023d9c28e3e84ef3798b7f90c38b5d03254eed1837?s=96&d=mm&r=g\",\"contentUrl\":\"https:\/\/secure.gravatar.com\/avatar\/b498bfa446460353cfcc6e023d9c28e3e84ef3798b7f90c38b5d03254eed1837?s=96&d=mm&r=g\",\"caption\":\"isalen\"},\"url\":\"https:\/\/2024.fim-6days.com\/es\/author\/isalen\/\"}]}<\/script>\n<!-- \/ Yoast SEO plugin. -->","yoast_head_json":{"title":"\u00a1CORRE EL ISDE 2023 EN UNA GASGAS EC 250F COMPLETAMENTE NUEVA! - 2024 spain","description":"Alquila una moto y goza de los beneficios de nuestro paquete de servicios exclusivos en la 97\u00b0 edici\u00f3n de los Seis Di\u00e1s Internacionales de Enduro 2023 en Argentina","robots":{"index":"index","follow":"follow","max-snippet":"max-snippet:-1","max-image-preview":"max-image-preview:large","max-video-preview":"max-video-preview:-1"},"canonical":"https:\/\/2024.fim-6days.com\/es\/corre-el-isde-2023-en-una-gasgas-ec-250f-completamente-nueva\/","og_locale":"es_ES","og_type":"article","og_title":"\u00a1CORRE EL ISDE 2023 EN UNA GASGAS EC 250F COMPLETAMENTE NUEVA! - 2024 spain","og_description":"Alquila una moto y goza de los beneficios de nuestro paquete de servicios exclusivos en la 97\u00b0 edici\u00f3n de los Seis Di\u00e1s Internacionales de Enduro 2023 en Argentina","og_url":"https:\/\/2024.fim-6days.com\/es\/corre-el-isde-2023-en-una-gasgas-ec-250f-completamente-nueva\/","og_site_name":"2024 spain","article_publisher":"https:\/\/www.facebook.com\/FIMISDE\/","article_published_time":"2023-04-05T07:06:26+00:00","article_modified_time":"2023-04-05T07:10:06+00:00","og_image":[{"width":1200,"height":800,"url":"https:\/\/2024.fim-6days.com\/wp-content\/uploads\/sites\/9\/2023\/03\/rsz__isde_2022_france_04485.jpg","type":"image\/jpeg"}],"author":"isalen","twitter_card":"summary_large_image","twitter_creator":"@fimisde","twitter_site":"@fimisde","twitter_misc":{"Escrito por":"isalen","Tiempo de lectura":"5 minutos"},"schema":{"@context":"https:\/\/schema.org","@graph":[{"@type":"Article","@id":"https:\/\/2024.fim-6days.com\/es\/corre-el-isde-2023-en-una-gasgas-ec-250f-completamente-nueva\/#article","isPartOf":{"@id":"https:\/\/2024.fim-6days.com\/es\/corre-el-isde-2023-en-una-gasgas-ec-250f-completamente-nueva\/"},"author":{"name":"isalen","@id":"https:\/\/2024.fim-6days.com\/#\/schema\/person\/fc80183700e96a22afb3f220ae03b32a"},"headline":"\u00a1CORRE EL ISDE 2023 EN UNA GASGAS EC 250F COMPLETAMENTE NUEVA!","datePublished":"2023-04-05T07:06:26+00:00","dateModified":"2023-04-05T07:10:06+00:00","mainEntityOfPage":{"@id":"https:\/\/2024.fim-6days.com\/es\/corre-el-isde-2023-en-una-gasgas-ec-250f-completamente-nueva\/"},"wordCount":1687,"publisher":{"@id":"https:\/\/2024.fim-6days.com\/#organization"},"image":{"@id":"https:\/\/2024.fim-6days.com\/es\/corre-el-isde-2023-en-una-gasgas-ec-250f-completamente-nueva\/#primaryimage"},"thumbnailUrl":"https:\/\/2024.fim-6days.com\/wp-content\/uploads\/sites\/9\/2023\/03\/rsz__isde_2022_france_04485.jpg","articleSection":["Antes de ISDE2023","Noticias"],"inLanguage":"es"},{"@type":"WebPage","@id":"https:\/\/2024.fim-6days.com\/es\/corre-el-isde-2023-en-una-gasgas-ec-250f-completamente-nueva\/","url":"https:\/\/2024.fim-6days.com\/es\/corre-el-isde-2023-en-una-gasgas-ec-250f-completamente-nueva\/","name":"\u00a1CORRE EL ISDE 2023 EN UNA GASGAS EC 250F COMPLETAMENTE NUEVA! - 2024 spain","isPartOf":{"@id":"https:\/\/2024.fim-6days.com\/#website"},"primaryImageOfPage":{"@id":"https:\/\/2024.fim-6days.com\/es\/corre-el-isde-2023-en-una-gasgas-ec-250f-completamente-nueva\/#primaryimage"},"image":{"@id":"https:\/\/2024.fim-6days.com\/es\/corre-el-isde-2023-en-una-gasgas-ec-250f-completamente-nueva\/#primaryimage"},"thumbnailUrl":"https:\/\/2024.fim-6days.com\/wp-content\/uploads\/sites\/9\/2023\/03\/rsz__isde_2022_france_04485.jpg","datePublished":"2023-04-05T07:06:26+00:00","dateModified":"2023-04-05T07:10:06+00:00","description":"Alquila una moto y goza de los beneficios de nuestro paquete de servicios exclusivos en la 97\u00b0 edici\u00f3n de los Seis Di\u00e1s Internacionales de Enduro 2023 en Argentina","breadcrumb":{"@id":"https:\/\/2024.fim-6days.com\/es\/corre-el-isde-2023-en-una-gasgas-ec-250f-completamente-nueva\/#breadcrumb"},"inLanguage":"es","potentialAction":[{"@type":"ReadAction","target":["https:\/\/2024.fim-6days.com\/es\/corre-el-isde-2023-en-una-gasgas-ec-250f-completamente-nueva\/"]}]},{"@type":"ImageObject","inLanguage":"es","@id":"https:\/\/2024.fim-6days.com\/es\/corre-el-isde-2023-en-una-gasgas-ec-250f-completamente-nueva\/#primaryimage","url":"https:\/\/2024.fim-6days.com\/wp-content\/uploads\/sites\/9\/2023\/03\/rsz__isde_2022_france_04485.jpg","contentUrl":"https:\/\/2024.fim-6days.com\/wp-content\/uploads\/sites\/9\/2023\/03\/rsz__isde_2022_france_04485.jpg","width":1200,"height":800},{"@type":"BreadcrumbList","@id":"https:\/\/2024.fim-6days.com\/es\/corre-el-isde-2023-en-una-gasgas-ec-250f-completamente-nueva\/#breadcrumb","itemListElement":[{"@type":"ListItem","position":1,"name":"Home","item":"https:\/\/2024.fim-6days.com\/es\/"},{"@type":"ListItem","position":2,"name":"\u00a1CORRE EL ISDE 2023 EN UNA GASGAS EC 250F COMPLETAMENTE NUEVA!"}]},{"@type":"WebSite","@id":"https:\/\/2024.fim-6days.com\/#website","url":"https:\/\/2024.fim-6days.com\/","name":"FIM ISDE 2021","description":"FIM ISDE Official website","publisher":{"@id":"https:\/\/2024.fim-6days.com\/#organization"},"potentialAction":[{"@type":"SearchAction","target":{"@type":"EntryPoint","urlTemplate":"https:\/\/2024.fim-6days.com\/?s={search_term_string}"},"query-input":{"@type":"PropertyValueSpecification","valueRequired":true,"valueName":"search_term_string"}}],"inLanguage":"es"},{"@type":"Organization","@id":"https:\/\/2024.fim-6days.com\/#organization","name":"FIM - F\u00e9d\u00e9ration Internationale de Motocyclisme","url":"https:\/\/2024.fim-6days.com\/","logo":{"@type":"ImageObject","inLanguage":"es","@id":"https:\/\/2024.fim-6days.com\/#\/schema\/logo\/image\/","url":"https:\/\/2024.fim-6days.com\/wp-content\/uploads\/sites\/9\/2019\/07\/LogoFIM-CMYK.png","contentUrl":"https:\/\/2024.fim-6days.com\/wp-content\/uploads\/sites\/9\/2019\/07\/LogoFIM-CMYK.png","width":2608,"height":1833,"caption":"FIM - F\u00e9d\u00e9ration Internationale de Motocyclisme"},"image":{"@id":"https:\/\/2024.fim-6days.com\/#\/schema\/logo\/image\/"},"sameAs":["https:\/\/www.facebook.com\/FIMISDE\/","https:\/\/x.com\/fimisde","https:\/\/www.instagram.com\/fim_isde\/"]},{"@type":"Person","@id":"https:\/\/2024.fim-6days.com\/#\/schema\/person\/fc80183700e96a22afb3f220ae03b32a","name":"isalen","image":{"@type":"ImageObject","inLanguage":"es","@id":"https:\/\/2024.fim-6days.com\/#\/schema\/person\/image\/","url":"https:\/\/secure.gravatar.com\/avatar\/b498bfa446460353cfcc6e023d9c28e3e84ef3798b7f90c38b5d03254eed1837?s=96&d=mm&r=g","contentUrl":"https:\/\/secure.gravatar.com\/avatar\/b498bfa446460353cfcc6e023d9c28e3e84ef3798b7f90c38b5d03254eed1837?s=96&d=mm&r=g","caption":"isalen"},"url":"https:\/\/2024.fim-6days.com\/es\/author\/isalen\/"}]}},"_links":{"self":[{"href":"https:\/\/2024.fim-6days.com\/es\/wp-json\/wp\/v2\/posts\/47091","targetHints":{"allow":["GET"]}}],"collection":[{"href":"https:\/\/2024.fim-6days.com\/es\/wp-json\/wp\/v2\/posts"}],"about":[{"href":"https:\/\/2024.fim-6days.com\/es\/wp-json\/wp\/v2\/types\/post"}],"author":[{"embeddable":true,"href":"https:\/\/2024.fim-6days.com\/es\/wp-json\/wp\/v2\/users\/14"}],"replies":[{"embeddable":true,"href":"https:\/\/2024.fim-6days.com\/es\/wp-json\/wp\/v2\/comments?post=47091"}],"version-history":[{"count":1,"href":"https:\/\/2024.fim-6days.com\/es\/wp-json\/wp\/v2\/posts\/47091\/revisions"}],"predecessor-version":[{"id":47092,"href":"https:\/\/2024.fim-6days.com\/es\/wp-json\/wp\/v2\/posts\/47091\/revisions\/47092"}],"wp:featuredmedia":[{"embeddable":true,"href":"https:\/\/2024.fim-6days.com\/es\/wp-json\/wp\/v2\/media\/47069"}],"wp:attachment":[{"href":"https:\/\/2024.fim-6days.com\/es\/wp-json\/wp\/v2\/media?parent=47091"}],"wp:term":[{"taxonomy":"category","embeddable":true,"href":"https:\/\/2024.fim-6days.com\/es\/wp-json\/wp\/v2\/categories?post=47091"},{"taxonomy":"post_tag","embeddable":true,"href":"https:\/\/2024.fim-6days.com\/es\/wp-json\/wp\/v2\/tags?post=47091"}],"curies":[{"name":"wp","href":"https:\/\/api.w.org\/{rel}","templated":true}]}}