{"id":46852,"date":"2023-03-17T09:38:51","date_gmt":"2023-03-17T08:38:51","guid":{"rendered":"https:\/\/2024.fim-6days.com\/argentina-set-to-welcome-fim-isde-in-2023\/"},"modified":"2023-03-17T09:42:25","modified_gmt":"2023-03-17T08:42:25","slug":"argentina-recibira-al-fim-isde-en-2023","status":"publish","type":"post","link":"https:\/\/2024.fim-6days.com\/es\/argentina-recibira-al-fim-isde-en-2023\/","title":{"rendered":"\u00a1Argentina recibir\u00e1 al FIM ISDE en 2023!"},"content":{"rendered":"<div class=\"fusion-fullwidth fullwidth-box fusion-builder-row-1 fusion-flex-container nonhundred-percent-fullwidth non-hundred-percent-height-scrolling\" style=\"--awb-border-radius-top-left:0px;--awb-border-radius-top-right:0px;--awb-border-radius-bottom-right:0px;--awb-border-radius-bottom-left:0px;--awb-padding-top:0px;--awb-padding-bottom:0px;--awb-flex-wrap:wrap;\" ><div class=\"fusion-builder-row fusion-row fusion-flex-align-items-flex-start fusion-flex-content-wrap\" style=\"max-width:1248px;margin-left: calc(-4% \/ 2 );margin-right: calc(-4% \/ 2 );\"><div class=\"fusion-layout-column fusion_builder_column fusion-builder-column-0 fusion_builder_column_1_1 1_1 fusion-flex-column\" style=\"--awb-padding-top:0px;--awb-padding-bottom:0px;--awb-bg-size:cover;--awb-width-large:100%;--awb-margin-top-large:0px;--awb-spacing-right-large:1.92%;--awb-margin-bottom-large:0px;--awb-spacing-left-large:1.92%;--awb-width-medium:100%;--awb-order-medium:0;--awb-spacing-right-medium:1.92%;--awb-spacing-left-medium:1.92%;--awb-width-small:100%;--awb-order-small:0;--awb-spacing-right-small:1.92%;--awb-spacing-left-small:1.92%;\"><div class=\"fusion-column-wrapper fusion-column-has-shadow fusion-flex-justify-content-flex-start fusion-content-layout-column\"><div class=\"fusion-text fusion-text-1\" style=\"--awb-text-transform:none;\"><p><strong>Mientras se asientan las emociones tras unos memorables FIM International Six Days of Enduro (ISDE) en Francia, los planes ya est\u00e1n en marcha para la 97\u00b0 edici\u00f3n que se disputar\u00e1 en Argentina el a\u00f1o que viene.<\/strong><\/p>\n<p>Tras una pausa de casi cinco a\u00f1os, el FIM ISDE volver\u00e1 a Sudam\u00e9rica en 2023. La provincia de San Juan, en Argentina, nuevamente albergar\u00e1\u00a0 la carrera de motos off-road m\u00e1s antigua del mundo, que se celebr\u00f3 en el pa\u00eds por \u00faltima vez en 2014.<\/p>\n<p>San Juan, un lugar destacado para muchos competidores del FIM ISDE, ofrecer\u00e1 una carrera espectacular gracias a su incre\u00edble paisaje natural, su regi\u00f3n apasionada por el enduro y su excepcional Comit\u00e9 Organizador.<\/p>\n<p>Se est\u00e1 dise\u00f1ando un recorrido totalmente nuevo, lo que significa que los pilotos que corrieron en 2014 tambi\u00e9n pueden esperar nuevos terrenos y senderos para disfrutar. Tambi\u00e9n habr\u00e1 una nueva ubicaci\u00f3n para el Paddock.<\/p>\n<p>En 2023, la carrera se celebrar\u00e1 a principios de noviembre, lo que garantizar\u00e1 las temperaturas \u00f3ptimas para correr. Las fechas exactas y otros detalles se confirmar\u00e1n pr\u00f3ximamente, a su debido tiempo.<\/p>\n<p>\u00a1Nos vemos en San Juan el pr\u00f3ximo a\u00f1o!<\/p>\n<\/div><\/div><\/div><\/div><\/div>\n","protected":false},"excerpt":{"rendered":"","protected":false},"author":10,"featured_media":46690,"comment_status":"closed","ping_status":"closed","sticky":false,"template":"","format":"standard","meta":{"inline_featured_image":false,"footnotes":""},"categories":[112],"tags":[],"class_list":["post-46852","post","type-post","status-publish","format-standard","has-post-thumbnail","hentry","category-before-isde2023-es"],"yoast_head":"<!-- This site is optimized with the Yoast SEO plugin v25.6 - https:\/\/yoast.com\/wordpress\/plugins\/seo\/ -->\n<title>\u00a1Argentina recibir\u00e1 al FIM ISDE en 2023! - 2024 spain<\/title>\n<meta name=\"description\" content=\"As Tras el anuncio inicial durante la competencia de este a\u00f1o, la FIM y el organizador local se complacen de confirmar las fechas para el FIM International Six Days of Enduro (ISDE) de 2023, que tendr\u00e1n lugar desde el lunes 6 de noviembre hasta el s\u00e1bado 11 de noviembre en San Juan, Argentina.the dust settles on a truly memorable FIM International Six Days of Enduro (ISDE) in France plans are already in place for the ninety-seventh edition in Argentina next year.\" \/>\n<meta name=\"robots\" content=\"index, follow, max-snippet:-1, max-image-preview:large, max-video-preview:-1\" \/>\n<link rel=\"canonical\" href=\"https:\/\/2024.fim-6days.com\/es\/argentina-recibira-al-fim-isde-en-2023\/\" \/>\n<meta property=\"og:locale\" content=\"es_ES\" \/>\n<meta property=\"og:type\" content=\"article\" \/>\n<meta property=\"og:title\" content=\"\u00a1Argentina recibir\u00e1 al FIM ISDE en 2023! - 2024 spain\" \/>\n<meta property=\"og:description\" content=\"As Tras el anuncio inicial durante la competencia de este a\u00f1o, la FIM y el organizador local se complacen de confirmar las fechas para el FIM International Six Days of Enduro (ISDE) de 2023, que tendr\u00e1n lugar desde el lunes 6 de noviembre hasta el s\u00e1bado 11 de noviembre en San Juan, Argentina.the dust settles on a truly memorable FIM International Six Days of Enduro (ISDE) in France plans are already in place for the ninety-seventh edition in Argentina next year.\" \/>\n<meta property=\"og:url\" content=\"https:\/\/2024.fim-6days.com\/es\/argentina-recibira-al-fim-isde-en-2023\/\" \/>\n<meta property=\"og:site_name\" content=\"2024 spain\" \/>\n<meta property=\"article:publisher\" content=\"https:\/\/www.facebook.com\/FIMISDE\/\" \/>\n<meta property=\"article:published_time\" content=\"2023-03-17T08:38:51+00:00\" \/>\n<meta property=\"article:modified_time\" content=\"2023-03-17T08:42:25+00:00\" \/>\n<meta property=\"og:image\" content=\"https:\/\/2024.fim-6days.com\/wp-content\/uploads\/sites\/9\/2022\/09\/Story8-ISDE.jpg\" \/>\n\t<meta property=\"og:image:width\" content=\"1290\" \/>\n\t<meta property=\"og:image:height\" content=\"860\" \/>\n\t<meta property=\"og:image:type\" content=\"image\/jpeg\" \/>\n<meta name=\"author\" content=\"kategtof\" \/>\n<meta name=\"twitter:card\" content=\"summary_large_image\" \/>\n<meta name=\"twitter:creator\" content=\"@fimisde\" \/>\n<meta name=\"twitter:site\" content=\"@fimisde\" \/>\n<meta name=\"twitter:label1\" content=\"Escrito por\" \/>\n\t<meta name=\"twitter:data1\" content=\"kategtof\" \/>\n\t<meta name=\"twitter:label2\" content=\"Tiempo de lectura\" \/>\n\t<meta name=\"twitter:data2\" content=\"2 minutos\" \/>\n<script type=\"application\/ld+json\" class=\"yoast-schema-graph\">{\"@context\":\"https:\/\/schema.org\",\"@graph\":[{\"@type\":\"Article\",\"@id\":\"https:\/\/2024.fim-6days.com\/es\/argentina-recibira-al-fim-isde-en-2023\/#article\",\"isPartOf\":{\"@id\":\"https:\/\/2024.fim-6days.com\/es\/argentina-recibira-al-fim-isde-en-2023\/\"},\"author\":{\"name\":\"kategtof\",\"@id\":\"https:\/\/2024.fim-6days.com\/#\/schema\/person\/db95d361606346a0067912f18df924ab\"},\"headline\":\"\u00a1Argentina recibir\u00e1 al FIM ISDE en 2023!\",\"datePublished\":\"2023-03-17T08:38:51+00:00\",\"dateModified\":\"2023-03-17T08:42:25+00:00\",\"mainEntityOfPage\":{\"@id\":\"https:\/\/2024.fim-6days.com\/es\/argentina-recibira-al-fim-isde-en-2023\/\"},\"wordCount\":886,\"publisher\":{\"@id\":\"https:\/\/2024.fim-6days.com\/#organization\"},\"image\":{\"@id\":\"https:\/\/2024.fim-6days.com\/es\/argentina-recibira-al-fim-isde-en-2023\/#primaryimage\"},\"thumbnailUrl\":\"https:\/\/2024.fim-6days.com\/wp-content\/uploads\/sites\/9\/2022\/09\/Story8-ISDE.jpg\",\"articleSection\":[\"Antes de ISDE2023\"],\"inLanguage\":\"es\"},{\"@type\":\"WebPage\",\"@id\":\"https:\/\/2024.fim-6days.com\/es\/argentina-recibira-al-fim-isde-en-2023\/\",\"url\":\"https:\/\/2024.fim-6days.com\/es\/argentina-recibira-al-fim-isde-en-2023\/\",\"name\":\"\u00a1Argentina recibir\u00e1 al FIM ISDE en 2023! - 2024 spain\",\"isPartOf\":{\"@id\":\"https:\/\/2024.fim-6days.com\/#website\"},\"primaryImageOfPage\":{\"@id\":\"https:\/\/2024.fim-6days.com\/es\/argentina-recibira-al-fim-isde-en-2023\/#primaryimage\"},\"image\":{\"@id\":\"https:\/\/2024.fim-6days.com\/es\/argentina-recibira-al-fim-isde-en-2023\/#primaryimage\"},\"thumbnailUrl\":\"https:\/\/2024.fim-6days.com\/wp-content\/uploads\/sites\/9\/2022\/09\/Story8-ISDE.jpg\",\"datePublished\":\"2023-03-17T08:38:51+00:00\",\"dateModified\":\"2023-03-17T08:42:25+00:00\",\"description\":\"As Tras el anuncio inicial durante la competencia de este a\u00f1o, la FIM y el organizador local se complacen de confirmar las fechas para el FIM International Six Days of Enduro (ISDE) de 2023, que tendr\u00e1n lugar desde el lunes 6 de noviembre hasta el s\u00e1bado 11 de noviembre en San Juan, Argentina.the dust settles on a truly memorable FIM International Six Days of Enduro (ISDE) in France plans are already in place for the ninety-seventh edition in Argentina next year.\",\"breadcrumb\":{\"@id\":\"https:\/\/2024.fim-6days.com\/es\/argentina-recibira-al-fim-isde-en-2023\/#breadcrumb\"},\"inLanguage\":\"es\",\"potentialAction\":[{\"@type\":\"ReadAction\",\"target\":[\"https:\/\/2024.fim-6days.com\/es\/argentina-recibira-al-fim-isde-en-2023\/\"]}]},{\"@type\":\"ImageObject\",\"inLanguage\":\"es\",\"@id\":\"https:\/\/2024.fim-6days.com\/es\/argentina-recibira-al-fim-isde-en-2023\/#primaryimage\",\"url\":\"https:\/\/2024.fim-6days.com\/wp-content\/uploads\/sites\/9\/2022\/09\/Story8-ISDE.jpg\",\"contentUrl\":\"https:\/\/2024.fim-6days.com\/wp-content\/uploads\/sites\/9\/2022\/09\/Story8-ISDE.jpg\",\"width\":1290,\"height\":860,\"caption\":\"Future7Media \u00a9\"},{\"@type\":\"BreadcrumbList\",\"@id\":\"https:\/\/2024.fim-6days.com\/es\/argentina-recibira-al-fim-isde-en-2023\/#breadcrumb\",\"itemListElement\":[{\"@type\":\"ListItem\",\"position\":1,\"name\":\"Home\",\"item\":\"https:\/\/2024.fim-6days.com\/es\/\"},{\"@type\":\"ListItem\",\"position\":2,\"name\":\"\u00a1Argentina recibir\u00e1 al FIM ISDE en 2023!\"}]},{\"@type\":\"WebSite\",\"@id\":\"https:\/\/2024.fim-6days.com\/#website\",\"url\":\"https:\/\/2024.fim-6days.com\/\",\"name\":\"FIM ISDE 2021\",\"description\":\"FIM ISDE Official website\",\"publisher\":{\"@id\":\"https:\/\/2024.fim-6days.com\/#organization\"},\"potentialAction\":[{\"@type\":\"SearchAction\",\"target\":{\"@type\":\"EntryPoint\",\"urlTemplate\":\"https:\/\/2024.fim-6days.com\/?s={search_term_string}\"},\"query-input\":{\"@type\":\"PropertyValueSpecification\",\"valueRequired\":true,\"valueName\":\"search_term_string\"}}],\"inLanguage\":\"es\"},{\"@type\":\"Organization\",\"@id\":\"https:\/\/2024.fim-6days.com\/#organization\",\"name\":\"FIM - F\u00e9d\u00e9ration Internationale de Motocyclisme\",\"url\":\"https:\/\/2024.fim-6days.com\/\",\"logo\":{\"@type\":\"ImageObject\",\"inLanguage\":\"es\",\"@id\":\"https:\/\/2024.fim-6days.com\/#\/schema\/logo\/image\/\",\"url\":\"https:\/\/2024.fim-6days.com\/wp-content\/uploads\/sites\/9\/2019\/07\/LogoFIM-CMYK.png\",\"contentUrl\":\"https:\/\/2024.fim-6days.com\/wp-content\/uploads\/sites\/9\/2019\/07\/LogoFIM-CMYK.png\",\"width\":2608,\"height\":1833,\"caption\":\"FIM - F\u00e9d\u00e9ration Internationale de Motocyclisme\"},\"image\":{\"@id\":\"https:\/\/2024.fim-6days.com\/#\/schema\/logo\/image\/\"},\"sameAs\":[\"https:\/\/www.facebook.com\/FIMISDE\/\",\"https:\/\/x.com\/fimisde\",\"https:\/\/www.instagram.com\/fim_isde\/\"]},{\"@type\":\"Person\",\"@id\":\"https:\/\/2024.fim-6days.com\/#\/schema\/person\/db95d361606346a0067912f18df924ab\",\"name\":\"kategtof\",\"image\":{\"@type\":\"ImageObject\",\"inLanguage\":\"es\",\"@id\":\"https:\/\/2024.fim-6days.com\/#\/schema\/person\/image\/\",\"url\":\"https:\/\/secure.gravatar.com\/avatar\/c3274649b10bd4db8211a9c5582941bc84ee6a5163a0df3f96f7a4130961d5e1?s=96&d=mm&r=g\",\"contentUrl\":\"https:\/\/secure.gravatar.com\/avatar\/c3274649b10bd4db8211a9c5582941bc84ee6a5163a0df3f96f7a4130961d5e1?s=96&d=mm&r=g\",\"caption\":\"kategtof\"},\"url\":\"https:\/\/2024.fim-6days.com\/es\/author\/kategtof\/\"}]}<\/script>\n<!-- \/ Yoast SEO plugin. -->","yoast_head_json":{"title":"\u00a1Argentina recibir\u00e1 al FIM ISDE en 2023! - 2024 spain","description":"As Tras el anuncio inicial durante la competencia de este a\u00f1o, la FIM y el organizador local se complacen de confirmar las fechas para el FIM International Six Days of Enduro (ISDE) de 2023, que tendr\u00e1n lugar desde el lunes 6 de noviembre hasta el s\u00e1bado 11 de noviembre en San Juan, Argentina.the dust settles on a truly memorable FIM International Six Days of Enduro (ISDE) in France plans are already in place for the ninety-seventh edition in Argentina next year.","robots":{"index":"index","follow":"follow","max-snippet":"max-snippet:-1","max-image-preview":"max-image-preview:large","max-video-preview":"max-video-preview:-1"},"canonical":"https:\/\/2024.fim-6days.com\/es\/argentina-recibira-al-fim-isde-en-2023\/","og_locale":"es_ES","og_type":"article","og_title":"\u00a1Argentina recibir\u00e1 al FIM ISDE en 2023! - 2024 spain","og_description":"As Tras el anuncio inicial durante la competencia de este a\u00f1o, la FIM y el organizador local se complacen de confirmar las fechas para el FIM International Six Days of Enduro (ISDE) de 2023, que tendr\u00e1n lugar desde el lunes 6 de noviembre hasta el s\u00e1bado 11 de noviembre en San Juan, Argentina.the dust settles on a truly memorable FIM International Six Days of Enduro (ISDE) in France plans are already in place for the ninety-seventh edition in Argentina next year.","og_url":"https:\/\/2024.fim-6days.com\/es\/argentina-recibira-al-fim-isde-en-2023\/","og_site_name":"2024 spain","article_publisher":"https:\/\/www.facebook.com\/FIMISDE\/","article_published_time":"2023-03-17T08:38:51+00:00","article_modified_time":"2023-03-17T08:42:25+00:00","og_image":[{"width":1290,"height":860,"url":"https:\/\/2024.fim-6days.com\/wp-content\/uploads\/sites\/9\/2022\/09\/Story8-ISDE.jpg","type":"image\/jpeg"}],"author":"kategtof","twitter_card":"summary_large_image","twitter_creator":"@fimisde","twitter_site":"@fimisde","twitter_misc":{"Escrito por":"kategtof","Tiempo de lectura":"2 minutos"},"schema":{"@context":"https:\/\/schema.org","@graph":[{"@type":"Article","@id":"https:\/\/2024.fim-6days.com\/es\/argentina-recibira-al-fim-isde-en-2023\/#article","isPartOf":{"@id":"https:\/\/2024.fim-6days.com\/es\/argentina-recibira-al-fim-isde-en-2023\/"},"author":{"name":"kategtof","@id":"https:\/\/2024.fim-6days.com\/#\/schema\/person\/db95d361606346a0067912f18df924ab"},"headline":"\u00a1Argentina recibir\u00e1 al FIM ISDE en 2023!","datePublished":"2023-03-17T08:38:51+00:00","dateModified":"2023-03-17T08:42:25+00:00","mainEntityOfPage":{"@id":"https:\/\/2024.fim-6days.com\/es\/argentina-recibira-al-fim-isde-en-2023\/"},"wordCount":886,"publisher":{"@id":"https:\/\/2024.fim-6days.com\/#organization"},"image":{"@id":"https:\/\/2024.fim-6days.com\/es\/argentina-recibira-al-fim-isde-en-2023\/#primaryimage"},"thumbnailUrl":"https:\/\/2024.fim-6days.com\/wp-content\/uploads\/sites\/9\/2022\/09\/Story8-ISDE.jpg","articleSection":["Antes de ISDE2023"],"inLanguage":"es"},{"@type":"WebPage","@id":"https:\/\/2024.fim-6days.com\/es\/argentina-recibira-al-fim-isde-en-2023\/","url":"https:\/\/2024.fim-6days.com\/es\/argentina-recibira-al-fim-isde-en-2023\/","name":"\u00a1Argentina recibir\u00e1 al FIM ISDE en 2023! - 2024 spain","isPartOf":{"@id":"https:\/\/2024.fim-6days.com\/#website"},"primaryImageOfPage":{"@id":"https:\/\/2024.fim-6days.com\/es\/argentina-recibira-al-fim-isde-en-2023\/#primaryimage"},"image":{"@id":"https:\/\/2024.fim-6days.com\/es\/argentina-recibira-al-fim-isde-en-2023\/#primaryimage"},"thumbnailUrl":"https:\/\/2024.fim-6days.com\/wp-content\/uploads\/sites\/9\/2022\/09\/Story8-ISDE.jpg","datePublished":"2023-03-17T08:38:51+00:00","dateModified":"2023-03-17T08:42:25+00:00","description":"As Tras el anuncio inicial durante la competencia de este a\u00f1o, la FIM y el organizador local se complacen de confirmar las fechas para el FIM International Six Days of Enduro (ISDE) de 2023, que tendr\u00e1n lugar desde el lunes 6 de noviembre hasta el s\u00e1bado 11 de noviembre en San Juan, Argentina.the dust settles on a truly memorable FIM International Six Days of Enduro (ISDE) in France plans are already in place for the ninety-seventh edition in Argentina next year.","breadcrumb":{"@id":"https:\/\/2024.fim-6days.com\/es\/argentina-recibira-al-fim-isde-en-2023\/#breadcrumb"},"inLanguage":"es","potentialAction":[{"@type":"ReadAction","target":["https:\/\/2024.fim-6days.com\/es\/argentina-recibira-al-fim-isde-en-2023\/"]}]},{"@type":"ImageObject","inLanguage":"es","@id":"https:\/\/2024.fim-6days.com\/es\/argentina-recibira-al-fim-isde-en-2023\/#primaryimage","url":"https:\/\/2024.fim-6days.com\/wp-content\/uploads\/sites\/9\/2022\/09\/Story8-ISDE.jpg","contentUrl":"https:\/\/2024.fim-6days.com\/wp-content\/uploads\/sites\/9\/2022\/09\/Story8-ISDE.jpg","width":1290,"height":860,"caption":"Future7Media \u00a9"},{"@type":"BreadcrumbList","@id":"https:\/\/2024.fim-6days.com\/es\/argentina-recibira-al-fim-isde-en-2023\/#breadcrumb","itemListElement":[{"@type":"ListItem","position":1,"name":"Home","item":"https:\/\/2024.fim-6days.com\/es\/"},{"@type":"ListItem","position":2,"name":"\u00a1Argentina recibir\u00e1 al FIM ISDE en 2023!"}]},{"@type":"WebSite","@id":"https:\/\/2024.fim-6days.com\/#website","url":"https:\/\/2024.fim-6days.com\/","name":"FIM ISDE 2021","description":"FIM ISDE Official website","publisher":{"@id":"https:\/\/2024.fim-6days.com\/#organization"},"potentialAction":[{"@type":"SearchAction","target":{"@type":"EntryPoint","urlTemplate":"https:\/\/2024.fim-6days.com\/?s={search_term_string}"},"query-input":{"@type":"PropertyValueSpecification","valueRequired":true,"valueName":"search_term_string"}}],"inLanguage":"es"},{"@type":"Organization","@id":"https:\/\/2024.fim-6days.com\/#organization","name":"FIM - F\u00e9d\u00e9ration Internationale de Motocyclisme","url":"https:\/\/2024.fim-6days.com\/","logo":{"@type":"ImageObject","inLanguage":"es","@id":"https:\/\/2024.fim-6days.com\/#\/schema\/logo\/image\/","url":"https:\/\/2024.fim-6days.com\/wp-content\/uploads\/sites\/9\/2019\/07\/LogoFIM-CMYK.png","contentUrl":"https:\/\/2024.fim-6days.com\/wp-content\/uploads\/sites\/9\/2019\/07\/LogoFIM-CMYK.png","width":2608,"height":1833,"caption":"FIM - F\u00e9d\u00e9ration Internationale de Motocyclisme"},"image":{"@id":"https:\/\/2024.fim-6days.com\/#\/schema\/logo\/image\/"},"sameAs":["https:\/\/www.facebook.com\/FIMISDE\/","https:\/\/x.com\/fimisde","https:\/\/www.instagram.com\/fim_isde\/"]},{"@type":"Person","@id":"https:\/\/2024.fim-6days.com\/#\/schema\/person\/db95d361606346a0067912f18df924ab","name":"kategtof","image":{"@type":"ImageObject","inLanguage":"es","@id":"https:\/\/2024.fim-6days.com\/#\/schema\/person\/image\/","url":"https:\/\/secure.gravatar.com\/avatar\/c3274649b10bd4db8211a9c5582941bc84ee6a5163a0df3f96f7a4130961d5e1?s=96&d=mm&r=g","contentUrl":"https:\/\/secure.gravatar.com\/avatar\/c3274649b10bd4db8211a9c5582941bc84ee6a5163a0df3f96f7a4130961d5e1?s=96&d=mm&r=g","caption":"kategtof"},"url":"https:\/\/2024.fim-6days.com\/es\/author\/kategtof\/"}]}},"_links":{"self":[{"href":"https:\/\/2024.fim-6days.com\/es\/wp-json\/wp\/v2\/posts\/46852","targetHints":{"allow":["GET"]}}],"collection":[{"href":"https:\/\/2024.fim-6days.com\/es\/wp-json\/wp\/v2\/posts"}],"about":[{"href":"https:\/\/2024.fim-6days.com\/es\/wp-json\/wp\/v2\/types\/post"}],"author":[{"embeddable":true,"href":"https:\/\/2024.fim-6days.com\/es\/wp-json\/wp\/v2\/users\/10"}],"replies":[{"embeddable":true,"href":"https:\/\/2024.fim-6days.com\/es\/wp-json\/wp\/v2\/comments?post=46852"}],"version-history":[{"count":2,"href":"https:\/\/2024.fim-6days.com\/es\/wp-json\/wp\/v2\/posts\/46852\/revisions"}],"predecessor-version":[{"id":46854,"href":"https:\/\/2024.fim-6days.com\/es\/wp-json\/wp\/v2\/posts\/46852\/revisions\/46854"}],"wp:featuredmedia":[{"embeddable":true,"href":"https:\/\/2024.fim-6days.com\/es\/wp-json\/wp\/v2\/media\/46690"}],"wp:attachment":[{"href":"https:\/\/2024.fim-6days.com\/es\/wp-json\/wp\/v2\/media?parent=46852"}],"wp:term":[{"taxonomy":"category","embeddable":true,"href":"https:\/\/2024.fim-6days.com\/es\/wp-json\/wp\/v2\/categories?post=46852"},{"taxonomy":"post_tag","embeddable":true,"href":"https:\/\/2024.fim-6days.com\/es\/wp-json\/wp\/v2\/tags?post=46852"}],"curies":[{"name":"wp","href":"https:\/\/api.w.org\/{rel}","templated":true}]}}