{"id":46833,"date":"2023-03-10T09:57:13","date_gmt":"2023-03-10T08:57:13","guid":{"rendered":"https:\/\/2024.fim-6days.com\/argentina-confirma-las-fechas-del-fim-isde-2023\/"},"modified":"2023-03-17T10:35:40","modified_gmt":"2023-03-17T09:35:40","slug":"argentina-confirma-las-fechas-del-fim-isde-2023","status":"publish","type":"post","link":"https:\/\/2024.fim-6days.com\/es\/argentina-confirma-las-fechas-del-fim-isde-2023\/","title":{"rendered":"Argentina confirma las fechas del FIM ISDE 2023"},"content":{"rendered":"<div class=\"fusion-fullwidth fullwidth-box fusion-builder-row-1 fusion-flex-container nonhundred-percent-fullwidth non-hundred-percent-height-scrolling\" style=\"--awb-border-radius-top-left:0px;--awb-border-radius-top-right:0px;--awb-border-radius-bottom-right:0px;--awb-border-radius-bottom-left:0px;--awb-padding-top:0px;--awb-padding-bottom:0px;--awb-flex-wrap:wrap;\" ><div class=\"fusion-builder-row fusion-row fusion-flex-align-items-flex-start fusion-flex-content-wrap\" style=\"max-width:1248px;margin-left: calc(-4% \/ 2 );margin-right: calc(-4% \/ 2 );\"><div class=\"fusion-layout-column fusion_builder_column fusion-builder-column-0 fusion_builder_column_1_1 1_1 fusion-flex-column\" style=\"--awb-padding-top:0px;--awb-padding-bottom:0px;--awb-bg-size:cover;--awb-width-large:100%;--awb-margin-top-large:0px;--awb-spacing-right-large:1.92%;--awb-margin-bottom-large:0px;--awb-spacing-left-large:1.92%;--awb-width-medium:100%;--awb-order-medium:0;--awb-spacing-right-medium:1.92%;--awb-spacing-left-medium:1.92%;--awb-width-small:100%;--awb-order-small:0;--awb-spacing-right-small:1.92%;--awb-spacing-left-small:1.92%;\"><div class=\"fusion-column-wrapper fusion-column-has-shadow fusion-flex-justify-content-flex-start fusion-content-layout-column\"><div class=\"fusion-text fusion-text-1\" style=\"--awb-text-transform:none;\"><p><strong>Tras el anuncio inicial durante la competencia de este a\u00f1o, la FIM y el organizador local se complacen de confirmar las fechas para el FIM International Six Days of Enduro (ISDE) de 2023, que tendr\u00e1n lugar desde el lunes 6 de noviembre hasta el s\u00e1bado 11 de noviembre en San Juan, Argentina.<\/strong><\/p>\n<p>La 97\u00b0 edici\u00f3n de esta hist\u00f3rica competici\u00f3n off-road tendr\u00e1 como sede al flamante Circuito San Juan Villicum, tambi\u00e9n conocido por albergar el Campeonato del Mundo FIM de Superbikes as\u00ed como competencias de automovilismo nacional. San Juan se sit\u00faa al oeste de Argentina y forma parte de la Regi\u00f3n de Cuyo. Se trata de un territorio eminentemente monta\u00f1oso intercalado por los verdes oasis de sus valles, ideal para el enduro y, gracias a su clima soleado, tambi\u00e9n es una locaci\u00f3n perfecta para la producci\u00f3n de buen vino.<\/p>\n<p>Argentina alberg\u00f3 el ISDE en 2014, donde fue nuevamente San Juan la ciudad anfitriona. Quienes compitieron en aquella 89\u00b0 edici\u00f3n conservan un magn\u00edfico recuerdo de su visita gracias a los incre\u00edbles paisajes naturales de la zona, a una regi\u00f3n apasionada por el enduro y a un comit\u00e9 organizador excepcional. Para la edici\u00f3n 2023, se est\u00e1 dise\u00f1ando un trazado totalmente nuevo, lo que significa que quienes corrieron aqu\u00ed en aquella ocasi\u00f3n, tambi\u00e9n podr\u00e1n disfrutar de nuevos terrenos y caminos.<\/p>\n<p>En 2014, Francia se impuso en la categor\u00eda World Trophy; Estados Unidos asegur\u00f3 su victoria en Junior World Trophy y Australia se llev\u00f3 a casa el t\u00edtulo en el Women\u2019s World Trophy, mientras que el equipo argentino estuvo fuertemente representado por 13 corredores de gran nivel bajo el mando de Augusto Freytes. Entre los pilotos que representaron oficialmente al pa\u00eds, se encontraban el campe\u00f3n del Rally Dakar 2021, Kevin Benavides, as\u00ed como Luciano Benavides, Franco y Stefano Caimi. Argentina estuvo bien representada en 2014, ya que qued\u00f3 quinta tanto en el World Trophy como en el Junior World Trophy.<\/p>\n<p>La cuenta atr\u00e1s para el FIM International Six Days of Enduro 2023 ha comenzado oficialmente, con una apertura del paddock prevista para el martes 31 de octubre, antes del desfile inaugural de las naciones que se celebrar\u00e1 el s\u00e1bado 4 de noviembre del pr\u00f3ximo a\u00f1o. Con la planificaci\u00f3n ya en marcha, el organizador local est\u00e1 deseando dar la bienvenida a Sudam\u00e9rica a pilotos y equipos de todo el mundo.<\/p>\n<p><strong>David Eli, Director de +Eventos y organizador local del FIM ISDE 2023<\/strong>\u00a0dijo:\u00a0<em>\u201cEstamos muy entusiasmados con organizar nuevamente la competencia de enduro m\u00e1s importante del planeta en nuestro pa\u00eds.<br \/>\n<\/em><em>San Juan es un sitio inigualable para celebrar el Six Days, gracias a la magn\u00edfica diversidad de terrenos que ofrece la provincia. Esta nueva edici\u00f3n ser\u00e1 muy desafiante y exigir\u00e1 una gran destreza f\u00edsica y t\u00e9cnica para los pilotos. Esperamos con ansias darle la bienvenida a todos los equipos.<br \/>\n<\/em><em>Particularmente, quiero agradecer a las autoridades de la provincia de San Juan por involucrarse activamente en este hist\u00f3rico evento deportivo, que sin dudas, ser\u00e1 memorable\u201d.<\/em><\/p>\n<p><strong>Jorge Viegas, Presidente FIM<\/strong>, agreg\u00f3: \u201c<em>El FIM ISDE sigue siendo una competici\u00f3n muy cercana a mi coraz\u00f3n y contin\u00faa siendo uno de los eventos m\u00e1s importantes cada a\u00f1o en el calendario de la FIM. La historia de este evento representa perfectamente lo que el motociclismo significa para muchos de nosotros y siempre es un gran acontecimiento con la presencia de muchas de nuestras federaciones nacionales con sus equipos oficiales. Es bueno tener el ISDE de vuelta en Sudam\u00e9rica despu\u00e9s de cinco a\u00f1os, y tengo plena confianza en que ser\u00e1 otra edici\u00f3n memorable que estar\u00e1 bien organizada y que disfrutar\u00e1n todos los pilotos que participen\u201d.<\/em><\/p>\n<\/div><div class=\"fusion-image-element \" style=\"--awb-caption-title-font-family:var(--h2_typography-font-family);--awb-caption-title-font-weight:var(--h2_typography-font-weight);--awb-caption-title-font-style:var(--h2_typography-font-style);--awb-caption-title-size:var(--h2_typography-font-size);--awb-caption-title-transform:var(--h2_typography-text-transform);--awb-caption-title-line-height:var(--h2_typography-line-height);--awb-caption-title-letter-spacing:var(--h2_typography-letter-spacing);\"><span class=\" fusion-imageframe imageframe-none imageframe-1 hover-type-none\"><img decoding=\"async\" width=\"5760\" height=\"3840\" title=\"POL_3166\" src=\"https:\/\/2024.fim-6days.com\/wp-content\/uploads\/sites\/9\/2022\/12\/POL_3166.jpg\" alt class=\"img-responsive wp-image-46702\" srcset=\"https:\/\/2024.fim-6days.com\/wp-content\/uploads\/sites\/9\/2022\/12\/POL_3166-200x133.jpg 200w, https:\/\/2024.fim-6days.com\/wp-content\/uploads\/sites\/9\/2022\/12\/POL_3166-400x267.jpg 400w, https:\/\/2024.fim-6days.com\/wp-content\/uploads\/sites\/9\/2022\/12\/POL_3166-600x400.jpg 600w, https:\/\/2024.fim-6days.com\/wp-content\/uploads\/sites\/9\/2022\/12\/POL_3166-800x533.jpg 800w, https:\/\/2024.fim-6days.com\/wp-content\/uploads\/sites\/9\/2022\/12\/POL_3166-1200x800.jpg 1200w, https:\/\/2024.fim-6days.com\/wp-content\/uploads\/sites\/9\/2022\/12\/POL_3166.jpg 5760w\" sizes=\"(max-width: 1024px) 100vw, (max-width: 640px) 100vw, 1200px\" \/><\/span><\/div><div class=\"fusion-text fusion-text-2\"><h6>Circuito San Juan Villicum is set to host the 97th edition of the FIM ISDE \u00a9 Damian BARISCHPOLSKI<\/h6>\n<\/div><div class=\"fusion-separator fusion-full-width-sep\" style=\"align-self: center;margin-left: auto;margin-right: auto;width:100%;\"><div class=\"fusion-separator-border sep-double sep-solid\" style=\"--awb-height:20px;--awb-amount:20px;border-color:#dddbdb;border-top-width:1px;border-bottom-width:1px;\"><\/div><\/div><div class=\"fusion-text fusion-text-3 fusion-text-no-margin\" style=\"--awb-margin-bottom:10%;\"><p><strong>Sobre +Eventos:<\/strong><\/p>\n<p>+Eventos es un reconocido Promotor de importantes eventos deportivos internacionales en Argentina y Sudam\u00e9rica. Entre sus pergaminos, cuenta con un importante know-how gracias a la organizaci\u00f3n de exitosas competencias de elite como el Rally Dakar, el Rally Argentina, el Desaf\u00edo Ruta 40 y el MXGP Patagonia Argentina, entre tantos otras.<\/p>\n<\/div><\/div><\/div><\/div><\/div>\n","protected":false},"excerpt":{"rendered":"","protected":false},"author":4,"featured_media":46701,"comment_status":"closed","ping_status":"closed","sticky":false,"template":"","format":"standard","meta":{"inline_featured_image":false,"footnotes":""},"categories":[112,108],"tags":[],"class_list":["post-46833","post","type-post","status-publish","format-standard","has-post-thumbnail","hentry","category-before-isde2023-es","category-news-es"],"yoast_head":"<!-- This site is optimized with the Yoast SEO plugin v25.6 - https:\/\/yoast.com\/wordpress\/plugins\/seo\/ -->\n<title>Argentina confirma las fechas del FIM ISDE 2023 - 2024 spain<\/title>\n<meta name=\"description\" content=\"Tras el anuncio inicial durante la competencia de este a\u00f1o, la FIM y el organizador local se complacen de confirmar las fechas para el FIM International Six Days of Enduro (ISDE) de 2023, que tendr\u00e1n lugar desde el lunes 6 de noviembre hasta el s\u00e1bado 11 de noviembre en San Juan, Argentina.\" \/>\n<meta name=\"robots\" content=\"index, follow, max-snippet:-1, max-image-preview:large, max-video-preview:-1\" \/>\n<link rel=\"canonical\" href=\"https:\/\/2024.fim-6days.com\/es\/argentina-confirma-las-fechas-del-fim-isde-2023\/\" \/>\n<meta property=\"og:locale\" content=\"es_ES\" \/>\n<meta property=\"og:type\" content=\"article\" \/>\n<meta property=\"og:title\" content=\"Argentina confirma las fechas del FIM ISDE 2023 - 2024 spain\" \/>\n<meta property=\"og:description\" content=\"Tras el anuncio inicial durante la competencia de este a\u00f1o, la FIM y el organizador local se complacen de confirmar las fechas para el FIM International Six Days of Enduro (ISDE) de 2023, que tendr\u00e1n lugar desde el lunes 6 de noviembre hasta el s\u00e1bado 11 de noviembre en San Juan, Argentina.\" \/>\n<meta property=\"og:url\" content=\"https:\/\/2024.fim-6days.com\/es\/argentina-confirma-las-fechas-del-fim-isde-2023\/\" \/>\n<meta property=\"og:site_name\" content=\"2024 spain\" \/>\n<meta property=\"article:publisher\" content=\"https:\/\/www.facebook.com\/FIMISDE\/\" \/>\n<meta property=\"article:published_time\" content=\"2023-03-10T08:57:13+00:00\" \/>\n<meta property=\"article:modified_time\" content=\"2023-03-17T09:35:40+00:00\" \/>\n<meta property=\"og:image\" content=\"https:\/\/2024.fim-6days.com\/wp-content\/uploads\/sites\/9\/2022\/12\/airoh_220831_ISDE_France_1346-3000x2000.jpg\" \/>\n\t<meta property=\"og:image:width\" content=\"3000\" \/>\n\t<meta property=\"og:image:height\" content=\"2000\" \/>\n\t<meta property=\"og:image:type\" content=\"image\/jpeg\" \/>\n<meta name=\"author\" content=\"karinea\" \/>\n<meta name=\"twitter:card\" content=\"summary_large_image\" \/>\n<meta name=\"twitter:creator\" content=\"@fimisde\" \/>\n<meta name=\"twitter:site\" content=\"@fimisde\" \/>\n<meta name=\"twitter:label1\" content=\"Escrito por\" \/>\n\t<meta name=\"twitter:data1\" content=\"karinea\" \/>\n\t<meta name=\"twitter:label2\" content=\"Tiempo de lectura\" \/>\n\t<meta name=\"twitter:data2\" content=\"5 minutos\" \/>\n<script type=\"application\/ld+json\" class=\"yoast-schema-graph\">{\"@context\":\"https:\/\/schema.org\",\"@graph\":[{\"@type\":\"Article\",\"@id\":\"https:\/\/2024.fim-6days.com\/es\/argentina-confirma-las-fechas-del-fim-isde-2023\/#article\",\"isPartOf\":{\"@id\":\"https:\/\/2024.fim-6days.com\/es\/argentina-confirma-las-fechas-del-fim-isde-2023\/\"},\"author\":{\"name\":\"karinea\",\"@id\":\"https:\/\/2024.fim-6days.com\/#\/schema\/person\/bcf4ff642b8d622c689a6eb754f673d3\"},\"headline\":\"Argentina confirma las fechas del FIM ISDE 2023\",\"datePublished\":\"2023-03-10T08:57:13+00:00\",\"dateModified\":\"2023-03-17T09:35:40+00:00\",\"mainEntityOfPage\":{\"@id\":\"https:\/\/2024.fim-6days.com\/es\/argentina-confirma-las-fechas-del-fim-isde-2023\/\"},\"wordCount\":1864,\"publisher\":{\"@id\":\"https:\/\/2024.fim-6days.com\/#organization\"},\"image\":{\"@id\":\"https:\/\/2024.fim-6days.com\/es\/argentina-confirma-las-fechas-del-fim-isde-2023\/#primaryimage\"},\"thumbnailUrl\":\"https:\/\/2024.fim-6days.com\/wp-content\/uploads\/sites\/9\/2022\/12\/airoh_220831_ISDE_France_1346.jpg\",\"articleSection\":[\"Antes de ISDE2023\",\"Noticias\"],\"inLanguage\":\"es\"},{\"@type\":\"WebPage\",\"@id\":\"https:\/\/2024.fim-6days.com\/es\/argentina-confirma-las-fechas-del-fim-isde-2023\/\",\"url\":\"https:\/\/2024.fim-6days.com\/es\/argentina-confirma-las-fechas-del-fim-isde-2023\/\",\"name\":\"Argentina confirma las fechas del FIM ISDE 2023 - 2024 spain\",\"isPartOf\":{\"@id\":\"https:\/\/2024.fim-6days.com\/#website\"},\"primaryImageOfPage\":{\"@id\":\"https:\/\/2024.fim-6days.com\/es\/argentina-confirma-las-fechas-del-fim-isde-2023\/#primaryimage\"},\"image\":{\"@id\":\"https:\/\/2024.fim-6days.com\/es\/argentina-confirma-las-fechas-del-fim-isde-2023\/#primaryimage\"},\"thumbnailUrl\":\"https:\/\/2024.fim-6days.com\/wp-content\/uploads\/sites\/9\/2022\/12\/airoh_220831_ISDE_France_1346.jpg\",\"datePublished\":\"2023-03-10T08:57:13+00:00\",\"dateModified\":\"2023-03-17T09:35:40+00:00\",\"description\":\"Tras el anuncio inicial durante la competencia de este a\u00f1o, la FIM y el organizador local se complacen de confirmar las fechas para el FIM International Six Days of Enduro (ISDE) de 2023, que tendr\u00e1n lugar desde el lunes 6 de noviembre hasta el s\u00e1bado 11 de noviembre en San Juan, Argentina.\",\"breadcrumb\":{\"@id\":\"https:\/\/2024.fim-6days.com\/es\/argentina-confirma-las-fechas-del-fim-isde-2023\/#breadcrumb\"},\"inLanguage\":\"es\",\"potentialAction\":[{\"@type\":\"ReadAction\",\"target\":[\"https:\/\/2024.fim-6days.com\/es\/argentina-confirma-las-fechas-del-fim-isde-2023\/\"]}]},{\"@type\":\"ImageObject\",\"inLanguage\":\"es\",\"@id\":\"https:\/\/2024.fim-6days.com\/es\/argentina-confirma-las-fechas-del-fim-isde-2023\/#primaryimage\",\"url\":\"https:\/\/2024.fim-6days.com\/wp-content\/uploads\/sites\/9\/2022\/12\/airoh_220831_ISDE_France_1346.jpg\",\"contentUrl\":\"https:\/\/2024.fim-6days.com\/wp-content\/uploads\/sites\/9\/2022\/12\/airoh_220831_ISDE_France_1346.jpg\",\"width\":5000,\"height\":3333,\"caption\":\"Great Britain crossed the finish line in Le Puy-En-Velay as the FIM ISDE World Champions \u00a9 Future7Media\"},{\"@type\":\"BreadcrumbList\",\"@id\":\"https:\/\/2024.fim-6days.com\/es\/argentina-confirma-las-fechas-del-fim-isde-2023\/#breadcrumb\",\"itemListElement\":[{\"@type\":\"ListItem\",\"position\":1,\"name\":\"Home\",\"item\":\"https:\/\/2024.fim-6days.com\/es\/\"},{\"@type\":\"ListItem\",\"position\":2,\"name\":\"Argentina confirma las fechas del FIM ISDE 2023\"}]},{\"@type\":\"WebSite\",\"@id\":\"https:\/\/2024.fim-6days.com\/#website\",\"url\":\"https:\/\/2024.fim-6days.com\/\",\"name\":\"FIM ISDE 2021\",\"description\":\"FIM ISDE Official website\",\"publisher\":{\"@id\":\"https:\/\/2024.fim-6days.com\/#organization\"},\"potentialAction\":[{\"@type\":\"SearchAction\",\"target\":{\"@type\":\"EntryPoint\",\"urlTemplate\":\"https:\/\/2024.fim-6days.com\/?s={search_term_string}\"},\"query-input\":{\"@type\":\"PropertyValueSpecification\",\"valueRequired\":true,\"valueName\":\"search_term_string\"}}],\"inLanguage\":\"es\"},{\"@type\":\"Organization\",\"@id\":\"https:\/\/2024.fim-6days.com\/#organization\",\"name\":\"FIM - F\u00e9d\u00e9ration Internationale de Motocyclisme\",\"url\":\"https:\/\/2024.fim-6days.com\/\",\"logo\":{\"@type\":\"ImageObject\",\"inLanguage\":\"es\",\"@id\":\"https:\/\/2024.fim-6days.com\/#\/schema\/logo\/image\/\",\"url\":\"https:\/\/2024.fim-6days.com\/wp-content\/uploads\/sites\/9\/2019\/07\/LogoFIM-CMYK.png\",\"contentUrl\":\"https:\/\/2024.fim-6days.com\/wp-content\/uploads\/sites\/9\/2019\/07\/LogoFIM-CMYK.png\",\"width\":2608,\"height\":1833,\"caption\":\"FIM - F\u00e9d\u00e9ration Internationale de Motocyclisme\"},\"image\":{\"@id\":\"https:\/\/2024.fim-6days.com\/#\/schema\/logo\/image\/\"},\"sameAs\":[\"https:\/\/www.facebook.com\/FIMISDE\/\",\"https:\/\/x.com\/fimisde\",\"https:\/\/www.instagram.com\/fim_isde\/\"]},{\"@type\":\"Person\",\"@id\":\"https:\/\/2024.fim-6days.com\/#\/schema\/person\/bcf4ff642b8d622c689a6eb754f673d3\",\"name\":\"karinea\",\"image\":{\"@type\":\"ImageObject\",\"inLanguage\":\"es\",\"@id\":\"https:\/\/2024.fim-6days.com\/#\/schema\/person\/image\/\",\"url\":\"https:\/\/secure.gravatar.com\/avatar\/2f99c39cea2cbbb4f521dcc577a5b8981ed563188abba9c20bd62c0d2bd4abca?s=96&d=mm&r=g\",\"contentUrl\":\"https:\/\/secure.gravatar.com\/avatar\/2f99c39cea2cbbb4f521dcc577a5b8981ed563188abba9c20bd62c0d2bd4abca?s=96&d=mm&r=g\",\"caption\":\"karinea\"},\"url\":\"https:\/\/2024.fim-6days.com\/es\/author\/karinea\/\"}]}<\/script>\n<!-- \/ Yoast SEO plugin. -->","yoast_head_json":{"title":"Argentina confirma las fechas del FIM ISDE 2023 - 2024 spain","description":"Tras el anuncio inicial durante la competencia de este a\u00f1o, la FIM y el organizador local se complacen de confirmar las fechas para el FIM International Six Days of Enduro (ISDE) de 2023, que tendr\u00e1n lugar desde el lunes 6 de noviembre hasta el s\u00e1bado 11 de noviembre en San Juan, Argentina.","robots":{"index":"index","follow":"follow","max-snippet":"max-snippet:-1","max-image-preview":"max-image-preview:large","max-video-preview":"max-video-preview:-1"},"canonical":"https:\/\/2024.fim-6days.com\/es\/argentina-confirma-las-fechas-del-fim-isde-2023\/","og_locale":"es_ES","og_type":"article","og_title":"Argentina confirma las fechas del FIM ISDE 2023 - 2024 spain","og_description":"Tras el anuncio inicial durante la competencia de este a\u00f1o, la FIM y el organizador local se complacen de confirmar las fechas para el FIM International Six Days of Enduro (ISDE) de 2023, que tendr\u00e1n lugar desde el lunes 6 de noviembre hasta el s\u00e1bado 11 de noviembre en San Juan, Argentina.","og_url":"https:\/\/2024.fim-6days.com\/es\/argentina-confirma-las-fechas-del-fim-isde-2023\/","og_site_name":"2024 spain","article_publisher":"https:\/\/www.facebook.com\/FIMISDE\/","article_published_time":"2023-03-10T08:57:13+00:00","article_modified_time":"2023-03-17T09:35:40+00:00","og_image":[{"width":3000,"height":2000,"url":"https:\/\/2024.fim-6days.com\/wp-content\/uploads\/sites\/9\/2022\/12\/airoh_220831_ISDE_France_1346-3000x2000.jpg","type":"image\/jpeg"}],"author":"karinea","twitter_card":"summary_large_image","twitter_creator":"@fimisde","twitter_site":"@fimisde","twitter_misc":{"Escrito por":"karinea","Tiempo de lectura":"5 minutos"},"schema":{"@context":"https:\/\/schema.org","@graph":[{"@type":"Article","@id":"https:\/\/2024.fim-6days.com\/es\/argentina-confirma-las-fechas-del-fim-isde-2023\/#article","isPartOf":{"@id":"https:\/\/2024.fim-6days.com\/es\/argentina-confirma-las-fechas-del-fim-isde-2023\/"},"author":{"name":"karinea","@id":"https:\/\/2024.fim-6days.com\/#\/schema\/person\/bcf4ff642b8d622c689a6eb754f673d3"},"headline":"Argentina confirma las fechas del FIM ISDE 2023","datePublished":"2023-03-10T08:57:13+00:00","dateModified":"2023-03-17T09:35:40+00:00","mainEntityOfPage":{"@id":"https:\/\/2024.fim-6days.com\/es\/argentina-confirma-las-fechas-del-fim-isde-2023\/"},"wordCount":1864,"publisher":{"@id":"https:\/\/2024.fim-6days.com\/#organization"},"image":{"@id":"https:\/\/2024.fim-6days.com\/es\/argentina-confirma-las-fechas-del-fim-isde-2023\/#primaryimage"},"thumbnailUrl":"https:\/\/2024.fim-6days.com\/wp-content\/uploads\/sites\/9\/2022\/12\/airoh_220831_ISDE_France_1346.jpg","articleSection":["Antes de ISDE2023","Noticias"],"inLanguage":"es"},{"@type":"WebPage","@id":"https:\/\/2024.fim-6days.com\/es\/argentina-confirma-las-fechas-del-fim-isde-2023\/","url":"https:\/\/2024.fim-6days.com\/es\/argentina-confirma-las-fechas-del-fim-isde-2023\/","name":"Argentina confirma las fechas del FIM ISDE 2023 - 2024 spain","isPartOf":{"@id":"https:\/\/2024.fim-6days.com\/#website"},"primaryImageOfPage":{"@id":"https:\/\/2024.fim-6days.com\/es\/argentina-confirma-las-fechas-del-fim-isde-2023\/#primaryimage"},"image":{"@id":"https:\/\/2024.fim-6days.com\/es\/argentina-confirma-las-fechas-del-fim-isde-2023\/#primaryimage"},"thumbnailUrl":"https:\/\/2024.fim-6days.com\/wp-content\/uploads\/sites\/9\/2022\/12\/airoh_220831_ISDE_France_1346.jpg","datePublished":"2023-03-10T08:57:13+00:00","dateModified":"2023-03-17T09:35:40+00:00","description":"Tras el anuncio inicial durante la competencia de este a\u00f1o, la FIM y el organizador local se complacen de confirmar las fechas para el FIM International Six Days of Enduro (ISDE) de 2023, que tendr\u00e1n lugar desde el lunes 6 de noviembre hasta el s\u00e1bado 11 de noviembre en San Juan, Argentina.","breadcrumb":{"@id":"https:\/\/2024.fim-6days.com\/es\/argentina-confirma-las-fechas-del-fim-isde-2023\/#breadcrumb"},"inLanguage":"es","potentialAction":[{"@type":"ReadAction","target":["https:\/\/2024.fim-6days.com\/es\/argentina-confirma-las-fechas-del-fim-isde-2023\/"]}]},{"@type":"ImageObject","inLanguage":"es","@id":"https:\/\/2024.fim-6days.com\/es\/argentina-confirma-las-fechas-del-fim-isde-2023\/#primaryimage","url":"https:\/\/2024.fim-6days.com\/wp-content\/uploads\/sites\/9\/2022\/12\/airoh_220831_ISDE_France_1346.jpg","contentUrl":"https:\/\/2024.fim-6days.com\/wp-content\/uploads\/sites\/9\/2022\/12\/airoh_220831_ISDE_France_1346.jpg","width":5000,"height":3333,"caption":"Great Britain crossed the finish line in Le Puy-En-Velay as the FIM ISDE World Champions \u00a9 Future7Media"},{"@type":"BreadcrumbList","@id":"https:\/\/2024.fim-6days.com\/es\/argentina-confirma-las-fechas-del-fim-isde-2023\/#breadcrumb","itemListElement":[{"@type":"ListItem","position":1,"name":"Home","item":"https:\/\/2024.fim-6days.com\/es\/"},{"@type":"ListItem","position":2,"name":"Argentina confirma las fechas del FIM ISDE 2023"}]},{"@type":"WebSite","@id":"https:\/\/2024.fim-6days.com\/#website","url":"https:\/\/2024.fim-6days.com\/","name":"FIM ISDE 2021","description":"FIM ISDE Official website","publisher":{"@id":"https:\/\/2024.fim-6days.com\/#organization"},"potentialAction":[{"@type":"SearchAction","target":{"@type":"EntryPoint","urlTemplate":"https:\/\/2024.fim-6days.com\/?s={search_term_string}"},"query-input":{"@type":"PropertyValueSpecification","valueRequired":true,"valueName":"search_term_string"}}],"inLanguage":"es"},{"@type":"Organization","@id":"https:\/\/2024.fim-6days.com\/#organization","name":"FIM - F\u00e9d\u00e9ration Internationale de Motocyclisme","url":"https:\/\/2024.fim-6days.com\/","logo":{"@type":"ImageObject","inLanguage":"es","@id":"https:\/\/2024.fim-6days.com\/#\/schema\/logo\/image\/","url":"https:\/\/2024.fim-6days.com\/wp-content\/uploads\/sites\/9\/2019\/07\/LogoFIM-CMYK.png","contentUrl":"https:\/\/2024.fim-6days.com\/wp-content\/uploads\/sites\/9\/2019\/07\/LogoFIM-CMYK.png","width":2608,"height":1833,"caption":"FIM - F\u00e9d\u00e9ration Internationale de Motocyclisme"},"image":{"@id":"https:\/\/2024.fim-6days.com\/#\/schema\/logo\/image\/"},"sameAs":["https:\/\/www.facebook.com\/FIMISDE\/","https:\/\/x.com\/fimisde","https:\/\/www.instagram.com\/fim_isde\/"]},{"@type":"Person","@id":"https:\/\/2024.fim-6days.com\/#\/schema\/person\/bcf4ff642b8d622c689a6eb754f673d3","name":"karinea","image":{"@type":"ImageObject","inLanguage":"es","@id":"https:\/\/2024.fim-6days.com\/#\/schema\/person\/image\/","url":"https:\/\/secure.gravatar.com\/avatar\/2f99c39cea2cbbb4f521dcc577a5b8981ed563188abba9c20bd62c0d2bd4abca?s=96&d=mm&r=g","contentUrl":"https:\/\/secure.gravatar.com\/avatar\/2f99c39cea2cbbb4f521dcc577a5b8981ed563188abba9c20bd62c0d2bd4abca?s=96&d=mm&r=g","caption":"karinea"},"url":"https:\/\/2024.fim-6days.com\/es\/author\/karinea\/"}]}},"_links":{"self":[{"href":"https:\/\/2024.fim-6days.com\/es\/wp-json\/wp\/v2\/posts\/46833","targetHints":{"allow":["GET"]}}],"collection":[{"href":"https:\/\/2024.fim-6days.com\/es\/wp-json\/wp\/v2\/posts"}],"about":[{"href":"https:\/\/2024.fim-6days.com\/es\/wp-json\/wp\/v2\/types\/post"}],"author":[{"embeddable":true,"href":"https:\/\/2024.fim-6days.com\/es\/wp-json\/wp\/v2\/users\/4"}],"replies":[{"embeddable":true,"href":"https:\/\/2024.fim-6days.com\/es\/wp-json\/wp\/v2\/comments?post=46833"}],"version-history":[{"count":4,"href":"https:\/\/2024.fim-6days.com\/es\/wp-json\/wp\/v2\/posts\/46833\/revisions"}],"predecessor-version":[{"id":46837,"href":"https:\/\/2024.fim-6days.com\/es\/wp-json\/wp\/v2\/posts\/46833\/revisions\/46837"}],"wp:featuredmedia":[{"embeddable":true,"href":"https:\/\/2024.fim-6days.com\/es\/wp-json\/wp\/v2\/media\/46701"}],"wp:attachment":[{"href":"https:\/\/2024.fim-6days.com\/es\/wp-json\/wp\/v2\/media?parent=46833"}],"wp:term":[{"taxonomy":"category","embeddable":true,"href":"https:\/\/2024.fim-6days.com\/es\/wp-json\/wp\/v2\/categories?post=46833"},{"taxonomy":"post_tag","embeddable":true,"href":"https:\/\/2024.fim-6days.com\/es\/wp-json\/wp\/v2\/tags?post=46833"}],"curies":[{"name":"wp","href":"https:\/\/api.w.org\/{rel}","templated":true}]}}